{"id":398393,"date":"2019-05-10T19:49:35","date_gmt":"2019-05-10T17:49:35","guid":{"rendered":"http:\/\/hudo.com\/si\/?p=398393"},"modified":"2019-05-10T19:49:35","modified_gmt":"2019-05-10T17:49:35","slug":"na-cesti-na-ljubelj-vzpostavljen-izmenicni-enosmerni-promet","status":"publish","type":"post","link":"https:\/\/hudo.com\/si\/aktualno\/na-cesti-na-ljubelj-vzpostavljen-izmenicni-enosmerni-promet\/","title":{"rendered":"Na cesti na Ljubelj vzpostavljen izmeni\u010dni enosmerni promet"},"content":{"rendered":"<p>Na sredino vozi\u0161\u010da so tako delavci postavili 1,2 metra visoko betonsko varnostno ograjo, ki bo v primerih naletov ve\u010djih blokov v nasip dodatno zadr\u017eala material. Promet je urejen s semaforji.<\/p>\n<p>S kranjske policijske uprave so sporo\u010dili, da je hitrost na odseku zmanj\u0161ana na 50 kilometrov na uro, poteka pa izmeni\u010dno po prometnem pasu v smeri prelaza Ljubelj, medtem ko vozni v drugo smer ostaja zaprt.<\/p>\n<p>Voznike policisti pozivajo, naj se obmo\u010dju izmeni\u010dnega prometa pribli\u017eujejo z zmanj\u0161ano hitrostjo, ker cesta v obeh smereh vo\u017enje poteka v ovinku. V smeri Ljubelja je to takoj za zadnjim predorom, ki poteka v dalj\u0161em levem ovinku, prav tako tudi iz druge smeri, torej proti Tr\u017ei\u010du.<\/p>\n<p>Skalnati podor je regionalno cesto, ki velja za eno pomembnej\u0161ih cestnih povezav med Slovenijo in Avstrijo, zasul na dol\u017eini pribli\u017eno 100 metrov, zaradi nevarnosti dodatnega zdrsa materiala pa so jo pristojni zaprli za promet.<\/p>\n<p>Po vzpostavitvi izmeni\u010dnega prometa se nadaljujejo dela za temeljito sanacijo podora. Po prvih ocenah s konca aprila bo treba skupaj sanirati okoli 450 metrov bre\u017eine, za kar naj bi bil potreben milijon evrov. Po prvih ocenah bi to lahko trajalo kak mesec in pol.<\/p>\n<p>Najnovej\u0161e informacije glede sanacijskih del bodo na direkciji javnosti sicer predvidoma predstavili prihodnji teden.<\/p>\n","protected":false},"excerpt":{"rendered":"<p>Na odseku ceste na Ljubelj, ki ga je 28. aprila zasul skalnati podor, so popoldne vzpostavili izmeni\u010dni enosmerni promet, so za STA povedali na Direkciji RS za infrastrukturo. Delavci so uredili 170 metrov nasipa in s pobo\u010dja odstranili labilne skalne bloke. Dela za sanacijo podora se medtem nadaljujejo, ve\u010d o njih bo znano prihodnji teden.<\/p>\n","protected":false},"author":8,"featured_media":238799,"comment_status":"closed","ping_status":"closed","sticky":false,"template":"","format":"standard","meta":{"footnotes":""},"categories":[1179],"tags":[1934,13648,13649,13293,1595],"source":[4511],"supertag":[],"acf":[],"yoast_head":"<!-- This site is optimized with the Yoast SEO plugin v21.3 - https:\/\/yoast.com\/wordpress\/plugins\/seo\/ -->\n<title>Na cesti na Ljubelj vzpostavljen izmeni\u010dni enosmerni promet - Hudo Slovenija<\/title>\n<meta name=\"robots\" content=\"index, follow, max-snippet:-1, max-image-preview:large, max-video-preview:-1\" \/>\n<link rel=\"canonical\" href=\"https:\/\/hudo.com\/si\/aktualno\/na-cesti-na-ljubelj-vzpostavljen-izmenicni-enosmerni-promet\/\" \/>\n<meta property=\"og:locale\" content=\"sl_SI\" \/>\n<meta property=\"og:type\" content=\"article\" \/>\n<meta property=\"og:title\" content=\"Na cesti na Ljubelj vzpostavljen izmeni\u010dni enosmerni promet - Hudo Slovenija\" \/>\n<meta property=\"og:description\" content=\"Na odseku ceste na Ljubelj, ki ga je 28. aprila zasul skalnati podor, so popoldne vzpostavili izmeni\u010dni enosmerni promet, so za STA povedali na Direkciji RS za infrastrukturo. Delavci so uredili 170 metrov nasipa in s pobo\u010dja odstranili labilne skalne bloke. Dela za sanacijo podora se medtem nadaljujejo, ve\u010d o njih bo znano prihodnji teden.\" \/>\n<meta property=\"og:url\" content=\"https:\/\/hudo.com\/si\/aktualno\/na-cesti-na-ljubelj-vzpostavljen-izmenicni-enosmerni-promet\/\" \/>\n<meta property=\"og:site_name\" content=\"Hudo Slovenija\" \/>\n<meta property=\"article:publisher\" content=\"https:\/\/www.facebook.com\/hudo.si\" \/>\n<meta property=\"article:published_time\" content=\"2019-05-10T17:49:35+00:00\" \/>\n<meta property=\"og:image\" content=\"https:\/\/hudo.com\/si\/wp-content\/uploads\/sites\/2\/2017\/04\/profimedia-0279945479.jpg\" \/>\n\t<meta property=\"og:image:width\" content=\"1250\" \/>\n\t<meta property=\"og:image:height\" content=\"833\" \/>\n\t<meta property=\"og:image:type\" content=\"image\/jpeg\" \/>\n<meta name=\"author\" content=\"M. N., STA\" \/>\n<meta name=\"twitter:card\" content=\"summary_large_image\" \/>\n<meta name=\"twitter:creator\" content=\"@hudo_si\" \/>\n<meta name=\"twitter:site\" content=\"@hudo_si\" \/>\n<meta name=\"twitter:label1\" content=\"Written by\" \/>\n\t<meta name=\"twitter:data1\" content=\"M. N., STA\" \/>\n\t<meta name=\"twitter:label2\" content=\"Est. reading time\" \/>\n\t<meta name=\"twitter:data2\" content=\"1 minuta\" \/>\n<script type=\"application\/ld+json\" class=\"yoast-schema-graph\">{\"@context\":\"https:\/\/schema.org\",\"@graph\":[{\"@type\":\"Article\",\"@id\":\"https:\/\/hudo.com\/si\/aktualno\/na-cesti-na-ljubelj-vzpostavljen-izmenicni-enosmerni-promet\/#article\",\"isPartOf\":{\"@id\":\"https:\/\/hudo.com\/si\/aktualno\/na-cesti-na-ljubelj-vzpostavljen-izmenicni-enosmerni-promet\/\"},\"author\":{\"name\":\"M. N., STA\",\"@id\":\"https:\/\/hudo.com\/si\/#\/schema\/person\/c2f10ce65d2e6ede2aeda5be2a0611fa\"},\"headline\":\"Na cesti na Ljubelj vzpostavljen izmeni\u010dni enosmerni promet\",\"datePublished\":\"2019-05-10T17:49:35+00:00\",\"dateModified\":\"2019-05-10T17:49:35+00:00\",\"mainEntityOfPage\":{\"@id\":\"https:\/\/hudo.com\/si\/aktualno\/na-cesti-na-ljubelj-vzpostavljen-izmenicni-enosmerni-promet\/\"},\"wordCount\":227,\"publisher\":{\"@id\":\"https:\/\/hudo.com\/si\/#organization\"},\"keywords\":[\"Avstrija\",\"Ljubelj\",\"meja z avstrijo\",\"podljubelj\",\"Slovenija\"],\"articleSection\":[\"Aktualno\"],\"inLanguage\":\"sl-SI\"},{\"@type\":\"WebPage\",\"@id\":\"https:\/\/hudo.com\/si\/aktualno\/na-cesti-na-ljubelj-vzpostavljen-izmenicni-enosmerni-promet\/\",\"url\":\"https:\/\/hudo.com\/si\/aktualno\/na-cesti-na-ljubelj-vzpostavljen-izmenicni-enosmerni-promet\/\",\"name\":\"Na cesti na Ljubelj vzpostavljen izmeni\u010dni enosmerni promet - Hudo Slovenija\",\"isPartOf\":{\"@id\":\"https:\/\/hudo.com\/si\/#website\"},\"datePublished\":\"2019-05-10T17:49:35+00:00\",\"dateModified\":\"2019-05-10T17:49:35+00:00\",\"breadcrumb\":{\"@id\":\"https:\/\/hudo.com\/si\/aktualno\/na-cesti-na-ljubelj-vzpostavljen-izmenicni-enosmerni-promet\/#breadcrumb\"},\"inLanguage\":\"sl-SI\",\"potentialAction\":[{\"@type\":\"ReadAction\",\"target\":[\"https:\/\/hudo.com\/si\/aktualno\/na-cesti-na-ljubelj-vzpostavljen-izmenicni-enosmerni-promet\/\"]}]},{\"@type\":\"BreadcrumbList\",\"@id\":\"https:\/\/hudo.com\/si\/aktualno\/na-cesti-na-ljubelj-vzpostavljen-izmenicni-enosmerni-promet\/#breadcrumb\",\"itemListElement\":[{\"@type\":\"ListItem\",\"position\":1,\"name\":\"Home\",\"item\":\"https:\/\/hudo.com\/si\/\"},{\"@type\":\"ListItem\",\"position\":2,\"name\":\"Na cesti na Ljubelj vzpostavljen izmeni\u010dni enosmerni promet\"}]},{\"@type\":\"WebSite\",\"@id\":\"https:\/\/hudo.com\/si\/#website\",\"url\":\"https:\/\/hudo.com\/si\/\",\"name\":\"Hudo Slovenija\",\"description\":\"Vse novice iz Slovenije in sveta\",\"publisher\":{\"@id\":\"https:\/\/hudo.com\/si\/#organization\"},\"potentialAction\":[{\"@type\":\"SearchAction\",\"target\":{\"@type\":\"EntryPoint\",\"urlTemplate\":\"https:\/\/hudo.com\/si\/?s={search_term_string}\"},\"query-input\":\"required name=search_term_string\"}],\"inLanguage\":\"sl-SI\"},{\"@type\":\"Organization\",\"@id\":\"https:\/\/hudo.com\/si\/#organization\",\"name\":\"VSN Media\",\"url\":\"https:\/\/hudo.com\/si\/\",\"logo\":{\"@type\":\"ImageObject\",\"inLanguage\":\"sl-SI\",\"@id\":\"https:\/\/hudo.com\/si\/#\/schema\/logo\/image\/\",\"url\":\"https:\/\/hudo.com\/si\/wp-content\/uploads\/sites\/2\/2021\/03\/hudo-app-2.png\",\"contentUrl\":\"https:\/\/hudo.com\/si\/wp-content\/uploads\/sites\/2\/2021\/03\/hudo-app-2.png\",\"width\":2185,\"height\":2167,\"caption\":\"VSN Media\"},\"image\":{\"@id\":\"https:\/\/hudo.com\/si\/#\/schema\/logo\/image\/\"},\"sameAs\":[\"https:\/\/www.facebook.com\/hudo.si\",\"https:\/\/twitter.com\/hudo_si\"]},{\"@type\":\"Person\",\"@id\":\"https:\/\/hudo.com\/si\/#\/schema\/person\/c2f10ce65d2e6ede2aeda5be2a0611fa\",\"name\":\"M. N., STA\",\"image\":{\"@type\":\"ImageObject\",\"inLanguage\":\"sl-SI\",\"@id\":\"https:\/\/hudo.com\/si\/#\/schema\/person\/image\/\",\"url\":\"https:\/\/secure.gravatar.com\/avatar\/f370d38daa10467f755c5c766a4cac20?s=96&d=mm&r=g\",\"contentUrl\":\"https:\/\/secure.gravatar.com\/avatar\/f370d38daa10467f755c5c766a4cac20?s=96&d=mm&r=g\",\"caption\":\"M. N., STA\"},\"url\":\"https:\/\/hudo.com\/si\/author\/mana\/\"}]}<\/script>\n<!-- \/ Yoast SEO plugin. -->","yoast_head_json":{"title":"Na cesti na Ljubelj vzpostavljen izmeni\u010dni enosmerni promet - Hudo Slovenija","robots":{"index":"index","follow":"follow","max-snippet":"max-snippet:-1","max-image-preview":"max-image-preview:large","max-video-preview":"max-video-preview:-1"},"canonical":"https:\/\/hudo.com\/si\/aktualno\/na-cesti-na-ljubelj-vzpostavljen-izmenicni-enosmerni-promet\/","og_locale":"sl_SI","og_type":"article","og_title":"Na cesti na Ljubelj vzpostavljen izmeni\u010dni enosmerni promet - Hudo Slovenija","og_description":"Na odseku ceste na Ljubelj, ki ga je 28. aprila zasul skalnati podor, so popoldne vzpostavili izmeni\u010dni enosmerni promet, so za STA povedali na Direkciji RS za infrastrukturo. Delavci so uredili 170 metrov nasipa in s pobo\u010dja odstranili labilne skalne bloke. Dela za sanacijo podora se medtem nadaljujejo, ve\u010d o njih bo znano prihodnji teden.","og_url":"https:\/\/hudo.com\/si\/aktualno\/na-cesti-na-ljubelj-vzpostavljen-izmenicni-enosmerni-promet\/","og_site_name":"Hudo Slovenija","article_publisher":"https:\/\/www.facebook.com\/hudo.si","article_published_time":"2019-05-10T17:49:35+00:00","og_image":[{"width":1250,"height":833,"url":"https:\/\/hudo.com\/si\/wp-content\/uploads\/sites\/2\/2017\/04\/profimedia-0279945479.jpg","type":"image\/jpeg"}],"author":"M. N., STA","twitter_card":"summary_large_image","twitter_creator":"@hudo_si","twitter_site":"@hudo_si","twitter_misc":{"Written by":"M. N., STA","Est. reading time":"1 minuta"},"schema":{"@context":"https:\/\/schema.org","@graph":[{"@type":"Article","@id":"https:\/\/hudo.com\/si\/aktualno\/na-cesti-na-ljubelj-vzpostavljen-izmenicni-enosmerni-promet\/#article","isPartOf":{"@id":"https:\/\/hudo.com\/si\/aktualno\/na-cesti-na-ljubelj-vzpostavljen-izmenicni-enosmerni-promet\/"},"author":{"name":"M. N., STA","@id":"https:\/\/hudo.com\/si\/#\/schema\/person\/c2f10ce65d2e6ede2aeda5be2a0611fa"},"headline":"Na cesti na Ljubelj vzpostavljen izmeni\u010dni enosmerni promet","datePublished":"2019-05-10T17:49:35+00:00","dateModified":"2019-05-10T17:49:35+00:00","mainEntityOfPage":{"@id":"https:\/\/hudo.com\/si\/aktualno\/na-cesti-na-ljubelj-vzpostavljen-izmenicni-enosmerni-promet\/"},"wordCount":227,"publisher":{"@id":"https:\/\/hudo.com\/si\/#organization"},"keywords":["Avstrija","Ljubelj","meja z avstrijo","podljubelj","Slovenija"],"articleSection":["Aktualno"],"inLanguage":"sl-SI"},{"@type":"WebPage","@id":"https:\/\/hudo.com\/si\/aktualno\/na-cesti-na-ljubelj-vzpostavljen-izmenicni-enosmerni-promet\/","url":"https:\/\/hudo.com\/si\/aktualno\/na-cesti-na-ljubelj-vzpostavljen-izmenicni-enosmerni-promet\/","name":"Na cesti na Ljubelj vzpostavljen izmeni\u010dni enosmerni promet - Hudo Slovenija","isPartOf":{"@id":"https:\/\/hudo.com\/si\/#website"},"datePublished":"2019-05-10T17:49:35+00:00","dateModified":"2019-05-10T17:49:35+00:00","breadcrumb":{"@id":"https:\/\/hudo.com\/si\/aktualno\/na-cesti-na-ljubelj-vzpostavljen-izmenicni-enosmerni-promet\/#breadcrumb"},"inLanguage":"sl-SI","potentialAction":[{"@type":"ReadAction","target":["https:\/\/hudo.com\/si\/aktualno\/na-cesti-na-ljubelj-vzpostavljen-izmenicni-enosmerni-promet\/"]}]},{"@type":"BreadcrumbList","@id":"https:\/\/hudo.com\/si\/aktualno\/na-cesti-na-ljubelj-vzpostavljen-izmenicni-enosmerni-promet\/#breadcrumb","itemListElement":[{"@type":"ListItem","position":1,"name":"Home","item":"https:\/\/hudo.com\/si\/"},{"@type":"ListItem","position":2,"name":"Na cesti na Ljubelj vzpostavljen izmeni\u010dni enosmerni promet"}]},{"@type":"WebSite","@id":"https:\/\/hudo.com\/si\/#website","url":"https:\/\/hudo.com\/si\/","name":"Hudo Slovenija","description":"Vse novice iz Slovenije in sveta","publisher":{"@id":"https:\/\/hudo.com\/si\/#organization"},"potentialAction":[{"@type":"SearchAction","target":{"@type":"EntryPoint","urlTemplate":"https:\/\/hudo.com\/si\/?s={search_term_string}"},"query-input":"required name=search_term_string"}],"inLanguage":"sl-SI"},{"@type":"Organization","@id":"https:\/\/hudo.com\/si\/#organization","name":"VSN Media","url":"https:\/\/hudo.com\/si\/","logo":{"@type":"ImageObject","inLanguage":"sl-SI","@id":"https:\/\/hudo.com\/si\/#\/schema\/logo\/image\/","url":"https:\/\/hudo.com\/si\/wp-content\/uploads\/sites\/2\/2021\/03\/hudo-app-2.png","contentUrl":"https:\/\/hudo.com\/si\/wp-content\/uploads\/sites\/2\/2021\/03\/hudo-app-2.png","width":2185,"height":2167,"caption":"VSN Media"},"image":{"@id":"https:\/\/hudo.com\/si\/#\/schema\/logo\/image\/"},"sameAs":["https:\/\/www.facebook.com\/hudo.si","https:\/\/twitter.com\/hudo_si"]},{"@type":"Person","@id":"https:\/\/hudo.com\/si\/#\/schema\/person\/c2f10ce65d2e6ede2aeda5be2a0611fa","name":"M. N., STA","image":{"@type":"ImageObject","inLanguage":"sl-SI","@id":"https:\/\/hudo.com\/si\/#\/schema\/person\/image\/","url":"https:\/\/secure.gravatar.com\/avatar\/f370d38daa10467f755c5c766a4cac20?s=96&d=mm&r=g","contentUrl":"https:\/\/secure.gravatar.com\/avatar\/f370d38daa10467f755c5c766a4cac20?s=96&d=mm&r=g","caption":"M. N., STA"},"url":"https:\/\/hudo.com\/si\/author\/mana\/"}]}},"amp_enabled":true,"_links":{"self":[{"href":"https:\/\/hudo.com\/si\/wp-json\/wp\/v2\/posts\/398393"}],"collection":[{"href":"https:\/\/hudo.com\/si\/wp-json\/wp\/v2\/posts"}],"about":[{"href":"https:\/\/hudo.com\/si\/wp-json\/wp\/v2\/types\/post"}],"author":[{"embeddable":true,"href":"https:\/\/hudo.com\/si\/wp-json\/wp\/v2\/users\/8"}],"replies":[{"embeddable":true,"href":"https:\/\/hudo.com\/si\/wp-json\/wp\/v2\/comments?post=398393"}],"version-history":[{"count":1,"href":"https:\/\/hudo.com\/si\/wp-json\/wp\/v2\/posts\/398393\/revisions"}],"predecessor-version":[{"id":398394,"href":"https:\/\/hudo.com\/si\/wp-json\/wp\/v2\/posts\/398393\/revisions\/398394"}],"wp:featuredmedia":[{"embeddable":true,"href":"https:\/\/hudo.com\/si\/wp-json\/wp\/v2\/media\/238799"}],"wp:attachment":[{"href":"https:\/\/hudo.com\/si\/wp-json\/wp\/v2\/media?parent=398393"}],"wp:term":[{"taxonomy":"category","embeddable":true,"href":"https:\/\/hudo.com\/si\/wp-json\/wp\/v2\/categories?post=398393"},{"taxonomy":"post_tag","embeddable":true,"href":"https:\/\/hudo.com\/si\/wp-json\/wp\/v2\/tags?post=398393"},{"taxonomy":"source","embeddable":true,"href":"https:\/\/hudo.com\/si\/wp-json\/wp\/v2\/source?post=398393"},{"taxonomy":"supertag","embeddable":true,"href":"https:\/\/hudo.com\/si\/wp-json\/wp\/v2\/supertag?post=398393"}],"curies":[{"name":"wp","href":"https:\/\/api.w.org\/{rel}","templated":true}]}}