{"id":39841,"date":"2016-04-26T09:41:00","date_gmt":"2016-04-26T07:41:00","guid":{"rendered":"http:\/\/hudo.com\/si\/2016\/04\/26\/tako-zanic-bo-vreme-cez-praznike\/"},"modified":"2016-04-27T08:17:01","modified_gmt":"2016-04-27T06:17:01","slug":"tako-zanic-bo-vreme-cez-praznike","status":"publish","type":"post","link":"https:\/\/hudo.com\/si\/aktualno\/tako-zanic-bo-vreme-cez-praznike\/","title":{"rendered":"Tako zani\u010d bo vreme \u010dez praznike"},"content":{"rendered":"<p>Prav prazni\u010dno v naslednjih urah ne bo. Vsaj kar se vremena ti\u010de. \u010ce je danes na vzhodu dr\u017eave \u0161e deloma jasno, drugod pa spremenljivo do prete\u017eno obla\u010dno, bo jutri obla\u010dno \u017ee od za\u010detka. Padavine se bodo sredi dneva raz\u0161irile na vso Slovenijo. Vmes bodo tudi posamezne nevihte, pravijo na slovenski agenciji za okolje. Pihal bo okrepljen jugozahodni veter, ob morju jugo. Popoldne in zve\u010der se bo od severa ohladilo, meja sne\u017eenja se bo ponekod spustila tudi pod 700 metrov nad morjem. Zapihal bo severni do severovzhodni veter. Jutranje temperature bodo od 2 do 8, ob morju 12, najvi\u0161je dnevne v ju\u017eni Sloveniji \u0161e od 12 do 17, v severni pa le od 5 do 10 stopinj Celzija. Prazniki v jopici torej.  Delno razjasnilo se bo v \u010detrtek. Zjutraj bo ponekod slana. Spremenljivo obla\u010dno bo v petek. Tudi tisti, ki se v naslednjih urah odpravljate v smeri Hrva\u0161ke, boste, predvsem na zahodu Hrva\u0161ke, izkusili ob\u010dasne krajevne padavine. Ni\u010d kaj bolj\u0161e ne bo za provmajske praznike, saj trenutno 1. in 2. maja vse ka\u017ee na de\u017e in dnevne temperature od 12 do 14 stopinj, zjutraj pa okoli 4. Krajevne padavine se bodo v severozahodni Sloveniji za\u010dele pojavljati \u017ee danes popoldan. Najvi\u0161je dnevne temperature bodo danes od 11 do 16, na severozahodu okoli 8 stopinj.Slovenija<\/p>\n","protected":false},"excerpt":{"rendered":"<p>Prav prazni\u010dno v naslednjih urah ne bo. Vsaj kar se vremena ti\u010de. \u010ce je danes na vzhodu dr\u017eave \u0161e deloma jasno, drugod pa spremenljivo do prete\u017eno obla\u010dno, bo jutri obla\u010dno \u017ee od za\u010detka. Padavine se bodo sredi dneva raz\u0161irile na vso Slovenijo. Vmes bodo tudi posamezne nevihte, pravijo na slovenski agenciji za okolje. Pihal bo okrepljen jugozahodni veter, ob morju jugo. Popoldne in zve\u010der se bo od severa ohladilo, meja sne\u017eenja se bo ponekod spustila tudi pod 700 metrov nad morjem. Zapihal bo severni do severovzhodni veter. Jutranje temperature bodo od 2 do 8, ob morju 12, najvi\u0161je dnevne v ju\u017eni Sloveniji \u0161e od 12 do 17, v severni pa le od 5 do 10 stopinj Celzija. Prazniki v jopici torej.  Delno razjasnilo se bo v \u010detrtek. Zjutraj bo ponekod slana. Spremenljivo obla\u010dno bo v petek. Tudi tisti, ki se v naslednjih urah odpravljate v smeri Hrva\u0161ke, boste, predvsem na zahodu Hrva\u0161ke, izkusili ob\u010dasne krajevne padavine. Ni\u010d kaj bolj\u0161e ne bo za provmajske praznike, saj trenutno 1. in 2. maja vse ka\u017ee na de\u017e in dnevne temperature od 12 do 14 stopinj, zjutraj pa okoli 4. Krajevne padavine se bodo v severozahodni Sloveniji za\u010dele pojavljati \u017ee danes popoldan. Najvi\u0161je dnevne temperature bodo danes od 11 do 16, na severozahodu okoli 8 stopinj.Slovenija<\/p>\n","protected":false},"author":1,"featured_media":0,"comment_status":"closed","ping_status":"closed","sticky":false,"template":"","format":"standard","meta":{"footnotes":""},"categories":[1179],"tags":[],"source":[1711],"supertag":[],"acf":[],"yoast_head":"<!-- This site is optimized with the Yoast SEO plugin v21.3 - https:\/\/yoast.com\/wordpress\/plugins\/seo\/ -->\n<title>Tako zani\u010d bo vreme \u010dez praznike - Hudo Slovenija<\/title>\n<meta name=\"robots\" content=\"index, follow, max-snippet:-1, max-image-preview:large, max-video-preview:-1\" \/>\n<link rel=\"canonical\" href=\"https:\/\/hudo.com\/si\/aktualno\/tako-zanic-bo-vreme-cez-praznike\/\" \/>\n<meta property=\"og:locale\" content=\"sl_SI\" \/>\n<meta property=\"og:type\" content=\"article\" \/>\n<meta property=\"og:title\" content=\"Tako zani\u010d bo vreme \u010dez praznike - Hudo Slovenija\" \/>\n<meta property=\"og:description\" content=\"Prav prazni\u010dno v naslednjih urah ne bo. Vsaj kar se vremena ti\u010de. \u010ce je danes na vzhodu dr\u017eave \u0161e deloma jasno, drugod pa spremenljivo do prete\u017eno obla\u010dno, bo jutri obla\u010dno \u017ee od za\u010detka. Padavine se bodo sredi dneva raz\u0161irile na vso Slovenijo. Vmes bodo tudi posamezne nevihte, pravijo na slovenski agenciji za okolje. Pihal bo okrepljen jugozahodni veter, ob morju jugo. Popoldne in zve\u010der se bo od severa ohladilo, meja sne\u017eenja se bo ponekod spustila tudi pod 700 metrov nad morjem. Zapihal bo severni do severovzhodni veter. Jutranje temperature bodo od 2 do 8, ob morju 12, najvi\u0161je dnevne v ju\u017eni Sloveniji \u0161e od 12 do 17, v severni pa le od 5 do 10 stopinj Celzija. Prazniki v jopici torej. Delno razjasnilo se bo v \u010detrtek. Zjutraj bo ponekod slana. Spremenljivo obla\u010dno bo v petek. Tudi tisti, ki se v naslednjih urah odpravljate v smeri Hrva\u0161ke, boste, predvsem na zahodu Hrva\u0161ke, izkusili ob\u010dasne krajevne padavine. Ni\u010d kaj bolj\u0161e ne bo za provmajske praznike, saj trenutno 1. in 2. maja vse ka\u017ee na de\u017e in dnevne temperature od 12 do 14 stopinj, zjutraj pa okoli 4. Krajevne padavine se bodo v severozahodni Sloveniji za\u010dele pojavljati \u017ee danes popoldan. Najvi\u0161je dnevne temperature bodo danes od 11 do 16, na severozahodu okoli 8 stopinj.Slovenija\" \/>\n<meta property=\"og:url\" content=\"https:\/\/hudo.com\/si\/aktualno\/tako-zanic-bo-vreme-cez-praznike\/\" \/>\n<meta property=\"og:site_name\" content=\"Hudo Slovenija\" \/>\n<meta property=\"article:publisher\" content=\"https:\/\/www.facebook.com\/hudo.si\" \/>\n<meta property=\"article:published_time\" content=\"2016-04-26T07:41:00+00:00\" \/>\n<meta property=\"article:modified_time\" content=\"2016-04-27T06:17:01+00:00\" \/>\n<meta property=\"og:image\" content=\"https:\/\/hudo.com\/si\/wp-content\/uploads\/sites\/2\/2016\/04\/00094536F-300.jpg\" \/>\n\t<meta property=\"og:image:width\" content=\"450\" \/>\n\t<meta property=\"og:image:height\" content=\"633\" \/>\n\t<meta property=\"og:image:type\" content=\"image\/jpeg\" \/>\n<meta name=\"author\" content=\"hudo\" \/>\n<meta name=\"twitter:card\" content=\"summary_large_image\" \/>\n<meta name=\"twitter:creator\" content=\"@hudo_si\" \/>\n<meta name=\"twitter:site\" content=\"@hudo_si\" \/>\n<meta name=\"twitter:label1\" content=\"Written by\" \/>\n\t<meta name=\"twitter:data1\" content=\"hudo\" \/>\n\t<meta name=\"twitter:label2\" content=\"Est. reading time\" \/>\n\t<meta name=\"twitter:data2\" content=\"1 minuta\" \/>\n<script type=\"application\/ld+json\" class=\"yoast-schema-graph\">{\"@context\":\"https:\/\/schema.org\",\"@graph\":[{\"@type\":\"Article\",\"@id\":\"https:\/\/hudo.com\/si\/aktualno\/tako-zanic-bo-vreme-cez-praznike\/#article\",\"isPartOf\":{\"@id\":\"https:\/\/hudo.com\/si\/aktualno\/tako-zanic-bo-vreme-cez-praznike\/\"},\"author\":{\"name\":\"hudo\",\"@id\":\"https:\/\/hudo.com\/si\/#\/schema\/person\/601cf3379633985b20f7e50f2bb47707\"},\"headline\":\"Tako zani\u010d bo vreme \u010dez praznike\",\"datePublished\":\"2016-04-26T07:41:00+00:00\",\"dateModified\":\"2016-04-27T06:17:01+00:00\",\"mainEntityOfPage\":{\"@id\":\"https:\/\/hudo.com\/si\/aktualno\/tako-zanic-bo-vreme-cez-praznike\/\"},\"wordCount\":223,\"publisher\":{\"@id\":\"https:\/\/hudo.com\/si\/#organization\"},\"articleSection\":[\"Aktualno\"],\"inLanguage\":\"sl-SI\"},{\"@type\":\"WebPage\",\"@id\":\"https:\/\/hudo.com\/si\/aktualno\/tako-zanic-bo-vreme-cez-praznike\/\",\"url\":\"https:\/\/hudo.com\/si\/aktualno\/tako-zanic-bo-vreme-cez-praznike\/\",\"name\":\"Tako zani\u010d bo vreme \u010dez praznike - Hudo Slovenija\",\"isPartOf\":{\"@id\":\"https:\/\/hudo.com\/si\/#website\"},\"datePublished\":\"2016-04-26T07:41:00+00:00\",\"dateModified\":\"2016-04-27T06:17:01+00:00\",\"breadcrumb\":{\"@id\":\"https:\/\/hudo.com\/si\/aktualno\/tako-zanic-bo-vreme-cez-praznike\/#breadcrumb\"},\"inLanguage\":\"sl-SI\",\"potentialAction\":[{\"@type\":\"ReadAction\",\"target\":[\"https:\/\/hudo.com\/si\/aktualno\/tako-zanic-bo-vreme-cez-praznike\/\"]}]},{\"@type\":\"BreadcrumbList\",\"@id\":\"https:\/\/hudo.com\/si\/aktualno\/tako-zanic-bo-vreme-cez-praznike\/#breadcrumb\",\"itemListElement\":[{\"@type\":\"ListItem\",\"position\":1,\"name\":\"Home\",\"item\":\"https:\/\/hudo.com\/si\/\"},{\"@type\":\"ListItem\",\"position\":2,\"name\":\"Tako zani\u010d bo vreme \u010dez praznike\"}]},{\"@type\":\"WebSite\",\"@id\":\"https:\/\/hudo.com\/si\/#website\",\"url\":\"https:\/\/hudo.com\/si\/\",\"name\":\"Hudo Slovenija\",\"description\":\"Vse novice iz Slovenije in sveta\",\"publisher\":{\"@id\":\"https:\/\/hudo.com\/si\/#organization\"},\"potentialAction\":[{\"@type\":\"SearchAction\",\"target\":{\"@type\":\"EntryPoint\",\"urlTemplate\":\"https:\/\/hudo.com\/si\/?s={search_term_string}\"},\"query-input\":\"required name=search_term_string\"}],\"inLanguage\":\"sl-SI\"},{\"@type\":\"Organization\",\"@id\":\"https:\/\/hudo.com\/si\/#organization\",\"name\":\"VSN Media\",\"url\":\"https:\/\/hudo.com\/si\/\",\"logo\":{\"@type\":\"ImageObject\",\"inLanguage\":\"sl-SI\",\"@id\":\"https:\/\/hudo.com\/si\/#\/schema\/logo\/image\/\",\"url\":\"https:\/\/hudo.com\/si\/wp-content\/uploads\/sites\/2\/2021\/03\/hudo-app-2.png\",\"contentUrl\":\"https:\/\/hudo.com\/si\/wp-content\/uploads\/sites\/2\/2021\/03\/hudo-app-2.png\",\"width\":2185,\"height\":2167,\"caption\":\"VSN Media\"},\"image\":{\"@id\":\"https:\/\/hudo.com\/si\/#\/schema\/logo\/image\/\"},\"sameAs\":[\"https:\/\/www.facebook.com\/hudo.si\",\"https:\/\/twitter.com\/hudo_si\"]},{\"@type\":\"Person\",\"@id\":\"https:\/\/hudo.com\/si\/#\/schema\/person\/601cf3379633985b20f7e50f2bb47707\",\"name\":\"hudo\",\"image\":{\"@type\":\"ImageObject\",\"inLanguage\":\"sl-SI\",\"@id\":\"https:\/\/hudo.com\/si\/#\/schema\/person\/image\/\",\"url\":\"https:\/\/secure.gravatar.com\/avatar\/c4ca25fa72cace7a696b52ff5db9e095?s=96&d=mm&r=g\",\"contentUrl\":\"https:\/\/secure.gravatar.com\/avatar\/c4ca25fa72cace7a696b52ff5db9e095?s=96&d=mm&r=g\",\"caption\":\"hudo\"},\"url\":\"https:\/\/hudo.com\/si\/author\/hudo\/\"}]}<\/script>\n<!-- \/ Yoast SEO plugin. -->","yoast_head_json":{"title":"Tako zani\u010d bo vreme \u010dez praznike - Hudo Slovenija","robots":{"index":"index","follow":"follow","max-snippet":"max-snippet:-1","max-image-preview":"max-image-preview:large","max-video-preview":"max-video-preview:-1"},"canonical":"https:\/\/hudo.com\/si\/aktualno\/tako-zanic-bo-vreme-cez-praznike\/","og_locale":"sl_SI","og_type":"article","og_title":"Tako zani\u010d bo vreme \u010dez praznike - Hudo Slovenija","og_description":"Prav prazni\u010dno v naslednjih urah ne bo. Vsaj kar se vremena ti\u010de. \u010ce je danes na vzhodu dr\u017eave \u0161e deloma jasno, drugod pa spremenljivo do prete\u017eno obla\u010dno, bo jutri obla\u010dno \u017ee od za\u010detka. Padavine se bodo sredi dneva raz\u0161irile na vso Slovenijo. Vmes bodo tudi posamezne nevihte, pravijo na slovenski agenciji za okolje. Pihal bo okrepljen jugozahodni veter, ob morju jugo. Popoldne in zve\u010der se bo od severa ohladilo, meja sne\u017eenja se bo ponekod spustila tudi pod 700 metrov nad morjem. Zapihal bo severni do severovzhodni veter. Jutranje temperature bodo od 2 do 8, ob morju 12, najvi\u0161je dnevne v ju\u017eni Sloveniji \u0161e od 12 do 17, v severni pa le od 5 do 10 stopinj Celzija. Prazniki v jopici torej. Delno razjasnilo se bo v \u010detrtek. Zjutraj bo ponekod slana. Spremenljivo obla\u010dno bo v petek. Tudi tisti, ki se v naslednjih urah odpravljate v smeri Hrva\u0161ke, boste, predvsem na zahodu Hrva\u0161ke, izkusili ob\u010dasne krajevne padavine. Ni\u010d kaj bolj\u0161e ne bo za provmajske praznike, saj trenutno 1. in 2. maja vse ka\u017ee na de\u017e in dnevne temperature od 12 do 14 stopinj, zjutraj pa okoli 4. Krajevne padavine se bodo v severozahodni Sloveniji za\u010dele pojavljati \u017ee danes popoldan. Najvi\u0161je dnevne temperature bodo danes od 11 do 16, na severozahodu okoli 8 stopinj.Slovenija","og_url":"https:\/\/hudo.com\/si\/aktualno\/tako-zanic-bo-vreme-cez-praznike\/","og_site_name":"Hudo Slovenija","article_publisher":"https:\/\/www.facebook.com\/hudo.si","article_published_time":"2016-04-26T07:41:00+00:00","article_modified_time":"2016-04-27T06:17:01+00:00","og_image":[{"width":450,"height":633,"url":"https:\/\/hudo.com\/si\/wp-content\/uploads\/sites\/2\/2016\/04\/00094536F-300.jpg","type":"image\/jpeg"}],"author":"hudo","twitter_card":"summary_large_image","twitter_creator":"@hudo_si","twitter_site":"@hudo_si","twitter_misc":{"Written by":"hudo","Est. reading time":"1 minuta"},"schema":{"@context":"https:\/\/schema.org","@graph":[{"@type":"Article","@id":"https:\/\/hudo.com\/si\/aktualno\/tako-zanic-bo-vreme-cez-praznike\/#article","isPartOf":{"@id":"https:\/\/hudo.com\/si\/aktualno\/tako-zanic-bo-vreme-cez-praznike\/"},"author":{"name":"hudo","@id":"https:\/\/hudo.com\/si\/#\/schema\/person\/601cf3379633985b20f7e50f2bb47707"},"headline":"Tako zani\u010d bo vreme \u010dez praznike","datePublished":"2016-04-26T07:41:00+00:00","dateModified":"2016-04-27T06:17:01+00:00","mainEntityOfPage":{"@id":"https:\/\/hudo.com\/si\/aktualno\/tako-zanic-bo-vreme-cez-praznike\/"},"wordCount":223,"publisher":{"@id":"https:\/\/hudo.com\/si\/#organization"},"articleSection":["Aktualno"],"inLanguage":"sl-SI"},{"@type":"WebPage","@id":"https:\/\/hudo.com\/si\/aktualno\/tako-zanic-bo-vreme-cez-praznike\/","url":"https:\/\/hudo.com\/si\/aktualno\/tako-zanic-bo-vreme-cez-praznike\/","name":"Tako zani\u010d bo vreme \u010dez praznike - Hudo Slovenija","isPartOf":{"@id":"https:\/\/hudo.com\/si\/#website"},"datePublished":"2016-04-26T07:41:00+00:00","dateModified":"2016-04-27T06:17:01+00:00","breadcrumb":{"@id":"https:\/\/hudo.com\/si\/aktualno\/tako-zanic-bo-vreme-cez-praznike\/#breadcrumb"},"inLanguage":"sl-SI","potentialAction":[{"@type":"ReadAction","target":["https:\/\/hudo.com\/si\/aktualno\/tako-zanic-bo-vreme-cez-praznike\/"]}]},{"@type":"BreadcrumbList","@id":"https:\/\/hudo.com\/si\/aktualno\/tako-zanic-bo-vreme-cez-praznike\/#breadcrumb","itemListElement":[{"@type":"ListItem","position":1,"name":"Home","item":"https:\/\/hudo.com\/si\/"},{"@type":"ListItem","position":2,"name":"Tako zani\u010d bo vreme \u010dez praznike"}]},{"@type":"WebSite","@id":"https:\/\/hudo.com\/si\/#website","url":"https:\/\/hudo.com\/si\/","name":"Hudo Slovenija","description":"Vse novice iz Slovenije in sveta","publisher":{"@id":"https:\/\/hudo.com\/si\/#organization"},"potentialAction":[{"@type":"SearchAction","target":{"@type":"EntryPoint","urlTemplate":"https:\/\/hudo.com\/si\/?s={search_term_string}"},"query-input":"required name=search_term_string"}],"inLanguage":"sl-SI"},{"@type":"Organization","@id":"https:\/\/hudo.com\/si\/#organization","name":"VSN Media","url":"https:\/\/hudo.com\/si\/","logo":{"@type":"ImageObject","inLanguage":"sl-SI","@id":"https:\/\/hudo.com\/si\/#\/schema\/logo\/image\/","url":"https:\/\/hudo.com\/si\/wp-content\/uploads\/sites\/2\/2021\/03\/hudo-app-2.png","contentUrl":"https:\/\/hudo.com\/si\/wp-content\/uploads\/sites\/2\/2021\/03\/hudo-app-2.png","width":2185,"height":2167,"caption":"VSN Media"},"image":{"@id":"https:\/\/hudo.com\/si\/#\/schema\/logo\/image\/"},"sameAs":["https:\/\/www.facebook.com\/hudo.si","https:\/\/twitter.com\/hudo_si"]},{"@type":"Person","@id":"https:\/\/hudo.com\/si\/#\/schema\/person\/601cf3379633985b20f7e50f2bb47707","name":"hudo","image":{"@type":"ImageObject","inLanguage":"sl-SI","@id":"https:\/\/hudo.com\/si\/#\/schema\/person\/image\/","url":"https:\/\/secure.gravatar.com\/avatar\/c4ca25fa72cace7a696b52ff5db9e095?s=96&d=mm&r=g","contentUrl":"https:\/\/secure.gravatar.com\/avatar\/c4ca25fa72cace7a696b52ff5db9e095?s=96&d=mm&r=g","caption":"hudo"},"url":"https:\/\/hudo.com\/si\/author\/hudo\/"}]}},"amp_enabled":true,"_links":{"self":[{"href":"https:\/\/hudo.com\/si\/wp-json\/wp\/v2\/posts\/39841"}],"collection":[{"href":"https:\/\/hudo.com\/si\/wp-json\/wp\/v2\/posts"}],"about":[{"href":"https:\/\/hudo.com\/si\/wp-json\/wp\/v2\/types\/post"}],"author":[{"embeddable":true,"href":"https:\/\/hudo.com\/si\/wp-json\/wp\/v2\/users\/1"}],"replies":[{"embeddable":true,"href":"https:\/\/hudo.com\/si\/wp-json\/wp\/v2\/comments?post=39841"}],"version-history":[{"count":1,"href":"https:\/\/hudo.com\/si\/wp-json\/wp\/v2\/posts\/39841\/revisions"}],"predecessor-version":[{"id":39971,"href":"https:\/\/hudo.com\/si\/wp-json\/wp\/v2\/posts\/39841\/revisions\/39971"}],"wp:attachment":[{"href":"https:\/\/hudo.com\/si\/wp-json\/wp\/v2\/media?parent=39841"}],"wp:term":[{"taxonomy":"category","embeddable":true,"href":"https:\/\/hudo.com\/si\/wp-json\/wp\/v2\/categories?post=39841"},{"taxonomy":"post_tag","embeddable":true,"href":"https:\/\/hudo.com\/si\/wp-json\/wp\/v2\/tags?post=39841"},{"taxonomy":"source","embeddable":true,"href":"https:\/\/hudo.com\/si\/wp-json\/wp\/v2\/source?post=39841"},{"taxonomy":"supertag","embeddable":true,"href":"https:\/\/hudo.com\/si\/wp-json\/wp\/v2\/supertag?post=39841"}],"curies":[{"name":"wp","href":"https:\/\/api.w.org\/{rel}","templated":true}]}}