{"id":398763,"date":"2019-05-16T18:35:57","date_gmt":"2019-05-16T16:35:57","guid":{"rendered":"http:\/\/hudo.com\/si\/?p=398763"},"modified":"2019-05-16T18:35:57","modified_gmt":"2019-05-16T16:35:57","slug":"minister-cerar-v-helsinkih-podpisal-dokument-o-varstvu-osebnih-podatkov","status":"publish","type":"post","link":"https:\/\/hudo.com\/si\/aktualno\/minister-cerar-v-helsinkih-podpisal-dokument-o-varstvu-osebnih-podatkov\/","title":{"rendered":"Minister Cerar v Helsinkih podpisal dokument o varstvu osebnih podatkov"},"content":{"rendered":"<p>Cilj protokola je, da se posameznik lahko seznani, kako drugi obdelujejo njegove osebne podatke, in tudi nadzoruje morebitno obdelavo. Ob raz\u0161irjenosti informacijskih in komunikacijskih tehnologij in vse ve\u010dji obdelavi osebnih podatkov je bila posodobitev vsebine konvencije o varstvu osebnih podatkov ve\u010d kot nujna, so sporo\u010dili z zunanjega ministrstva.<\/p>\n<p>Minister je protokol podpisal pred ve\u010derno slovesnostjo, s katero bodo od za\u010detku dvodnevnega zasedanja ministri obele\u017eili 70. obletnico Sveta Evrope, ki je ena najstarej\u0161ih vseevropskih organizacij za varstvo \u010dlovekovih pravic, demokracije in vladavine prava.<\/p>\n<p>Tudi zunanji ministri drugih dr\u017eav \u010dlanic so ob tej prilo\u017enosti danes podpisovali ali ratificirali protokole in konvencije Sveta Evrope. Iz Sveta Evrope so tako sporo\u010dili, da bo septembra za\u010dela veljati konvencija o manipulacijah \u0161portnih tekmovanj, potem ko jo je danes ratificirala \u0160vica.<\/p>\n<p>Ob robu zasedanja odbora ministrov, v sredi\u0161\u010du katerega bo ob vpra\u0161anjih vloge Sveta Evrope in pomenu spo\u0161tovanja temeljnih evropskih vrednot tudi Rusija, se bo minister Cerar predvidoma sre\u010dal tudi z generalnim sekretarjem SE Thorbjornom Jaglandom, komisarko SE za \u010dlovekove pravice Dunjo Mijatovi\u0107 in \u0161vicarskim zunanjim ministrom Ignaziem Cassisom.<\/p>\n<p>Svet Evrope je bil ustanovljen 5. maja 1949 in ima sedaj 47 \u010dlanic. V 70 letih delovanja je pomagal ustvariti pravni prostor in obmo\u010dje brez smrtne kazni za ve\u010d kot 830 milijonov ljudi. V okviru Sveta Evropa se je oblikovalo preko 200 pravno zavezujo\u010dih mednarodnih pogodb, ki pomagajo \u0161\u010dititi ljudi pred gro\u017enjami, nasiljem, spolnimi zlorabami, neenakopravno obravnavo, so v sporo\u010dilu za javnost izpostavili na MZZ.<\/p>\n<p>Poudarili so tudi, da imajo dr\u017eavljani \u010dlanic od leta 1998 pravico, da se prito\u017eijo neposredno na Evropsko sodi\u0161\u010de za \u010dlovekove pravice (ES\u010cP), ki je do danes obravnavalo \u017ee ve\u010d kot 800.000 prito\u017eb kr\u0161itev \u010dlovekovih pravic. \u0160tevilo slovenskih primerov pred ES\u010cP se je v zadnjih 10 letih drasti\u010dno zni\u017ealo. S preko 3000 primerov je \u0161tevilo padlo na 85 primerov. V zadnjih letih je vlada tudi uspela zni\u017eati \u0161tevilo neizvr\u0161enih sodb na vsega enajst, so \u0161e dodali.<\/p>\n","protected":false},"excerpt":{"rendered":"<p>Zunanji minister Miro Cerar, ki se v Helsinkih udele\u017euje ministrskega zasedanja \u010dlanic Sveta Evrope, je danes v imenu Slovenije podpisal protokol o spremembi konvencije o varstvu posameznikov glede na avtomatsko obdelavo osebnih podatkov.<\/p>\n","protected":false},"author":7,"featured_media":372770,"comment_status":"closed","ping_status":"closed","sticky":false,"template":"","format":"standard","meta":{"footnotes":""},"categories":[1179],"tags":[2173,1595],"source":[4511],"supertag":[],"acf":[],"yoast_head":"<!-- This site is optimized with the Yoast SEO plugin v21.3 - https:\/\/yoast.com\/wordpress\/plugins\/seo\/ -->\n<title>Minister Cerar v Helsinkih podpisal dokument o varstvu osebnih podatkov - Hudo Slovenija<\/title>\n<meta name=\"robots\" content=\"index, follow, max-snippet:-1, max-image-preview:large, max-video-preview:-1\" \/>\n<link rel=\"canonical\" href=\"https:\/\/hudo.com\/si\/aktualno\/minister-cerar-v-helsinkih-podpisal-dokument-o-varstvu-osebnih-podatkov\/\" \/>\n<meta property=\"og:locale\" content=\"sl_SI\" \/>\n<meta property=\"og:type\" content=\"article\" \/>\n<meta property=\"og:title\" content=\"Minister Cerar v Helsinkih podpisal dokument o varstvu osebnih podatkov - Hudo Slovenija\" \/>\n<meta property=\"og:description\" content=\"Zunanji minister Miro Cerar, ki se v Helsinkih udele\u017euje ministrskega zasedanja \u010dlanic Sveta Evrope, je danes v imenu Slovenije podpisal protokol o spremembi konvencije o varstvu posameznikov glede na avtomatsko obdelavo osebnih podatkov.\" \/>\n<meta property=\"og:url\" content=\"https:\/\/hudo.com\/si\/aktualno\/minister-cerar-v-helsinkih-podpisal-dokument-o-varstvu-osebnih-podatkov\/\" \/>\n<meta property=\"og:site_name\" content=\"Hudo Slovenija\" \/>\n<meta property=\"article:publisher\" content=\"https:\/\/www.facebook.com\/hudo.si\" \/>\n<meta property=\"article:published_time\" content=\"2019-05-16T16:35:57+00:00\" \/>\n<meta property=\"og:image\" content=\"https:\/\/hudo.com\/si\/wp-content\/uploads\/sites\/2\/2018\/06\/profimedia-0373743324.jpg\" \/>\n\t<meta property=\"og:image:width\" content=\"1250\" \/>\n\t<meta property=\"og:image:height\" content=\"833\" \/>\n\t<meta property=\"og:image:type\" content=\"image\/jpeg\" \/>\n<meta name=\"author\" content=\"A. P., STA\" \/>\n<meta name=\"twitter:card\" content=\"summary_large_image\" \/>\n<meta name=\"twitter:creator\" content=\"@hudo_si\" \/>\n<meta name=\"twitter:site\" content=\"@hudo_si\" \/>\n<meta name=\"twitter:label1\" content=\"Written by\" \/>\n\t<meta name=\"twitter:data1\" content=\"A. P., STA\" \/>\n\t<meta name=\"twitter:label2\" content=\"Est. reading time\" \/>\n\t<meta name=\"twitter:data2\" content=\"2 minuti\" \/>\n<script type=\"application\/ld+json\" class=\"yoast-schema-graph\">{\"@context\":\"https:\/\/schema.org\",\"@graph\":[{\"@type\":\"Article\",\"@id\":\"https:\/\/hudo.com\/si\/aktualno\/minister-cerar-v-helsinkih-podpisal-dokument-o-varstvu-osebnih-podatkov\/#article\",\"isPartOf\":{\"@id\":\"https:\/\/hudo.com\/si\/aktualno\/minister-cerar-v-helsinkih-podpisal-dokument-o-varstvu-osebnih-podatkov\/\"},\"author\":{\"name\":\"A. P., STA\",\"@id\":\"https:\/\/hudo.com\/si\/#\/schema\/person\/18f09c02475ba9e606e941a565b80cff\"},\"headline\":\"Minister Cerar v Helsinkih podpisal dokument o varstvu osebnih podatkov\",\"datePublished\":\"2019-05-16T16:35:57+00:00\",\"dateModified\":\"2019-05-16T16:35:57+00:00\",\"mainEntityOfPage\":{\"@id\":\"https:\/\/hudo.com\/si\/aktualno\/minister-cerar-v-helsinkih-podpisal-dokument-o-varstvu-osebnih-podatkov\/\"},\"wordCount\":340,\"publisher\":{\"@id\":\"https:\/\/hudo.com\/si\/#organization\"},\"keywords\":[\"Miro Cerar\",\"Slovenija\"],\"articleSection\":[\"Aktualno\"],\"inLanguage\":\"sl-SI\"},{\"@type\":\"WebPage\",\"@id\":\"https:\/\/hudo.com\/si\/aktualno\/minister-cerar-v-helsinkih-podpisal-dokument-o-varstvu-osebnih-podatkov\/\",\"url\":\"https:\/\/hudo.com\/si\/aktualno\/minister-cerar-v-helsinkih-podpisal-dokument-o-varstvu-osebnih-podatkov\/\",\"name\":\"Minister Cerar v Helsinkih podpisal dokument o varstvu osebnih podatkov - Hudo Slovenija\",\"isPartOf\":{\"@id\":\"https:\/\/hudo.com\/si\/#website\"},\"datePublished\":\"2019-05-16T16:35:57+00:00\",\"dateModified\":\"2019-05-16T16:35:57+00:00\",\"breadcrumb\":{\"@id\":\"https:\/\/hudo.com\/si\/aktualno\/minister-cerar-v-helsinkih-podpisal-dokument-o-varstvu-osebnih-podatkov\/#breadcrumb\"},\"inLanguage\":\"sl-SI\",\"potentialAction\":[{\"@type\":\"ReadAction\",\"target\":[\"https:\/\/hudo.com\/si\/aktualno\/minister-cerar-v-helsinkih-podpisal-dokument-o-varstvu-osebnih-podatkov\/\"]}]},{\"@type\":\"BreadcrumbList\",\"@id\":\"https:\/\/hudo.com\/si\/aktualno\/minister-cerar-v-helsinkih-podpisal-dokument-o-varstvu-osebnih-podatkov\/#breadcrumb\",\"itemListElement\":[{\"@type\":\"ListItem\",\"position\":1,\"name\":\"Home\",\"item\":\"https:\/\/hudo.com\/si\/\"},{\"@type\":\"ListItem\",\"position\":2,\"name\":\"Minister Cerar v Helsinkih podpisal dokument o varstvu osebnih podatkov\"}]},{\"@type\":\"WebSite\",\"@id\":\"https:\/\/hudo.com\/si\/#website\",\"url\":\"https:\/\/hudo.com\/si\/\",\"name\":\"Hudo Slovenija\",\"description\":\"Vse novice iz Slovenije in sveta\",\"publisher\":{\"@id\":\"https:\/\/hudo.com\/si\/#organization\"},\"potentialAction\":[{\"@type\":\"SearchAction\",\"target\":{\"@type\":\"EntryPoint\",\"urlTemplate\":\"https:\/\/hudo.com\/si\/?s={search_term_string}\"},\"query-input\":\"required name=search_term_string\"}],\"inLanguage\":\"sl-SI\"},{\"@type\":\"Organization\",\"@id\":\"https:\/\/hudo.com\/si\/#organization\",\"name\":\"VSN Media\",\"url\":\"https:\/\/hudo.com\/si\/\",\"logo\":{\"@type\":\"ImageObject\",\"inLanguage\":\"sl-SI\",\"@id\":\"https:\/\/hudo.com\/si\/#\/schema\/logo\/image\/\",\"url\":\"https:\/\/hudo.com\/si\/wp-content\/uploads\/sites\/2\/2021\/03\/hudo-app-2.png\",\"contentUrl\":\"https:\/\/hudo.com\/si\/wp-content\/uploads\/sites\/2\/2021\/03\/hudo-app-2.png\",\"width\":2185,\"height\":2167,\"caption\":\"VSN Media\"},\"image\":{\"@id\":\"https:\/\/hudo.com\/si\/#\/schema\/logo\/image\/\"},\"sameAs\":[\"https:\/\/www.facebook.com\/hudo.si\",\"https:\/\/twitter.com\/hudo_si\"]},{\"@type\":\"Person\",\"@id\":\"https:\/\/hudo.com\/si\/#\/schema\/person\/18f09c02475ba9e606e941a565b80cff\",\"name\":\"A. P., STA\",\"image\":{\"@type\":\"ImageObject\",\"inLanguage\":\"sl-SI\",\"@id\":\"https:\/\/hudo.com\/si\/#\/schema\/person\/image\/\",\"url\":\"https:\/\/secure.gravatar.com\/avatar\/03eac8e609f5f04383125d80eaeaaf3e?s=96&d=mm&r=g\",\"contentUrl\":\"https:\/\/secure.gravatar.com\/avatar\/03eac8e609f5f04383125d80eaeaaf3e?s=96&d=mm&r=g\",\"caption\":\"A. P., STA\"},\"url\":\"https:\/\/hudo.com\/si\/author\/lubu\/\"}]}<\/script>\n<!-- \/ Yoast SEO plugin. -->","yoast_head_json":{"title":"Minister Cerar v Helsinkih podpisal dokument o varstvu osebnih podatkov - Hudo Slovenija","robots":{"index":"index","follow":"follow","max-snippet":"max-snippet:-1","max-image-preview":"max-image-preview:large","max-video-preview":"max-video-preview:-1"},"canonical":"https:\/\/hudo.com\/si\/aktualno\/minister-cerar-v-helsinkih-podpisal-dokument-o-varstvu-osebnih-podatkov\/","og_locale":"sl_SI","og_type":"article","og_title":"Minister Cerar v Helsinkih podpisal dokument o varstvu osebnih podatkov - Hudo Slovenija","og_description":"Zunanji minister Miro Cerar, ki se v Helsinkih udele\u017euje ministrskega zasedanja \u010dlanic Sveta Evrope, je danes v imenu Slovenije podpisal protokol o spremembi konvencije o varstvu posameznikov glede na avtomatsko obdelavo osebnih podatkov.","og_url":"https:\/\/hudo.com\/si\/aktualno\/minister-cerar-v-helsinkih-podpisal-dokument-o-varstvu-osebnih-podatkov\/","og_site_name":"Hudo Slovenija","article_publisher":"https:\/\/www.facebook.com\/hudo.si","article_published_time":"2019-05-16T16:35:57+00:00","og_image":[{"width":1250,"height":833,"url":"https:\/\/hudo.com\/si\/wp-content\/uploads\/sites\/2\/2018\/06\/profimedia-0373743324.jpg","type":"image\/jpeg"}],"author":"A. P., STA","twitter_card":"summary_large_image","twitter_creator":"@hudo_si","twitter_site":"@hudo_si","twitter_misc":{"Written by":"A. P., STA","Est. reading time":"2 minuti"},"schema":{"@context":"https:\/\/schema.org","@graph":[{"@type":"Article","@id":"https:\/\/hudo.com\/si\/aktualno\/minister-cerar-v-helsinkih-podpisal-dokument-o-varstvu-osebnih-podatkov\/#article","isPartOf":{"@id":"https:\/\/hudo.com\/si\/aktualno\/minister-cerar-v-helsinkih-podpisal-dokument-o-varstvu-osebnih-podatkov\/"},"author":{"name":"A. P., STA","@id":"https:\/\/hudo.com\/si\/#\/schema\/person\/18f09c02475ba9e606e941a565b80cff"},"headline":"Minister Cerar v Helsinkih podpisal dokument o varstvu osebnih podatkov","datePublished":"2019-05-16T16:35:57+00:00","dateModified":"2019-05-16T16:35:57+00:00","mainEntityOfPage":{"@id":"https:\/\/hudo.com\/si\/aktualno\/minister-cerar-v-helsinkih-podpisal-dokument-o-varstvu-osebnih-podatkov\/"},"wordCount":340,"publisher":{"@id":"https:\/\/hudo.com\/si\/#organization"},"keywords":["Miro Cerar","Slovenija"],"articleSection":["Aktualno"],"inLanguage":"sl-SI"},{"@type":"WebPage","@id":"https:\/\/hudo.com\/si\/aktualno\/minister-cerar-v-helsinkih-podpisal-dokument-o-varstvu-osebnih-podatkov\/","url":"https:\/\/hudo.com\/si\/aktualno\/minister-cerar-v-helsinkih-podpisal-dokument-o-varstvu-osebnih-podatkov\/","name":"Minister Cerar v Helsinkih podpisal dokument o varstvu osebnih podatkov - Hudo Slovenija","isPartOf":{"@id":"https:\/\/hudo.com\/si\/#website"},"datePublished":"2019-05-16T16:35:57+00:00","dateModified":"2019-05-16T16:35:57+00:00","breadcrumb":{"@id":"https:\/\/hudo.com\/si\/aktualno\/minister-cerar-v-helsinkih-podpisal-dokument-o-varstvu-osebnih-podatkov\/#breadcrumb"},"inLanguage":"sl-SI","potentialAction":[{"@type":"ReadAction","target":["https:\/\/hudo.com\/si\/aktualno\/minister-cerar-v-helsinkih-podpisal-dokument-o-varstvu-osebnih-podatkov\/"]}]},{"@type":"BreadcrumbList","@id":"https:\/\/hudo.com\/si\/aktualno\/minister-cerar-v-helsinkih-podpisal-dokument-o-varstvu-osebnih-podatkov\/#breadcrumb","itemListElement":[{"@type":"ListItem","position":1,"name":"Home","item":"https:\/\/hudo.com\/si\/"},{"@type":"ListItem","position":2,"name":"Minister Cerar v Helsinkih podpisal dokument o varstvu osebnih podatkov"}]},{"@type":"WebSite","@id":"https:\/\/hudo.com\/si\/#website","url":"https:\/\/hudo.com\/si\/","name":"Hudo Slovenija","description":"Vse novice iz Slovenije in sveta","publisher":{"@id":"https:\/\/hudo.com\/si\/#organization"},"potentialAction":[{"@type":"SearchAction","target":{"@type":"EntryPoint","urlTemplate":"https:\/\/hudo.com\/si\/?s={search_term_string}"},"query-input":"required name=search_term_string"}],"inLanguage":"sl-SI"},{"@type":"Organization","@id":"https:\/\/hudo.com\/si\/#organization","name":"VSN Media","url":"https:\/\/hudo.com\/si\/","logo":{"@type":"ImageObject","inLanguage":"sl-SI","@id":"https:\/\/hudo.com\/si\/#\/schema\/logo\/image\/","url":"https:\/\/hudo.com\/si\/wp-content\/uploads\/sites\/2\/2021\/03\/hudo-app-2.png","contentUrl":"https:\/\/hudo.com\/si\/wp-content\/uploads\/sites\/2\/2021\/03\/hudo-app-2.png","width":2185,"height":2167,"caption":"VSN Media"},"image":{"@id":"https:\/\/hudo.com\/si\/#\/schema\/logo\/image\/"},"sameAs":["https:\/\/www.facebook.com\/hudo.si","https:\/\/twitter.com\/hudo_si"]},{"@type":"Person","@id":"https:\/\/hudo.com\/si\/#\/schema\/person\/18f09c02475ba9e606e941a565b80cff","name":"A. P., STA","image":{"@type":"ImageObject","inLanguage":"sl-SI","@id":"https:\/\/hudo.com\/si\/#\/schema\/person\/image\/","url":"https:\/\/secure.gravatar.com\/avatar\/03eac8e609f5f04383125d80eaeaaf3e?s=96&d=mm&r=g","contentUrl":"https:\/\/secure.gravatar.com\/avatar\/03eac8e609f5f04383125d80eaeaaf3e?s=96&d=mm&r=g","caption":"A. P., STA"},"url":"https:\/\/hudo.com\/si\/author\/lubu\/"}]}},"amp_enabled":true,"_links":{"self":[{"href":"https:\/\/hudo.com\/si\/wp-json\/wp\/v2\/posts\/398763"}],"collection":[{"href":"https:\/\/hudo.com\/si\/wp-json\/wp\/v2\/posts"}],"about":[{"href":"https:\/\/hudo.com\/si\/wp-json\/wp\/v2\/types\/post"}],"author":[{"embeddable":true,"href":"https:\/\/hudo.com\/si\/wp-json\/wp\/v2\/users\/7"}],"replies":[{"embeddable":true,"href":"https:\/\/hudo.com\/si\/wp-json\/wp\/v2\/comments?post=398763"}],"version-history":[{"count":1,"href":"https:\/\/hudo.com\/si\/wp-json\/wp\/v2\/posts\/398763\/revisions"}],"predecessor-version":[{"id":398764,"href":"https:\/\/hudo.com\/si\/wp-json\/wp\/v2\/posts\/398763\/revisions\/398764"}],"wp:featuredmedia":[{"embeddable":true,"href":"https:\/\/hudo.com\/si\/wp-json\/wp\/v2\/media\/372770"}],"wp:attachment":[{"href":"https:\/\/hudo.com\/si\/wp-json\/wp\/v2\/media?parent=398763"}],"wp:term":[{"taxonomy":"category","embeddable":true,"href":"https:\/\/hudo.com\/si\/wp-json\/wp\/v2\/categories?post=398763"},{"taxonomy":"post_tag","embeddable":true,"href":"https:\/\/hudo.com\/si\/wp-json\/wp\/v2\/tags?post=398763"},{"taxonomy":"source","embeddable":true,"href":"https:\/\/hudo.com\/si\/wp-json\/wp\/v2\/source?post=398763"},{"taxonomy":"supertag","embeddable":true,"href":"https:\/\/hudo.com\/si\/wp-json\/wp\/v2\/supertag?post=398763"}],"curies":[{"name":"wp","href":"https:\/\/api.w.org\/{rel}","templated":true}]}}