{"id":39904,"date":"2016-04-26T14:20:11","date_gmt":"2016-04-26T12:20:11","guid":{"rendered":"http:\/\/hudo.com\/si\/?p=39904"},"modified":"2016-04-26T15:22:49","modified_gmt":"2016-04-26T13:22:49","slug":"ukradene-puske-postojni-se-niso-nasli-policistu-grozi-izredna-odpoved","status":"publish","type":"post","link":"https:\/\/hudo.com\/si\/aktualno\/ukradene-puske-postojni-se-niso-nasli-policistu-grozi-izredna-odpoved\/","title":{"rendered":"Ukradene pu\u0161ke v Postojni \u0161e niso na\u0161li, policistu grozi izredna odpoved"},"content":{"rendered":"<div class=\"text\">\n<figure id=\"attachment_39907\" aria-describedby=\"caption-attachment-39907\" style=\"width: 1000px\" class=\"wp-caption alignnone\"><a href=\"http:\/\/hudo.com\/si\/wp-content\/uploads\/sites\/2\/2016\/04\/ThinkstockPhotos-103581493.jpg\" rel=\"attachment wp-att-39907\"><img loading=\"lazy\" decoding=\"async\" class=\"size-large wp-image-39907\" src=\"http:\/\/hudo.com\/si\/wp-content\/uploads\/sites\/2\/2016\/04\/ThinkstockPhotos-103581493-1024x682.jpg\" alt=\"slika je simboli\u010dna (Foto: Thinkstock)\" width=\"1000\" height=\"666\" srcset=\"https:\/\/hudo.com\/si\/wp-content\/uploads\/sites\/2\/2016\/04\/ThinkstockPhotos-103581493-1024x682.jpg 1024w, https:\/\/hudo.com\/si\/wp-content\/uploads\/sites\/2\/2016\/04\/ThinkstockPhotos-103581493-300x200.jpg 300w, https:\/\/hudo.com\/si\/wp-content\/uploads\/sites\/2\/2016\/04\/ThinkstockPhotos-103581493-768x512.jpg 768w, https:\/\/hudo.com\/si\/wp-content\/uploads\/sites\/2\/2016\/04\/ThinkstockPhotos-103581493-1536x1024.jpg 1536w, https:\/\/hudo.com\/si\/wp-content\/uploads\/sites\/2\/2016\/04\/ThinkstockPhotos-103581493-2048x1365.jpg 2048w, https:\/\/hudo.com\/si\/wp-content\/uploads\/sites\/2\/2016\/04\/ThinkstockPhotos-103581493-600x400.jpg 600w\" sizes=\"(max-width: 1000px) 100vw, 1000px\" \/><\/a><figcaption id=\"caption-attachment-39907\" class=\"wp-caption-text\">slika je simboli\u010dna (Foto: Thinkstock)<\/figcaption><\/figure>\n<div class=\"text\">\n<p>Do vloma v vozili policije, ki sta bili parkirani pred stavbo postojnske policijske postaje, je pri\u0161lo v no\u010di na torek, 19. aprila. Tedaj so obravnavali \u0161e tri vlome v vozila v bli\u017eini \u017eelezni\u0161ke postaje, zato sklepajo, da bi vlomi lahko bili medsebojno povezani, je v dana\u0161nji izjavi za medije pojasnil Rebec.<\/p>\n<p>Vlomilec je na obeh vozilih razbil zadnji \u0161ipi. Iz enega vozila je odtujil neprebojna jopi\u010da in neprebojni \u010deladi, ki sta bili shranjeni v slu\u017ebeni torbi, iz drugega slu\u017ebenega vozila pa je odtujil torbo, v kateri so bili neprebojni jopi\u010d, neprebojna \u010delada ter tudi slu\u017ebeno oro\u017eje, in sicer avtomatska pu\u0161ka znamke Heckler &amp; Koch ter pripadajo\u010de strelivo in nabojnika.<\/p>\n<p>Kot je dodal Rebec, ne gre za nobeno policijsko prakso: &#8220;Po vseh pravilih, po internih pravnih aktih in v skladu s pravilniki mora vsak policist, ki v slu\u017ebi uporablja tudi slu\u017ebeno oro\u017eje, po koncu slu\u017ebe to dolgocevno oro\u017eje shraniti na policijski postaji.&#8221;<\/p>\n<p>V tem primeru so ugotovili huj\u0161o kr\u0161itev delovne discipline oz. delovnih dol\u017enosti in pogodbenih obveznosti, zato je Rebec generalnemu direktorju policije predlagal, da izvede postopek izredne odpovedi pogodbe o zaposlitvi. &#8220;Je pa res, da je kon\u010dna odlo\u010ditev na strani generalnega direktorja policije,&#8221; je dodal.<\/p>\n<p>Na vpra\u0161anje o tem, kje naj bi se nahajala pu\u0161ka, je Rebec odgovoril, da policija nadaljuje kriminalisti\u010dno preiskavo, da bi \u010dim prej na\u0161li oro\u017eje, pri tem pa sodelujejo tako z drugimi policijskimi upravami kot tudi z generalno policijsko upravo, ki je pristojna tudi za mednarodno policijsko sodelovanje.<\/p>\n<p>Je pa direktor PU Koper ob tem osebi, ki ima trenutno v posesti pu\u0161ko, svetoval, naj se &#8220;nekoliko razbremeni in to sam \u0161e pravo\u010dasno vrne, preden nastanejo \u0161e huj\u0161e posledice&#8221;.<\/p>\n<p>Policija za vlom sumi 33-letnega Postojn\u010dana, ki so mu v \u010detrtek odvzeli prostost, med zasli\u0161anjem pa je priznal kaznivo dejanje. Naslednjega dne so kriminalisti opravili hi\u0161no preiskavo pri Postojn\u010danu in pri tem na\u0161li vse ukradene predmete, razen pu\u0161ke, so medtem sporo\u010dili iz PU Koper.<\/p>\n<p>Kot je dodal Rebec, gre za u\u017eivalca mamil, ki so ga policisti predhodno obravnavali za razli\u010dna kazniva dejanja, zato sumijo, da je bil motiv storilca tudi ma\u0161\u010devanje za policijske postopke zoper njega.<\/p>\n<p>V priporu se je zna\u0161el \u0161e 34-letni Postojn\u010dan, ki je z osumljencem vloma v policijski vozili sodeloval pri izvr\u0161itvi drzne tatvine, sam pa z vlomom pred sede\u017eem policijske postaje nima ni\u010d, je \u0161e navedel direktor koprske policijske uprave.<\/p>\n<p>Rebec je sicer poudaril, da bi ograditev objekta postojnske policijske postaje bistveno pripomogla k varnosti objekta ter tudi policistov, vozil in opreme. Notranje ministrstvo in policija sta v leto\u0161njem prora\u010dunu pridobila dodatna investicijska sredstva, v Kopru pa so \u017ee konec lanskega leta izpostavili potrebo po postavitvi ograje in asfaltiranju tamkaj\u0161njega makadamskega parkiri\u0161\u010da. Tako zdaj te\u010dejo aktivnosti, po katerih naj bi do izvedbe del pri\u0161lo \u0161e letos, je dodal.<\/p>\n<\/div>\n<\/div>\n","protected":false},"excerpt":{"rendered":"<p>Iz dveh policijskih vozil so prej\u0161nji teden v Postojni ukradli avtomatsko pu\u0161ko s pripadajo\u010dim strelivom in nabojnikoma ter po tri neprebojne jopi\u010de in neprebojne \u010delade, je danes potrdil direktor Policijske uprave (PU) Koper Danimir Rebec. Zaradi kr\u0161itve delovne discipline v zvezi s hrambo opreme je predlagal izredno odpoved pogodbe o zaposlitvi.<\/p>\n","protected":false},"author":5,"featured_media":39907,"comment_status":"closed","ping_status":"closed","sticky":false,"template":"","format":"standard","meta":{"footnotes":""},"categories":[1179],"tags":[4895,1728,4894],"source":[4511],"supertag":[7150],"acf":[],"yoast_head":"<!-- This site is optimized with the Yoast SEO plugin v21.3 - https:\/\/yoast.com\/wordpress\/plugins\/seo\/ -->\n<title>Ukradene pu\u0161ke v Postojni \u0161e niso na\u0161li, policistu grozi izredna odpoved - Hudo Slovenija<\/title>\n<meta name=\"robots\" content=\"index, follow, max-snippet:-1, max-image-preview:large, max-video-preview:-1\" \/>\n<link rel=\"canonical\" href=\"https:\/\/hudo.com\/si\/aktualno\/ukradene-puske-postojni-se-niso-nasli-policistu-grozi-izredna-odpoved\/\" \/>\n<meta property=\"og:locale\" content=\"sl_SI\" \/>\n<meta property=\"og:type\" content=\"article\" \/>\n<meta property=\"og:title\" content=\"Ukradene pu\u0161ke v Postojni \u0161e niso na\u0161li, policistu grozi izredna odpoved - Hudo Slovenija\" \/>\n<meta property=\"og:description\" content=\"Iz dveh policijskih vozil so prej\u0161nji teden v Postojni ukradli avtomatsko pu\u0161ko s pripadajo\u010dim strelivom in nabojnikoma ter po tri neprebojne jopi\u010de in neprebojne \u010delade, je danes potrdil direktor Policijske uprave (PU) Koper Danimir Rebec. Zaradi kr\u0161itve delovne discipline v zvezi s hrambo opreme je predlagal izredno odpoved pogodbe o zaposlitvi.\" \/>\n<meta property=\"og:url\" content=\"https:\/\/hudo.com\/si\/aktualno\/ukradene-puske-postojni-se-niso-nasli-policistu-grozi-izredna-odpoved\/\" \/>\n<meta property=\"og:site_name\" content=\"Hudo Slovenija\" \/>\n<meta property=\"article:publisher\" content=\"https:\/\/www.facebook.com\/hudo.si\" \/>\n<meta property=\"article:published_time\" content=\"2016-04-26T12:20:11+00:00\" \/>\n<meta property=\"article:modified_time\" content=\"2016-04-26T13:22:49+00:00\" \/>\n<meta property=\"og:image\" content=\"https:\/\/hudo.com\/si\/wp-content\/uploads\/sites\/2\/2016\/04\/ThinkstockPhotos-103581493.jpg\" \/>\n\t<meta property=\"og:image:width\" content=\"2290\" \/>\n\t<meta property=\"og:image:height\" content=\"1526\" \/>\n\t<meta property=\"og:image:type\" content=\"image\/jpeg\" \/>\n<meta name=\"author\" content=\"A. G., STA\" \/>\n<meta name=\"twitter:card\" content=\"summary_large_image\" \/>\n<meta name=\"twitter:creator\" content=\"@hudo_si\" \/>\n<meta name=\"twitter:site\" content=\"@hudo_si\" \/>\n<meta name=\"twitter:label1\" content=\"Written by\" \/>\n\t<meta name=\"twitter:data1\" content=\"A. G., STA\" \/>\n\t<meta name=\"twitter:label2\" content=\"Est. reading time\" \/>\n\t<meta name=\"twitter:data2\" content=\"3 minute\" \/>\n<script type=\"application\/ld+json\" class=\"yoast-schema-graph\">{\"@context\":\"https:\/\/schema.org\",\"@graph\":[{\"@type\":\"Article\",\"@id\":\"https:\/\/hudo.com\/si\/aktualno\/ukradene-puske-postojni-se-niso-nasli-policistu-grozi-izredna-odpoved\/#article\",\"isPartOf\":{\"@id\":\"https:\/\/hudo.com\/si\/aktualno\/ukradene-puske-postojni-se-niso-nasli-policistu-grozi-izredna-odpoved\/\"},\"author\":{\"name\":\"A. G., STA\",\"@id\":\"https:\/\/hudo.com\/si\/#\/schema\/person\/2391667a63ea075ba94f2f2dc6b77537\"},\"headline\":\"Ukradene pu\u0161ke v Postojni \u0161e niso na\u0161li, policistu grozi izredna odpoved\",\"datePublished\":\"2016-04-26T12:20:11+00:00\",\"dateModified\":\"2016-04-26T13:22:49+00:00\",\"mainEntityOfPage\":{\"@id\":\"https:\/\/hudo.com\/si\/aktualno\/ukradene-puske-postojni-se-niso-nasli-policistu-grozi-izredna-odpoved\/\"},\"wordCount\":529,\"publisher\":{\"@id\":\"https:\/\/hudo.com\/si\/#organization\"},\"keywords\":[\"oro\u017eje\",\"policija\",\"vlom\"],\"articleSection\":[\"Aktualno\"],\"inLanguage\":\"sl-SI\"},{\"@type\":\"WebPage\",\"@id\":\"https:\/\/hudo.com\/si\/aktualno\/ukradene-puske-postojni-se-niso-nasli-policistu-grozi-izredna-odpoved\/\",\"url\":\"https:\/\/hudo.com\/si\/aktualno\/ukradene-puske-postojni-se-niso-nasli-policistu-grozi-izredna-odpoved\/\",\"name\":\"Ukradene pu\u0161ke v Postojni \u0161e niso na\u0161li, policistu grozi izredna odpoved - Hudo Slovenija\",\"isPartOf\":{\"@id\":\"https:\/\/hudo.com\/si\/#website\"},\"datePublished\":\"2016-04-26T12:20:11+00:00\",\"dateModified\":\"2016-04-26T13:22:49+00:00\",\"breadcrumb\":{\"@id\":\"https:\/\/hudo.com\/si\/aktualno\/ukradene-puske-postojni-se-niso-nasli-policistu-grozi-izredna-odpoved\/#breadcrumb\"},\"inLanguage\":\"sl-SI\",\"potentialAction\":[{\"@type\":\"ReadAction\",\"target\":[\"https:\/\/hudo.com\/si\/aktualno\/ukradene-puske-postojni-se-niso-nasli-policistu-grozi-izredna-odpoved\/\"]}]},{\"@type\":\"BreadcrumbList\",\"@id\":\"https:\/\/hudo.com\/si\/aktualno\/ukradene-puske-postojni-se-niso-nasli-policistu-grozi-izredna-odpoved\/#breadcrumb\",\"itemListElement\":[{\"@type\":\"ListItem\",\"position\":1,\"name\":\"Home\",\"item\":\"https:\/\/hudo.com\/si\/\"},{\"@type\":\"ListItem\",\"position\":2,\"name\":\"Ukradene pu\u0161ke v Postojni \u0161e niso na\u0161li, policistu grozi izredna odpoved\"}]},{\"@type\":\"WebSite\",\"@id\":\"https:\/\/hudo.com\/si\/#website\",\"url\":\"https:\/\/hudo.com\/si\/\",\"name\":\"Hudo Slovenija\",\"description\":\"Vse novice iz Slovenije in sveta\",\"publisher\":{\"@id\":\"https:\/\/hudo.com\/si\/#organization\"},\"potentialAction\":[{\"@type\":\"SearchAction\",\"target\":{\"@type\":\"EntryPoint\",\"urlTemplate\":\"https:\/\/hudo.com\/si\/?s={search_term_string}\"},\"query-input\":\"required name=search_term_string\"}],\"inLanguage\":\"sl-SI\"},{\"@type\":\"Organization\",\"@id\":\"https:\/\/hudo.com\/si\/#organization\",\"name\":\"VSN Media\",\"url\":\"https:\/\/hudo.com\/si\/\",\"logo\":{\"@type\":\"ImageObject\",\"inLanguage\":\"sl-SI\",\"@id\":\"https:\/\/hudo.com\/si\/#\/schema\/logo\/image\/\",\"url\":\"https:\/\/hudo.com\/si\/wp-content\/uploads\/sites\/2\/2021\/03\/hudo-app-2.png\",\"contentUrl\":\"https:\/\/hudo.com\/si\/wp-content\/uploads\/sites\/2\/2021\/03\/hudo-app-2.png\",\"width\":2185,\"height\":2167,\"caption\":\"VSN Media\"},\"image\":{\"@id\":\"https:\/\/hudo.com\/si\/#\/schema\/logo\/image\/\"},\"sameAs\":[\"https:\/\/www.facebook.com\/hudo.si\",\"https:\/\/twitter.com\/hudo_si\"]},{\"@type\":\"Person\",\"@id\":\"https:\/\/hudo.com\/si\/#\/schema\/person\/2391667a63ea075ba94f2f2dc6b77537\",\"name\":\"A. G., STA\",\"image\":{\"@type\":\"ImageObject\",\"inLanguage\":\"sl-SI\",\"@id\":\"https:\/\/hudo.com\/si\/#\/schema\/person\/image\/\",\"url\":\"https:\/\/secure.gravatar.com\/avatar\/e13d22ac3e442658d5025fbbe6238a79?s=96&d=mm&r=g\",\"contentUrl\":\"https:\/\/secure.gravatar.com\/avatar\/e13d22ac3e442658d5025fbbe6238a79?s=96&d=mm&r=g\",\"caption\":\"A. G., STA\"},\"url\":\"https:\/\/hudo.com\/si\/author\/alenka\/\"}]}<\/script>\n<!-- \/ Yoast SEO plugin. -->","yoast_head_json":{"title":"Ukradene pu\u0161ke v Postojni \u0161e niso na\u0161li, policistu grozi izredna odpoved - Hudo Slovenija","robots":{"index":"index","follow":"follow","max-snippet":"max-snippet:-1","max-image-preview":"max-image-preview:large","max-video-preview":"max-video-preview:-1"},"canonical":"https:\/\/hudo.com\/si\/aktualno\/ukradene-puske-postojni-se-niso-nasli-policistu-grozi-izredna-odpoved\/","og_locale":"sl_SI","og_type":"article","og_title":"Ukradene pu\u0161ke v Postojni \u0161e niso na\u0161li, policistu grozi izredna odpoved - Hudo Slovenija","og_description":"Iz dveh policijskih vozil so prej\u0161nji teden v Postojni ukradli avtomatsko pu\u0161ko s pripadajo\u010dim strelivom in nabojnikoma ter po tri neprebojne jopi\u010de in neprebojne \u010delade, je danes potrdil direktor Policijske uprave (PU) Koper Danimir Rebec. Zaradi kr\u0161itve delovne discipline v zvezi s hrambo opreme je predlagal izredno odpoved pogodbe o zaposlitvi.","og_url":"https:\/\/hudo.com\/si\/aktualno\/ukradene-puske-postojni-se-niso-nasli-policistu-grozi-izredna-odpoved\/","og_site_name":"Hudo Slovenija","article_publisher":"https:\/\/www.facebook.com\/hudo.si","article_published_time":"2016-04-26T12:20:11+00:00","article_modified_time":"2016-04-26T13:22:49+00:00","og_image":[{"width":2290,"height":1526,"url":"https:\/\/hudo.com\/si\/wp-content\/uploads\/sites\/2\/2016\/04\/ThinkstockPhotos-103581493.jpg","type":"image\/jpeg"}],"author":"A. G., STA","twitter_card":"summary_large_image","twitter_creator":"@hudo_si","twitter_site":"@hudo_si","twitter_misc":{"Written by":"A. G., STA","Est. reading time":"3 minute"},"schema":{"@context":"https:\/\/schema.org","@graph":[{"@type":"Article","@id":"https:\/\/hudo.com\/si\/aktualno\/ukradene-puske-postojni-se-niso-nasli-policistu-grozi-izredna-odpoved\/#article","isPartOf":{"@id":"https:\/\/hudo.com\/si\/aktualno\/ukradene-puske-postojni-se-niso-nasli-policistu-grozi-izredna-odpoved\/"},"author":{"name":"A. G., STA","@id":"https:\/\/hudo.com\/si\/#\/schema\/person\/2391667a63ea075ba94f2f2dc6b77537"},"headline":"Ukradene pu\u0161ke v Postojni \u0161e niso na\u0161li, policistu grozi izredna odpoved","datePublished":"2016-04-26T12:20:11+00:00","dateModified":"2016-04-26T13:22:49+00:00","mainEntityOfPage":{"@id":"https:\/\/hudo.com\/si\/aktualno\/ukradene-puske-postojni-se-niso-nasli-policistu-grozi-izredna-odpoved\/"},"wordCount":529,"publisher":{"@id":"https:\/\/hudo.com\/si\/#organization"},"keywords":["oro\u017eje","policija","vlom"],"articleSection":["Aktualno"],"inLanguage":"sl-SI"},{"@type":"WebPage","@id":"https:\/\/hudo.com\/si\/aktualno\/ukradene-puske-postojni-se-niso-nasli-policistu-grozi-izredna-odpoved\/","url":"https:\/\/hudo.com\/si\/aktualno\/ukradene-puske-postojni-se-niso-nasli-policistu-grozi-izredna-odpoved\/","name":"Ukradene pu\u0161ke v Postojni \u0161e niso na\u0161li, policistu grozi izredna odpoved - Hudo Slovenija","isPartOf":{"@id":"https:\/\/hudo.com\/si\/#website"},"datePublished":"2016-04-26T12:20:11+00:00","dateModified":"2016-04-26T13:22:49+00:00","breadcrumb":{"@id":"https:\/\/hudo.com\/si\/aktualno\/ukradene-puske-postojni-se-niso-nasli-policistu-grozi-izredna-odpoved\/#breadcrumb"},"inLanguage":"sl-SI","potentialAction":[{"@type":"ReadAction","target":["https:\/\/hudo.com\/si\/aktualno\/ukradene-puske-postojni-se-niso-nasli-policistu-grozi-izredna-odpoved\/"]}]},{"@type":"BreadcrumbList","@id":"https:\/\/hudo.com\/si\/aktualno\/ukradene-puske-postojni-se-niso-nasli-policistu-grozi-izredna-odpoved\/#breadcrumb","itemListElement":[{"@type":"ListItem","position":1,"name":"Home","item":"https:\/\/hudo.com\/si\/"},{"@type":"ListItem","position":2,"name":"Ukradene pu\u0161ke v Postojni \u0161e niso na\u0161li, policistu grozi izredna odpoved"}]},{"@type":"WebSite","@id":"https:\/\/hudo.com\/si\/#website","url":"https:\/\/hudo.com\/si\/","name":"Hudo Slovenija","description":"Vse novice iz Slovenije in sveta","publisher":{"@id":"https:\/\/hudo.com\/si\/#organization"},"potentialAction":[{"@type":"SearchAction","target":{"@type":"EntryPoint","urlTemplate":"https:\/\/hudo.com\/si\/?s={search_term_string}"},"query-input":"required name=search_term_string"}],"inLanguage":"sl-SI"},{"@type":"Organization","@id":"https:\/\/hudo.com\/si\/#organization","name":"VSN Media","url":"https:\/\/hudo.com\/si\/","logo":{"@type":"ImageObject","inLanguage":"sl-SI","@id":"https:\/\/hudo.com\/si\/#\/schema\/logo\/image\/","url":"https:\/\/hudo.com\/si\/wp-content\/uploads\/sites\/2\/2021\/03\/hudo-app-2.png","contentUrl":"https:\/\/hudo.com\/si\/wp-content\/uploads\/sites\/2\/2021\/03\/hudo-app-2.png","width":2185,"height":2167,"caption":"VSN Media"},"image":{"@id":"https:\/\/hudo.com\/si\/#\/schema\/logo\/image\/"},"sameAs":["https:\/\/www.facebook.com\/hudo.si","https:\/\/twitter.com\/hudo_si"]},{"@type":"Person","@id":"https:\/\/hudo.com\/si\/#\/schema\/person\/2391667a63ea075ba94f2f2dc6b77537","name":"A. G., STA","image":{"@type":"ImageObject","inLanguage":"sl-SI","@id":"https:\/\/hudo.com\/si\/#\/schema\/person\/image\/","url":"https:\/\/secure.gravatar.com\/avatar\/e13d22ac3e442658d5025fbbe6238a79?s=96&d=mm&r=g","contentUrl":"https:\/\/secure.gravatar.com\/avatar\/e13d22ac3e442658d5025fbbe6238a79?s=96&d=mm&r=g","caption":"A. G., STA"},"url":"https:\/\/hudo.com\/si\/author\/alenka\/"}]}},"amp_enabled":true,"_links":{"self":[{"href":"https:\/\/hudo.com\/si\/wp-json\/wp\/v2\/posts\/39904"}],"collection":[{"href":"https:\/\/hudo.com\/si\/wp-json\/wp\/v2\/posts"}],"about":[{"href":"https:\/\/hudo.com\/si\/wp-json\/wp\/v2\/types\/post"}],"author":[{"embeddable":true,"href":"https:\/\/hudo.com\/si\/wp-json\/wp\/v2\/users\/5"}],"replies":[{"embeddable":true,"href":"https:\/\/hudo.com\/si\/wp-json\/wp\/v2\/comments?post=39904"}],"version-history":[{"count":3,"href":"https:\/\/hudo.com\/si\/wp-json\/wp\/v2\/posts\/39904\/revisions"}],"predecessor-version":[{"id":39992,"href":"https:\/\/hudo.com\/si\/wp-json\/wp\/v2\/posts\/39904\/revisions\/39992"}],"wp:featuredmedia":[{"embeddable":true,"href":"https:\/\/hudo.com\/si\/wp-json\/wp\/v2\/media\/39907"}],"wp:attachment":[{"href":"https:\/\/hudo.com\/si\/wp-json\/wp\/v2\/media?parent=39904"}],"wp:term":[{"taxonomy":"category","embeddable":true,"href":"https:\/\/hudo.com\/si\/wp-json\/wp\/v2\/categories?post=39904"},{"taxonomy":"post_tag","embeddable":true,"href":"https:\/\/hudo.com\/si\/wp-json\/wp\/v2\/tags?post=39904"},{"taxonomy":"source","embeddable":true,"href":"https:\/\/hudo.com\/si\/wp-json\/wp\/v2\/source?post=39904"},{"taxonomy":"supertag","embeddable":true,"href":"https:\/\/hudo.com\/si\/wp-json\/wp\/v2\/supertag?post=39904"}],"curies":[{"name":"wp","href":"https:\/\/api.w.org\/{rel}","templated":true}]}}