{"id":399063,"date":"2019-05-22T12:58:32","date_gmt":"2019-05-22T10:58:32","guid":{"rendered":"http:\/\/hudo.com\/si\/?p=399063"},"modified":"2019-05-22T12:59:31","modified_gmt":"2019-05-22T10:59:31","slug":"ilka-stuhec-z-obozevalci-delila-veselo-novico","status":"publish","type":"post","link":"https:\/\/hudo.com\/si\/aktualno\/ilka-stuhec-z-obozevalci-delila-veselo-novico\/","title":{"rendered":"Ilka \u0160tuhec z obo\u017eevalci delila veselo novico!"},"content":{"rendered":"<p>Dvakratna svetovna prvakinja v smuku je s svojimi sledilci na Instagramu delila skupinsko fotografijo, pod katero je zapisala, da je rehabilitacije uradno konec in napovedala, da se zdaj pa za\u010denja zares.<\/p>\n<blockquote class=\"instagram-media\" data-instgrm-captioned data-instgrm-permalink=\"https:\/\/www.instagram.com\/p\/Bxwf5eSnL1c\/\" data-instgrm-version=\"12\" style=\" background:#FFF; border:0; border-radius:3px; box-shadow:0 0 1px 0 rgba(0,0,0,0.5),0 1px 10px 0 rgba(0,0,0,0.15); margin: 1px; max-width:540px; min-width:326px; padding:0; width:99.375%; width:-webkit-calc(100% - 2px); width:calc(100% - 2px);\">\n<div style=\"padding:16px;\"> <a href=\"https:\/\/www.instagram.com\/p\/Bxwf5eSnL1c\/\" style=\" background:#FFFFFF; line-height:0; padding:0 0; text-align:center; text-decoration:none; width:100%;\" target=\"_blank\"> <\/p>\n<div style=\" display: flex; flex-direction: row; align-items: center;\">\n<div style=\"background-color: #F4F4F4; border-radius: 50%; flex-grow: 0; height: 40px; margin-right: 14px; width: 40px;\"><\/div>\n<div style=\"display: flex; flex-direction: column; flex-grow: 1; justify-content: center;\">\n<div style=\" background-color: #F4F4F4; border-radius: 4px; flex-grow: 0; height: 14px; margin-bottom: 6px; width: 100px;\"><\/div>\n<div style=\" background-color: #F4F4F4; border-radius: 4px; flex-grow: 0; height: 14px; width: 60px;\"><\/div>\n<\/div>\n<\/div>\n<div style=\"padding: 19% 0;\"><\/div>\n<div style=\"display:block; height:50px; margin:0 auto 12px; width:50px;\"><svg width=\"50px\" height=\"50px\" viewBox=\"0 0 60 60\" version=\"1.1\" xmlns=\"https:\/\/www.w3.org\/2000\/svg\" xmlns:xlink=\"https:\/\/www.w3.org\/1999\/xlink\"><g stroke=\"none\" stroke-width=\"1\" fill=\"none\" fill-rule=\"evenodd\"><g transform=\"translate(-511.000000, -20.000000)\" fill=\"#000000\"><g><path d=\"M556.869,30.41 C554.814,30.41 553.148,32.076 553.148,34.131 C553.148,36.186 554.814,37.852 556.869,37.852 C558.924,37.852 560.59,36.186 560.59,34.131 C560.59,32.076 558.924,30.41 556.869,30.41 M541,60.657 C535.114,60.657 530.342,55.887 530.342,50 C530.342,44.114 535.114,39.342 541,39.342 C546.887,39.342 551.658,44.114 551.658,50 C551.658,55.887 546.887,60.657 541,60.657 M541,33.886 C532.1,33.886 524.886,41.1 524.886,50 C524.886,58.899 532.1,66.113 541,66.113 C549.9,66.113 557.115,58.899 557.115,50 C557.115,41.1 549.9,33.886 541,33.886 M565.378,62.101 C565.244,65.022 564.756,66.606 564.346,67.663 C563.803,69.06 563.154,70.057 562.106,71.106 C561.058,72.155 560.06,72.803 558.662,73.347 C557.607,73.757 556.021,74.244 553.102,74.378 C549.944,74.521 548.997,74.552 541,74.552 C533.003,74.552 532.056,74.521 528.898,74.378 C525.979,74.244 524.393,73.757 523.338,73.347 C521.94,72.803 520.942,72.155 519.894,71.106 C518.846,70.057 518.197,69.06 517.654,67.663 C517.244,66.606 516.755,65.022 516.623,62.101 C516.479,58.943 516.448,57.996 516.448,50 C516.448,42.003 516.479,41.056 516.623,37.899 C516.755,34.978 517.244,33.391 517.654,32.338 C518.197,30.938 518.846,29.942 519.894,28.894 C520.942,27.846 521.94,27.196 523.338,26.654 C524.393,26.244 525.979,25.756 528.898,25.623 C532.057,25.479 533.004,25.448 541,25.448 C548.997,25.448 549.943,25.479 553.102,25.623 C556.021,25.756 557.607,26.244 558.662,26.654 C560.06,27.196 561.058,27.846 562.106,28.894 C563.154,29.942 563.803,30.938 564.346,32.338 C564.756,33.391 565.244,34.978 565.378,37.899 C565.522,41.056 565.552,42.003 565.552,50 C565.552,57.996 565.522,58.943 565.378,62.101 M570.82,37.631 C570.674,34.438 570.167,32.258 569.425,30.349 C568.659,28.377 567.633,26.702 565.965,25.035 C564.297,23.368 562.623,22.342 560.652,21.575 C558.743,20.834 556.562,20.326 553.369,20.18 C550.169,20.033 549.148,20 541,20 C532.853,20 531.831,20.033 528.631,20.18 C525.438,20.326 523.257,20.834 521.349,21.575 C519.376,22.342 517.703,23.368 516.035,25.035 C514.368,26.702 513.342,28.377 512.574,30.349 C511.834,32.258 511.326,34.438 511.181,37.631 C511.035,40.831 511,41.851 511,50 C511,58.147 511.035,59.17 511.181,62.369 C511.326,65.562 511.834,67.743 512.574,69.651 C513.342,71.625 514.368,73.296 516.035,74.965 C517.703,76.634 519.376,77.658 521.349,78.425 C523.257,79.167 525.438,79.673 528.631,79.82 C531.831,79.965 532.853,80.001 541,80.001 C549.148,80.001 550.169,79.965 553.369,79.82 C556.562,79.673 558.743,79.167 560.652,78.425 C562.623,77.658 564.297,76.634 565.965,74.965 C567.633,73.296 568.659,71.625 569.425,69.651 C570.167,67.743 570.674,65.562 570.82,62.369 C570.966,59.17 571,58.147 571,50 C571,41.851 570.966,40.831 570.82,37.631\"><\/path><\/g><\/g><\/g><\/svg><\/div>\n<div style=\"padding-top: 8px;\">\n<div style=\" color:#3897f0; font-family:Arial,sans-serif; font-size:14px; font-style:normal; font-weight:550; line-height:18px;\"> View this post on Instagram<\/div>\n<\/div>\n<div style=\"padding: 12.5% 0;\"><\/div>\n<div style=\"display: flex; flex-direction: row; margin-bottom: 14px; align-items: center;\">\n<div>\n<div style=\"background-color: #F4F4F4; border-radius: 50%; height: 12.5px; width: 12.5px; transform: translateX(0px) translateY(7px);\"><\/div>\n<div style=\"background-color: #F4F4F4; height: 12.5px; transform: rotate(-45deg) translateX(3px) translateY(1px); width: 12.5px; flex-grow: 0; margin-right: 14px; margin-left: 2px;\"><\/div>\n<div style=\"background-color: #F4F4F4; border-radius: 50%; height: 12.5px; width: 12.5px; transform: translateX(9px) translateY(-18px);\"><\/div>\n<\/div>\n<div style=\"margin-left: 8px;\">\n<div style=\" background-color: #F4F4F4; border-radius: 50%; flex-grow: 0; height: 20px; width: 20px;\"><\/div>\n<div style=\" width: 0; height: 0; border-top: 2px solid transparent; border-left: 6px solid #f4f4f4; border-bottom: 2px solid transparent; transform: translateX(16px) translateY(-4px) rotate(30deg)\"><\/div>\n<\/div>\n<div style=\"margin-left: auto;\">\n<div style=\" width: 0px; border-top: 8px solid #F4F4F4; border-right: 8px solid transparent; transform: translateY(16px);\"><\/div>\n<div style=\" background-color: #F4F4F4; flex-grow: 0; height: 12px; width: 16px; transform: translateY(-4px);\"><\/div>\n<div style=\" width: 0; height: 0; border-top: 8px solid #F4F4F4; border-left: 8px solid transparent; transform: translateY(-4px) translateX(8px);\"><\/div>\n<\/div>\n<\/div>\n<p><\/a> <\/p>\n<p style=\" margin:8px 0 0 0; padding:0 4px;\"> <a href=\"https:\/\/www.instagram.com\/p\/Bxwf5eSnL1c\/\" style=\" color:#000; font-family:Arial,sans-serif; font-size:14px; font-style:normal; font-weight:normal; line-height:17px; text-decoration:none; word-wrap:break-word;\" target=\"_blank\">rehab has offically come to an end!  no words to explain how much efford and credit goes to Pika, she&#39;s a lifesaver \u2764 now, let&#39;s lift and bike and squat and jump, shall we? <\/a><\/p>\n<p style=\" color:#c9c8cd; font-family:Arial,sans-serif; font-size:14px; line-height:17px; margin-bottom:0; margin-top:8px; overflow:hidden; padding:8px 0 7px; text-align:center; text-overflow:ellipsis; white-space:nowrap;\">A post shared by <a href=\"https:\/\/www.instagram.com\/ilkastuhec\/\" style=\" color:#c9c8cd; font-family:Arial,sans-serif; font-size:14px; font-style:normal; font-weight:normal; line-height:17px;\" target=\"_blank\"> ilka stuhec<\/a> (@ilkastuhec) on <time style=\" font-family:Arial,sans-serif; font-size:14px; line-height:17px;\" datetime=\"2019-05-22T08:16:50+00:00\">May 22, 2019 at 1:16am PDT<\/time><\/p>\n<\/div>\n<\/blockquote>\n<p> <div class=\"embed-notice\">Za ogled vstavljene vsebine morate omogo\u010diti <a href=\"#\" onclick=\"Optanon.ToggleInfoDisplay()\">shranjevanje pi\u0161kotkov v napravi<\/a><\/div><script async type=\"text\/plain\" class=\"optanon-category-C0002-C0003-C0004\" optanon-src=\"\/\/www.instagram.com\/embed.js\"><\/script><\/p>\n<p>Ob tej prilo\u017enosti se je zahvalila fizioterapevtki Darji Kramberger &#8211; Piki, ki z Ilko \u017ee dolgo sodeluje in je Maribor\u010danko vrnila nazaj na smu\u010di po vsaki njeni po\u0161kodbi.<\/p>\n<p>Po koncu sezone, ki jo je v Areju kronala z novim naslovom svetovne prvakinje v kraljevski disciplini, a jo \u017ee na prvi tekmi po prvenstvu sklenila z novo po\u0161kodbo kolena, je \u0160tuh\u010deva zamenjala klju\u010dna \u010dlena svoje majhne ekipe. Sporazumno se je raz\u0161la s trenerjem Grego Ko\u0161tomajem, ki je nove izzive na\u0161el pri slovenski mo\u0161ki smuka\u0161ki ekipi, ter kineziologinjo Anjo \u0160e\u0161um, ki bo poslej skrbela za pripravo avstrijskih smuka\u010dic, torej neposrednih tekmic \u0160tuh\u010deve.<\/p>\n<p>Maja je \u017ee predstavila dva nova \u010dlana ekipe, ki bosta poslej skrbela za kondicijsko pripravljenost slovenske smuka\u0161ke kraljice. To sta Janez Gril in fizioterapevt David Kukovec. \u0160e vedno pa \u010dakamo na ime novega trenerja. Na nedavnem Ve\u010deru \u0161ampionov, na katerem je Smu\u010darska zveza Slovenije podelila nagrade slovenskim \u0161portnicam in \u0161portnikov za dose\u017eke minule zime, med prejemniki kipca Blo\u0161kega smu\u010danja je bila tudi Maribor\u010danka, je bila \u0160tuh\u010deva na to temo \u0161e nekoliko skrivnostna. &#8220;Ko se bomo dokon\u010dno vse dogovorili, bo znano vse, a \u010dasovno te\u017eko re\u010dem, kdaj bo to.&#8221; In hudomu\u0161no dodala, da bo &#8220;njegovo ime znano pred zimo&#8221;.<\/p>\n<p>Svojo slovito \u010dlanico so po koncu zime po\u010dastili tudi v njenem doma\u010dem klubu. V prihodnji sezoni bo ena od novosti Smu\u010darska \u0161ola Ilke \u0160tuhec, pri kateri so v ASK Branik zdru\u017eili mo\u010di z Ilko \u0160tuhec in njeno ekipo.<\/p>\n<p>V tem klubu so izjemno ponosni na dose\u017eke svojih treh najbolj\u0161ih \u010dlanov, ki nastopajo v svetovnem pokalu. Bo\u0161tjan Kline, Klemen Kosi in Ilka \u0160tuhec so \u017ee od svojih prvih smu\u010darskih dni \u010dlani mariborskega kluba.<\/p>\n<p>V sezoni, ki prihaja, se bodo v ASK Branik posvetili tekmovalnemu \u0161portu, kjer trenerska ekipa ostaja enaka kot v preteklem letu, organizaciji Zlate lisice in Male lisi\u010dke ter prav smu\u010darskemu opismenjevanju najmlaj\u0161ih na Pohorju.<\/p>\n<p>&#8220;Pohorje je moj hrib. Doma\u010di hrib, na katerem sem odrasla, naredila prve smu\u010darske zavoje in vzljubila \u0161port, ki ga imam \u0161e danes najraje. Zato je bila odlo\u010ditev za ustanovitev smu\u010darske \u0161ole v okviru delovanja ASK Branik enostavna. Gre za klub z zelo dolgo tradicijo v Mariboru, iz katerega izhajajo \u0161tevilni vrhunski \u0161portniki v svetovnem merilu. Verjamem v delo smu\u010darskih u\u010diteljev in trenerjev na\u0161ega kluba ter v svetlo prihodnost tako smu\u010danja kot smu\u010darjev na Pohorju,&#8221; poudarja Ilka \u0160tuhec, ki \u017eeli, da mladi smu\u010darji vzljubijo smu\u010danje, njihovi star\u0161i pa tako \u0161portni kot osebnostni razvoj svojih otrok zaupajo strokovnim in usposobljenim delavcem.<\/p>\n","protected":false},"excerpt":{"rendered":"<p>Slovenska alpska smu\u010darka Ilka \u0160tuhec je nedavno \u0161portno javnost razveselila s posnetkom, na katerem je odvrgla opornico in nakazala, da je po\u0161kodba kolena \u017ee povsem pozdravljena. Zdaj pa je s svetom delila \u0161e novico, da je uradno kon\u010dala tudi postopek rehabilitacije po po\u0161kodbi in operaciji.<\/p>\n","protected":false},"author":8,"featured_media":399067,"comment_status":"closed","ping_status":"closed","sticky":false,"template":"","format":"standard","meta":{"footnotes":""},"categories":[1179],"tags":[7176,1595],"source":[4511],"supertag":[],"acf":[],"yoast_head":"<!-- This site is optimized with the Yoast SEO plugin v21.3 - https:\/\/yoast.com\/wordpress\/plugins\/seo\/ -->\n<title>Ilka \u0160tuhec z obo\u017eevalci delila veselo novico! - Hudo Slovenija<\/title>\n<meta name=\"robots\" content=\"index, follow, max-snippet:-1, max-image-preview:large, max-video-preview:-1\" \/>\n<link rel=\"canonical\" href=\"https:\/\/hudo.com\/si\/aktualno\/ilka-stuhec-z-obozevalci-delila-veselo-novico\/\" \/>\n<meta property=\"og:locale\" content=\"sl_SI\" \/>\n<meta property=\"og:type\" content=\"article\" \/>\n<meta property=\"og:title\" content=\"Ilka \u0160tuhec z obo\u017eevalci delila veselo novico! - Hudo Slovenija\" \/>\n<meta property=\"og:description\" content=\"Slovenska alpska smu\u010darka Ilka \u0160tuhec je nedavno \u0161portno javnost razveselila s posnetkom, na katerem je odvrgla opornico in nakazala, da je po\u0161kodba kolena \u017ee povsem pozdravljena. Zdaj pa je s svetom delila \u0161e novico, da je uradno kon\u010dala tudi postopek rehabilitacije po po\u0161kodbi in operaciji.\" \/>\n<meta property=\"og:url\" content=\"https:\/\/hudo.com\/si\/aktualno\/ilka-stuhec-z-obozevalci-delila-veselo-novico\/\" \/>\n<meta property=\"og:site_name\" content=\"Hudo Slovenija\" \/>\n<meta property=\"article:publisher\" content=\"https:\/\/www.facebook.com\/hudo.si\" \/>\n<meta property=\"article:published_time\" content=\"2019-05-22T10:58:32+00:00\" \/>\n<meta property=\"article:modified_time\" content=\"2019-05-22T10:59:31+00:00\" \/>\n<meta property=\"og:image\" content=\"https:\/\/hudo.com\/si\/wp-content\/uploads\/sites\/2\/2019\/05\/profimedia-0422070757.jpg\" \/>\n\t<meta property=\"og:image:width\" content=\"1250\" \/>\n\t<meta property=\"og:image:height\" content=\"833\" \/>\n\t<meta property=\"og:image:type\" content=\"image\/jpeg\" \/>\n<meta name=\"author\" content=\"M. N., STA\" \/>\n<meta name=\"twitter:card\" content=\"summary_large_image\" \/>\n<meta name=\"twitter:creator\" content=\"@hudo_si\" \/>\n<meta name=\"twitter:site\" content=\"@hudo_si\" \/>\n<meta name=\"twitter:label1\" content=\"Written by\" \/>\n\t<meta name=\"twitter:data1\" content=\"M. N., STA\" \/>\n\t<meta name=\"twitter:label2\" content=\"Est. reading time\" \/>\n\t<meta name=\"twitter:data2\" content=\"3 minute\" \/>\n<script type=\"application\/ld+json\" class=\"yoast-schema-graph\">{\"@context\":\"https:\/\/schema.org\",\"@graph\":[{\"@type\":\"Article\",\"@id\":\"https:\/\/hudo.com\/si\/aktualno\/ilka-stuhec-z-obozevalci-delila-veselo-novico\/#article\",\"isPartOf\":{\"@id\":\"https:\/\/hudo.com\/si\/aktualno\/ilka-stuhec-z-obozevalci-delila-veselo-novico\/\"},\"author\":{\"name\":\"M. N., STA\",\"@id\":\"https:\/\/hudo.com\/si\/#\/schema\/person\/c2f10ce65d2e6ede2aeda5be2a0611fa\"},\"headline\":\"Ilka \u0160tuhec z obo\u017eevalci delila veselo novico!\",\"datePublished\":\"2019-05-22T10:58:32+00:00\",\"dateModified\":\"2019-05-22T10:59:31+00:00\",\"mainEntityOfPage\":{\"@id\":\"https:\/\/hudo.com\/si\/aktualno\/ilka-stuhec-z-obozevalci-delila-veselo-novico\/\"},\"wordCount\":546,\"publisher\":{\"@id\":\"https:\/\/hudo.com\/si\/#organization\"},\"keywords\":[\"Ilka \u0160tuhec\",\"Slovenija\"],\"articleSection\":[\"Aktualno\"],\"inLanguage\":\"sl-SI\"},{\"@type\":\"WebPage\",\"@id\":\"https:\/\/hudo.com\/si\/aktualno\/ilka-stuhec-z-obozevalci-delila-veselo-novico\/\",\"url\":\"https:\/\/hudo.com\/si\/aktualno\/ilka-stuhec-z-obozevalci-delila-veselo-novico\/\",\"name\":\"Ilka \u0160tuhec z obo\u017eevalci delila veselo novico! - Hudo Slovenija\",\"isPartOf\":{\"@id\":\"https:\/\/hudo.com\/si\/#website\"},\"datePublished\":\"2019-05-22T10:58:32+00:00\",\"dateModified\":\"2019-05-22T10:59:31+00:00\",\"breadcrumb\":{\"@id\":\"https:\/\/hudo.com\/si\/aktualno\/ilka-stuhec-z-obozevalci-delila-veselo-novico\/#breadcrumb\"},\"inLanguage\":\"sl-SI\",\"potentialAction\":[{\"@type\":\"ReadAction\",\"target\":[\"https:\/\/hudo.com\/si\/aktualno\/ilka-stuhec-z-obozevalci-delila-veselo-novico\/\"]}]},{\"@type\":\"BreadcrumbList\",\"@id\":\"https:\/\/hudo.com\/si\/aktualno\/ilka-stuhec-z-obozevalci-delila-veselo-novico\/#breadcrumb\",\"itemListElement\":[{\"@type\":\"ListItem\",\"position\":1,\"name\":\"Home\",\"item\":\"https:\/\/hudo.com\/si\/\"},{\"@type\":\"ListItem\",\"position\":2,\"name\":\"Ilka \u0160tuhec z obo\u017eevalci delila veselo novico!\"}]},{\"@type\":\"WebSite\",\"@id\":\"https:\/\/hudo.com\/si\/#website\",\"url\":\"https:\/\/hudo.com\/si\/\",\"name\":\"Hudo Slovenija\",\"description\":\"Vse novice iz Slovenije in sveta\",\"publisher\":{\"@id\":\"https:\/\/hudo.com\/si\/#organization\"},\"potentialAction\":[{\"@type\":\"SearchAction\",\"target\":{\"@type\":\"EntryPoint\",\"urlTemplate\":\"https:\/\/hudo.com\/si\/?s={search_term_string}\"},\"query-input\":\"required name=search_term_string\"}],\"inLanguage\":\"sl-SI\"},{\"@type\":\"Organization\",\"@id\":\"https:\/\/hudo.com\/si\/#organization\",\"name\":\"VSN Media\",\"url\":\"https:\/\/hudo.com\/si\/\",\"logo\":{\"@type\":\"ImageObject\",\"inLanguage\":\"sl-SI\",\"@id\":\"https:\/\/hudo.com\/si\/#\/schema\/logo\/image\/\",\"url\":\"https:\/\/hudo.com\/si\/wp-content\/uploads\/sites\/2\/2021\/03\/hudo-app-2.png\",\"contentUrl\":\"https:\/\/hudo.com\/si\/wp-content\/uploads\/sites\/2\/2021\/03\/hudo-app-2.png\",\"width\":2185,\"height\":2167,\"caption\":\"VSN Media\"},\"image\":{\"@id\":\"https:\/\/hudo.com\/si\/#\/schema\/logo\/image\/\"},\"sameAs\":[\"https:\/\/www.facebook.com\/hudo.si\",\"https:\/\/twitter.com\/hudo_si\"]},{\"@type\":\"Person\",\"@id\":\"https:\/\/hudo.com\/si\/#\/schema\/person\/c2f10ce65d2e6ede2aeda5be2a0611fa\",\"name\":\"M. N., STA\",\"image\":{\"@type\":\"ImageObject\",\"inLanguage\":\"sl-SI\",\"@id\":\"https:\/\/hudo.com\/si\/#\/schema\/person\/image\/\",\"url\":\"https:\/\/secure.gravatar.com\/avatar\/f370d38daa10467f755c5c766a4cac20?s=96&d=mm&r=g\",\"contentUrl\":\"https:\/\/secure.gravatar.com\/avatar\/f370d38daa10467f755c5c766a4cac20?s=96&d=mm&r=g\",\"caption\":\"M. N., STA\"},\"url\":\"https:\/\/hudo.com\/si\/author\/mana\/\"}]}<\/script>\n<!-- \/ Yoast SEO plugin. -->","yoast_head_json":{"title":"Ilka \u0160tuhec z obo\u017eevalci delila veselo novico! - Hudo Slovenija","robots":{"index":"index","follow":"follow","max-snippet":"max-snippet:-1","max-image-preview":"max-image-preview:large","max-video-preview":"max-video-preview:-1"},"canonical":"https:\/\/hudo.com\/si\/aktualno\/ilka-stuhec-z-obozevalci-delila-veselo-novico\/","og_locale":"sl_SI","og_type":"article","og_title":"Ilka \u0160tuhec z obo\u017eevalci delila veselo novico! - Hudo Slovenija","og_description":"Slovenska alpska smu\u010darka Ilka \u0160tuhec je nedavno \u0161portno javnost razveselila s posnetkom, na katerem je odvrgla opornico in nakazala, da je po\u0161kodba kolena \u017ee povsem pozdravljena. Zdaj pa je s svetom delila \u0161e novico, da je uradno kon\u010dala tudi postopek rehabilitacije po po\u0161kodbi in operaciji.","og_url":"https:\/\/hudo.com\/si\/aktualno\/ilka-stuhec-z-obozevalci-delila-veselo-novico\/","og_site_name":"Hudo Slovenija","article_publisher":"https:\/\/www.facebook.com\/hudo.si","article_published_time":"2019-05-22T10:58:32+00:00","article_modified_time":"2019-05-22T10:59:31+00:00","og_image":[{"width":1250,"height":833,"url":"https:\/\/hudo.com\/si\/wp-content\/uploads\/sites\/2\/2019\/05\/profimedia-0422070757.jpg","type":"image\/jpeg"}],"author":"M. N., STA","twitter_card":"summary_large_image","twitter_creator":"@hudo_si","twitter_site":"@hudo_si","twitter_misc":{"Written by":"M. N., STA","Est. reading time":"3 minute"},"schema":{"@context":"https:\/\/schema.org","@graph":[{"@type":"Article","@id":"https:\/\/hudo.com\/si\/aktualno\/ilka-stuhec-z-obozevalci-delila-veselo-novico\/#article","isPartOf":{"@id":"https:\/\/hudo.com\/si\/aktualno\/ilka-stuhec-z-obozevalci-delila-veselo-novico\/"},"author":{"name":"M. N., STA","@id":"https:\/\/hudo.com\/si\/#\/schema\/person\/c2f10ce65d2e6ede2aeda5be2a0611fa"},"headline":"Ilka \u0160tuhec z obo\u017eevalci delila veselo novico!","datePublished":"2019-05-22T10:58:32+00:00","dateModified":"2019-05-22T10:59:31+00:00","mainEntityOfPage":{"@id":"https:\/\/hudo.com\/si\/aktualno\/ilka-stuhec-z-obozevalci-delila-veselo-novico\/"},"wordCount":546,"publisher":{"@id":"https:\/\/hudo.com\/si\/#organization"},"keywords":["Ilka \u0160tuhec","Slovenija"],"articleSection":["Aktualno"],"inLanguage":"sl-SI"},{"@type":"WebPage","@id":"https:\/\/hudo.com\/si\/aktualno\/ilka-stuhec-z-obozevalci-delila-veselo-novico\/","url":"https:\/\/hudo.com\/si\/aktualno\/ilka-stuhec-z-obozevalci-delila-veselo-novico\/","name":"Ilka \u0160tuhec z obo\u017eevalci delila veselo novico! - Hudo Slovenija","isPartOf":{"@id":"https:\/\/hudo.com\/si\/#website"},"datePublished":"2019-05-22T10:58:32+00:00","dateModified":"2019-05-22T10:59:31+00:00","breadcrumb":{"@id":"https:\/\/hudo.com\/si\/aktualno\/ilka-stuhec-z-obozevalci-delila-veselo-novico\/#breadcrumb"},"inLanguage":"sl-SI","potentialAction":[{"@type":"ReadAction","target":["https:\/\/hudo.com\/si\/aktualno\/ilka-stuhec-z-obozevalci-delila-veselo-novico\/"]}]},{"@type":"BreadcrumbList","@id":"https:\/\/hudo.com\/si\/aktualno\/ilka-stuhec-z-obozevalci-delila-veselo-novico\/#breadcrumb","itemListElement":[{"@type":"ListItem","position":1,"name":"Home","item":"https:\/\/hudo.com\/si\/"},{"@type":"ListItem","position":2,"name":"Ilka \u0160tuhec z obo\u017eevalci delila veselo novico!"}]},{"@type":"WebSite","@id":"https:\/\/hudo.com\/si\/#website","url":"https:\/\/hudo.com\/si\/","name":"Hudo Slovenija","description":"Vse novice iz Slovenije in sveta","publisher":{"@id":"https:\/\/hudo.com\/si\/#organization"},"potentialAction":[{"@type":"SearchAction","target":{"@type":"EntryPoint","urlTemplate":"https:\/\/hudo.com\/si\/?s={search_term_string}"},"query-input":"required name=search_term_string"}],"inLanguage":"sl-SI"},{"@type":"Organization","@id":"https:\/\/hudo.com\/si\/#organization","name":"VSN Media","url":"https:\/\/hudo.com\/si\/","logo":{"@type":"ImageObject","inLanguage":"sl-SI","@id":"https:\/\/hudo.com\/si\/#\/schema\/logo\/image\/","url":"https:\/\/hudo.com\/si\/wp-content\/uploads\/sites\/2\/2021\/03\/hudo-app-2.png","contentUrl":"https:\/\/hudo.com\/si\/wp-content\/uploads\/sites\/2\/2021\/03\/hudo-app-2.png","width":2185,"height":2167,"caption":"VSN Media"},"image":{"@id":"https:\/\/hudo.com\/si\/#\/schema\/logo\/image\/"},"sameAs":["https:\/\/www.facebook.com\/hudo.si","https:\/\/twitter.com\/hudo_si"]},{"@type":"Person","@id":"https:\/\/hudo.com\/si\/#\/schema\/person\/c2f10ce65d2e6ede2aeda5be2a0611fa","name":"M. N., STA","image":{"@type":"ImageObject","inLanguage":"sl-SI","@id":"https:\/\/hudo.com\/si\/#\/schema\/person\/image\/","url":"https:\/\/secure.gravatar.com\/avatar\/f370d38daa10467f755c5c766a4cac20?s=96&d=mm&r=g","contentUrl":"https:\/\/secure.gravatar.com\/avatar\/f370d38daa10467f755c5c766a4cac20?s=96&d=mm&r=g","caption":"M. N., STA"},"url":"https:\/\/hudo.com\/si\/author\/mana\/"}]}},"amp_enabled":true,"_links":{"self":[{"href":"https:\/\/hudo.com\/si\/wp-json\/wp\/v2\/posts\/399063"}],"collection":[{"href":"https:\/\/hudo.com\/si\/wp-json\/wp\/v2\/posts"}],"about":[{"href":"https:\/\/hudo.com\/si\/wp-json\/wp\/v2\/types\/post"}],"author":[{"embeddable":true,"href":"https:\/\/hudo.com\/si\/wp-json\/wp\/v2\/users\/8"}],"replies":[{"embeddable":true,"href":"https:\/\/hudo.com\/si\/wp-json\/wp\/v2\/comments?post=399063"}],"version-history":[{"count":2,"href":"https:\/\/hudo.com\/si\/wp-json\/wp\/v2\/posts\/399063\/revisions"}],"predecessor-version":[{"id":399069,"href":"https:\/\/hudo.com\/si\/wp-json\/wp\/v2\/posts\/399063\/revisions\/399069"}],"wp:featuredmedia":[{"embeddable":true,"href":"https:\/\/hudo.com\/si\/wp-json\/wp\/v2\/media\/399067"}],"wp:attachment":[{"href":"https:\/\/hudo.com\/si\/wp-json\/wp\/v2\/media?parent=399063"}],"wp:term":[{"taxonomy":"category","embeddable":true,"href":"https:\/\/hudo.com\/si\/wp-json\/wp\/v2\/categories?post=399063"},{"taxonomy":"post_tag","embeddable":true,"href":"https:\/\/hudo.com\/si\/wp-json\/wp\/v2\/tags?post=399063"},{"taxonomy":"source","embeddable":true,"href":"https:\/\/hudo.com\/si\/wp-json\/wp\/v2\/source?post=399063"},{"taxonomy":"supertag","embeddable":true,"href":"https:\/\/hudo.com\/si\/wp-json\/wp\/v2\/supertag?post=399063"}],"curies":[{"name":"wp","href":"https:\/\/api.w.org\/{rel}","templated":true}]}}