{"id":399093,"date":"2019-05-23T07:45:07","date_gmt":"2019-05-23T05:45:07","guid":{"rendered":"http:\/\/hudo.com\/si\/?p=399093"},"modified":"2019-05-23T07:45:08","modified_gmt":"2019-05-23T05:45:08","slug":"v-javnost-prisle-nove-podrobnosti-avstrijske-afere-ibiza","status":"publish","type":"post","link":"https:\/\/hudo.com\/si\/aktualno\/v-javnost-prisle-nove-podrobnosti-avstrijske-afere-ibiza\/","title":{"rendered":"V javnost pri\u0161le nove podrobnosti avstrijske afere Ibiza"},"content":{"rendered":"<p>Po poro\u010danju avstrijskih medijev naj bi se prav on pretvarjal za spremljevalca domnevne ruske bogata\u0161inje ter pred tem na\u010drtoval in izvedel celotno operacijo. Detektiv naj bi bil dober znanec dunajskega odvetnika, ki je po navedbah biv\u0161ega vodje poslanske skupine FP\u00d6 Johanna Gudenusa pripravil prvo sre\u010danje, je v sredo poro\u010dala avstrijska tiskovna agencija APA.<\/p>\n<p>Gudenus je \u017ee v torek izjavil, da naj bi za\u010detki afere Ibiza segali vse do 24. marca 2017, ko je v nekem lokalu v sredi\u0161\u010du Dunaju pri\u0161lo do prvih stikov z domnevno ne\u010dakinjo ruske bogata\u0161inje, njenim posrednikom iz Nem\u010dije ter dunajskim odvetnikom.<\/p>\n<p>Avstrijski strokovnjak za varnost Sascha Wandl je poleg tega za avstrijske medije dejal, da je na videoposnetku prepoznal svojega nekdanjega poslovnega partnerja, ki ga je sam vpeljal v podro\u010dje vohunjenja. Poleg tega je zelo verjetno, da je prav on seznanil svojega nekdanjega poslovnega partnerja z dunajskim odvetnikom. Sam naj bi iz tovrstnih poslov izstopil leta 2016 in tudi nima podrobnosti, ali je pri videoposnetku iz afere Ibiza \u0161lo za politi\u010dno zaroto ali poskus, da bi s pomo\u010djo videoposnetka zaslu\u017eili, poro\u010da nem\u0161ka tiskovna agencija dpa.<\/p>\n<p>Minuli teden se je v javnosti pojavil videoposnetek, na katerem je videti, da je donedavni vodja FP\u00d6 Heinz-Christian Strache pred volitvami leta 2017 v zameno za pomo\u010d pri pove\u010danju volilne podpore svoji stranki ponujal poslovne pogodbe z vlado \u017eenski, ki je trdila, da je bogata ruska vlagateljica ter da \u017eeli v Avstriji vlo\u017eiti ve\u010d sto milijonov evrov. Ob tem je priznala, da je denar sumljivega izvora. V posameznih odlomkih sedem ur dolgega videa, ki naj bi bil posnet v vili na \u0161panskem otoku Ibiza, je poleg Stracheja videti \u0161e njegovo soprogo ter nekdanjega vodjo poslanske skupine FP\u00d6 Gudenusa.<\/p>\n<p>Afera je v Avstriji povzro\u010dila hudo politi\u010dno krizo. Svobodnjaki so zapustili vlado, avstrijski kancler Sebastian Kurz je po njihovem odhodu na njihove ministrske polo\u017eaje imenoval strokovnjake in Avstrija je dobila prehodno vlado. Strache sam je po aferi odstopil kot predsednik stranke, Gudenus je zapustil stranko.<\/p>\n","protected":false},"excerpt":{"rendered":"<p>V javnosti so se pojavile nove podrobnosti avstrijske afere Ibiza, zaradi katere so morali svobodnjaki FP\u00d6 zapustiti vladajo\u010do koalicijo z ljudsko stranko (\u00d6VP). Afero naj bi pomagal snovati svetovalec za varnost z Dunaja, ki je bil nazadnje vodilni dru\u017eabnik detektivske agencije v M\u00fcnchnu.<\/p>\n","protected":false},"author":8,"featured_media":399080,"comment_status":"closed","ping_status":"closed","sticky":false,"template":"","format":"standard","meta":{"footnotes":""},"categories":[1179],"tags":[],"source":[4511],"supertag":[6103],"acf":[],"yoast_head":"<!-- This site is optimized with the Yoast SEO plugin v21.3 - https:\/\/yoast.com\/wordpress\/plugins\/seo\/ -->\n<title>V javnost pri\u0161le nove podrobnosti avstrijske afere Ibiza - Hudo Slovenija<\/title>\n<meta name=\"robots\" content=\"index, follow, max-snippet:-1, max-image-preview:large, max-video-preview:-1\" \/>\n<link rel=\"canonical\" href=\"https:\/\/hudo.com\/si\/aktualno\/v-javnost-prisle-nove-podrobnosti-avstrijske-afere-ibiza\/\" \/>\n<meta property=\"og:locale\" content=\"sl_SI\" \/>\n<meta property=\"og:type\" content=\"article\" \/>\n<meta property=\"og:title\" content=\"V javnost pri\u0161le nove podrobnosti avstrijske afere Ibiza - Hudo Slovenija\" \/>\n<meta property=\"og:description\" content=\"V javnosti so se pojavile nove podrobnosti avstrijske afere Ibiza, zaradi katere so morali svobodnjaki FP\u00d6 zapustiti vladajo\u010do koalicijo z ljudsko stranko (\u00d6VP). Afero naj bi pomagal snovati svetovalec za varnost z Dunaja, ki je bil nazadnje vodilni dru\u017eabnik detektivske agencije v M\u00fcnchnu.\" \/>\n<meta property=\"og:url\" content=\"https:\/\/hudo.com\/si\/aktualno\/v-javnost-prisle-nove-podrobnosti-avstrijske-afere-ibiza\/\" \/>\n<meta property=\"og:site_name\" content=\"Hudo Slovenija\" \/>\n<meta property=\"article:publisher\" content=\"https:\/\/www.facebook.com\/hudo.si\" \/>\n<meta property=\"article:published_time\" content=\"2019-05-23T05:45:07+00:00\" \/>\n<meta property=\"article:modified_time\" content=\"2019-05-23T05:45:08+00:00\" \/>\n<meta property=\"og:image\" content=\"https:\/\/hudo.com\/si\/wp-content\/uploads\/sites\/2\/2019\/05\/profimedia-0435235812.jpg\" \/>\n\t<meta property=\"og:image:width\" content=\"1250\" \/>\n\t<meta property=\"og:image:height\" content=\"833\" \/>\n\t<meta property=\"og:image:type\" content=\"image\/jpeg\" \/>\n<meta name=\"author\" content=\"M. N., STA\" \/>\n<meta name=\"twitter:card\" content=\"summary_large_image\" \/>\n<meta name=\"twitter:creator\" content=\"@hudo_si\" \/>\n<meta name=\"twitter:site\" content=\"@hudo_si\" \/>\n<meta name=\"twitter:label1\" content=\"Written by\" \/>\n\t<meta name=\"twitter:data1\" content=\"M. N., STA\" \/>\n\t<meta name=\"twitter:label2\" content=\"Est. reading time\" \/>\n\t<meta name=\"twitter:data2\" content=\"2 minuti\" \/>\n<script type=\"application\/ld+json\" class=\"yoast-schema-graph\">{\"@context\":\"https:\/\/schema.org\",\"@graph\":[{\"@type\":\"Article\",\"@id\":\"https:\/\/hudo.com\/si\/aktualno\/v-javnost-prisle-nove-podrobnosti-avstrijske-afere-ibiza\/#article\",\"isPartOf\":{\"@id\":\"https:\/\/hudo.com\/si\/aktualno\/v-javnost-prisle-nove-podrobnosti-avstrijske-afere-ibiza\/\"},\"author\":{\"name\":\"M. N., STA\",\"@id\":\"https:\/\/hudo.com\/si\/#\/schema\/person\/c2f10ce65d2e6ede2aeda5be2a0611fa\"},\"headline\":\"V javnost pri\u0161le nove podrobnosti avstrijske afere Ibiza\",\"datePublished\":\"2019-05-23T05:45:07+00:00\",\"dateModified\":\"2019-05-23T05:45:08+00:00\",\"mainEntityOfPage\":{\"@id\":\"https:\/\/hudo.com\/si\/aktualno\/v-javnost-prisle-nove-podrobnosti-avstrijske-afere-ibiza\/\"},\"wordCount\":350,\"publisher\":{\"@id\":\"https:\/\/hudo.com\/si\/#organization\"},\"articleSection\":[\"Aktualno\"],\"inLanguage\":\"sl-SI\"},{\"@type\":\"WebPage\",\"@id\":\"https:\/\/hudo.com\/si\/aktualno\/v-javnost-prisle-nove-podrobnosti-avstrijske-afere-ibiza\/\",\"url\":\"https:\/\/hudo.com\/si\/aktualno\/v-javnost-prisle-nove-podrobnosti-avstrijske-afere-ibiza\/\",\"name\":\"V javnost pri\u0161le nove podrobnosti avstrijske afere Ibiza - Hudo Slovenija\",\"isPartOf\":{\"@id\":\"https:\/\/hudo.com\/si\/#website\"},\"datePublished\":\"2019-05-23T05:45:07+00:00\",\"dateModified\":\"2019-05-23T05:45:08+00:00\",\"breadcrumb\":{\"@id\":\"https:\/\/hudo.com\/si\/aktualno\/v-javnost-prisle-nove-podrobnosti-avstrijske-afere-ibiza\/#breadcrumb\"},\"inLanguage\":\"sl-SI\",\"potentialAction\":[{\"@type\":\"ReadAction\",\"target\":[\"https:\/\/hudo.com\/si\/aktualno\/v-javnost-prisle-nove-podrobnosti-avstrijske-afere-ibiza\/\"]}]},{\"@type\":\"BreadcrumbList\",\"@id\":\"https:\/\/hudo.com\/si\/aktualno\/v-javnost-prisle-nove-podrobnosti-avstrijske-afere-ibiza\/#breadcrumb\",\"itemListElement\":[{\"@type\":\"ListItem\",\"position\":1,\"name\":\"Home\",\"item\":\"https:\/\/hudo.com\/si\/\"},{\"@type\":\"ListItem\",\"position\":2,\"name\":\"V javnost pri\u0161le nove podrobnosti avstrijske afere Ibiza\"}]},{\"@type\":\"WebSite\",\"@id\":\"https:\/\/hudo.com\/si\/#website\",\"url\":\"https:\/\/hudo.com\/si\/\",\"name\":\"Hudo Slovenija\",\"description\":\"Vse novice iz Slovenije in sveta\",\"publisher\":{\"@id\":\"https:\/\/hudo.com\/si\/#organization\"},\"potentialAction\":[{\"@type\":\"SearchAction\",\"target\":{\"@type\":\"EntryPoint\",\"urlTemplate\":\"https:\/\/hudo.com\/si\/?s={search_term_string}\"},\"query-input\":\"required name=search_term_string\"}],\"inLanguage\":\"sl-SI\"},{\"@type\":\"Organization\",\"@id\":\"https:\/\/hudo.com\/si\/#organization\",\"name\":\"VSN Media\",\"url\":\"https:\/\/hudo.com\/si\/\",\"logo\":{\"@type\":\"ImageObject\",\"inLanguage\":\"sl-SI\",\"@id\":\"https:\/\/hudo.com\/si\/#\/schema\/logo\/image\/\",\"url\":\"https:\/\/hudo.com\/si\/wp-content\/uploads\/sites\/2\/2021\/03\/hudo-app-2.png\",\"contentUrl\":\"https:\/\/hudo.com\/si\/wp-content\/uploads\/sites\/2\/2021\/03\/hudo-app-2.png\",\"width\":2185,\"height\":2167,\"caption\":\"VSN Media\"},\"image\":{\"@id\":\"https:\/\/hudo.com\/si\/#\/schema\/logo\/image\/\"},\"sameAs\":[\"https:\/\/www.facebook.com\/hudo.si\",\"https:\/\/twitter.com\/hudo_si\"]},{\"@type\":\"Person\",\"@id\":\"https:\/\/hudo.com\/si\/#\/schema\/person\/c2f10ce65d2e6ede2aeda5be2a0611fa\",\"name\":\"M. N., STA\",\"image\":{\"@type\":\"ImageObject\",\"inLanguage\":\"sl-SI\",\"@id\":\"https:\/\/hudo.com\/si\/#\/schema\/person\/image\/\",\"url\":\"https:\/\/secure.gravatar.com\/avatar\/f370d38daa10467f755c5c766a4cac20?s=96&d=mm&r=g\",\"contentUrl\":\"https:\/\/secure.gravatar.com\/avatar\/f370d38daa10467f755c5c766a4cac20?s=96&d=mm&r=g\",\"caption\":\"M. N., STA\"},\"url\":\"https:\/\/hudo.com\/si\/author\/mana\/\"}]}<\/script>\n<!-- \/ Yoast SEO plugin. -->","yoast_head_json":{"title":"V javnost pri\u0161le nove podrobnosti avstrijske afere Ibiza - Hudo Slovenija","robots":{"index":"index","follow":"follow","max-snippet":"max-snippet:-1","max-image-preview":"max-image-preview:large","max-video-preview":"max-video-preview:-1"},"canonical":"https:\/\/hudo.com\/si\/aktualno\/v-javnost-prisle-nove-podrobnosti-avstrijske-afere-ibiza\/","og_locale":"sl_SI","og_type":"article","og_title":"V javnost pri\u0161le nove podrobnosti avstrijske afere Ibiza - Hudo Slovenija","og_description":"V javnosti so se pojavile nove podrobnosti avstrijske afere Ibiza, zaradi katere so morali svobodnjaki FP\u00d6 zapustiti vladajo\u010do koalicijo z ljudsko stranko (\u00d6VP). Afero naj bi pomagal snovati svetovalec za varnost z Dunaja, ki je bil nazadnje vodilni dru\u017eabnik detektivske agencije v M\u00fcnchnu.","og_url":"https:\/\/hudo.com\/si\/aktualno\/v-javnost-prisle-nove-podrobnosti-avstrijske-afere-ibiza\/","og_site_name":"Hudo Slovenija","article_publisher":"https:\/\/www.facebook.com\/hudo.si","article_published_time":"2019-05-23T05:45:07+00:00","article_modified_time":"2019-05-23T05:45:08+00:00","og_image":[{"width":1250,"height":833,"url":"https:\/\/hudo.com\/si\/wp-content\/uploads\/sites\/2\/2019\/05\/profimedia-0435235812.jpg","type":"image\/jpeg"}],"author":"M. N., STA","twitter_card":"summary_large_image","twitter_creator":"@hudo_si","twitter_site":"@hudo_si","twitter_misc":{"Written by":"M. N., STA","Est. reading time":"2 minuti"},"schema":{"@context":"https:\/\/schema.org","@graph":[{"@type":"Article","@id":"https:\/\/hudo.com\/si\/aktualno\/v-javnost-prisle-nove-podrobnosti-avstrijske-afere-ibiza\/#article","isPartOf":{"@id":"https:\/\/hudo.com\/si\/aktualno\/v-javnost-prisle-nove-podrobnosti-avstrijske-afere-ibiza\/"},"author":{"name":"M. N., STA","@id":"https:\/\/hudo.com\/si\/#\/schema\/person\/c2f10ce65d2e6ede2aeda5be2a0611fa"},"headline":"V javnost pri\u0161le nove podrobnosti avstrijske afere Ibiza","datePublished":"2019-05-23T05:45:07+00:00","dateModified":"2019-05-23T05:45:08+00:00","mainEntityOfPage":{"@id":"https:\/\/hudo.com\/si\/aktualno\/v-javnost-prisle-nove-podrobnosti-avstrijske-afere-ibiza\/"},"wordCount":350,"publisher":{"@id":"https:\/\/hudo.com\/si\/#organization"},"articleSection":["Aktualno"],"inLanguage":"sl-SI"},{"@type":"WebPage","@id":"https:\/\/hudo.com\/si\/aktualno\/v-javnost-prisle-nove-podrobnosti-avstrijske-afere-ibiza\/","url":"https:\/\/hudo.com\/si\/aktualno\/v-javnost-prisle-nove-podrobnosti-avstrijske-afere-ibiza\/","name":"V javnost pri\u0161le nove podrobnosti avstrijske afere Ibiza - Hudo Slovenija","isPartOf":{"@id":"https:\/\/hudo.com\/si\/#website"},"datePublished":"2019-05-23T05:45:07+00:00","dateModified":"2019-05-23T05:45:08+00:00","breadcrumb":{"@id":"https:\/\/hudo.com\/si\/aktualno\/v-javnost-prisle-nove-podrobnosti-avstrijske-afere-ibiza\/#breadcrumb"},"inLanguage":"sl-SI","potentialAction":[{"@type":"ReadAction","target":["https:\/\/hudo.com\/si\/aktualno\/v-javnost-prisle-nove-podrobnosti-avstrijske-afere-ibiza\/"]}]},{"@type":"BreadcrumbList","@id":"https:\/\/hudo.com\/si\/aktualno\/v-javnost-prisle-nove-podrobnosti-avstrijske-afere-ibiza\/#breadcrumb","itemListElement":[{"@type":"ListItem","position":1,"name":"Home","item":"https:\/\/hudo.com\/si\/"},{"@type":"ListItem","position":2,"name":"V javnost pri\u0161le nove podrobnosti avstrijske afere Ibiza"}]},{"@type":"WebSite","@id":"https:\/\/hudo.com\/si\/#website","url":"https:\/\/hudo.com\/si\/","name":"Hudo Slovenija","description":"Vse novice iz Slovenije in sveta","publisher":{"@id":"https:\/\/hudo.com\/si\/#organization"},"potentialAction":[{"@type":"SearchAction","target":{"@type":"EntryPoint","urlTemplate":"https:\/\/hudo.com\/si\/?s={search_term_string}"},"query-input":"required name=search_term_string"}],"inLanguage":"sl-SI"},{"@type":"Organization","@id":"https:\/\/hudo.com\/si\/#organization","name":"VSN Media","url":"https:\/\/hudo.com\/si\/","logo":{"@type":"ImageObject","inLanguage":"sl-SI","@id":"https:\/\/hudo.com\/si\/#\/schema\/logo\/image\/","url":"https:\/\/hudo.com\/si\/wp-content\/uploads\/sites\/2\/2021\/03\/hudo-app-2.png","contentUrl":"https:\/\/hudo.com\/si\/wp-content\/uploads\/sites\/2\/2021\/03\/hudo-app-2.png","width":2185,"height":2167,"caption":"VSN Media"},"image":{"@id":"https:\/\/hudo.com\/si\/#\/schema\/logo\/image\/"},"sameAs":["https:\/\/www.facebook.com\/hudo.si","https:\/\/twitter.com\/hudo_si"]},{"@type":"Person","@id":"https:\/\/hudo.com\/si\/#\/schema\/person\/c2f10ce65d2e6ede2aeda5be2a0611fa","name":"M. N., STA","image":{"@type":"ImageObject","inLanguage":"sl-SI","@id":"https:\/\/hudo.com\/si\/#\/schema\/person\/image\/","url":"https:\/\/secure.gravatar.com\/avatar\/f370d38daa10467f755c5c766a4cac20?s=96&d=mm&r=g","contentUrl":"https:\/\/secure.gravatar.com\/avatar\/f370d38daa10467f755c5c766a4cac20?s=96&d=mm&r=g","caption":"M. N., STA"},"url":"https:\/\/hudo.com\/si\/author\/mana\/"}]}},"amp_enabled":true,"_links":{"self":[{"href":"https:\/\/hudo.com\/si\/wp-json\/wp\/v2\/posts\/399093"}],"collection":[{"href":"https:\/\/hudo.com\/si\/wp-json\/wp\/v2\/posts"}],"about":[{"href":"https:\/\/hudo.com\/si\/wp-json\/wp\/v2\/types\/post"}],"author":[{"embeddable":true,"href":"https:\/\/hudo.com\/si\/wp-json\/wp\/v2\/users\/8"}],"replies":[{"embeddable":true,"href":"https:\/\/hudo.com\/si\/wp-json\/wp\/v2\/comments?post=399093"}],"version-history":[{"count":1,"href":"https:\/\/hudo.com\/si\/wp-json\/wp\/v2\/posts\/399093\/revisions"}],"predecessor-version":[{"id":399094,"href":"https:\/\/hudo.com\/si\/wp-json\/wp\/v2\/posts\/399093\/revisions\/399094"}],"wp:featuredmedia":[{"embeddable":true,"href":"https:\/\/hudo.com\/si\/wp-json\/wp\/v2\/media\/399080"}],"wp:attachment":[{"href":"https:\/\/hudo.com\/si\/wp-json\/wp\/v2\/media?parent=399093"}],"wp:term":[{"taxonomy":"category","embeddable":true,"href":"https:\/\/hudo.com\/si\/wp-json\/wp\/v2\/categories?post=399093"},{"taxonomy":"post_tag","embeddable":true,"href":"https:\/\/hudo.com\/si\/wp-json\/wp\/v2\/tags?post=399093"},{"taxonomy":"source","embeddable":true,"href":"https:\/\/hudo.com\/si\/wp-json\/wp\/v2\/source?post=399093"},{"taxonomy":"supertag","embeddable":true,"href":"https:\/\/hudo.com\/si\/wp-json\/wp\/v2\/supertag?post=399093"}],"curies":[{"name":"wp","href":"https:\/\/api.w.org\/{rel}","templated":true}]}}