{"id":39952,"date":"2016-04-26T10:53:00","date_gmt":"2016-04-26T08:53:00","guid":{"rendered":"http:\/\/hudo.com\/si\/2016\/04\/26\/na-plavalnem-ep-tudi-moska-stafeta\/"},"modified":"2016-04-26T16:07:17","modified_gmt":"2016-04-26T14:07:17","slug":"na-plavalnem-ep-tudi-moska-stafeta","status":"publish","type":"post","link":"https:\/\/hudo.com\/si\/aktualno\/na-plavalnem-ep-tudi-moska-stafeta\/","title":{"rendered":"Na plavalnem EP tudi mo\u0161ka \u0161tafeta"},"content":{"rendered":"<p>Kategorija: Drugi \u0161porti Tue, 26 Apr 2016 12:53:00 +0200  Ljubljana &#8211; Konec minulega tedna se je iztekel rok za dosego norm za nastop na majskem plavalnem evropskem prvenstvu v Londonu. Slovenski selektor Miha Poto\u010dnik je na seznam potnikov uvrstil 15 imen, leto\u0161nja posebnost pa je, da bo ob na\u010drtovani \u017eenski \u0161tafeti na 4 x 200 metrov prosto, ki je Slovenijo zastopala \u017ee na prej\u0161njih olimpijskih igrah v Londonu, nastopila tudi mo\u0161ka \u010detverica. Udarna imena izbrane vrste ostajajo Raven\u010dana Damir Dugonji\u0107 in Tja\u0161a Oder, ki si je konec tedna v Banjaluki priplavala normo A za nastop v Riu, ter Radovlji\u010danka Anja Klinar, ki \u017ee imajo izpolnjene olimpijske norme Mednarodne plavalne zveze. Predvsem Tja\u0161a Vozel iz kranjske Zvezde in Martin Bau iz mariborskega Branika pa sta \u017ee vpisala tak\u0161na dose\u017eka, da jima vozovnice za Brazilijo skorajda ne more prepre\u010diti ni\u010d ve\u010d. Na evropskem\u00a0&#8230;<\/p>\n","protected":false},"excerpt":{"rendered":"<p>Kategorija: Drugi \u0161porti Tue, 26 Apr 2016 12:53:00 +0200  Ljubljana &#8211; Konec minulega tedna se je iztekel rok za dosego norm za nastop na majskem plavalnem evropskem prvenstvu v Londonu. Slovenski selektor Miha Poto\u010dnik je na seznam potnikov uvrstil 15 imen, leto\u0161nja posebnost pa je, da bo ob na\u010drtovani \u017eenski \u0161tafeti na 4 x 200 metrov prosto, ki je Slovenijo zastopala \u017ee na prej\u0161njih olimpijskih igrah v Londonu, nastopila tudi mo\u0161ka \u010detverica. Udarna imena izbrane vrste ostajajo Raven\u010dana Damir Dugonji\u0107 in Tja\u0161a Oder, ki si je konec tedna v Banjaluki priplavala normo A za nastop v Riu, ter Radovlji\u010danka Anja Klinar, ki \u017ee imajo izpolnjene olimpijske norme Mednarodne plavalne zveze. Predvsem Tja\u0161a Vozel iz kranjske Zvezde in Martin Bau iz mariborskega Branika pa sta \u017ee vpisala tak\u0161na dose\u017eka, da jima vozovnice za Brazilijo skorajda ne more prepre\u010diti ni\u010d ve\u010d. Na evropskem\u00a0&#8230;<\/p>\n","protected":false},"author":1,"featured_media":0,"comment_status":"closed","ping_status":"closed","sticky":false,"template":"","format":"standard","meta":{"footnotes":""},"categories":[1179],"tags":[],"source":[4511],"supertag":[],"acf":[],"yoast_head":"<!-- This site is optimized with the Yoast SEO plugin v21.3 - https:\/\/yoast.com\/wordpress\/plugins\/seo\/ -->\n<title>Na plavalnem EP tudi mo\u0161ka \u0161tafeta - Hudo Slovenija<\/title>\n<meta name=\"robots\" content=\"index, follow, max-snippet:-1, max-image-preview:large, max-video-preview:-1\" \/>\n<link rel=\"canonical\" href=\"https:\/\/hudo.com\/si\/aktualno\/na-plavalnem-ep-tudi-moska-stafeta\/\" \/>\n<meta property=\"og:locale\" content=\"sl_SI\" \/>\n<meta property=\"og:type\" content=\"article\" \/>\n<meta property=\"og:title\" content=\"Na plavalnem EP tudi mo\u0161ka \u0161tafeta - Hudo Slovenija\" \/>\n<meta property=\"og:description\" content=\"Kategorija: Drugi \u0161porti Tue, 26 Apr 2016 12:53:00 +0200 Ljubljana - Konec minulega tedna se je iztekel rok za dosego norm za nastop na majskem plavalnem evropskem prvenstvu v Londonu. Slovenski selektor Miha Poto\u010dnik je na seznam potnikov uvrstil 15 imen, leto\u0161nja posebnost pa je, da bo ob na\u010drtovani \u017eenski \u0161tafeti na 4 x 200 metrov prosto, ki je Slovenijo zastopala \u017ee na prej\u0161njih olimpijskih igrah v Londonu, nastopila tudi mo\u0161ka \u010detverica. Udarna imena izbrane vrste ostajajo Raven\u010dana Damir Dugonji\u0107 in Tja\u0161a Oder, ki si je konec tedna v Banjaluki priplavala normo A za nastop v Riu, ter Radovlji\u010danka Anja Klinar, ki \u017ee imajo izpolnjene olimpijske norme Mednarodne plavalne zveze. Predvsem Tja\u0161a Vozel iz kranjske Zvezde in Martin Bau iz mariborskega Branika pa sta \u017ee vpisala tak\u0161na dose\u017eka, da jima vozovnice za Brazilijo skorajda ne more prepre\u010diti ni\u010d ve\u010d. Na evropskem\u00a0...\" \/>\n<meta property=\"og:url\" content=\"https:\/\/hudo.com\/si\/aktualno\/na-plavalnem-ep-tudi-moska-stafeta\/\" \/>\n<meta property=\"og:site_name\" content=\"Hudo Slovenija\" \/>\n<meta property=\"article:publisher\" content=\"https:\/\/www.facebook.com\/hudo.si\" \/>\n<meta property=\"article:published_time\" content=\"2016-04-26T08:53:00+00:00\" \/>\n<meta property=\"article:modified_time\" content=\"2016-04-26T14:07:17+00:00\" \/>\n<meta property=\"og:image\" content=\"https:\/\/hudo.com\/si\/wp-content\/uploads\/sites\/2\/2016\/04\/480x290_djvu_2121074_janezp_mpi-plavanje.jpeg\" \/>\n\t<meta property=\"og:image:width\" content=\"480\" \/>\n\t<meta property=\"og:image:height\" content=\"290\" \/>\n\t<meta property=\"og:image:type\" content=\"image\/jpeg\" \/>\n<meta name=\"author\" content=\"hudo\" \/>\n<meta name=\"twitter:card\" content=\"summary_large_image\" \/>\n<meta name=\"twitter:creator\" content=\"@hudo_si\" \/>\n<meta name=\"twitter:site\" content=\"@hudo_si\" \/>\n<meta name=\"twitter:label1\" content=\"Written by\" \/>\n\t<meta name=\"twitter:data1\" content=\"hudo\" \/>\n\t<meta name=\"twitter:label2\" content=\"Est. reading time\" \/>\n\t<meta name=\"twitter:data2\" content=\"1 minuta\" \/>\n<script type=\"application\/ld+json\" class=\"yoast-schema-graph\">{\"@context\":\"https:\/\/schema.org\",\"@graph\":[{\"@type\":\"Article\",\"@id\":\"https:\/\/hudo.com\/si\/aktualno\/na-plavalnem-ep-tudi-moska-stafeta\/#article\",\"isPartOf\":{\"@id\":\"https:\/\/hudo.com\/si\/aktualno\/na-plavalnem-ep-tudi-moska-stafeta\/\"},\"author\":{\"name\":\"hudo\",\"@id\":\"https:\/\/hudo.com\/si\/#\/schema\/person\/601cf3379633985b20f7e50f2bb47707\"},\"headline\":\"Na plavalnem EP tudi mo\u0161ka \u0161tafeta\",\"datePublished\":\"2016-04-26T08:53:00+00:00\",\"dateModified\":\"2016-04-26T14:07:17+00:00\",\"mainEntityOfPage\":{\"@id\":\"https:\/\/hudo.com\/si\/aktualno\/na-plavalnem-ep-tudi-moska-stafeta\/\"},\"wordCount\":153,\"publisher\":{\"@id\":\"https:\/\/hudo.com\/si\/#organization\"},\"articleSection\":[\"Aktualno\"],\"inLanguage\":\"sl-SI\"},{\"@type\":\"WebPage\",\"@id\":\"https:\/\/hudo.com\/si\/aktualno\/na-plavalnem-ep-tudi-moska-stafeta\/\",\"url\":\"https:\/\/hudo.com\/si\/aktualno\/na-plavalnem-ep-tudi-moska-stafeta\/\",\"name\":\"Na plavalnem EP tudi mo\u0161ka \u0161tafeta - Hudo Slovenija\",\"isPartOf\":{\"@id\":\"https:\/\/hudo.com\/si\/#website\"},\"datePublished\":\"2016-04-26T08:53:00+00:00\",\"dateModified\":\"2016-04-26T14:07:17+00:00\",\"breadcrumb\":{\"@id\":\"https:\/\/hudo.com\/si\/aktualno\/na-plavalnem-ep-tudi-moska-stafeta\/#breadcrumb\"},\"inLanguage\":\"sl-SI\",\"potentialAction\":[{\"@type\":\"ReadAction\",\"target\":[\"https:\/\/hudo.com\/si\/aktualno\/na-plavalnem-ep-tudi-moska-stafeta\/\"]}]},{\"@type\":\"BreadcrumbList\",\"@id\":\"https:\/\/hudo.com\/si\/aktualno\/na-plavalnem-ep-tudi-moska-stafeta\/#breadcrumb\",\"itemListElement\":[{\"@type\":\"ListItem\",\"position\":1,\"name\":\"Home\",\"item\":\"https:\/\/hudo.com\/si\/\"},{\"@type\":\"ListItem\",\"position\":2,\"name\":\"Na plavalnem EP tudi mo\u0161ka \u0161tafeta\"}]},{\"@type\":\"WebSite\",\"@id\":\"https:\/\/hudo.com\/si\/#website\",\"url\":\"https:\/\/hudo.com\/si\/\",\"name\":\"Hudo Slovenija\",\"description\":\"Vse novice iz Slovenije in sveta\",\"publisher\":{\"@id\":\"https:\/\/hudo.com\/si\/#organization\"},\"potentialAction\":[{\"@type\":\"SearchAction\",\"target\":{\"@type\":\"EntryPoint\",\"urlTemplate\":\"https:\/\/hudo.com\/si\/?s={search_term_string}\"},\"query-input\":\"required name=search_term_string\"}],\"inLanguage\":\"sl-SI\"},{\"@type\":\"Organization\",\"@id\":\"https:\/\/hudo.com\/si\/#organization\",\"name\":\"VSN Media\",\"url\":\"https:\/\/hudo.com\/si\/\",\"logo\":{\"@type\":\"ImageObject\",\"inLanguage\":\"sl-SI\",\"@id\":\"https:\/\/hudo.com\/si\/#\/schema\/logo\/image\/\",\"url\":\"https:\/\/hudo.com\/si\/wp-content\/uploads\/sites\/2\/2021\/03\/hudo-app-2.png\",\"contentUrl\":\"https:\/\/hudo.com\/si\/wp-content\/uploads\/sites\/2\/2021\/03\/hudo-app-2.png\",\"width\":2185,\"height\":2167,\"caption\":\"VSN Media\"},\"image\":{\"@id\":\"https:\/\/hudo.com\/si\/#\/schema\/logo\/image\/\"},\"sameAs\":[\"https:\/\/www.facebook.com\/hudo.si\",\"https:\/\/twitter.com\/hudo_si\"]},{\"@type\":\"Person\",\"@id\":\"https:\/\/hudo.com\/si\/#\/schema\/person\/601cf3379633985b20f7e50f2bb47707\",\"name\":\"hudo\",\"image\":{\"@type\":\"ImageObject\",\"inLanguage\":\"sl-SI\",\"@id\":\"https:\/\/hudo.com\/si\/#\/schema\/person\/image\/\",\"url\":\"https:\/\/secure.gravatar.com\/avatar\/c4ca25fa72cace7a696b52ff5db9e095?s=96&d=mm&r=g\",\"contentUrl\":\"https:\/\/secure.gravatar.com\/avatar\/c4ca25fa72cace7a696b52ff5db9e095?s=96&d=mm&r=g\",\"caption\":\"hudo\"},\"url\":\"https:\/\/hudo.com\/si\/author\/hudo\/\"}]}<\/script>\n<!-- \/ Yoast SEO plugin. -->","yoast_head_json":{"title":"Na plavalnem EP tudi mo\u0161ka \u0161tafeta - Hudo Slovenija","robots":{"index":"index","follow":"follow","max-snippet":"max-snippet:-1","max-image-preview":"max-image-preview:large","max-video-preview":"max-video-preview:-1"},"canonical":"https:\/\/hudo.com\/si\/aktualno\/na-plavalnem-ep-tudi-moska-stafeta\/","og_locale":"sl_SI","og_type":"article","og_title":"Na plavalnem EP tudi mo\u0161ka \u0161tafeta - Hudo Slovenija","og_description":"Kategorija: Drugi \u0161porti Tue, 26 Apr 2016 12:53:00 +0200 Ljubljana - Konec minulega tedna se je iztekel rok za dosego norm za nastop na majskem plavalnem evropskem prvenstvu v Londonu. Slovenski selektor Miha Poto\u010dnik je na seznam potnikov uvrstil 15 imen, leto\u0161nja posebnost pa je, da bo ob na\u010drtovani \u017eenski \u0161tafeti na 4 x 200 metrov prosto, ki je Slovenijo zastopala \u017ee na prej\u0161njih olimpijskih igrah v Londonu, nastopila tudi mo\u0161ka \u010detverica. Udarna imena izbrane vrste ostajajo Raven\u010dana Damir Dugonji\u0107 in Tja\u0161a Oder, ki si je konec tedna v Banjaluki priplavala normo A za nastop v Riu, ter Radovlji\u010danka Anja Klinar, ki \u017ee imajo izpolnjene olimpijske norme Mednarodne plavalne zveze. Predvsem Tja\u0161a Vozel iz kranjske Zvezde in Martin Bau iz mariborskega Branika pa sta \u017ee vpisala tak\u0161na dose\u017eka, da jima vozovnice za Brazilijo skorajda ne more prepre\u010diti ni\u010d ve\u010d. Na evropskem\u00a0...","og_url":"https:\/\/hudo.com\/si\/aktualno\/na-plavalnem-ep-tudi-moska-stafeta\/","og_site_name":"Hudo Slovenija","article_publisher":"https:\/\/www.facebook.com\/hudo.si","article_published_time":"2016-04-26T08:53:00+00:00","article_modified_time":"2016-04-26T14:07:17+00:00","og_image":[{"width":480,"height":290,"url":"https:\/\/hudo.com\/si\/wp-content\/uploads\/sites\/2\/2016\/04\/480x290_djvu_2121074_janezp_mpi-plavanje.jpeg","type":"image\/jpeg"}],"author":"hudo","twitter_card":"summary_large_image","twitter_creator":"@hudo_si","twitter_site":"@hudo_si","twitter_misc":{"Written by":"hudo","Est. reading time":"1 minuta"},"schema":{"@context":"https:\/\/schema.org","@graph":[{"@type":"Article","@id":"https:\/\/hudo.com\/si\/aktualno\/na-plavalnem-ep-tudi-moska-stafeta\/#article","isPartOf":{"@id":"https:\/\/hudo.com\/si\/aktualno\/na-plavalnem-ep-tudi-moska-stafeta\/"},"author":{"name":"hudo","@id":"https:\/\/hudo.com\/si\/#\/schema\/person\/601cf3379633985b20f7e50f2bb47707"},"headline":"Na plavalnem EP tudi mo\u0161ka \u0161tafeta","datePublished":"2016-04-26T08:53:00+00:00","dateModified":"2016-04-26T14:07:17+00:00","mainEntityOfPage":{"@id":"https:\/\/hudo.com\/si\/aktualno\/na-plavalnem-ep-tudi-moska-stafeta\/"},"wordCount":153,"publisher":{"@id":"https:\/\/hudo.com\/si\/#organization"},"articleSection":["Aktualno"],"inLanguage":"sl-SI"},{"@type":"WebPage","@id":"https:\/\/hudo.com\/si\/aktualno\/na-plavalnem-ep-tudi-moska-stafeta\/","url":"https:\/\/hudo.com\/si\/aktualno\/na-plavalnem-ep-tudi-moska-stafeta\/","name":"Na plavalnem EP tudi mo\u0161ka \u0161tafeta - Hudo Slovenija","isPartOf":{"@id":"https:\/\/hudo.com\/si\/#website"},"datePublished":"2016-04-26T08:53:00+00:00","dateModified":"2016-04-26T14:07:17+00:00","breadcrumb":{"@id":"https:\/\/hudo.com\/si\/aktualno\/na-plavalnem-ep-tudi-moska-stafeta\/#breadcrumb"},"inLanguage":"sl-SI","potentialAction":[{"@type":"ReadAction","target":["https:\/\/hudo.com\/si\/aktualno\/na-plavalnem-ep-tudi-moska-stafeta\/"]}]},{"@type":"BreadcrumbList","@id":"https:\/\/hudo.com\/si\/aktualno\/na-plavalnem-ep-tudi-moska-stafeta\/#breadcrumb","itemListElement":[{"@type":"ListItem","position":1,"name":"Home","item":"https:\/\/hudo.com\/si\/"},{"@type":"ListItem","position":2,"name":"Na plavalnem EP tudi mo\u0161ka \u0161tafeta"}]},{"@type":"WebSite","@id":"https:\/\/hudo.com\/si\/#website","url":"https:\/\/hudo.com\/si\/","name":"Hudo Slovenija","description":"Vse novice iz Slovenije in sveta","publisher":{"@id":"https:\/\/hudo.com\/si\/#organization"},"potentialAction":[{"@type":"SearchAction","target":{"@type":"EntryPoint","urlTemplate":"https:\/\/hudo.com\/si\/?s={search_term_string}"},"query-input":"required name=search_term_string"}],"inLanguage":"sl-SI"},{"@type":"Organization","@id":"https:\/\/hudo.com\/si\/#organization","name":"VSN Media","url":"https:\/\/hudo.com\/si\/","logo":{"@type":"ImageObject","inLanguage":"sl-SI","@id":"https:\/\/hudo.com\/si\/#\/schema\/logo\/image\/","url":"https:\/\/hudo.com\/si\/wp-content\/uploads\/sites\/2\/2021\/03\/hudo-app-2.png","contentUrl":"https:\/\/hudo.com\/si\/wp-content\/uploads\/sites\/2\/2021\/03\/hudo-app-2.png","width":2185,"height":2167,"caption":"VSN Media"},"image":{"@id":"https:\/\/hudo.com\/si\/#\/schema\/logo\/image\/"},"sameAs":["https:\/\/www.facebook.com\/hudo.si","https:\/\/twitter.com\/hudo_si"]},{"@type":"Person","@id":"https:\/\/hudo.com\/si\/#\/schema\/person\/601cf3379633985b20f7e50f2bb47707","name":"hudo","image":{"@type":"ImageObject","inLanguage":"sl-SI","@id":"https:\/\/hudo.com\/si\/#\/schema\/person\/image\/","url":"https:\/\/secure.gravatar.com\/avatar\/c4ca25fa72cace7a696b52ff5db9e095?s=96&d=mm&r=g","contentUrl":"https:\/\/secure.gravatar.com\/avatar\/c4ca25fa72cace7a696b52ff5db9e095?s=96&d=mm&r=g","caption":"hudo"},"url":"https:\/\/hudo.com\/si\/author\/hudo\/"}]}},"amp_enabled":true,"_links":{"self":[{"href":"https:\/\/hudo.com\/si\/wp-json\/wp\/v2\/posts\/39952"}],"collection":[{"href":"https:\/\/hudo.com\/si\/wp-json\/wp\/v2\/posts"}],"about":[{"href":"https:\/\/hudo.com\/si\/wp-json\/wp\/v2\/types\/post"}],"author":[{"embeddable":true,"href":"https:\/\/hudo.com\/si\/wp-json\/wp\/v2\/users\/1"}],"replies":[{"embeddable":true,"href":"https:\/\/hudo.com\/si\/wp-json\/wp\/v2\/comments?post=39952"}],"version-history":[{"count":1,"href":"https:\/\/hudo.com\/si\/wp-json\/wp\/v2\/posts\/39952\/revisions"}],"predecessor-version":[{"id":40047,"href":"https:\/\/hudo.com\/si\/wp-json\/wp\/v2\/posts\/39952\/revisions\/40047"}],"wp:attachment":[{"href":"https:\/\/hudo.com\/si\/wp-json\/wp\/v2\/media?parent=39952"}],"wp:term":[{"taxonomy":"category","embeddable":true,"href":"https:\/\/hudo.com\/si\/wp-json\/wp\/v2\/categories?post=39952"},{"taxonomy":"post_tag","embeddable":true,"href":"https:\/\/hudo.com\/si\/wp-json\/wp\/v2\/tags?post=39952"},{"taxonomy":"source","embeddable":true,"href":"https:\/\/hudo.com\/si\/wp-json\/wp\/v2\/source?post=39952"},{"taxonomy":"supertag","embeddable":true,"href":"https:\/\/hudo.com\/si\/wp-json\/wp\/v2\/supertag?post=39952"}],"curies":[{"name":"wp","href":"https:\/\/api.w.org\/{rel}","templated":true}]}}