{"id":399698,"date":"2019-05-31T11:51:10","date_gmt":"2019-05-31T09:51:10","guid":{"rendered":"http:\/\/hudo.com\/si\/?p=399698"},"modified":"2019-05-31T11:52:19","modified_gmt":"2019-05-31T09:52:19","slug":"nemski-selekto-low-sprejet-na-kliniko-zaradi-sportne-nesrece","status":"publish","type":"post","link":"https:\/\/hudo.com\/si\/aktualno\/nemski-selekto-low-sprejet-na-kliniko-zaradi-sportne-nesrece\/","title":{"rendered":"Nem\u0161ki selektor L\u00f6w sprejet na kliniko zaradi &#8220;\u0161portne nesre\u010de&#8221;"},"content":{"rendered":"<p>Kot so sporo\u010dili iz nem\u0161ke nogometne zveze, bo L\u00f6wa na tekmah kvalifikacij za evropsko prvenstvo leta 2020 proti Belorusiji in Estoniji, 8. in 11. junija, zamenjal njegov pomo\u010dnik Marcus Sorg.<\/p>\n<p>Jogi se zdravi na kliniki v Freiburgu, kjer so ga sprejeli zaradi te\u017eav z o\u017eiljem. Pred tedni naj bi se Jogi po\u0161kodoval med vadbo, ko je izpustil ute\u017e ter naj bi si po\u0161kodoval arterijo.<\/p>\n<p>Nem\u0161ki selektor je bil sicer v zadnjem \u010dasu tar\u010da kritik, ker je v sklopu prenove reprezentance izpustil tri zvene\u010da imena bavarskega nogometnega kluba oziroma o na\u010dinu, kako je to sporo\u010dil javnosti. Gre za Jeroma Boatenga, Matsa Hummelsa in Thomas M\u00fcllerja. Trojica igralcev je skupaj za elf zbrala 246 nastopov, predstavljali so tudi jedro mo\u0161tva, ki je leta 2014 v Braziliji osvojila SP. Lanski polom Nemcev na SP v Rusiji pa je L\u00f6wa prisilil, da za\u010dne graditi novo reprezentan\u010dno zgodbo.<\/p>\n","protected":false},"excerpt":{"rendered":"<p> Selektor nem\u0161ke nogometne reprezentance Joachim L\u00f6w je trenutno v bolni\u0161nici na zdravljenju. Kot so poro\u010dali nem\u0161ki mediji, je bil Jogi udele\u017een v &#8220;\u0161portno nesre\u010do&#8221; in je bil sprejet na kliniko ter se znova po\u010duti &#8220;zelo dobro&#8221;.<\/p>\n","protected":false},"author":8,"featured_media":399700,"comment_status":"closed","ping_status":"closed","sticky":false,"template":"","format":"standard","meta":{"footnotes":""},"categories":[1179],"tags":[5666,3628,13835,3600],"source":[4511],"supertag":[6103],"acf":[],"yoast_head":"<!-- This site is optimized with the Yoast SEO plugin v21.3 - https:\/\/yoast.com\/wordpress\/plugins\/seo\/ -->\n<title>Nem\u0161ki selektor L\u00f6w sprejet na kliniko zaradi &quot;\u0161portne nesre\u010de&quot; - Hudo Slovenija<\/title>\n<meta name=\"robots\" content=\"index, follow, max-snippet:-1, max-image-preview:large, max-video-preview:-1\" \/>\n<link rel=\"canonical\" href=\"https:\/\/hudo.com\/si\/aktualno\/nemski-selekto-low-sprejet-na-kliniko-zaradi-sportne-nesrece\/\" \/>\n<meta property=\"og:locale\" content=\"sl_SI\" \/>\n<meta property=\"og:type\" content=\"article\" \/>\n<meta property=\"og:title\" content=\"Nem\u0161ki selektor L\u00f6w sprejet na kliniko zaradi &quot;\u0161portne nesre\u010de&quot; - Hudo Slovenija\" \/>\n<meta property=\"og:description\" content=\"Selektor nem\u0161ke nogometne reprezentance Joachim L\u00f6w je trenutno v bolni\u0161nici na zdravljenju. Kot so poro\u010dali nem\u0161ki mediji, je bil Jogi udele\u017een v &quot;\u0161portno nesre\u010do&quot; in je bil sprejet na kliniko ter se znova po\u010duti &quot;zelo dobro&quot;.\" \/>\n<meta property=\"og:url\" content=\"https:\/\/hudo.com\/si\/aktualno\/nemski-selekto-low-sprejet-na-kliniko-zaradi-sportne-nesrece\/\" \/>\n<meta property=\"og:site_name\" content=\"Hudo Slovenija\" \/>\n<meta property=\"article:publisher\" content=\"https:\/\/www.facebook.com\/hudo.si\" \/>\n<meta property=\"article:published_time\" content=\"2019-05-31T09:51:10+00:00\" \/>\n<meta property=\"article:modified_time\" content=\"2019-05-31T09:52:19+00:00\" \/>\n<meta property=\"og:image\" content=\"https:\/\/hudo.com\/si\/wp-content\/uploads\/sites\/2\/2019\/05\/profimedia-0396863741-1.jpg\" \/>\n\t<meta property=\"og:image:width\" content=\"1250\" \/>\n\t<meta property=\"og:image:height\" content=\"842\" \/>\n\t<meta property=\"og:image:type\" content=\"image\/jpeg\" \/>\n<meta name=\"author\" content=\"M. N., STA\" \/>\n<meta name=\"twitter:card\" content=\"summary_large_image\" \/>\n<meta name=\"twitter:creator\" content=\"@hudo_si\" \/>\n<meta name=\"twitter:site\" content=\"@hudo_si\" \/>\n<meta name=\"twitter:label1\" content=\"Written by\" \/>\n\t<meta name=\"twitter:data1\" content=\"M. N., STA\" \/>\n\t<meta name=\"twitter:label2\" content=\"Est. reading time\" \/>\n\t<meta name=\"twitter:data2\" content=\"1 minuta\" \/>\n<script type=\"application\/ld+json\" class=\"yoast-schema-graph\">{\"@context\":\"https:\/\/schema.org\",\"@graph\":[{\"@type\":\"Article\",\"@id\":\"https:\/\/hudo.com\/si\/aktualno\/nemski-selekto-low-sprejet-na-kliniko-zaradi-sportne-nesrece\/#article\",\"isPartOf\":{\"@id\":\"https:\/\/hudo.com\/si\/aktualno\/nemski-selekto-low-sprejet-na-kliniko-zaradi-sportne-nesrece\/\"},\"author\":{\"name\":\"M. N., STA\",\"@id\":\"https:\/\/hudo.com\/si\/#\/schema\/person\/c2f10ce65d2e6ede2aeda5be2a0611fa\"},\"headline\":\"Nem\u0161ki selektor L\u00f6w sprejet na kliniko zaradi &#8220;\u0161portne nesre\u010de&#8221;\",\"datePublished\":\"2019-05-31T09:51:10+00:00\",\"dateModified\":\"2019-05-31T09:52:19+00:00\",\"mainEntityOfPage\":{\"@id\":\"https:\/\/hudo.com\/si\/aktualno\/nemski-selekto-low-sprejet-na-kliniko-zaradi-sportne-nesrece\/\"},\"wordCount\":168,\"publisher\":{\"@id\":\"https:\/\/hudo.com\/si\/#organization\"},\"keywords\":[\"joachim l\u00f6w\",\"nem\u010dija\",\"nem\u0161ka nogometna reprezentanca\",\"nogomet\"],\"articleSection\":[\"Aktualno\"],\"inLanguage\":\"sl-SI\"},{\"@type\":\"WebPage\",\"@id\":\"https:\/\/hudo.com\/si\/aktualno\/nemski-selekto-low-sprejet-na-kliniko-zaradi-sportne-nesrece\/\",\"url\":\"https:\/\/hudo.com\/si\/aktualno\/nemski-selekto-low-sprejet-na-kliniko-zaradi-sportne-nesrece\/\",\"name\":\"Nem\u0161ki selektor L\u00f6w sprejet na kliniko zaradi \\\"\u0161portne nesre\u010de\\\" - Hudo Slovenija\",\"isPartOf\":{\"@id\":\"https:\/\/hudo.com\/si\/#website\"},\"datePublished\":\"2019-05-31T09:51:10+00:00\",\"dateModified\":\"2019-05-31T09:52:19+00:00\",\"breadcrumb\":{\"@id\":\"https:\/\/hudo.com\/si\/aktualno\/nemski-selekto-low-sprejet-na-kliniko-zaradi-sportne-nesrece\/#breadcrumb\"},\"inLanguage\":\"sl-SI\",\"potentialAction\":[{\"@type\":\"ReadAction\",\"target\":[\"https:\/\/hudo.com\/si\/aktualno\/nemski-selekto-low-sprejet-na-kliniko-zaradi-sportne-nesrece\/\"]}]},{\"@type\":\"BreadcrumbList\",\"@id\":\"https:\/\/hudo.com\/si\/aktualno\/nemski-selekto-low-sprejet-na-kliniko-zaradi-sportne-nesrece\/#breadcrumb\",\"itemListElement\":[{\"@type\":\"ListItem\",\"position\":1,\"name\":\"Home\",\"item\":\"https:\/\/hudo.com\/si\/\"},{\"@type\":\"ListItem\",\"position\":2,\"name\":\"Nem\u0161ki selektor L\u00f6w sprejet na kliniko zaradi &#8220;\u0161portne nesre\u010de&#8221;\"}]},{\"@type\":\"WebSite\",\"@id\":\"https:\/\/hudo.com\/si\/#website\",\"url\":\"https:\/\/hudo.com\/si\/\",\"name\":\"Hudo Slovenija\",\"description\":\"Vse novice iz Slovenije in sveta\",\"publisher\":{\"@id\":\"https:\/\/hudo.com\/si\/#organization\"},\"potentialAction\":[{\"@type\":\"SearchAction\",\"target\":{\"@type\":\"EntryPoint\",\"urlTemplate\":\"https:\/\/hudo.com\/si\/?s={search_term_string}\"},\"query-input\":\"required name=search_term_string\"}],\"inLanguage\":\"sl-SI\"},{\"@type\":\"Organization\",\"@id\":\"https:\/\/hudo.com\/si\/#organization\",\"name\":\"VSN Media\",\"url\":\"https:\/\/hudo.com\/si\/\",\"logo\":{\"@type\":\"ImageObject\",\"inLanguage\":\"sl-SI\",\"@id\":\"https:\/\/hudo.com\/si\/#\/schema\/logo\/image\/\",\"url\":\"https:\/\/hudo.com\/si\/wp-content\/uploads\/sites\/2\/2021\/03\/hudo-app-2.png\",\"contentUrl\":\"https:\/\/hudo.com\/si\/wp-content\/uploads\/sites\/2\/2021\/03\/hudo-app-2.png\",\"width\":2185,\"height\":2167,\"caption\":\"VSN Media\"},\"image\":{\"@id\":\"https:\/\/hudo.com\/si\/#\/schema\/logo\/image\/\"},\"sameAs\":[\"https:\/\/www.facebook.com\/hudo.si\",\"https:\/\/twitter.com\/hudo_si\"]},{\"@type\":\"Person\",\"@id\":\"https:\/\/hudo.com\/si\/#\/schema\/person\/c2f10ce65d2e6ede2aeda5be2a0611fa\",\"name\":\"M. N., STA\",\"image\":{\"@type\":\"ImageObject\",\"inLanguage\":\"sl-SI\",\"@id\":\"https:\/\/hudo.com\/si\/#\/schema\/person\/image\/\",\"url\":\"https:\/\/secure.gravatar.com\/avatar\/f370d38daa10467f755c5c766a4cac20?s=96&d=mm&r=g\",\"contentUrl\":\"https:\/\/secure.gravatar.com\/avatar\/f370d38daa10467f755c5c766a4cac20?s=96&d=mm&r=g\",\"caption\":\"M. N., STA\"},\"url\":\"https:\/\/hudo.com\/si\/author\/mana\/\"}]}<\/script>\n<!-- \/ Yoast SEO plugin. -->","yoast_head_json":{"title":"Nem\u0161ki selektor L\u00f6w sprejet na kliniko zaradi \"\u0161portne nesre\u010de\" - Hudo Slovenija","robots":{"index":"index","follow":"follow","max-snippet":"max-snippet:-1","max-image-preview":"max-image-preview:large","max-video-preview":"max-video-preview:-1"},"canonical":"https:\/\/hudo.com\/si\/aktualno\/nemski-selekto-low-sprejet-na-kliniko-zaradi-sportne-nesrece\/","og_locale":"sl_SI","og_type":"article","og_title":"Nem\u0161ki selektor L\u00f6w sprejet na kliniko zaradi \"\u0161portne nesre\u010de\" - Hudo Slovenija","og_description":"Selektor nem\u0161ke nogometne reprezentance Joachim L\u00f6w je trenutno v bolni\u0161nici na zdravljenju. Kot so poro\u010dali nem\u0161ki mediji, je bil Jogi udele\u017een v \"\u0161portno nesre\u010do\" in je bil sprejet na kliniko ter se znova po\u010duti \"zelo dobro\".","og_url":"https:\/\/hudo.com\/si\/aktualno\/nemski-selekto-low-sprejet-na-kliniko-zaradi-sportne-nesrece\/","og_site_name":"Hudo Slovenija","article_publisher":"https:\/\/www.facebook.com\/hudo.si","article_published_time":"2019-05-31T09:51:10+00:00","article_modified_time":"2019-05-31T09:52:19+00:00","og_image":[{"width":1250,"height":842,"url":"https:\/\/hudo.com\/si\/wp-content\/uploads\/sites\/2\/2019\/05\/profimedia-0396863741-1.jpg","type":"image\/jpeg"}],"author":"M. N., STA","twitter_card":"summary_large_image","twitter_creator":"@hudo_si","twitter_site":"@hudo_si","twitter_misc":{"Written by":"M. N., STA","Est. reading time":"1 minuta"},"schema":{"@context":"https:\/\/schema.org","@graph":[{"@type":"Article","@id":"https:\/\/hudo.com\/si\/aktualno\/nemski-selekto-low-sprejet-na-kliniko-zaradi-sportne-nesrece\/#article","isPartOf":{"@id":"https:\/\/hudo.com\/si\/aktualno\/nemski-selekto-low-sprejet-na-kliniko-zaradi-sportne-nesrece\/"},"author":{"name":"M. N., STA","@id":"https:\/\/hudo.com\/si\/#\/schema\/person\/c2f10ce65d2e6ede2aeda5be2a0611fa"},"headline":"Nem\u0161ki selektor L\u00f6w sprejet na kliniko zaradi &#8220;\u0161portne nesre\u010de&#8221;","datePublished":"2019-05-31T09:51:10+00:00","dateModified":"2019-05-31T09:52:19+00:00","mainEntityOfPage":{"@id":"https:\/\/hudo.com\/si\/aktualno\/nemski-selekto-low-sprejet-na-kliniko-zaradi-sportne-nesrece\/"},"wordCount":168,"publisher":{"@id":"https:\/\/hudo.com\/si\/#organization"},"keywords":["joachim l\u00f6w","nem\u010dija","nem\u0161ka nogometna reprezentanca","nogomet"],"articleSection":["Aktualno"],"inLanguage":"sl-SI"},{"@type":"WebPage","@id":"https:\/\/hudo.com\/si\/aktualno\/nemski-selekto-low-sprejet-na-kliniko-zaradi-sportne-nesrece\/","url":"https:\/\/hudo.com\/si\/aktualno\/nemski-selekto-low-sprejet-na-kliniko-zaradi-sportne-nesrece\/","name":"Nem\u0161ki selektor L\u00f6w sprejet na kliniko zaradi \"\u0161portne nesre\u010de\" - Hudo Slovenija","isPartOf":{"@id":"https:\/\/hudo.com\/si\/#website"},"datePublished":"2019-05-31T09:51:10+00:00","dateModified":"2019-05-31T09:52:19+00:00","breadcrumb":{"@id":"https:\/\/hudo.com\/si\/aktualno\/nemski-selekto-low-sprejet-na-kliniko-zaradi-sportne-nesrece\/#breadcrumb"},"inLanguage":"sl-SI","potentialAction":[{"@type":"ReadAction","target":["https:\/\/hudo.com\/si\/aktualno\/nemski-selekto-low-sprejet-na-kliniko-zaradi-sportne-nesrece\/"]}]},{"@type":"BreadcrumbList","@id":"https:\/\/hudo.com\/si\/aktualno\/nemski-selekto-low-sprejet-na-kliniko-zaradi-sportne-nesrece\/#breadcrumb","itemListElement":[{"@type":"ListItem","position":1,"name":"Home","item":"https:\/\/hudo.com\/si\/"},{"@type":"ListItem","position":2,"name":"Nem\u0161ki selektor L\u00f6w sprejet na kliniko zaradi &#8220;\u0161portne nesre\u010de&#8221;"}]},{"@type":"WebSite","@id":"https:\/\/hudo.com\/si\/#website","url":"https:\/\/hudo.com\/si\/","name":"Hudo Slovenija","description":"Vse novice iz Slovenije in sveta","publisher":{"@id":"https:\/\/hudo.com\/si\/#organization"},"potentialAction":[{"@type":"SearchAction","target":{"@type":"EntryPoint","urlTemplate":"https:\/\/hudo.com\/si\/?s={search_term_string}"},"query-input":"required name=search_term_string"}],"inLanguage":"sl-SI"},{"@type":"Organization","@id":"https:\/\/hudo.com\/si\/#organization","name":"VSN Media","url":"https:\/\/hudo.com\/si\/","logo":{"@type":"ImageObject","inLanguage":"sl-SI","@id":"https:\/\/hudo.com\/si\/#\/schema\/logo\/image\/","url":"https:\/\/hudo.com\/si\/wp-content\/uploads\/sites\/2\/2021\/03\/hudo-app-2.png","contentUrl":"https:\/\/hudo.com\/si\/wp-content\/uploads\/sites\/2\/2021\/03\/hudo-app-2.png","width":2185,"height":2167,"caption":"VSN Media"},"image":{"@id":"https:\/\/hudo.com\/si\/#\/schema\/logo\/image\/"},"sameAs":["https:\/\/www.facebook.com\/hudo.si","https:\/\/twitter.com\/hudo_si"]},{"@type":"Person","@id":"https:\/\/hudo.com\/si\/#\/schema\/person\/c2f10ce65d2e6ede2aeda5be2a0611fa","name":"M. N., STA","image":{"@type":"ImageObject","inLanguage":"sl-SI","@id":"https:\/\/hudo.com\/si\/#\/schema\/person\/image\/","url":"https:\/\/secure.gravatar.com\/avatar\/f370d38daa10467f755c5c766a4cac20?s=96&d=mm&r=g","contentUrl":"https:\/\/secure.gravatar.com\/avatar\/f370d38daa10467f755c5c766a4cac20?s=96&d=mm&r=g","caption":"M. N., STA"},"url":"https:\/\/hudo.com\/si\/author\/mana\/"}]}},"amp_enabled":true,"_links":{"self":[{"href":"https:\/\/hudo.com\/si\/wp-json\/wp\/v2\/posts\/399698"}],"collection":[{"href":"https:\/\/hudo.com\/si\/wp-json\/wp\/v2\/posts"}],"about":[{"href":"https:\/\/hudo.com\/si\/wp-json\/wp\/v2\/types\/post"}],"author":[{"embeddable":true,"href":"https:\/\/hudo.com\/si\/wp-json\/wp\/v2\/users\/8"}],"replies":[{"embeddable":true,"href":"https:\/\/hudo.com\/si\/wp-json\/wp\/v2\/comments?post=399698"}],"version-history":[{"count":2,"href":"https:\/\/hudo.com\/si\/wp-json\/wp\/v2\/posts\/399698\/revisions"}],"predecessor-version":[{"id":399702,"href":"https:\/\/hudo.com\/si\/wp-json\/wp\/v2\/posts\/399698\/revisions\/399702"}],"wp:featuredmedia":[{"embeddable":true,"href":"https:\/\/hudo.com\/si\/wp-json\/wp\/v2\/media\/399700"}],"wp:attachment":[{"href":"https:\/\/hudo.com\/si\/wp-json\/wp\/v2\/media?parent=399698"}],"wp:term":[{"taxonomy":"category","embeddable":true,"href":"https:\/\/hudo.com\/si\/wp-json\/wp\/v2\/categories?post=399698"},{"taxonomy":"post_tag","embeddable":true,"href":"https:\/\/hudo.com\/si\/wp-json\/wp\/v2\/tags?post=399698"},{"taxonomy":"source","embeddable":true,"href":"https:\/\/hudo.com\/si\/wp-json\/wp\/v2\/source?post=399698"},{"taxonomy":"supertag","embeddable":true,"href":"https:\/\/hudo.com\/si\/wp-json\/wp\/v2\/supertag?post=399698"}],"curies":[{"name":"wp","href":"https:\/\/api.w.org\/{rel}","templated":true}]}}