{"id":399801,"date":"2019-06-03T09:36:11","date_gmt":"2019-06-03T07:36:11","guid":{"rendered":"http:\/\/hudo.com\/si\/?p=399801"},"modified":"2019-06-03T09:43:17","modified_gmt":"2019-06-03T07:43:17","slug":"sarec-ob-obletnici-volitev-zacelo-se-z-zelo-nizko-podporo-v-merjenjih-javnega-mnenja-nato-pa-se-je-podpora-zvisala-o-cemer-je-bilo-prelitega-ogromno-crnila","status":"publish","type":"post","link":"https:\/\/hudo.com\/si\/zdrav-duh-telo\/sarec-ob-obletnici-volitev-zacelo-se-z-zelo-nizko-podporo-v-merjenjih-javnega-mnenja-nato-pa-se-je-podpora-zvisala-o-cemer-je-bilo-prelitega-ogromno-crnila\/","title":{"rendered":"\u0160arec ob obletnici volitev: Za\u010delo se z zelo nizko podporo v merjenjih javnega mnenja, nato pa se je podpora zvi\u0161ala, o \u010demer je bilo prelitega &#8220;ogromno \u010drnila&#8221;"},"content":{"rendered":"<p>Danes namre\u010d mineva leto dni od dr\u017eavnozborskih volitev, na katerih je sicer zmagala SDS, \u0160ar\u010deva LM\u0160 pa se je uvrstila na drugo mesto. Vlado je nato uspelo sestaviti \u0160arcu, skupaj s koalicijskimi partnericami SD, SMC, SAB in DeSUS.<\/p>\n<p>&#8220;Nismo zmagali, vendar smo 13. septembra po treh mesecih napornih pogajanj sestavili manj\u0161insko vlado,&#8221; je na Facebooku zapisal \u0160arec. Kot je dodal, se je za\u010delo z zelo nizko podporo v merjenjih javnega mnenja, nato pa se je podpora zvi\u0161ala, o \u010demer je bilo prelitega &#8220;ogromno \u010drnila&#8221;.<\/p>\n<p>&#8220;Sam ne \u017eelim ocenjevati na\u0161ega dela, saj ocene prepu\u0161\u010dam analitikom, komentatorjem, nenazadnje pa vam, dr\u017eavljankam in dr\u017eavljanom. Nekateri menite, da smo zani\u010d, drugi nas hvalite, tretji pa pravite, da je nekaj stvari dobrih in nekaj slabih. To je tudi pri\u010dakovano in obi\u010dajno, saj \u017eivimo v demokraciji,&#8221; je \u0161e zapisal premier.<\/p>\n<p>Ob tem je spomnil tudi na nedavne volitve v Evropski parlament in zatrdil, da je bila odlo\u010ditev o samostojni listi LM\u0160 pravilna. Dobili so namre\u010d dva evropska poslanca, za kar si ne more pripisovati zaslug nih\u010de drug, kar se po njegovih besedah na skupnih listah rado zgodi.<\/p>\n<p>&#8220;Naj se sli\u0161i \u0161e tako sebi\u010dno, a za nas je pomembno, da smo preverili, koliko zaupanja u\u017eivamo med ljudmi. Zlasti zaradi vseh mo\u017enih \u0161pekulacij in ugibanj ter pametovanj,&#8221; je \u0161e zapisal.<\/p>\n<p>Po njegovih besedah je sicer mogo\u010de \u0161pekulirati, da bi bilo v primeru skupne liste izvoljenih ve\u010d poslancev, a se odstotki ne se\u0161tevajo kar avtomati\u010dno. &#8220;Nenazadnje so se imeli mo\u017enost zdru\u017eiti tudi SMC, SAB in DeSUS in bi po tej logiki dobili vsaj enega poslanca. A se niso, kar pomeni, da ni tako enostavno,&#8221; je dodal.<\/p>\n<p>&#8220;Kakor koli pogledamo, bo povezovanje strank skupine Alde nujno, \u010de ne bomo \u017eeleli pretirane razdrobljenosti, saj bodo naslednje volitve dr\u017eavnozborske,&#8221; je na Facebooku \u0161e zapisal \u0160arec.<\/p>\n","protected":false},"excerpt":{"rendered":"<p>Premier Marjan \u0160arec ob dana\u0161nji prvi obletnici volitev v DZ ne \u017eeli ocenjevati dela svoje vlade, je pa na dru\u017ebenem omre\u017eju Facebook ocenil, da bo pred naslednjimi volitvami nujno povezovanje strank skupine Alde. &#8220;Verjamem, da je to mo\u017eno dose\u010di, a z zavedanjem, da ne \u017eelimo pokroviteljstva, temve\u010d sodelovanja na realnih predpostavkah,&#8221; je dodal.<\/p>\n","protected":false},"author":8,"featured_media":378872,"comment_status":"closed","ping_status":"closed","sticky":false,"template":"","format":"standard","meta":{"footnotes":""},"categories":[1],"tags":[7810,1595],"source":[4511],"supertag":[],"acf":[],"yoast_head":"<!-- This site is optimized with the Yoast SEO plugin v21.3 - https:\/\/yoast.com\/wordpress\/plugins\/seo\/ -->\n<title>\u0160arec ob obletnici volitev: Za\u010delo se z zelo nizko podporo v merjenjih javnega mnenja, nato pa se je podpora zvi\u0161ala, o \u010demer je bilo prelitega &quot;ogromno \u010drnila&quot; - Hudo Slovenija<\/title>\n<meta name=\"robots\" content=\"index, follow, max-snippet:-1, max-image-preview:large, max-video-preview:-1\" \/>\n<link rel=\"canonical\" href=\"https:\/\/hudo.com\/si\/zdrav-duh-telo\/sarec-ob-obletnici-volitev-zacelo-se-z-zelo-nizko-podporo-v-merjenjih-javnega-mnenja-nato-pa-se-je-podpora-zvisala-o-cemer-je-bilo-prelitega-ogromno-crnila\/\" \/>\n<meta property=\"og:locale\" content=\"sl_SI\" \/>\n<meta property=\"og:type\" content=\"article\" \/>\n<meta property=\"og:title\" content=\"\u0160arec ob obletnici volitev: Za\u010delo se z zelo nizko podporo v merjenjih javnega mnenja, nato pa se je podpora zvi\u0161ala, o \u010demer je bilo prelitega &quot;ogromno \u010drnila&quot; - Hudo Slovenija\" \/>\n<meta property=\"og:description\" content=\"Premier Marjan \u0160arec ob dana\u0161nji prvi obletnici volitev v DZ ne \u017eeli ocenjevati dela svoje vlade, je pa na dru\u017ebenem omre\u017eju Facebook ocenil, da bo pred naslednjimi volitvami nujno povezovanje strank skupine Alde. &quot;Verjamem, da je to mo\u017eno dose\u010di, a z zavedanjem, da ne \u017eelimo pokroviteljstva, temve\u010d sodelovanja na realnih predpostavkah,&quot; je dodal.\" \/>\n<meta property=\"og:url\" content=\"https:\/\/hudo.com\/si\/zdrav-duh-telo\/sarec-ob-obletnici-volitev-zacelo-se-z-zelo-nizko-podporo-v-merjenjih-javnega-mnenja-nato-pa-se-je-podpora-zvisala-o-cemer-je-bilo-prelitega-ogromno-crnila\/\" \/>\n<meta property=\"og:site_name\" content=\"Hudo Slovenija\" \/>\n<meta property=\"article:publisher\" content=\"https:\/\/www.facebook.com\/hudo.si\" \/>\n<meta property=\"article:published_time\" content=\"2019-06-03T07:36:11+00:00\" \/>\n<meta property=\"article:modified_time\" content=\"2019-06-03T07:43:17+00:00\" \/>\n<meta property=\"og:image\" content=\"https:\/\/hudo.com\/si\/wp-content\/uploads\/sites\/2\/2018\/10\/profimedia-0387576167-1.jpg\" \/>\n\t<meta property=\"og:image:width\" content=\"1250\" \/>\n\t<meta property=\"og:image:height\" content=\"849\" \/>\n\t<meta property=\"og:image:type\" content=\"image\/jpeg\" \/>\n<meta name=\"author\" content=\"M. N., STA\" \/>\n<meta name=\"twitter:card\" content=\"summary_large_image\" \/>\n<meta name=\"twitter:creator\" content=\"@hudo_si\" \/>\n<meta name=\"twitter:site\" content=\"@hudo_si\" \/>\n<meta name=\"twitter:label1\" content=\"Written by\" \/>\n\t<meta name=\"twitter:data1\" content=\"M. N., STA\" \/>\n\t<meta name=\"twitter:label2\" content=\"Est. reading time\" \/>\n\t<meta name=\"twitter:data2\" content=\"2 minuti\" \/>\n<script type=\"application\/ld+json\" class=\"yoast-schema-graph\">{\"@context\":\"https:\/\/schema.org\",\"@graph\":[{\"@type\":\"Article\",\"@id\":\"https:\/\/hudo.com\/si\/zdrav-duh-telo\/sarec-ob-obletnici-volitev-zacelo-se-z-zelo-nizko-podporo-v-merjenjih-javnega-mnenja-nato-pa-se-je-podpora-zvisala-o-cemer-je-bilo-prelitega-ogromno-crnila\/#article\",\"isPartOf\":{\"@id\":\"https:\/\/hudo.com\/si\/zdrav-duh-telo\/sarec-ob-obletnici-volitev-zacelo-se-z-zelo-nizko-podporo-v-merjenjih-javnega-mnenja-nato-pa-se-je-podpora-zvisala-o-cemer-je-bilo-prelitega-ogromno-crnila\/\"},\"author\":{\"name\":\"M. N., STA\",\"@id\":\"https:\/\/hudo.com\/si\/#\/schema\/person\/c2f10ce65d2e6ede2aeda5be2a0611fa\"},\"headline\":\"\u0160arec ob obletnici volitev: Za\u010delo se z zelo nizko podporo v merjenjih javnega mnenja, nato pa se je podpora zvi\u0161ala, o \u010demer je bilo prelitega &#8220;ogromno \u010drnila&#8221;\",\"datePublished\":\"2019-06-03T07:36:11+00:00\",\"dateModified\":\"2019-06-03T07:43:17+00:00\",\"mainEntityOfPage\":{\"@id\":\"https:\/\/hudo.com\/si\/zdrav-duh-telo\/sarec-ob-obletnici-volitev-zacelo-se-z-zelo-nizko-podporo-v-merjenjih-javnega-mnenja-nato-pa-se-je-podpora-zvisala-o-cemer-je-bilo-prelitega-ogromno-crnila\/\"},\"wordCount\":344,\"publisher\":{\"@id\":\"https:\/\/hudo.com\/si\/#organization\"},\"keywords\":[\"Marjan \u0160arec\",\"Slovenija\"],\"articleSection\":[\"Zdrav duh &amp; telo\"],\"inLanguage\":\"sl-SI\"},{\"@type\":\"WebPage\",\"@id\":\"https:\/\/hudo.com\/si\/zdrav-duh-telo\/sarec-ob-obletnici-volitev-zacelo-se-z-zelo-nizko-podporo-v-merjenjih-javnega-mnenja-nato-pa-se-je-podpora-zvisala-o-cemer-je-bilo-prelitega-ogromno-crnila\/\",\"url\":\"https:\/\/hudo.com\/si\/zdrav-duh-telo\/sarec-ob-obletnici-volitev-zacelo-se-z-zelo-nizko-podporo-v-merjenjih-javnega-mnenja-nato-pa-se-je-podpora-zvisala-o-cemer-je-bilo-prelitega-ogromno-crnila\/\",\"name\":\"\u0160arec ob obletnici volitev: Za\u010delo se z zelo nizko podporo v merjenjih javnega mnenja, nato pa se je podpora zvi\u0161ala, o \u010demer je bilo prelitega \\\"ogromno \u010drnila\\\" - Hudo Slovenija\",\"isPartOf\":{\"@id\":\"https:\/\/hudo.com\/si\/#website\"},\"datePublished\":\"2019-06-03T07:36:11+00:00\",\"dateModified\":\"2019-06-03T07:43:17+00:00\",\"breadcrumb\":{\"@id\":\"https:\/\/hudo.com\/si\/zdrav-duh-telo\/sarec-ob-obletnici-volitev-zacelo-se-z-zelo-nizko-podporo-v-merjenjih-javnega-mnenja-nato-pa-se-je-podpora-zvisala-o-cemer-je-bilo-prelitega-ogromno-crnila\/#breadcrumb\"},\"inLanguage\":\"sl-SI\",\"potentialAction\":[{\"@type\":\"ReadAction\",\"target\":[\"https:\/\/hudo.com\/si\/zdrav-duh-telo\/sarec-ob-obletnici-volitev-zacelo-se-z-zelo-nizko-podporo-v-merjenjih-javnega-mnenja-nato-pa-se-je-podpora-zvisala-o-cemer-je-bilo-prelitega-ogromno-crnila\/\"]}]},{\"@type\":\"BreadcrumbList\",\"@id\":\"https:\/\/hudo.com\/si\/zdrav-duh-telo\/sarec-ob-obletnici-volitev-zacelo-se-z-zelo-nizko-podporo-v-merjenjih-javnega-mnenja-nato-pa-se-je-podpora-zvisala-o-cemer-je-bilo-prelitega-ogromno-crnila\/#breadcrumb\",\"itemListElement\":[{\"@type\":\"ListItem\",\"position\":1,\"name\":\"Home\",\"item\":\"https:\/\/hudo.com\/si\/\"},{\"@type\":\"ListItem\",\"position\":2,\"name\":\"\u0160arec ob obletnici volitev: Za\u010delo se z zelo nizko podporo v merjenjih javnega mnenja, nato pa se je podpora zvi\u0161ala, o \u010demer je bilo prelitega &#8220;ogromno \u010drnila&#8221;\"}]},{\"@type\":\"WebSite\",\"@id\":\"https:\/\/hudo.com\/si\/#website\",\"url\":\"https:\/\/hudo.com\/si\/\",\"name\":\"Hudo Slovenija\",\"description\":\"Vse novice iz Slovenije in sveta\",\"publisher\":{\"@id\":\"https:\/\/hudo.com\/si\/#organization\"},\"potentialAction\":[{\"@type\":\"SearchAction\",\"target\":{\"@type\":\"EntryPoint\",\"urlTemplate\":\"https:\/\/hudo.com\/si\/?s={search_term_string}\"},\"query-input\":\"required name=search_term_string\"}],\"inLanguage\":\"sl-SI\"},{\"@type\":\"Organization\",\"@id\":\"https:\/\/hudo.com\/si\/#organization\",\"name\":\"VSN Media\",\"url\":\"https:\/\/hudo.com\/si\/\",\"logo\":{\"@type\":\"ImageObject\",\"inLanguage\":\"sl-SI\",\"@id\":\"https:\/\/hudo.com\/si\/#\/schema\/logo\/image\/\",\"url\":\"https:\/\/hudo.com\/si\/wp-content\/uploads\/sites\/2\/2021\/03\/hudo-app-2.png\",\"contentUrl\":\"https:\/\/hudo.com\/si\/wp-content\/uploads\/sites\/2\/2021\/03\/hudo-app-2.png\",\"width\":2185,\"height\":2167,\"caption\":\"VSN Media\"},\"image\":{\"@id\":\"https:\/\/hudo.com\/si\/#\/schema\/logo\/image\/\"},\"sameAs\":[\"https:\/\/www.facebook.com\/hudo.si\",\"https:\/\/twitter.com\/hudo_si\"]},{\"@type\":\"Person\",\"@id\":\"https:\/\/hudo.com\/si\/#\/schema\/person\/c2f10ce65d2e6ede2aeda5be2a0611fa\",\"name\":\"M. N., STA\",\"image\":{\"@type\":\"ImageObject\",\"inLanguage\":\"sl-SI\",\"@id\":\"https:\/\/hudo.com\/si\/#\/schema\/person\/image\/\",\"url\":\"https:\/\/secure.gravatar.com\/avatar\/f370d38daa10467f755c5c766a4cac20?s=96&d=mm&r=g\",\"contentUrl\":\"https:\/\/secure.gravatar.com\/avatar\/f370d38daa10467f755c5c766a4cac20?s=96&d=mm&r=g\",\"caption\":\"M. N., STA\"},\"url\":\"https:\/\/hudo.com\/si\/author\/mana\/\"}]}<\/script>\n<!-- \/ Yoast SEO plugin. -->","yoast_head_json":{"title":"\u0160arec ob obletnici volitev: Za\u010delo se z zelo nizko podporo v merjenjih javnega mnenja, nato pa se je podpora zvi\u0161ala, o \u010demer je bilo prelitega \"ogromno \u010drnila\" - Hudo Slovenija","robots":{"index":"index","follow":"follow","max-snippet":"max-snippet:-1","max-image-preview":"max-image-preview:large","max-video-preview":"max-video-preview:-1"},"canonical":"https:\/\/hudo.com\/si\/zdrav-duh-telo\/sarec-ob-obletnici-volitev-zacelo-se-z-zelo-nizko-podporo-v-merjenjih-javnega-mnenja-nato-pa-se-je-podpora-zvisala-o-cemer-je-bilo-prelitega-ogromno-crnila\/","og_locale":"sl_SI","og_type":"article","og_title":"\u0160arec ob obletnici volitev: Za\u010delo se z zelo nizko podporo v merjenjih javnega mnenja, nato pa se je podpora zvi\u0161ala, o \u010demer je bilo prelitega \"ogromno \u010drnila\" - Hudo Slovenija","og_description":"Premier Marjan \u0160arec ob dana\u0161nji prvi obletnici volitev v DZ ne \u017eeli ocenjevati dela svoje vlade, je pa na dru\u017ebenem omre\u017eju Facebook ocenil, da bo pred naslednjimi volitvami nujno povezovanje strank skupine Alde. \"Verjamem, da je to mo\u017eno dose\u010di, a z zavedanjem, da ne \u017eelimo pokroviteljstva, temve\u010d sodelovanja na realnih predpostavkah,\" je dodal.","og_url":"https:\/\/hudo.com\/si\/zdrav-duh-telo\/sarec-ob-obletnici-volitev-zacelo-se-z-zelo-nizko-podporo-v-merjenjih-javnega-mnenja-nato-pa-se-je-podpora-zvisala-o-cemer-je-bilo-prelitega-ogromno-crnila\/","og_site_name":"Hudo Slovenija","article_publisher":"https:\/\/www.facebook.com\/hudo.si","article_published_time":"2019-06-03T07:36:11+00:00","article_modified_time":"2019-06-03T07:43:17+00:00","og_image":[{"width":1250,"height":849,"url":"https:\/\/hudo.com\/si\/wp-content\/uploads\/sites\/2\/2018\/10\/profimedia-0387576167-1.jpg","type":"image\/jpeg"}],"author":"M. N., STA","twitter_card":"summary_large_image","twitter_creator":"@hudo_si","twitter_site":"@hudo_si","twitter_misc":{"Written by":"M. N., STA","Est. reading time":"2 minuti"},"schema":{"@context":"https:\/\/schema.org","@graph":[{"@type":"Article","@id":"https:\/\/hudo.com\/si\/zdrav-duh-telo\/sarec-ob-obletnici-volitev-zacelo-se-z-zelo-nizko-podporo-v-merjenjih-javnega-mnenja-nato-pa-se-je-podpora-zvisala-o-cemer-je-bilo-prelitega-ogromno-crnila\/#article","isPartOf":{"@id":"https:\/\/hudo.com\/si\/zdrav-duh-telo\/sarec-ob-obletnici-volitev-zacelo-se-z-zelo-nizko-podporo-v-merjenjih-javnega-mnenja-nato-pa-se-je-podpora-zvisala-o-cemer-je-bilo-prelitega-ogromno-crnila\/"},"author":{"name":"M. N., STA","@id":"https:\/\/hudo.com\/si\/#\/schema\/person\/c2f10ce65d2e6ede2aeda5be2a0611fa"},"headline":"\u0160arec ob obletnici volitev: Za\u010delo se z zelo nizko podporo v merjenjih javnega mnenja, nato pa se je podpora zvi\u0161ala, o \u010demer je bilo prelitega &#8220;ogromno \u010drnila&#8221;","datePublished":"2019-06-03T07:36:11+00:00","dateModified":"2019-06-03T07:43:17+00:00","mainEntityOfPage":{"@id":"https:\/\/hudo.com\/si\/zdrav-duh-telo\/sarec-ob-obletnici-volitev-zacelo-se-z-zelo-nizko-podporo-v-merjenjih-javnega-mnenja-nato-pa-se-je-podpora-zvisala-o-cemer-je-bilo-prelitega-ogromno-crnila\/"},"wordCount":344,"publisher":{"@id":"https:\/\/hudo.com\/si\/#organization"},"keywords":["Marjan \u0160arec","Slovenija"],"articleSection":["Zdrav duh &amp; telo"],"inLanguage":"sl-SI"},{"@type":"WebPage","@id":"https:\/\/hudo.com\/si\/zdrav-duh-telo\/sarec-ob-obletnici-volitev-zacelo-se-z-zelo-nizko-podporo-v-merjenjih-javnega-mnenja-nato-pa-se-je-podpora-zvisala-o-cemer-je-bilo-prelitega-ogromno-crnila\/","url":"https:\/\/hudo.com\/si\/zdrav-duh-telo\/sarec-ob-obletnici-volitev-zacelo-se-z-zelo-nizko-podporo-v-merjenjih-javnega-mnenja-nato-pa-se-je-podpora-zvisala-o-cemer-je-bilo-prelitega-ogromno-crnila\/","name":"\u0160arec ob obletnici volitev: Za\u010delo se z zelo nizko podporo v merjenjih javnega mnenja, nato pa se je podpora zvi\u0161ala, o \u010demer je bilo prelitega \"ogromno \u010drnila\" - Hudo Slovenija","isPartOf":{"@id":"https:\/\/hudo.com\/si\/#website"},"datePublished":"2019-06-03T07:36:11+00:00","dateModified":"2019-06-03T07:43:17+00:00","breadcrumb":{"@id":"https:\/\/hudo.com\/si\/zdrav-duh-telo\/sarec-ob-obletnici-volitev-zacelo-se-z-zelo-nizko-podporo-v-merjenjih-javnega-mnenja-nato-pa-se-je-podpora-zvisala-o-cemer-je-bilo-prelitega-ogromno-crnila\/#breadcrumb"},"inLanguage":"sl-SI","potentialAction":[{"@type":"ReadAction","target":["https:\/\/hudo.com\/si\/zdrav-duh-telo\/sarec-ob-obletnici-volitev-zacelo-se-z-zelo-nizko-podporo-v-merjenjih-javnega-mnenja-nato-pa-se-je-podpora-zvisala-o-cemer-je-bilo-prelitega-ogromno-crnila\/"]}]},{"@type":"BreadcrumbList","@id":"https:\/\/hudo.com\/si\/zdrav-duh-telo\/sarec-ob-obletnici-volitev-zacelo-se-z-zelo-nizko-podporo-v-merjenjih-javnega-mnenja-nato-pa-se-je-podpora-zvisala-o-cemer-je-bilo-prelitega-ogromno-crnila\/#breadcrumb","itemListElement":[{"@type":"ListItem","position":1,"name":"Home","item":"https:\/\/hudo.com\/si\/"},{"@type":"ListItem","position":2,"name":"\u0160arec ob obletnici volitev: Za\u010delo se z zelo nizko podporo v merjenjih javnega mnenja, nato pa se je podpora zvi\u0161ala, o \u010demer je bilo prelitega &#8220;ogromno \u010drnila&#8221;"}]},{"@type":"WebSite","@id":"https:\/\/hudo.com\/si\/#website","url":"https:\/\/hudo.com\/si\/","name":"Hudo Slovenija","description":"Vse novice iz Slovenije in sveta","publisher":{"@id":"https:\/\/hudo.com\/si\/#organization"},"potentialAction":[{"@type":"SearchAction","target":{"@type":"EntryPoint","urlTemplate":"https:\/\/hudo.com\/si\/?s={search_term_string}"},"query-input":"required name=search_term_string"}],"inLanguage":"sl-SI"},{"@type":"Organization","@id":"https:\/\/hudo.com\/si\/#organization","name":"VSN Media","url":"https:\/\/hudo.com\/si\/","logo":{"@type":"ImageObject","inLanguage":"sl-SI","@id":"https:\/\/hudo.com\/si\/#\/schema\/logo\/image\/","url":"https:\/\/hudo.com\/si\/wp-content\/uploads\/sites\/2\/2021\/03\/hudo-app-2.png","contentUrl":"https:\/\/hudo.com\/si\/wp-content\/uploads\/sites\/2\/2021\/03\/hudo-app-2.png","width":2185,"height":2167,"caption":"VSN Media"},"image":{"@id":"https:\/\/hudo.com\/si\/#\/schema\/logo\/image\/"},"sameAs":["https:\/\/www.facebook.com\/hudo.si","https:\/\/twitter.com\/hudo_si"]},{"@type":"Person","@id":"https:\/\/hudo.com\/si\/#\/schema\/person\/c2f10ce65d2e6ede2aeda5be2a0611fa","name":"M. N., STA","image":{"@type":"ImageObject","inLanguage":"sl-SI","@id":"https:\/\/hudo.com\/si\/#\/schema\/person\/image\/","url":"https:\/\/secure.gravatar.com\/avatar\/f370d38daa10467f755c5c766a4cac20?s=96&d=mm&r=g","contentUrl":"https:\/\/secure.gravatar.com\/avatar\/f370d38daa10467f755c5c766a4cac20?s=96&d=mm&r=g","caption":"M. N., STA"},"url":"https:\/\/hudo.com\/si\/author\/mana\/"}]}},"amp_enabled":true,"_links":{"self":[{"href":"https:\/\/hudo.com\/si\/wp-json\/wp\/v2\/posts\/399801"}],"collection":[{"href":"https:\/\/hudo.com\/si\/wp-json\/wp\/v2\/posts"}],"about":[{"href":"https:\/\/hudo.com\/si\/wp-json\/wp\/v2\/types\/post"}],"author":[{"embeddable":true,"href":"https:\/\/hudo.com\/si\/wp-json\/wp\/v2\/users\/8"}],"replies":[{"embeddable":true,"href":"https:\/\/hudo.com\/si\/wp-json\/wp\/v2\/comments?post=399801"}],"version-history":[{"count":1,"href":"https:\/\/hudo.com\/si\/wp-json\/wp\/v2\/posts\/399801\/revisions"}],"predecessor-version":[{"id":399802,"href":"https:\/\/hudo.com\/si\/wp-json\/wp\/v2\/posts\/399801\/revisions\/399802"}],"wp:featuredmedia":[{"embeddable":true,"href":"https:\/\/hudo.com\/si\/wp-json\/wp\/v2\/media\/378872"}],"wp:attachment":[{"href":"https:\/\/hudo.com\/si\/wp-json\/wp\/v2\/media?parent=399801"}],"wp:term":[{"taxonomy":"category","embeddable":true,"href":"https:\/\/hudo.com\/si\/wp-json\/wp\/v2\/categories?post=399801"},{"taxonomy":"post_tag","embeddable":true,"href":"https:\/\/hudo.com\/si\/wp-json\/wp\/v2\/tags?post=399801"},{"taxonomy":"source","embeddable":true,"href":"https:\/\/hudo.com\/si\/wp-json\/wp\/v2\/source?post=399801"},{"taxonomy":"supertag","embeddable":true,"href":"https:\/\/hudo.com\/si\/wp-json\/wp\/v2\/supertag?post=399801"}],"curies":[{"name":"wp","href":"https:\/\/api.w.org\/{rel}","templated":true}]}}