{"id":399950,"date":"2019-06-04T20:26:49","date_gmt":"2019-06-04T18:26:49","guid":{"rendered":"http:\/\/hudo.com\/si\/?p=399950"},"modified":"2019-06-04T20:26:49","modified_gmt":"2019-06-04T18:26:49","slug":"cerar-ne-bo-vec-kandidiral-za-predsednika-stranke-smc","status":"publish","type":"post","link":"https:\/\/hudo.com\/si\/aktualno\/cerar-ne-bo-vec-kandidiral-za-predsednika-stranke-smc\/","title":{"rendered":"Cerar ne bo ve\u010d kandidiral za predsednika stranke SMC"},"content":{"rendered":"<div class=\"text\">\n<p>Cerar, eden od ustanoviteljev SMC in njen edini predsednik, bo stranki pomagal, da bo ostala trden \u010dlen koalicije in pomemben dejavnik v slovenskem politi\u010dnem prostoru, so v pisnem sporo\u010dilu za STA \u0161e napovedali v SMC.<\/p>\n<p>Cerar je kmalu po zelo slabem rezultatu stranke na evropskih volitvah, ki so bile 26. maja, po razpravi s \u010dlani kolegija sporo\u010dil, da bo stranka za\u010dela priprave na volilni in programski kongres, ki bo oktobra. &#8220;Zagotovo bo kongres primerna prilo\u017enost, da preverim, ali imam \u0161e zaupanje stranke,&#8221; je tedaj dejal Cerar.<\/p>\n<p>Medtem se je o\u010ditno odlo\u010dil, da za predsednika ne bo ve\u010d kandidiral.<\/p>\n<\/div>\n","protected":false},"excerpt":{"rendered":"<p>Predsednik SMC Miro Cerar je \u010dlane izvr\u0161nega odbora stranke na za\u010detku dana\u0161nje seje obvestil o svoji odlo\u010ditvi, da na jesenskem volilnem kongresu ne bo ve\u010d kandidiral za predsednika stranke, so za STA sporo\u010dili iz SMC. Cerar bo \u0161e naprej opravljal funkcijo ministra za zunanje zadeve.<\/p>\n","protected":false},"author":5,"featured_media":272262,"comment_status":"closed","ping_status":"closed","sticky":false,"template":"","format":"standard","meta":{"footnotes":""},"categories":[1179],"tags":[4692,4613,2173,1595,4629],"source":[4511],"supertag":[],"acf":[],"yoast_head":"<!-- This site is optimized with the Yoast SEO plugin v21.3 - https:\/\/yoast.com\/wordpress\/plugins\/seo\/ -->\n<title>Cerar ne bo ve\u010d kandidiral za predsednika stranke SMC - Hudo Slovenija<\/title>\n<meta name=\"robots\" content=\"index, follow, max-snippet:-1, max-image-preview:large, max-video-preview:-1\" \/>\n<link rel=\"canonical\" href=\"https:\/\/hudo.com\/si\/aktualno\/cerar-ne-bo-vec-kandidiral-za-predsednika-stranke-smc\/\" \/>\n<meta property=\"og:locale\" content=\"sl_SI\" \/>\n<meta property=\"og:type\" content=\"article\" \/>\n<meta property=\"og:title\" content=\"Cerar ne bo ve\u010d kandidiral za predsednika stranke SMC - Hudo Slovenija\" \/>\n<meta property=\"og:description\" content=\"Predsednik SMC Miro Cerar je \u010dlane izvr\u0161nega odbora stranke na za\u010detku dana\u0161nje seje obvestil o svoji odlo\u010ditvi, da na jesenskem volilnem kongresu ne bo ve\u010d kandidiral za predsednika stranke, so za STA sporo\u010dili iz SMC. Cerar bo \u0161e naprej opravljal funkcijo ministra za zunanje zadeve.\" \/>\n<meta property=\"og:url\" content=\"https:\/\/hudo.com\/si\/aktualno\/cerar-ne-bo-vec-kandidiral-za-predsednika-stranke-smc\/\" \/>\n<meta property=\"og:site_name\" content=\"Hudo Slovenija\" \/>\n<meta property=\"article:publisher\" content=\"https:\/\/www.facebook.com\/hudo.si\" \/>\n<meta property=\"article:published_time\" content=\"2019-06-04T18:26:49+00:00\" \/>\n<meta property=\"og:image\" content=\"https:\/\/hudo.com\/si\/wp-content\/uploads\/sites\/2\/2017\/06\/profimedia-0339648424.jpg\" \/>\n\t<meta property=\"og:image:width\" content=\"1250\" \/>\n\t<meta property=\"og:image:height\" content=\"833\" \/>\n\t<meta property=\"og:image:type\" content=\"image\/jpeg\" \/>\n<meta name=\"author\" content=\"A. G., STA\" \/>\n<meta name=\"twitter:card\" content=\"summary_large_image\" \/>\n<meta name=\"twitter:creator\" content=\"@hudo_si\" \/>\n<meta name=\"twitter:site\" content=\"@hudo_si\" \/>\n<meta name=\"twitter:label1\" content=\"Written by\" \/>\n\t<meta name=\"twitter:data1\" content=\"A. G., STA\" \/>\n\t<meta name=\"twitter:label2\" content=\"Est. reading time\" \/>\n\t<meta name=\"twitter:data2\" content=\"1 minuta\" \/>\n<script type=\"application\/ld+json\" class=\"yoast-schema-graph\">{\"@context\":\"https:\/\/schema.org\",\"@graph\":[{\"@type\":\"Article\",\"@id\":\"https:\/\/hudo.com\/si\/aktualno\/cerar-ne-bo-vec-kandidiral-za-predsednika-stranke-smc\/#article\",\"isPartOf\":{\"@id\":\"https:\/\/hudo.com\/si\/aktualno\/cerar-ne-bo-vec-kandidiral-za-predsednika-stranke-smc\/\"},\"author\":{\"name\":\"A. G., STA\",\"@id\":\"https:\/\/hudo.com\/si\/#\/schema\/person\/2391667a63ea075ba94f2f2dc6b77537\"},\"headline\":\"Cerar ne bo ve\u010d kandidiral za predsednika stranke SMC\",\"datePublished\":\"2019-06-04T18:26:49+00:00\",\"dateModified\":\"2019-06-04T18:26:49+00:00\",\"mainEntityOfPage\":{\"@id\":\"https:\/\/hudo.com\/si\/aktualno\/cerar-ne-bo-vec-kandidiral-za-predsednika-stranke-smc\/\"},\"wordCount\":113,\"publisher\":{\"@id\":\"https:\/\/hudo.com\/si\/#organization\"},\"keywords\":[\"kandidatura\",\"kongres\",\"Miro Cerar\",\"Slovenija\",\"SMC\"],\"articleSection\":[\"Aktualno\"],\"inLanguage\":\"sl-SI\"},{\"@type\":\"WebPage\",\"@id\":\"https:\/\/hudo.com\/si\/aktualno\/cerar-ne-bo-vec-kandidiral-za-predsednika-stranke-smc\/\",\"url\":\"https:\/\/hudo.com\/si\/aktualno\/cerar-ne-bo-vec-kandidiral-za-predsednika-stranke-smc\/\",\"name\":\"Cerar ne bo ve\u010d kandidiral za predsednika stranke SMC - Hudo Slovenija\",\"isPartOf\":{\"@id\":\"https:\/\/hudo.com\/si\/#website\"},\"datePublished\":\"2019-06-04T18:26:49+00:00\",\"dateModified\":\"2019-06-04T18:26:49+00:00\",\"breadcrumb\":{\"@id\":\"https:\/\/hudo.com\/si\/aktualno\/cerar-ne-bo-vec-kandidiral-za-predsednika-stranke-smc\/#breadcrumb\"},\"inLanguage\":\"sl-SI\",\"potentialAction\":[{\"@type\":\"ReadAction\",\"target\":[\"https:\/\/hudo.com\/si\/aktualno\/cerar-ne-bo-vec-kandidiral-za-predsednika-stranke-smc\/\"]}]},{\"@type\":\"BreadcrumbList\",\"@id\":\"https:\/\/hudo.com\/si\/aktualno\/cerar-ne-bo-vec-kandidiral-za-predsednika-stranke-smc\/#breadcrumb\",\"itemListElement\":[{\"@type\":\"ListItem\",\"position\":1,\"name\":\"Home\",\"item\":\"https:\/\/hudo.com\/si\/\"},{\"@type\":\"ListItem\",\"position\":2,\"name\":\"Cerar ne bo ve\u010d kandidiral za predsednika stranke SMC\"}]},{\"@type\":\"WebSite\",\"@id\":\"https:\/\/hudo.com\/si\/#website\",\"url\":\"https:\/\/hudo.com\/si\/\",\"name\":\"Hudo Slovenija\",\"description\":\"Vse novice iz Slovenije in sveta\",\"publisher\":{\"@id\":\"https:\/\/hudo.com\/si\/#organization\"},\"potentialAction\":[{\"@type\":\"SearchAction\",\"target\":{\"@type\":\"EntryPoint\",\"urlTemplate\":\"https:\/\/hudo.com\/si\/?s={search_term_string}\"},\"query-input\":\"required name=search_term_string\"}],\"inLanguage\":\"sl-SI\"},{\"@type\":\"Organization\",\"@id\":\"https:\/\/hudo.com\/si\/#organization\",\"name\":\"VSN Media\",\"url\":\"https:\/\/hudo.com\/si\/\",\"logo\":{\"@type\":\"ImageObject\",\"inLanguage\":\"sl-SI\",\"@id\":\"https:\/\/hudo.com\/si\/#\/schema\/logo\/image\/\",\"url\":\"https:\/\/hudo.com\/si\/wp-content\/uploads\/sites\/2\/2021\/03\/hudo-app-2.png\",\"contentUrl\":\"https:\/\/hudo.com\/si\/wp-content\/uploads\/sites\/2\/2021\/03\/hudo-app-2.png\",\"width\":2185,\"height\":2167,\"caption\":\"VSN Media\"},\"image\":{\"@id\":\"https:\/\/hudo.com\/si\/#\/schema\/logo\/image\/\"},\"sameAs\":[\"https:\/\/www.facebook.com\/hudo.si\",\"https:\/\/twitter.com\/hudo_si\"]},{\"@type\":\"Person\",\"@id\":\"https:\/\/hudo.com\/si\/#\/schema\/person\/2391667a63ea075ba94f2f2dc6b77537\",\"name\":\"A. G., STA\",\"image\":{\"@type\":\"ImageObject\",\"inLanguage\":\"sl-SI\",\"@id\":\"https:\/\/hudo.com\/si\/#\/schema\/person\/image\/\",\"url\":\"https:\/\/secure.gravatar.com\/avatar\/e13d22ac3e442658d5025fbbe6238a79?s=96&d=mm&r=g\",\"contentUrl\":\"https:\/\/secure.gravatar.com\/avatar\/e13d22ac3e442658d5025fbbe6238a79?s=96&d=mm&r=g\",\"caption\":\"A. G., STA\"},\"url\":\"https:\/\/hudo.com\/si\/author\/alenka\/\"}]}<\/script>\n<!-- \/ Yoast SEO plugin. -->","yoast_head_json":{"title":"Cerar ne bo ve\u010d kandidiral za predsednika stranke SMC - Hudo Slovenija","robots":{"index":"index","follow":"follow","max-snippet":"max-snippet:-1","max-image-preview":"max-image-preview:large","max-video-preview":"max-video-preview:-1"},"canonical":"https:\/\/hudo.com\/si\/aktualno\/cerar-ne-bo-vec-kandidiral-za-predsednika-stranke-smc\/","og_locale":"sl_SI","og_type":"article","og_title":"Cerar ne bo ve\u010d kandidiral za predsednika stranke SMC - Hudo Slovenija","og_description":"Predsednik SMC Miro Cerar je \u010dlane izvr\u0161nega odbora stranke na za\u010detku dana\u0161nje seje obvestil o svoji odlo\u010ditvi, da na jesenskem volilnem kongresu ne bo ve\u010d kandidiral za predsednika stranke, so za STA sporo\u010dili iz SMC. Cerar bo \u0161e naprej opravljal funkcijo ministra za zunanje zadeve.","og_url":"https:\/\/hudo.com\/si\/aktualno\/cerar-ne-bo-vec-kandidiral-za-predsednika-stranke-smc\/","og_site_name":"Hudo Slovenija","article_publisher":"https:\/\/www.facebook.com\/hudo.si","article_published_time":"2019-06-04T18:26:49+00:00","og_image":[{"width":1250,"height":833,"url":"https:\/\/hudo.com\/si\/wp-content\/uploads\/sites\/2\/2017\/06\/profimedia-0339648424.jpg","type":"image\/jpeg"}],"author":"A. G., STA","twitter_card":"summary_large_image","twitter_creator":"@hudo_si","twitter_site":"@hudo_si","twitter_misc":{"Written by":"A. G., STA","Est. reading time":"1 minuta"},"schema":{"@context":"https:\/\/schema.org","@graph":[{"@type":"Article","@id":"https:\/\/hudo.com\/si\/aktualno\/cerar-ne-bo-vec-kandidiral-za-predsednika-stranke-smc\/#article","isPartOf":{"@id":"https:\/\/hudo.com\/si\/aktualno\/cerar-ne-bo-vec-kandidiral-za-predsednika-stranke-smc\/"},"author":{"name":"A. G., STA","@id":"https:\/\/hudo.com\/si\/#\/schema\/person\/2391667a63ea075ba94f2f2dc6b77537"},"headline":"Cerar ne bo ve\u010d kandidiral za predsednika stranke SMC","datePublished":"2019-06-04T18:26:49+00:00","dateModified":"2019-06-04T18:26:49+00:00","mainEntityOfPage":{"@id":"https:\/\/hudo.com\/si\/aktualno\/cerar-ne-bo-vec-kandidiral-za-predsednika-stranke-smc\/"},"wordCount":113,"publisher":{"@id":"https:\/\/hudo.com\/si\/#organization"},"keywords":["kandidatura","kongres","Miro Cerar","Slovenija","SMC"],"articleSection":["Aktualno"],"inLanguage":"sl-SI"},{"@type":"WebPage","@id":"https:\/\/hudo.com\/si\/aktualno\/cerar-ne-bo-vec-kandidiral-za-predsednika-stranke-smc\/","url":"https:\/\/hudo.com\/si\/aktualno\/cerar-ne-bo-vec-kandidiral-za-predsednika-stranke-smc\/","name":"Cerar ne bo ve\u010d kandidiral za predsednika stranke SMC - Hudo Slovenija","isPartOf":{"@id":"https:\/\/hudo.com\/si\/#website"},"datePublished":"2019-06-04T18:26:49+00:00","dateModified":"2019-06-04T18:26:49+00:00","breadcrumb":{"@id":"https:\/\/hudo.com\/si\/aktualno\/cerar-ne-bo-vec-kandidiral-za-predsednika-stranke-smc\/#breadcrumb"},"inLanguage":"sl-SI","potentialAction":[{"@type":"ReadAction","target":["https:\/\/hudo.com\/si\/aktualno\/cerar-ne-bo-vec-kandidiral-za-predsednika-stranke-smc\/"]}]},{"@type":"BreadcrumbList","@id":"https:\/\/hudo.com\/si\/aktualno\/cerar-ne-bo-vec-kandidiral-za-predsednika-stranke-smc\/#breadcrumb","itemListElement":[{"@type":"ListItem","position":1,"name":"Home","item":"https:\/\/hudo.com\/si\/"},{"@type":"ListItem","position":2,"name":"Cerar ne bo ve\u010d kandidiral za predsednika stranke SMC"}]},{"@type":"WebSite","@id":"https:\/\/hudo.com\/si\/#website","url":"https:\/\/hudo.com\/si\/","name":"Hudo Slovenija","description":"Vse novice iz Slovenije in sveta","publisher":{"@id":"https:\/\/hudo.com\/si\/#organization"},"potentialAction":[{"@type":"SearchAction","target":{"@type":"EntryPoint","urlTemplate":"https:\/\/hudo.com\/si\/?s={search_term_string}"},"query-input":"required name=search_term_string"}],"inLanguage":"sl-SI"},{"@type":"Organization","@id":"https:\/\/hudo.com\/si\/#organization","name":"VSN Media","url":"https:\/\/hudo.com\/si\/","logo":{"@type":"ImageObject","inLanguage":"sl-SI","@id":"https:\/\/hudo.com\/si\/#\/schema\/logo\/image\/","url":"https:\/\/hudo.com\/si\/wp-content\/uploads\/sites\/2\/2021\/03\/hudo-app-2.png","contentUrl":"https:\/\/hudo.com\/si\/wp-content\/uploads\/sites\/2\/2021\/03\/hudo-app-2.png","width":2185,"height":2167,"caption":"VSN Media"},"image":{"@id":"https:\/\/hudo.com\/si\/#\/schema\/logo\/image\/"},"sameAs":["https:\/\/www.facebook.com\/hudo.si","https:\/\/twitter.com\/hudo_si"]},{"@type":"Person","@id":"https:\/\/hudo.com\/si\/#\/schema\/person\/2391667a63ea075ba94f2f2dc6b77537","name":"A. G., STA","image":{"@type":"ImageObject","inLanguage":"sl-SI","@id":"https:\/\/hudo.com\/si\/#\/schema\/person\/image\/","url":"https:\/\/secure.gravatar.com\/avatar\/e13d22ac3e442658d5025fbbe6238a79?s=96&d=mm&r=g","contentUrl":"https:\/\/secure.gravatar.com\/avatar\/e13d22ac3e442658d5025fbbe6238a79?s=96&d=mm&r=g","caption":"A. G., STA"},"url":"https:\/\/hudo.com\/si\/author\/alenka\/"}]}},"amp_enabled":true,"_links":{"self":[{"href":"https:\/\/hudo.com\/si\/wp-json\/wp\/v2\/posts\/399950"}],"collection":[{"href":"https:\/\/hudo.com\/si\/wp-json\/wp\/v2\/posts"}],"about":[{"href":"https:\/\/hudo.com\/si\/wp-json\/wp\/v2\/types\/post"}],"author":[{"embeddable":true,"href":"https:\/\/hudo.com\/si\/wp-json\/wp\/v2\/users\/5"}],"replies":[{"embeddable":true,"href":"https:\/\/hudo.com\/si\/wp-json\/wp\/v2\/comments?post=399950"}],"version-history":[{"count":1,"href":"https:\/\/hudo.com\/si\/wp-json\/wp\/v2\/posts\/399950\/revisions"}],"predecessor-version":[{"id":399951,"href":"https:\/\/hudo.com\/si\/wp-json\/wp\/v2\/posts\/399950\/revisions\/399951"}],"wp:featuredmedia":[{"embeddable":true,"href":"https:\/\/hudo.com\/si\/wp-json\/wp\/v2\/media\/272262"}],"wp:attachment":[{"href":"https:\/\/hudo.com\/si\/wp-json\/wp\/v2\/media?parent=399950"}],"wp:term":[{"taxonomy":"category","embeddable":true,"href":"https:\/\/hudo.com\/si\/wp-json\/wp\/v2\/categories?post=399950"},{"taxonomy":"post_tag","embeddable":true,"href":"https:\/\/hudo.com\/si\/wp-json\/wp\/v2\/tags?post=399950"},{"taxonomy":"source","embeddable":true,"href":"https:\/\/hudo.com\/si\/wp-json\/wp\/v2\/source?post=399950"},{"taxonomy":"supertag","embeddable":true,"href":"https:\/\/hudo.com\/si\/wp-json\/wp\/v2\/supertag?post=399950"}],"curies":[{"name":"wp","href":"https:\/\/api.w.org\/{rel}","templated":true}]}}