{"id":400150,"date":"2019-06-07T12:16:11","date_gmt":"2019-06-07T10:16:11","guid":{"rendered":"http:\/\/hudo.com\/si\/?p=400150"},"modified":"2019-06-07T12:16:11","modified_gmt":"2019-06-07T10:16:11","slug":"pri-begu-pred-policisti-povzrocil-prometno-nesreco","status":"publish","type":"post","link":"https:\/\/hudo.com\/si\/aktualno\/pri-begu-pred-policisti-povzrocil-prometno-nesreco\/","title":{"rendered":"Pri begu pred policisti povzro\u010dil prometno nesre\u010do"},"content":{"rendered":"<div class=\"text\">\n<p>Z murskosobo\u0161ke policijske uprave so sporo\u010dili, da sta policista pri opravljanju nalog varovanja dr\u017eavne meje opazila osebno vozilo slovenskih registrskih \u0161tevilk. Na sprednjem sede\u017eu je sedela Kitajka.<\/p>\n<p>Policista sta se zapeljala za vozilom in ga za\u010dela z zvo\u010dnimi in svetlobnimi znaki zaustavljati. A je voznik z nezmanj\u0161ano hitrostjo vo\u017enjo nadaljeval v smeri Srednje Bistrice, kjer je v kri\u017ei\u0161\u010du zaradi nepravilnega prehitevanja povzro\u010dil prometno nesre\u010do. Pri tem je na vozilih nastalo za okrog 3000 evrov \u0161kode.<\/p>\n<p>Voznika so po nesre\u010di obvladali in vklenili. Z zbiranje obvestil in ogledom kraja kaznivega dejanja so ugotovili, da je 32-letni dr\u017eavljan Slovenije v vozilu nezakonito preva\u017eal \u0161tiri dr\u017eavljane Kitajske. Tujce bodo po kon\u010danih postopkih predali hrva\u0161kim varnostnim organom. Vozniku so odvzeli prostost in ga bodo kazensko ovadili zaradi kaznivega dejanja prepovedanega prehajanja meje ali ozemlja dr\u017eave in nevarne vo\u017enje v cestnem prometu.<\/p>\n<\/div>\n","protected":false},"excerpt":{"rendered":"<p>Ljutomerska policista sta v \u010detrtek malo po 19. uri na Razkri\u017eju posku\u0161ala ustaviti osebni avtomobil znamke BMW, a voznik njunih znakov ni upo\u0161teval. Pri begu je povzro\u010dil tudi prometno nesre\u010do. Kot so kasneje ugotovili policisti, je v vozilu nezakonito preva\u017eal \u0161tiri kitajske dr\u017eavljane.<\/p>\n","protected":false},"author":5,"featured_media":140552,"comment_status":"closed","ping_status":"closed","sticky":false,"template":"","format":"standard","meta":{"footnotes":""},"categories":[1179],"tags":[1728,1595],"source":[4511],"supertag":[7150],"acf":[],"yoast_head":"<!-- This site is optimized with the Yoast SEO plugin v21.3 - https:\/\/yoast.com\/wordpress\/plugins\/seo\/ -->\n<title>Pri begu pred policisti povzro\u010dil prometno nesre\u010do - Hudo Slovenija<\/title>\n<meta name=\"robots\" content=\"index, follow, max-snippet:-1, max-image-preview:large, max-video-preview:-1\" \/>\n<link rel=\"canonical\" href=\"https:\/\/hudo.com\/si\/aktualno\/pri-begu-pred-policisti-povzrocil-prometno-nesreco\/\" \/>\n<meta property=\"og:locale\" content=\"sl_SI\" \/>\n<meta property=\"og:type\" content=\"article\" \/>\n<meta property=\"og:title\" content=\"Pri begu pred policisti povzro\u010dil prometno nesre\u010do - Hudo Slovenija\" \/>\n<meta property=\"og:description\" content=\"Ljutomerska policista sta v \u010detrtek malo po 19. uri na Razkri\u017eju posku\u0161ala ustaviti osebni avtomobil znamke BMW, a voznik njunih znakov ni upo\u0161teval. Pri begu je povzro\u010dil tudi prometno nesre\u010do. Kot so kasneje ugotovili policisti, je v vozilu nezakonito preva\u017eal \u0161tiri kitajske dr\u017eavljane.\" \/>\n<meta property=\"og:url\" content=\"https:\/\/hudo.com\/si\/aktualno\/pri-begu-pred-policisti-povzrocil-prometno-nesreco\/\" \/>\n<meta property=\"og:site_name\" content=\"Hudo Slovenija\" \/>\n<meta property=\"article:publisher\" content=\"https:\/\/www.facebook.com\/hudo.si\" \/>\n<meta property=\"article:published_time\" content=\"2019-06-07T10:16:11+00:00\" \/>\n<meta property=\"og:image\" content=\"https:\/\/hudo.com\/si\/wp-content\/uploads\/sites\/2\/2016\/09\/20090622-00138477.jpg\" \/>\n\t<meta property=\"og:image:width\" content=\"640\" \/>\n\t<meta property=\"og:image:height\" content=\"472\" \/>\n\t<meta property=\"og:image:type\" content=\"image\/jpeg\" \/>\n<meta name=\"author\" content=\"A. G., STA\" \/>\n<meta name=\"twitter:card\" content=\"summary_large_image\" \/>\n<meta name=\"twitter:creator\" content=\"@hudo_si\" \/>\n<meta name=\"twitter:site\" content=\"@hudo_si\" \/>\n<meta name=\"twitter:label1\" content=\"Written by\" \/>\n\t<meta name=\"twitter:data1\" content=\"A. G., STA\" \/>\n\t<meta name=\"twitter:label2\" content=\"Est. reading time\" \/>\n\t<meta name=\"twitter:data2\" content=\"1 minuta\" \/>\n<script type=\"application\/ld+json\" class=\"yoast-schema-graph\">{\"@context\":\"https:\/\/schema.org\",\"@graph\":[{\"@type\":\"Article\",\"@id\":\"https:\/\/hudo.com\/si\/aktualno\/pri-begu-pred-policisti-povzrocil-prometno-nesreco\/#article\",\"isPartOf\":{\"@id\":\"https:\/\/hudo.com\/si\/aktualno\/pri-begu-pred-policisti-povzrocil-prometno-nesreco\/\"},\"author\":{\"name\":\"A. G., STA\",\"@id\":\"https:\/\/hudo.com\/si\/#\/schema\/person\/2391667a63ea075ba94f2f2dc6b77537\"},\"headline\":\"Pri begu pred policisti povzro\u010dil prometno nesre\u010do\",\"datePublished\":\"2019-06-07T10:16:11+00:00\",\"dateModified\":\"2019-06-07T10:16:11+00:00\",\"mainEntityOfPage\":{\"@id\":\"https:\/\/hudo.com\/si\/aktualno\/pri-begu-pred-policisti-povzrocil-prometno-nesreco\/\"},\"wordCount\":165,\"publisher\":{\"@id\":\"https:\/\/hudo.com\/si\/#organization\"},\"keywords\":[\"policija\",\"Slovenija\"],\"articleSection\":[\"Aktualno\"],\"inLanguage\":\"sl-SI\"},{\"@type\":\"WebPage\",\"@id\":\"https:\/\/hudo.com\/si\/aktualno\/pri-begu-pred-policisti-povzrocil-prometno-nesreco\/\",\"url\":\"https:\/\/hudo.com\/si\/aktualno\/pri-begu-pred-policisti-povzrocil-prometno-nesreco\/\",\"name\":\"Pri begu pred policisti povzro\u010dil prometno nesre\u010do - Hudo Slovenija\",\"isPartOf\":{\"@id\":\"https:\/\/hudo.com\/si\/#website\"},\"datePublished\":\"2019-06-07T10:16:11+00:00\",\"dateModified\":\"2019-06-07T10:16:11+00:00\",\"breadcrumb\":{\"@id\":\"https:\/\/hudo.com\/si\/aktualno\/pri-begu-pred-policisti-povzrocil-prometno-nesreco\/#breadcrumb\"},\"inLanguage\":\"sl-SI\",\"potentialAction\":[{\"@type\":\"ReadAction\",\"target\":[\"https:\/\/hudo.com\/si\/aktualno\/pri-begu-pred-policisti-povzrocil-prometno-nesreco\/\"]}]},{\"@type\":\"BreadcrumbList\",\"@id\":\"https:\/\/hudo.com\/si\/aktualno\/pri-begu-pred-policisti-povzrocil-prometno-nesreco\/#breadcrumb\",\"itemListElement\":[{\"@type\":\"ListItem\",\"position\":1,\"name\":\"Home\",\"item\":\"https:\/\/hudo.com\/si\/\"},{\"@type\":\"ListItem\",\"position\":2,\"name\":\"Pri begu pred policisti povzro\u010dil prometno nesre\u010do\"}]},{\"@type\":\"WebSite\",\"@id\":\"https:\/\/hudo.com\/si\/#website\",\"url\":\"https:\/\/hudo.com\/si\/\",\"name\":\"Hudo Slovenija\",\"description\":\"Vse novice iz Slovenije in sveta\",\"publisher\":{\"@id\":\"https:\/\/hudo.com\/si\/#organization\"},\"potentialAction\":[{\"@type\":\"SearchAction\",\"target\":{\"@type\":\"EntryPoint\",\"urlTemplate\":\"https:\/\/hudo.com\/si\/?s={search_term_string}\"},\"query-input\":\"required name=search_term_string\"}],\"inLanguage\":\"sl-SI\"},{\"@type\":\"Organization\",\"@id\":\"https:\/\/hudo.com\/si\/#organization\",\"name\":\"VSN Media\",\"url\":\"https:\/\/hudo.com\/si\/\",\"logo\":{\"@type\":\"ImageObject\",\"inLanguage\":\"sl-SI\",\"@id\":\"https:\/\/hudo.com\/si\/#\/schema\/logo\/image\/\",\"url\":\"https:\/\/hudo.com\/si\/wp-content\/uploads\/sites\/2\/2021\/03\/hudo-app-2.png\",\"contentUrl\":\"https:\/\/hudo.com\/si\/wp-content\/uploads\/sites\/2\/2021\/03\/hudo-app-2.png\",\"width\":2185,\"height\":2167,\"caption\":\"VSN Media\"},\"image\":{\"@id\":\"https:\/\/hudo.com\/si\/#\/schema\/logo\/image\/\"},\"sameAs\":[\"https:\/\/www.facebook.com\/hudo.si\",\"https:\/\/twitter.com\/hudo_si\"]},{\"@type\":\"Person\",\"@id\":\"https:\/\/hudo.com\/si\/#\/schema\/person\/2391667a63ea075ba94f2f2dc6b77537\",\"name\":\"A. G., STA\",\"image\":{\"@type\":\"ImageObject\",\"inLanguage\":\"sl-SI\",\"@id\":\"https:\/\/hudo.com\/si\/#\/schema\/person\/image\/\",\"url\":\"https:\/\/secure.gravatar.com\/avatar\/e13d22ac3e442658d5025fbbe6238a79?s=96&d=mm&r=g\",\"contentUrl\":\"https:\/\/secure.gravatar.com\/avatar\/e13d22ac3e442658d5025fbbe6238a79?s=96&d=mm&r=g\",\"caption\":\"A. G., STA\"},\"url\":\"https:\/\/hudo.com\/si\/author\/alenka\/\"}]}<\/script>\n<!-- \/ Yoast SEO plugin. -->","yoast_head_json":{"title":"Pri begu pred policisti povzro\u010dil prometno nesre\u010do - Hudo Slovenija","robots":{"index":"index","follow":"follow","max-snippet":"max-snippet:-1","max-image-preview":"max-image-preview:large","max-video-preview":"max-video-preview:-1"},"canonical":"https:\/\/hudo.com\/si\/aktualno\/pri-begu-pred-policisti-povzrocil-prometno-nesreco\/","og_locale":"sl_SI","og_type":"article","og_title":"Pri begu pred policisti povzro\u010dil prometno nesre\u010do - Hudo Slovenija","og_description":"Ljutomerska policista sta v \u010detrtek malo po 19. uri na Razkri\u017eju posku\u0161ala ustaviti osebni avtomobil znamke BMW, a voznik njunih znakov ni upo\u0161teval. Pri begu je povzro\u010dil tudi prometno nesre\u010do. Kot so kasneje ugotovili policisti, je v vozilu nezakonito preva\u017eal \u0161tiri kitajske dr\u017eavljane.","og_url":"https:\/\/hudo.com\/si\/aktualno\/pri-begu-pred-policisti-povzrocil-prometno-nesreco\/","og_site_name":"Hudo Slovenija","article_publisher":"https:\/\/www.facebook.com\/hudo.si","article_published_time":"2019-06-07T10:16:11+00:00","og_image":[{"width":640,"height":472,"url":"https:\/\/hudo.com\/si\/wp-content\/uploads\/sites\/2\/2016\/09\/20090622-00138477.jpg","type":"image\/jpeg"}],"author":"A. G., STA","twitter_card":"summary_large_image","twitter_creator":"@hudo_si","twitter_site":"@hudo_si","twitter_misc":{"Written by":"A. G., STA","Est. reading time":"1 minuta"},"schema":{"@context":"https:\/\/schema.org","@graph":[{"@type":"Article","@id":"https:\/\/hudo.com\/si\/aktualno\/pri-begu-pred-policisti-povzrocil-prometno-nesreco\/#article","isPartOf":{"@id":"https:\/\/hudo.com\/si\/aktualno\/pri-begu-pred-policisti-povzrocil-prometno-nesreco\/"},"author":{"name":"A. G., STA","@id":"https:\/\/hudo.com\/si\/#\/schema\/person\/2391667a63ea075ba94f2f2dc6b77537"},"headline":"Pri begu pred policisti povzro\u010dil prometno nesre\u010do","datePublished":"2019-06-07T10:16:11+00:00","dateModified":"2019-06-07T10:16:11+00:00","mainEntityOfPage":{"@id":"https:\/\/hudo.com\/si\/aktualno\/pri-begu-pred-policisti-povzrocil-prometno-nesreco\/"},"wordCount":165,"publisher":{"@id":"https:\/\/hudo.com\/si\/#organization"},"keywords":["policija","Slovenija"],"articleSection":["Aktualno"],"inLanguage":"sl-SI"},{"@type":"WebPage","@id":"https:\/\/hudo.com\/si\/aktualno\/pri-begu-pred-policisti-povzrocil-prometno-nesreco\/","url":"https:\/\/hudo.com\/si\/aktualno\/pri-begu-pred-policisti-povzrocil-prometno-nesreco\/","name":"Pri begu pred policisti povzro\u010dil prometno nesre\u010do - Hudo Slovenija","isPartOf":{"@id":"https:\/\/hudo.com\/si\/#website"},"datePublished":"2019-06-07T10:16:11+00:00","dateModified":"2019-06-07T10:16:11+00:00","breadcrumb":{"@id":"https:\/\/hudo.com\/si\/aktualno\/pri-begu-pred-policisti-povzrocil-prometno-nesreco\/#breadcrumb"},"inLanguage":"sl-SI","potentialAction":[{"@type":"ReadAction","target":["https:\/\/hudo.com\/si\/aktualno\/pri-begu-pred-policisti-povzrocil-prometno-nesreco\/"]}]},{"@type":"BreadcrumbList","@id":"https:\/\/hudo.com\/si\/aktualno\/pri-begu-pred-policisti-povzrocil-prometno-nesreco\/#breadcrumb","itemListElement":[{"@type":"ListItem","position":1,"name":"Home","item":"https:\/\/hudo.com\/si\/"},{"@type":"ListItem","position":2,"name":"Pri begu pred policisti povzro\u010dil prometno nesre\u010do"}]},{"@type":"WebSite","@id":"https:\/\/hudo.com\/si\/#website","url":"https:\/\/hudo.com\/si\/","name":"Hudo Slovenija","description":"Vse novice iz Slovenije in sveta","publisher":{"@id":"https:\/\/hudo.com\/si\/#organization"},"potentialAction":[{"@type":"SearchAction","target":{"@type":"EntryPoint","urlTemplate":"https:\/\/hudo.com\/si\/?s={search_term_string}"},"query-input":"required name=search_term_string"}],"inLanguage":"sl-SI"},{"@type":"Organization","@id":"https:\/\/hudo.com\/si\/#organization","name":"VSN Media","url":"https:\/\/hudo.com\/si\/","logo":{"@type":"ImageObject","inLanguage":"sl-SI","@id":"https:\/\/hudo.com\/si\/#\/schema\/logo\/image\/","url":"https:\/\/hudo.com\/si\/wp-content\/uploads\/sites\/2\/2021\/03\/hudo-app-2.png","contentUrl":"https:\/\/hudo.com\/si\/wp-content\/uploads\/sites\/2\/2021\/03\/hudo-app-2.png","width":2185,"height":2167,"caption":"VSN Media"},"image":{"@id":"https:\/\/hudo.com\/si\/#\/schema\/logo\/image\/"},"sameAs":["https:\/\/www.facebook.com\/hudo.si","https:\/\/twitter.com\/hudo_si"]},{"@type":"Person","@id":"https:\/\/hudo.com\/si\/#\/schema\/person\/2391667a63ea075ba94f2f2dc6b77537","name":"A. G., STA","image":{"@type":"ImageObject","inLanguage":"sl-SI","@id":"https:\/\/hudo.com\/si\/#\/schema\/person\/image\/","url":"https:\/\/secure.gravatar.com\/avatar\/e13d22ac3e442658d5025fbbe6238a79?s=96&d=mm&r=g","contentUrl":"https:\/\/secure.gravatar.com\/avatar\/e13d22ac3e442658d5025fbbe6238a79?s=96&d=mm&r=g","caption":"A. G., STA"},"url":"https:\/\/hudo.com\/si\/author\/alenka\/"}]}},"amp_enabled":true,"_links":{"self":[{"href":"https:\/\/hudo.com\/si\/wp-json\/wp\/v2\/posts\/400150"}],"collection":[{"href":"https:\/\/hudo.com\/si\/wp-json\/wp\/v2\/posts"}],"about":[{"href":"https:\/\/hudo.com\/si\/wp-json\/wp\/v2\/types\/post"}],"author":[{"embeddable":true,"href":"https:\/\/hudo.com\/si\/wp-json\/wp\/v2\/users\/5"}],"replies":[{"embeddable":true,"href":"https:\/\/hudo.com\/si\/wp-json\/wp\/v2\/comments?post=400150"}],"version-history":[{"count":1,"href":"https:\/\/hudo.com\/si\/wp-json\/wp\/v2\/posts\/400150\/revisions"}],"predecessor-version":[{"id":400155,"href":"https:\/\/hudo.com\/si\/wp-json\/wp\/v2\/posts\/400150\/revisions\/400155"}],"wp:featuredmedia":[{"embeddable":true,"href":"https:\/\/hudo.com\/si\/wp-json\/wp\/v2\/media\/140552"}],"wp:attachment":[{"href":"https:\/\/hudo.com\/si\/wp-json\/wp\/v2\/media?parent=400150"}],"wp:term":[{"taxonomy":"category","embeddable":true,"href":"https:\/\/hudo.com\/si\/wp-json\/wp\/v2\/categories?post=400150"},{"taxonomy":"post_tag","embeddable":true,"href":"https:\/\/hudo.com\/si\/wp-json\/wp\/v2\/tags?post=400150"},{"taxonomy":"source","embeddable":true,"href":"https:\/\/hudo.com\/si\/wp-json\/wp\/v2\/source?post=400150"},{"taxonomy":"supertag","embeddable":true,"href":"https:\/\/hudo.com\/si\/wp-json\/wp\/v2\/supertag?post=400150"}],"curies":[{"name":"wp","href":"https:\/\/api.w.org\/{rel}","templated":true}]}}