{"id":400397,"date":"2019-06-11T13:33:55","date_gmt":"2019-06-11T11:33:55","guid":{"rendered":"http:\/\/hudo.com\/si\/?p=400397"},"modified":"2019-06-11T13:33:55","modified_gmt":"2019-06-11T11:33:55","slug":"motorist-po-hudi-nesreci-pri-kobaridu-v-zivljenjski-nevarnosti","status":"publish","type":"post","link":"https:\/\/hudo.com\/si\/aktualno\/motorist-po-hudi-nesreci-pri-kobaridu-v-zivljenjski-nevarnosti\/","title":{"rendered":"Motorist po hudi nesre\u010di pri Kobaridu v \u017eivljenjski nevarnosti"},"content":{"rendered":"<div class=\"text\">\n<p>Motorist je po informacijah policistov vozil kot prvi v skupini motoristov iz Bovca proti Kobaridu. Na ravnem delu ceste je prehiteval osebni avtomobil v \u010dasu, ko je iz nasprotne strani pravilno pripeljal 75-letni voznik osebnega avtomobila. Motorist je \u010delno tr\u010dil v prednji levi del osebnega avtomobila in se pri tem huje po\u0161kodoval.<\/p>\n<p>Zaradi nesre\u010de je bila cesta na tem odseku zaprta za ves promet, trenutno promet poteka izmeni\u010dno enosmerno. Prometni policisti namre\u010d \u0161e nadaljujejo ogled kraja nesre\u010de, so \u0161e zapisali na Policijski upravi (PU) Nova Gorica.<\/p>\n<\/div>\n","protected":false},"excerpt":{"rendered":"<p>Na regionalni cesti med Kobaridom in Bovcem se je danes nekaj pred 11. uro zgodila huda prometna nesre\u010da, v kateri se je hudo po\u0161kodoval 56-letni avstrijski voznik motornega kolesa. Dobil je hude po\u0161kodbe glave in je v \u017eivljenjski nevarnosti. S helikopterjem so ga odpeljali v ljubljanski klini\u010dni center, so sporo\u010dili s PU Nova Gorica.<\/p>\n","protected":false},"author":5,"featured_media":256237,"comment_status":"closed","ping_status":"closed","sticky":false,"template":"","format":"standard","meta":{"footnotes":""},"categories":[1179],"tags":[5995,4791,1595],"source":[4511],"supertag":[7150],"acf":[],"yoast_head":"<!-- This site is optimized with the Yoast SEO plugin v21.3 - https:\/\/yoast.com\/wordpress\/plugins\/seo\/ -->\n<title>Motorist po hudi nesre\u010di pri Kobaridu v \u017eivljenjski nevarnosti - Hudo Slovenija<\/title>\n<meta name=\"robots\" content=\"index, follow, max-snippet:-1, max-image-preview:large, max-video-preview:-1\" \/>\n<link rel=\"canonical\" href=\"https:\/\/hudo.com\/si\/aktualno\/motorist-po-hudi-nesreci-pri-kobaridu-v-zivljenjski-nevarnosti\/\" \/>\n<meta property=\"og:locale\" content=\"sl_SI\" \/>\n<meta property=\"og:type\" content=\"article\" \/>\n<meta property=\"og:title\" content=\"Motorist po hudi nesre\u010di pri Kobaridu v \u017eivljenjski nevarnosti - Hudo Slovenija\" \/>\n<meta property=\"og:description\" content=\"Na regionalni cesti med Kobaridom in Bovcem se je danes nekaj pred 11. uro zgodila huda prometna nesre\u010da, v kateri se je hudo po\u0161kodoval 56-letni avstrijski voznik motornega kolesa. Dobil je hude po\u0161kodbe glave in je v \u017eivljenjski nevarnosti. S helikopterjem so ga odpeljali v ljubljanski klini\u010dni center, so sporo\u010dili s PU Nova Gorica.\" \/>\n<meta property=\"og:url\" content=\"https:\/\/hudo.com\/si\/aktualno\/motorist-po-hudi-nesreci-pri-kobaridu-v-zivljenjski-nevarnosti\/\" \/>\n<meta property=\"og:site_name\" content=\"Hudo Slovenija\" \/>\n<meta property=\"article:publisher\" content=\"https:\/\/www.facebook.com\/hudo.si\" \/>\n<meta property=\"article:published_time\" content=\"2019-06-11T11:33:55+00:00\" \/>\n<meta property=\"og:image\" content=\"https:\/\/hudo.com\/si\/wp-content\/uploads\/sites\/2\/2017\/05\/20141110-00567217.jpg\" \/>\n\t<meta property=\"og:image:width\" content=\"640\" \/>\n\t<meta property=\"og:image:height\" content=\"547\" \/>\n\t<meta property=\"og:image:type\" content=\"image\/jpeg\" \/>\n<meta name=\"author\" content=\"A. G., STA\" \/>\n<meta name=\"twitter:card\" content=\"summary_large_image\" \/>\n<meta name=\"twitter:creator\" content=\"@hudo_si\" \/>\n<meta name=\"twitter:site\" content=\"@hudo_si\" \/>\n<meta name=\"twitter:label1\" content=\"Written by\" \/>\n\t<meta name=\"twitter:data1\" content=\"A. G., STA\" \/>\n<script type=\"application\/ld+json\" class=\"yoast-schema-graph\">{\"@context\":\"https:\/\/schema.org\",\"@graph\":[{\"@type\":\"Article\",\"@id\":\"https:\/\/hudo.com\/si\/aktualno\/motorist-po-hudi-nesreci-pri-kobaridu-v-zivljenjski-nevarnosti\/#article\",\"isPartOf\":{\"@id\":\"https:\/\/hudo.com\/si\/aktualno\/motorist-po-hudi-nesreci-pri-kobaridu-v-zivljenjski-nevarnosti\/\"},\"author\":{\"name\":\"A. G., STA\",\"@id\":\"https:\/\/hudo.com\/si\/#\/schema\/person\/2391667a63ea075ba94f2f2dc6b77537\"},\"headline\":\"Motorist po hudi nesre\u010di pri Kobaridu v \u017eivljenjski nevarnosti\",\"datePublished\":\"2019-06-11T11:33:55+00:00\",\"dateModified\":\"2019-06-11T11:33:55+00:00\",\"mainEntityOfPage\":{\"@id\":\"https:\/\/hudo.com\/si\/aktualno\/motorist-po-hudi-nesreci-pri-kobaridu-v-zivljenjski-nevarnosti\/\"},\"wordCount\":101,\"publisher\":{\"@id\":\"https:\/\/hudo.com\/si\/#organization\"},\"keywords\":[\"motoristi\",\"prometna nesre\u010da\",\"Slovenija\"],\"articleSection\":[\"Aktualno\"],\"inLanguage\":\"sl-SI\"},{\"@type\":\"WebPage\",\"@id\":\"https:\/\/hudo.com\/si\/aktualno\/motorist-po-hudi-nesreci-pri-kobaridu-v-zivljenjski-nevarnosti\/\",\"url\":\"https:\/\/hudo.com\/si\/aktualno\/motorist-po-hudi-nesreci-pri-kobaridu-v-zivljenjski-nevarnosti\/\",\"name\":\"Motorist po hudi nesre\u010di pri Kobaridu v \u017eivljenjski nevarnosti - Hudo Slovenija\",\"isPartOf\":{\"@id\":\"https:\/\/hudo.com\/si\/#website\"},\"datePublished\":\"2019-06-11T11:33:55+00:00\",\"dateModified\":\"2019-06-11T11:33:55+00:00\",\"breadcrumb\":{\"@id\":\"https:\/\/hudo.com\/si\/aktualno\/motorist-po-hudi-nesreci-pri-kobaridu-v-zivljenjski-nevarnosti\/#breadcrumb\"},\"inLanguage\":\"sl-SI\",\"potentialAction\":[{\"@type\":\"ReadAction\",\"target\":[\"https:\/\/hudo.com\/si\/aktualno\/motorist-po-hudi-nesreci-pri-kobaridu-v-zivljenjski-nevarnosti\/\"]}]},{\"@type\":\"BreadcrumbList\",\"@id\":\"https:\/\/hudo.com\/si\/aktualno\/motorist-po-hudi-nesreci-pri-kobaridu-v-zivljenjski-nevarnosti\/#breadcrumb\",\"itemListElement\":[{\"@type\":\"ListItem\",\"position\":1,\"name\":\"Home\",\"item\":\"https:\/\/hudo.com\/si\/\"},{\"@type\":\"ListItem\",\"position\":2,\"name\":\"Motorist po hudi nesre\u010di pri Kobaridu v \u017eivljenjski nevarnosti\"}]},{\"@type\":\"WebSite\",\"@id\":\"https:\/\/hudo.com\/si\/#website\",\"url\":\"https:\/\/hudo.com\/si\/\",\"name\":\"Hudo Slovenija\",\"description\":\"Vse novice iz Slovenije in sveta\",\"publisher\":{\"@id\":\"https:\/\/hudo.com\/si\/#organization\"},\"potentialAction\":[{\"@type\":\"SearchAction\",\"target\":{\"@type\":\"EntryPoint\",\"urlTemplate\":\"https:\/\/hudo.com\/si\/?s={search_term_string}\"},\"query-input\":\"required name=search_term_string\"}],\"inLanguage\":\"sl-SI\"},{\"@type\":\"Organization\",\"@id\":\"https:\/\/hudo.com\/si\/#organization\",\"name\":\"VSN Media\",\"url\":\"https:\/\/hudo.com\/si\/\",\"logo\":{\"@type\":\"ImageObject\",\"inLanguage\":\"sl-SI\",\"@id\":\"https:\/\/hudo.com\/si\/#\/schema\/logo\/image\/\",\"url\":\"https:\/\/hudo.com\/si\/wp-content\/uploads\/sites\/2\/2021\/03\/hudo-app-2.png\",\"contentUrl\":\"https:\/\/hudo.com\/si\/wp-content\/uploads\/sites\/2\/2021\/03\/hudo-app-2.png\",\"width\":2185,\"height\":2167,\"caption\":\"VSN Media\"},\"image\":{\"@id\":\"https:\/\/hudo.com\/si\/#\/schema\/logo\/image\/\"},\"sameAs\":[\"https:\/\/www.facebook.com\/hudo.si\",\"https:\/\/twitter.com\/hudo_si\"]},{\"@type\":\"Person\",\"@id\":\"https:\/\/hudo.com\/si\/#\/schema\/person\/2391667a63ea075ba94f2f2dc6b77537\",\"name\":\"A. G., STA\",\"image\":{\"@type\":\"ImageObject\",\"inLanguage\":\"sl-SI\",\"@id\":\"https:\/\/hudo.com\/si\/#\/schema\/person\/image\/\",\"url\":\"https:\/\/secure.gravatar.com\/avatar\/e13d22ac3e442658d5025fbbe6238a79?s=96&d=mm&r=g\",\"contentUrl\":\"https:\/\/secure.gravatar.com\/avatar\/e13d22ac3e442658d5025fbbe6238a79?s=96&d=mm&r=g\",\"caption\":\"A. G., STA\"},\"url\":\"https:\/\/hudo.com\/si\/author\/alenka\/\"}]}<\/script>\n<!-- \/ Yoast SEO plugin. -->","yoast_head_json":{"title":"Motorist po hudi nesre\u010di pri Kobaridu v \u017eivljenjski nevarnosti - Hudo Slovenija","robots":{"index":"index","follow":"follow","max-snippet":"max-snippet:-1","max-image-preview":"max-image-preview:large","max-video-preview":"max-video-preview:-1"},"canonical":"https:\/\/hudo.com\/si\/aktualno\/motorist-po-hudi-nesreci-pri-kobaridu-v-zivljenjski-nevarnosti\/","og_locale":"sl_SI","og_type":"article","og_title":"Motorist po hudi nesre\u010di pri Kobaridu v \u017eivljenjski nevarnosti - Hudo Slovenija","og_description":"Na regionalni cesti med Kobaridom in Bovcem se je danes nekaj pred 11. uro zgodila huda prometna nesre\u010da, v kateri se je hudo po\u0161kodoval 56-letni avstrijski voznik motornega kolesa. Dobil je hude po\u0161kodbe glave in je v \u017eivljenjski nevarnosti. S helikopterjem so ga odpeljali v ljubljanski klini\u010dni center, so sporo\u010dili s PU Nova Gorica.","og_url":"https:\/\/hudo.com\/si\/aktualno\/motorist-po-hudi-nesreci-pri-kobaridu-v-zivljenjski-nevarnosti\/","og_site_name":"Hudo Slovenija","article_publisher":"https:\/\/www.facebook.com\/hudo.si","article_published_time":"2019-06-11T11:33:55+00:00","og_image":[{"width":640,"height":547,"url":"https:\/\/hudo.com\/si\/wp-content\/uploads\/sites\/2\/2017\/05\/20141110-00567217.jpg","type":"image\/jpeg"}],"author":"A. G., STA","twitter_card":"summary_large_image","twitter_creator":"@hudo_si","twitter_site":"@hudo_si","twitter_misc":{"Written by":"A. G., STA"},"schema":{"@context":"https:\/\/schema.org","@graph":[{"@type":"Article","@id":"https:\/\/hudo.com\/si\/aktualno\/motorist-po-hudi-nesreci-pri-kobaridu-v-zivljenjski-nevarnosti\/#article","isPartOf":{"@id":"https:\/\/hudo.com\/si\/aktualno\/motorist-po-hudi-nesreci-pri-kobaridu-v-zivljenjski-nevarnosti\/"},"author":{"name":"A. G., STA","@id":"https:\/\/hudo.com\/si\/#\/schema\/person\/2391667a63ea075ba94f2f2dc6b77537"},"headline":"Motorist po hudi nesre\u010di pri Kobaridu v \u017eivljenjski nevarnosti","datePublished":"2019-06-11T11:33:55+00:00","dateModified":"2019-06-11T11:33:55+00:00","mainEntityOfPage":{"@id":"https:\/\/hudo.com\/si\/aktualno\/motorist-po-hudi-nesreci-pri-kobaridu-v-zivljenjski-nevarnosti\/"},"wordCount":101,"publisher":{"@id":"https:\/\/hudo.com\/si\/#organization"},"keywords":["motoristi","prometna nesre\u010da","Slovenija"],"articleSection":["Aktualno"],"inLanguage":"sl-SI"},{"@type":"WebPage","@id":"https:\/\/hudo.com\/si\/aktualno\/motorist-po-hudi-nesreci-pri-kobaridu-v-zivljenjski-nevarnosti\/","url":"https:\/\/hudo.com\/si\/aktualno\/motorist-po-hudi-nesreci-pri-kobaridu-v-zivljenjski-nevarnosti\/","name":"Motorist po hudi nesre\u010di pri Kobaridu v \u017eivljenjski nevarnosti - Hudo Slovenija","isPartOf":{"@id":"https:\/\/hudo.com\/si\/#website"},"datePublished":"2019-06-11T11:33:55+00:00","dateModified":"2019-06-11T11:33:55+00:00","breadcrumb":{"@id":"https:\/\/hudo.com\/si\/aktualno\/motorist-po-hudi-nesreci-pri-kobaridu-v-zivljenjski-nevarnosti\/#breadcrumb"},"inLanguage":"sl-SI","potentialAction":[{"@type":"ReadAction","target":["https:\/\/hudo.com\/si\/aktualno\/motorist-po-hudi-nesreci-pri-kobaridu-v-zivljenjski-nevarnosti\/"]}]},{"@type":"BreadcrumbList","@id":"https:\/\/hudo.com\/si\/aktualno\/motorist-po-hudi-nesreci-pri-kobaridu-v-zivljenjski-nevarnosti\/#breadcrumb","itemListElement":[{"@type":"ListItem","position":1,"name":"Home","item":"https:\/\/hudo.com\/si\/"},{"@type":"ListItem","position":2,"name":"Motorist po hudi nesre\u010di pri Kobaridu v \u017eivljenjski nevarnosti"}]},{"@type":"WebSite","@id":"https:\/\/hudo.com\/si\/#website","url":"https:\/\/hudo.com\/si\/","name":"Hudo Slovenija","description":"Vse novice iz Slovenije in sveta","publisher":{"@id":"https:\/\/hudo.com\/si\/#organization"},"potentialAction":[{"@type":"SearchAction","target":{"@type":"EntryPoint","urlTemplate":"https:\/\/hudo.com\/si\/?s={search_term_string}"},"query-input":"required name=search_term_string"}],"inLanguage":"sl-SI"},{"@type":"Organization","@id":"https:\/\/hudo.com\/si\/#organization","name":"VSN Media","url":"https:\/\/hudo.com\/si\/","logo":{"@type":"ImageObject","inLanguage":"sl-SI","@id":"https:\/\/hudo.com\/si\/#\/schema\/logo\/image\/","url":"https:\/\/hudo.com\/si\/wp-content\/uploads\/sites\/2\/2021\/03\/hudo-app-2.png","contentUrl":"https:\/\/hudo.com\/si\/wp-content\/uploads\/sites\/2\/2021\/03\/hudo-app-2.png","width":2185,"height":2167,"caption":"VSN Media"},"image":{"@id":"https:\/\/hudo.com\/si\/#\/schema\/logo\/image\/"},"sameAs":["https:\/\/www.facebook.com\/hudo.si","https:\/\/twitter.com\/hudo_si"]},{"@type":"Person","@id":"https:\/\/hudo.com\/si\/#\/schema\/person\/2391667a63ea075ba94f2f2dc6b77537","name":"A. G., STA","image":{"@type":"ImageObject","inLanguage":"sl-SI","@id":"https:\/\/hudo.com\/si\/#\/schema\/person\/image\/","url":"https:\/\/secure.gravatar.com\/avatar\/e13d22ac3e442658d5025fbbe6238a79?s=96&d=mm&r=g","contentUrl":"https:\/\/secure.gravatar.com\/avatar\/e13d22ac3e442658d5025fbbe6238a79?s=96&d=mm&r=g","caption":"A. G., STA"},"url":"https:\/\/hudo.com\/si\/author\/alenka\/"}]}},"amp_enabled":true,"_links":{"self":[{"href":"https:\/\/hudo.com\/si\/wp-json\/wp\/v2\/posts\/400397"}],"collection":[{"href":"https:\/\/hudo.com\/si\/wp-json\/wp\/v2\/posts"}],"about":[{"href":"https:\/\/hudo.com\/si\/wp-json\/wp\/v2\/types\/post"}],"author":[{"embeddable":true,"href":"https:\/\/hudo.com\/si\/wp-json\/wp\/v2\/users\/5"}],"replies":[{"embeddable":true,"href":"https:\/\/hudo.com\/si\/wp-json\/wp\/v2\/comments?post=400397"}],"version-history":[{"count":1,"href":"https:\/\/hudo.com\/si\/wp-json\/wp\/v2\/posts\/400397\/revisions"}],"predecessor-version":[{"id":400398,"href":"https:\/\/hudo.com\/si\/wp-json\/wp\/v2\/posts\/400397\/revisions\/400398"}],"wp:featuredmedia":[{"embeddable":true,"href":"https:\/\/hudo.com\/si\/wp-json\/wp\/v2\/media\/256237"}],"wp:attachment":[{"href":"https:\/\/hudo.com\/si\/wp-json\/wp\/v2\/media?parent=400397"}],"wp:term":[{"taxonomy":"category","embeddable":true,"href":"https:\/\/hudo.com\/si\/wp-json\/wp\/v2\/categories?post=400397"},{"taxonomy":"post_tag","embeddable":true,"href":"https:\/\/hudo.com\/si\/wp-json\/wp\/v2\/tags?post=400397"},{"taxonomy":"source","embeddable":true,"href":"https:\/\/hudo.com\/si\/wp-json\/wp\/v2\/source?post=400397"},{"taxonomy":"supertag","embeddable":true,"href":"https:\/\/hudo.com\/si\/wp-json\/wp\/v2\/supertag?post=400397"}],"curies":[{"name":"wp","href":"https:\/\/api.w.org\/{rel}","templated":true}]}}