{"id":400438,"date":"2019-06-11T22:45:49","date_gmt":"2019-06-11T20:45:49","guid":{"rendered":"http:\/\/hudo.com\/si\/?p=400438"},"modified":"2019-06-11T22:45:49","modified_gmt":"2019-06-11T20:45:49","slug":"kosovo-je-danes-nekdanjega-ameriskega-predsednika-billa-clintona-odlikovalo-z-redom-svobode","status":"publish","type":"post","link":"https:\/\/hudo.com\/si\/aktualno\/kosovo-je-danes-nekdanjega-ameriskega-predsednika-billa-clintona-odlikovalo-z-redom-svobode\/","title":{"rendered":"Kosovo je danes nekdanjega ameri\u0161kega predsednika Billa Clintona odlikovalo z redom svobode"},"content":{"rendered":"<p>&#8220;Nobeno odlikovanje ne more nagraditi va\u0161ega prispevka, najvi\u0161je odlikovanje, ki ga lahko prejmete, je svoboda samega Kosova,&#8221; je ob podelitvi reda svobode povedal kosovski predsednik Hashim Thaci.<\/p>\n<p>Nekdanji predsednik ZDA je dejal, da bo vedno ponosen na svoj prispevek. &#8220;Zgodilo se je, da sem bil predsednik ZDA, ko ste potrebovali nekoga, da re\u010de, dovolj je etni\u010dnega \u010di\u0161\u010denja, dovolj je be\u017eanja ljudi z njihovih domov in dovolj je ubijanja nedol\u017enih civilistov. Mora biti druga pot,&#8221; je poudaril.<\/p>\n<p>Clinton je povedal \u0161e, da je bila tedaj kosovska neodvisnost ena redkih stvari, o katerih so se strinjali vsi Ameri\u010dani.<\/p>\n<p>V sredo bo Clinton nagovoril tudi zbrane na slovesnosti ob 20. obletnici vstopa Natovih sil na Kosovo. 12. junija 1999 so namre\u010d enote zavezni\u0161tva vstopile na Kosovo in od tam dokon\u010dno pregnale srbske sile, ki so se borile proti kosovskim Albancem. S tem pa se je kon\u010dala tudi vojna na Kosovu. Clinton je tedaj kot predsednik ZDA ameri\u0161kim silam odredil, da se pridru\u017eijo Natovi operaciji na Kosovu.<\/p>\n<p>Kmalu zatem je Kosovo postalo protektorat Zdru\u017eenih narodov, samostojnost pa je razglasilo leta 2008. Srbija \u0161e vedno ne priznava njegove samostojnosti in prepre\u010duje, da bi jo priznala celotna mednarodna skupnost.<\/p>\n<p>V zadnjem \u010dasu so sicer pogajanja med stranema, ki potekajo pod okriljem Bruslja, povsem zastala zaradi uvedbe kosovskih carin na uvoz iz Srbije.<\/p>\n","protected":false},"excerpt":{"rendered":"<p>To so storili v zahvalo za njegovo podporo pri pregonu srbskih sil s Kosova pred 20 leti, poro\u010da francoska tiskovna agencija AFP.<\/p>\n","protected":false},"author":8,"featured_media":400439,"comment_status":"closed","ping_status":"closed","sticky":false,"template":"","format":"standard","meta":{"footnotes":""},"categories":[1179],"tags":[2013,6591],"source":[4511],"supertag":[6103],"acf":[],"yoast_head":"<!-- This site is optimized with the Yoast SEO plugin v21.3 - https:\/\/yoast.com\/wordpress\/plugins\/seo\/ -->\n<title>Kosovo je danes nekdanjega ameri\u0161kega predsednika Billa Clintona odlikovalo z redom svobode - Hudo Slovenija<\/title>\n<meta name=\"robots\" content=\"index, follow, max-snippet:-1, max-image-preview:large, max-video-preview:-1\" \/>\n<link rel=\"canonical\" href=\"https:\/\/hudo.com\/si\/aktualno\/kosovo-je-danes-nekdanjega-ameriskega-predsednika-billa-clintona-odlikovalo-z-redom-svobode\/\" \/>\n<meta property=\"og:locale\" content=\"sl_SI\" \/>\n<meta property=\"og:type\" content=\"article\" \/>\n<meta property=\"og:title\" content=\"Kosovo je danes nekdanjega ameri\u0161kega predsednika Billa Clintona odlikovalo z redom svobode - Hudo Slovenija\" \/>\n<meta property=\"og:description\" content=\"To so storili v zahvalo za njegovo podporo pri pregonu srbskih sil s Kosova pred 20 leti, poro\u010da francoska tiskovna agencija AFP.\" \/>\n<meta property=\"og:url\" content=\"https:\/\/hudo.com\/si\/aktualno\/kosovo-je-danes-nekdanjega-ameriskega-predsednika-billa-clintona-odlikovalo-z-redom-svobode\/\" \/>\n<meta property=\"og:site_name\" content=\"Hudo Slovenija\" \/>\n<meta property=\"article:publisher\" content=\"https:\/\/www.facebook.com\/hudo.si\" \/>\n<meta property=\"article:published_time\" content=\"2019-06-11T20:45:49+00:00\" \/>\n<meta property=\"og:image\" content=\"https:\/\/hudo.com\/si\/wp-content\/uploads\/sites\/2\/2019\/06\/profimedia-0445881139.jpg\" \/>\n\t<meta property=\"og:image:width\" content=\"1250\" \/>\n\t<meta property=\"og:image:height\" content=\"698\" \/>\n\t<meta property=\"og:image:type\" content=\"image\/jpeg\" \/>\n<meta name=\"author\" content=\"M. N., STA\" \/>\n<meta name=\"twitter:card\" content=\"summary_large_image\" \/>\n<meta name=\"twitter:creator\" content=\"@hudo_si\" \/>\n<meta name=\"twitter:site\" content=\"@hudo_si\" \/>\n<meta name=\"twitter:label1\" content=\"Written by\" \/>\n\t<meta name=\"twitter:data1\" content=\"M. N., STA\" \/>\n\t<meta name=\"twitter:label2\" content=\"Est. reading time\" \/>\n\t<meta name=\"twitter:data2\" content=\"1 minuta\" \/>\n<script type=\"application\/ld+json\" class=\"yoast-schema-graph\">{\"@context\":\"https:\/\/schema.org\",\"@graph\":[{\"@type\":\"Article\",\"@id\":\"https:\/\/hudo.com\/si\/aktualno\/kosovo-je-danes-nekdanjega-ameriskega-predsednika-billa-clintona-odlikovalo-z-redom-svobode\/#article\",\"isPartOf\":{\"@id\":\"https:\/\/hudo.com\/si\/aktualno\/kosovo-je-danes-nekdanjega-ameriskega-predsednika-billa-clintona-odlikovalo-z-redom-svobode\/\"},\"author\":{\"name\":\"M. N., STA\",\"@id\":\"https:\/\/hudo.com\/si\/#\/schema\/person\/c2f10ce65d2e6ede2aeda5be2a0611fa\"},\"headline\":\"Kosovo je danes nekdanjega ameri\u0161kega predsednika Billa Clintona odlikovalo z redom svobode\",\"datePublished\":\"2019-06-11T20:45:49+00:00\",\"dateModified\":\"2019-06-11T20:45:49+00:00\",\"mainEntityOfPage\":{\"@id\":\"https:\/\/hudo.com\/si\/aktualno\/kosovo-je-danes-nekdanjega-ameriskega-predsednika-billa-clintona-odlikovalo-z-redom-svobode\/\"},\"wordCount\":240,\"publisher\":{\"@id\":\"https:\/\/hudo.com\/si\/#organization\"},\"keywords\":[\"Bill Clinton\",\"kosovo\"],\"articleSection\":[\"Aktualno\"],\"inLanguage\":\"sl-SI\"},{\"@type\":\"WebPage\",\"@id\":\"https:\/\/hudo.com\/si\/aktualno\/kosovo-je-danes-nekdanjega-ameriskega-predsednika-billa-clintona-odlikovalo-z-redom-svobode\/\",\"url\":\"https:\/\/hudo.com\/si\/aktualno\/kosovo-je-danes-nekdanjega-ameriskega-predsednika-billa-clintona-odlikovalo-z-redom-svobode\/\",\"name\":\"Kosovo je danes nekdanjega ameri\u0161kega predsednika Billa Clintona odlikovalo z redom svobode - Hudo Slovenija\",\"isPartOf\":{\"@id\":\"https:\/\/hudo.com\/si\/#website\"},\"datePublished\":\"2019-06-11T20:45:49+00:00\",\"dateModified\":\"2019-06-11T20:45:49+00:00\",\"breadcrumb\":{\"@id\":\"https:\/\/hudo.com\/si\/aktualno\/kosovo-je-danes-nekdanjega-ameriskega-predsednika-billa-clintona-odlikovalo-z-redom-svobode\/#breadcrumb\"},\"inLanguage\":\"sl-SI\",\"potentialAction\":[{\"@type\":\"ReadAction\",\"target\":[\"https:\/\/hudo.com\/si\/aktualno\/kosovo-je-danes-nekdanjega-ameriskega-predsednika-billa-clintona-odlikovalo-z-redom-svobode\/\"]}]},{\"@type\":\"BreadcrumbList\",\"@id\":\"https:\/\/hudo.com\/si\/aktualno\/kosovo-je-danes-nekdanjega-ameriskega-predsednika-billa-clintona-odlikovalo-z-redom-svobode\/#breadcrumb\",\"itemListElement\":[{\"@type\":\"ListItem\",\"position\":1,\"name\":\"Home\",\"item\":\"https:\/\/hudo.com\/si\/\"},{\"@type\":\"ListItem\",\"position\":2,\"name\":\"Kosovo je danes nekdanjega ameri\u0161kega predsednika Billa Clintona odlikovalo z redom svobode\"}]},{\"@type\":\"WebSite\",\"@id\":\"https:\/\/hudo.com\/si\/#website\",\"url\":\"https:\/\/hudo.com\/si\/\",\"name\":\"Hudo Slovenija\",\"description\":\"Vse novice iz Slovenije in sveta\",\"publisher\":{\"@id\":\"https:\/\/hudo.com\/si\/#organization\"},\"potentialAction\":[{\"@type\":\"SearchAction\",\"target\":{\"@type\":\"EntryPoint\",\"urlTemplate\":\"https:\/\/hudo.com\/si\/?s={search_term_string}\"},\"query-input\":\"required name=search_term_string\"}],\"inLanguage\":\"sl-SI\"},{\"@type\":\"Organization\",\"@id\":\"https:\/\/hudo.com\/si\/#organization\",\"name\":\"VSN Media\",\"url\":\"https:\/\/hudo.com\/si\/\",\"logo\":{\"@type\":\"ImageObject\",\"inLanguage\":\"sl-SI\",\"@id\":\"https:\/\/hudo.com\/si\/#\/schema\/logo\/image\/\",\"url\":\"https:\/\/hudo.com\/si\/wp-content\/uploads\/sites\/2\/2021\/03\/hudo-app-2.png\",\"contentUrl\":\"https:\/\/hudo.com\/si\/wp-content\/uploads\/sites\/2\/2021\/03\/hudo-app-2.png\",\"width\":2185,\"height\":2167,\"caption\":\"VSN Media\"},\"image\":{\"@id\":\"https:\/\/hudo.com\/si\/#\/schema\/logo\/image\/\"},\"sameAs\":[\"https:\/\/www.facebook.com\/hudo.si\",\"https:\/\/twitter.com\/hudo_si\"]},{\"@type\":\"Person\",\"@id\":\"https:\/\/hudo.com\/si\/#\/schema\/person\/c2f10ce65d2e6ede2aeda5be2a0611fa\",\"name\":\"M. N., STA\",\"image\":{\"@type\":\"ImageObject\",\"inLanguage\":\"sl-SI\",\"@id\":\"https:\/\/hudo.com\/si\/#\/schema\/person\/image\/\",\"url\":\"https:\/\/secure.gravatar.com\/avatar\/f370d38daa10467f755c5c766a4cac20?s=96&d=mm&r=g\",\"contentUrl\":\"https:\/\/secure.gravatar.com\/avatar\/f370d38daa10467f755c5c766a4cac20?s=96&d=mm&r=g\",\"caption\":\"M. N., STA\"},\"url\":\"https:\/\/hudo.com\/si\/author\/mana\/\"}]}<\/script>\n<!-- \/ Yoast SEO plugin. -->","yoast_head_json":{"title":"Kosovo je danes nekdanjega ameri\u0161kega predsednika Billa Clintona odlikovalo z redom svobode - Hudo Slovenija","robots":{"index":"index","follow":"follow","max-snippet":"max-snippet:-1","max-image-preview":"max-image-preview:large","max-video-preview":"max-video-preview:-1"},"canonical":"https:\/\/hudo.com\/si\/aktualno\/kosovo-je-danes-nekdanjega-ameriskega-predsednika-billa-clintona-odlikovalo-z-redom-svobode\/","og_locale":"sl_SI","og_type":"article","og_title":"Kosovo je danes nekdanjega ameri\u0161kega predsednika Billa Clintona odlikovalo z redom svobode - Hudo Slovenija","og_description":"To so storili v zahvalo za njegovo podporo pri pregonu srbskih sil s Kosova pred 20 leti, poro\u010da francoska tiskovna agencija AFP.","og_url":"https:\/\/hudo.com\/si\/aktualno\/kosovo-je-danes-nekdanjega-ameriskega-predsednika-billa-clintona-odlikovalo-z-redom-svobode\/","og_site_name":"Hudo Slovenija","article_publisher":"https:\/\/www.facebook.com\/hudo.si","article_published_time":"2019-06-11T20:45:49+00:00","og_image":[{"width":1250,"height":698,"url":"https:\/\/hudo.com\/si\/wp-content\/uploads\/sites\/2\/2019\/06\/profimedia-0445881139.jpg","type":"image\/jpeg"}],"author":"M. N., STA","twitter_card":"summary_large_image","twitter_creator":"@hudo_si","twitter_site":"@hudo_si","twitter_misc":{"Written by":"M. N., STA","Est. reading time":"1 minuta"},"schema":{"@context":"https:\/\/schema.org","@graph":[{"@type":"Article","@id":"https:\/\/hudo.com\/si\/aktualno\/kosovo-je-danes-nekdanjega-ameriskega-predsednika-billa-clintona-odlikovalo-z-redom-svobode\/#article","isPartOf":{"@id":"https:\/\/hudo.com\/si\/aktualno\/kosovo-je-danes-nekdanjega-ameriskega-predsednika-billa-clintona-odlikovalo-z-redom-svobode\/"},"author":{"name":"M. N., STA","@id":"https:\/\/hudo.com\/si\/#\/schema\/person\/c2f10ce65d2e6ede2aeda5be2a0611fa"},"headline":"Kosovo je danes nekdanjega ameri\u0161kega predsednika Billa Clintona odlikovalo z redom svobode","datePublished":"2019-06-11T20:45:49+00:00","dateModified":"2019-06-11T20:45:49+00:00","mainEntityOfPage":{"@id":"https:\/\/hudo.com\/si\/aktualno\/kosovo-je-danes-nekdanjega-ameriskega-predsednika-billa-clintona-odlikovalo-z-redom-svobode\/"},"wordCount":240,"publisher":{"@id":"https:\/\/hudo.com\/si\/#organization"},"keywords":["Bill Clinton","kosovo"],"articleSection":["Aktualno"],"inLanguage":"sl-SI"},{"@type":"WebPage","@id":"https:\/\/hudo.com\/si\/aktualno\/kosovo-je-danes-nekdanjega-ameriskega-predsednika-billa-clintona-odlikovalo-z-redom-svobode\/","url":"https:\/\/hudo.com\/si\/aktualno\/kosovo-je-danes-nekdanjega-ameriskega-predsednika-billa-clintona-odlikovalo-z-redom-svobode\/","name":"Kosovo je danes nekdanjega ameri\u0161kega predsednika Billa Clintona odlikovalo z redom svobode - Hudo Slovenija","isPartOf":{"@id":"https:\/\/hudo.com\/si\/#website"},"datePublished":"2019-06-11T20:45:49+00:00","dateModified":"2019-06-11T20:45:49+00:00","breadcrumb":{"@id":"https:\/\/hudo.com\/si\/aktualno\/kosovo-je-danes-nekdanjega-ameriskega-predsednika-billa-clintona-odlikovalo-z-redom-svobode\/#breadcrumb"},"inLanguage":"sl-SI","potentialAction":[{"@type":"ReadAction","target":["https:\/\/hudo.com\/si\/aktualno\/kosovo-je-danes-nekdanjega-ameriskega-predsednika-billa-clintona-odlikovalo-z-redom-svobode\/"]}]},{"@type":"BreadcrumbList","@id":"https:\/\/hudo.com\/si\/aktualno\/kosovo-je-danes-nekdanjega-ameriskega-predsednika-billa-clintona-odlikovalo-z-redom-svobode\/#breadcrumb","itemListElement":[{"@type":"ListItem","position":1,"name":"Home","item":"https:\/\/hudo.com\/si\/"},{"@type":"ListItem","position":2,"name":"Kosovo je danes nekdanjega ameri\u0161kega predsednika Billa Clintona odlikovalo z redom svobode"}]},{"@type":"WebSite","@id":"https:\/\/hudo.com\/si\/#website","url":"https:\/\/hudo.com\/si\/","name":"Hudo Slovenija","description":"Vse novice iz Slovenije in sveta","publisher":{"@id":"https:\/\/hudo.com\/si\/#organization"},"potentialAction":[{"@type":"SearchAction","target":{"@type":"EntryPoint","urlTemplate":"https:\/\/hudo.com\/si\/?s={search_term_string}"},"query-input":"required name=search_term_string"}],"inLanguage":"sl-SI"},{"@type":"Organization","@id":"https:\/\/hudo.com\/si\/#organization","name":"VSN Media","url":"https:\/\/hudo.com\/si\/","logo":{"@type":"ImageObject","inLanguage":"sl-SI","@id":"https:\/\/hudo.com\/si\/#\/schema\/logo\/image\/","url":"https:\/\/hudo.com\/si\/wp-content\/uploads\/sites\/2\/2021\/03\/hudo-app-2.png","contentUrl":"https:\/\/hudo.com\/si\/wp-content\/uploads\/sites\/2\/2021\/03\/hudo-app-2.png","width":2185,"height":2167,"caption":"VSN Media"},"image":{"@id":"https:\/\/hudo.com\/si\/#\/schema\/logo\/image\/"},"sameAs":["https:\/\/www.facebook.com\/hudo.si","https:\/\/twitter.com\/hudo_si"]},{"@type":"Person","@id":"https:\/\/hudo.com\/si\/#\/schema\/person\/c2f10ce65d2e6ede2aeda5be2a0611fa","name":"M. N., STA","image":{"@type":"ImageObject","inLanguage":"sl-SI","@id":"https:\/\/hudo.com\/si\/#\/schema\/person\/image\/","url":"https:\/\/secure.gravatar.com\/avatar\/f370d38daa10467f755c5c766a4cac20?s=96&d=mm&r=g","contentUrl":"https:\/\/secure.gravatar.com\/avatar\/f370d38daa10467f755c5c766a4cac20?s=96&d=mm&r=g","caption":"M. N., STA"},"url":"https:\/\/hudo.com\/si\/author\/mana\/"}]}},"amp_enabled":true,"_links":{"self":[{"href":"https:\/\/hudo.com\/si\/wp-json\/wp\/v2\/posts\/400438"}],"collection":[{"href":"https:\/\/hudo.com\/si\/wp-json\/wp\/v2\/posts"}],"about":[{"href":"https:\/\/hudo.com\/si\/wp-json\/wp\/v2\/types\/post"}],"author":[{"embeddable":true,"href":"https:\/\/hudo.com\/si\/wp-json\/wp\/v2\/users\/8"}],"replies":[{"embeddable":true,"href":"https:\/\/hudo.com\/si\/wp-json\/wp\/v2\/comments?post=400438"}],"version-history":[{"count":1,"href":"https:\/\/hudo.com\/si\/wp-json\/wp\/v2\/posts\/400438\/revisions"}],"predecessor-version":[{"id":400440,"href":"https:\/\/hudo.com\/si\/wp-json\/wp\/v2\/posts\/400438\/revisions\/400440"}],"wp:featuredmedia":[{"embeddable":true,"href":"https:\/\/hudo.com\/si\/wp-json\/wp\/v2\/media\/400439"}],"wp:attachment":[{"href":"https:\/\/hudo.com\/si\/wp-json\/wp\/v2\/media?parent=400438"}],"wp:term":[{"taxonomy":"category","embeddable":true,"href":"https:\/\/hudo.com\/si\/wp-json\/wp\/v2\/categories?post=400438"},{"taxonomy":"post_tag","embeddable":true,"href":"https:\/\/hudo.com\/si\/wp-json\/wp\/v2\/tags?post=400438"},{"taxonomy":"source","embeddable":true,"href":"https:\/\/hudo.com\/si\/wp-json\/wp\/v2\/source?post=400438"},{"taxonomy":"supertag","embeddable":true,"href":"https:\/\/hudo.com\/si\/wp-json\/wp\/v2\/supertag?post=400438"}],"curies":[{"name":"wp","href":"https:\/\/api.w.org\/{rel}","templated":true}]}}