{"id":400460,"date":"2019-06-12T09:51:44","date_gmt":"2019-06-12T07:51:44","guid":{"rendered":"http:\/\/hudo.com\/si\/?p=400460"},"modified":"2019-06-12T09:51:44","modified_gmt":"2019-06-12T07:51:44","slug":"vreme-danes-bo-pretezno-jasno-popoldne-lahko-nastane-kaksna-nevihta","status":"publish","type":"post","link":"https:\/\/hudo.com\/si\/aktualno\/vreme-danes-bo-pretezno-jasno-popoldne-lahko-nastane-kaksna-nevihta\/","title":{"rendered":"Vreme: Danes bo prete\u017eno jasno, popoldne lahko nastane kak\u0161na nevihta"},"content":{"rendered":"<p>V \u010detrtek bo prete\u017eno jasno. Pihal bo \u0161ibek do zmeren jugozahodnik. Najni\u017eje jutranje temperature bodo od 12 do 17, ob morju okoli 19, najvi\u0161je dnevne od 26 do 32 stopinj Celzija.<\/p>\n<p>Obeti: V petek in soboto bo son\u010dno in vro\u010de.<\/p>\n<p>Vremenska slika: Zra\u010dni tlak nad Alpami in severnim Sredozemljem se je nekoliko okrepil. Vremenska fronta se zadr\u017euje severno od Alp. Nad na\u0161e kraje od juga doteka precej topel in postopno nekoliko bolj suh zrak.<\/p>\n<p>Napoved za sosednje pokrajine: Danes bo prete\u017eno jasno, predvsem na obmo\u010dju Alp bo popoldne nastala kak\u0161na nevihta. Ob severnem Jadranu bo pihal \u0161ibak jugo. V \u010detrtek bo prete\u017eno jasno, v Alpah je popoldne \u0161e mo\u017ena kak\u0161na nevihta. Vro\u010de bo.<\/p>\n<p>Biovreme: Po ni\u017einah, \u0161e posebej pa v mestih, bo sredi dneva in zgodaj popoldne velika toplotna obremenitev. Takrat se je priporo\u010dljivo izogibati ve\u010djim naporom na prostem, u\u017eivati dovolj teko\u010dine in lahko hrano. Napornej\u0161a dela naj se opravijo zjutraj in dopoldne ali zve\u010der, ko vro\u010dina popusti. Prostori naj se zra\u010dijo pono\u010di in zjutraj. Ob\u010dutljivi ljudje bodo lahko imeli manj\u0161e vremensko pogojene te\u017eave.<\/p>\n","protected":false},"excerpt":{"rendered":"<p>Pihal bo \u0161ibek ju\u017eni do jugovzhodni veter. Najvi\u0161je dnevne temperature bodo od 27 do 32 stopinj Celzija, je zapisano na spletnih straneh Agencije RS za okolje.<\/p>\n","protected":false},"author":8,"featured_media":400462,"comment_status":"closed","ping_status":"closed","sticky":false,"template":"","format":"standard","meta":{"footnotes":""},"categories":[1179],"tags":[1595,2149],"source":[4511],"supertag":[],"acf":[],"yoast_head":"<!-- This site is optimized with the Yoast SEO plugin v21.3 - https:\/\/yoast.com\/wordpress\/plugins\/seo\/ -->\n<title>Vreme: Danes bo prete\u017eno jasno, popoldne lahko nastane kak\u0161na nevihta - Hudo Slovenija<\/title>\n<meta name=\"robots\" content=\"index, follow, max-snippet:-1, max-image-preview:large, max-video-preview:-1\" \/>\n<link rel=\"canonical\" href=\"https:\/\/hudo.com\/si\/aktualno\/vreme-danes-bo-pretezno-jasno-popoldne-lahko-nastane-kaksna-nevihta\/\" \/>\n<meta property=\"og:locale\" content=\"sl_SI\" \/>\n<meta property=\"og:type\" content=\"article\" \/>\n<meta property=\"og:title\" content=\"Vreme: Danes bo prete\u017eno jasno, popoldne lahko nastane kak\u0161na nevihta - Hudo Slovenija\" \/>\n<meta property=\"og:description\" content=\"Pihal bo \u0161ibek ju\u017eni do jugovzhodni veter. Najvi\u0161je dnevne temperature bodo od 27 do 32 stopinj Celzija, je zapisano na spletnih straneh Agencije RS za okolje.\" \/>\n<meta property=\"og:url\" content=\"https:\/\/hudo.com\/si\/aktualno\/vreme-danes-bo-pretezno-jasno-popoldne-lahko-nastane-kaksna-nevihta\/\" \/>\n<meta property=\"og:site_name\" content=\"Hudo Slovenija\" \/>\n<meta property=\"article:publisher\" content=\"https:\/\/www.facebook.com\/hudo.si\" \/>\n<meta property=\"article:published_time\" content=\"2019-06-12T07:51:44+00:00\" \/>\n<meta property=\"og:image\" content=\"https:\/\/hudo.com\/si\/wp-content\/uploads\/sites\/2\/2019\/06\/profimedia-0296975612.jpg\" \/>\n\t<meta property=\"og:image:width\" content=\"1250\" \/>\n\t<meta property=\"og:image:height\" content=\"937\" \/>\n\t<meta property=\"og:image:type\" content=\"image\/jpeg\" \/>\n<meta name=\"author\" content=\"M. N., STA\" \/>\n<meta name=\"twitter:card\" content=\"summary_large_image\" \/>\n<meta name=\"twitter:creator\" content=\"@hudo_si\" \/>\n<meta name=\"twitter:site\" content=\"@hudo_si\" \/>\n<meta name=\"twitter:label1\" content=\"Written by\" \/>\n\t<meta name=\"twitter:data1\" content=\"M. N., STA\" \/>\n\t<meta name=\"twitter:label2\" content=\"Est. reading time\" \/>\n\t<meta name=\"twitter:data2\" content=\"1 minuta\" \/>\n<script type=\"application\/ld+json\" class=\"yoast-schema-graph\">{\"@context\":\"https:\/\/schema.org\",\"@graph\":[{\"@type\":\"Article\",\"@id\":\"https:\/\/hudo.com\/si\/aktualno\/vreme-danes-bo-pretezno-jasno-popoldne-lahko-nastane-kaksna-nevihta\/#article\",\"isPartOf\":{\"@id\":\"https:\/\/hudo.com\/si\/aktualno\/vreme-danes-bo-pretezno-jasno-popoldne-lahko-nastane-kaksna-nevihta\/\"},\"author\":{\"name\":\"M. N., STA\",\"@id\":\"https:\/\/hudo.com\/si\/#\/schema\/person\/c2f10ce65d2e6ede2aeda5be2a0611fa\"},\"headline\":\"Vreme: Danes bo prete\u017eno jasno, popoldne lahko nastane kak\u0161na nevihta\",\"datePublished\":\"2019-06-12T07:51:44+00:00\",\"dateModified\":\"2019-06-12T07:51:44+00:00\",\"mainEntityOfPage\":{\"@id\":\"https:\/\/hudo.com\/si\/aktualno\/vreme-danes-bo-pretezno-jasno-popoldne-lahko-nastane-kaksna-nevihta\/\"},\"wordCount\":209,\"publisher\":{\"@id\":\"https:\/\/hudo.com\/si\/#organization\"},\"keywords\":[\"Slovenija\",\"vreme\"],\"articleSection\":[\"Aktualno\"],\"inLanguage\":\"sl-SI\"},{\"@type\":\"WebPage\",\"@id\":\"https:\/\/hudo.com\/si\/aktualno\/vreme-danes-bo-pretezno-jasno-popoldne-lahko-nastane-kaksna-nevihta\/\",\"url\":\"https:\/\/hudo.com\/si\/aktualno\/vreme-danes-bo-pretezno-jasno-popoldne-lahko-nastane-kaksna-nevihta\/\",\"name\":\"Vreme: Danes bo prete\u017eno jasno, popoldne lahko nastane kak\u0161na nevihta - Hudo Slovenija\",\"isPartOf\":{\"@id\":\"https:\/\/hudo.com\/si\/#website\"},\"datePublished\":\"2019-06-12T07:51:44+00:00\",\"dateModified\":\"2019-06-12T07:51:44+00:00\",\"breadcrumb\":{\"@id\":\"https:\/\/hudo.com\/si\/aktualno\/vreme-danes-bo-pretezno-jasno-popoldne-lahko-nastane-kaksna-nevihta\/#breadcrumb\"},\"inLanguage\":\"sl-SI\",\"potentialAction\":[{\"@type\":\"ReadAction\",\"target\":[\"https:\/\/hudo.com\/si\/aktualno\/vreme-danes-bo-pretezno-jasno-popoldne-lahko-nastane-kaksna-nevihta\/\"]}]},{\"@type\":\"BreadcrumbList\",\"@id\":\"https:\/\/hudo.com\/si\/aktualno\/vreme-danes-bo-pretezno-jasno-popoldne-lahko-nastane-kaksna-nevihta\/#breadcrumb\",\"itemListElement\":[{\"@type\":\"ListItem\",\"position\":1,\"name\":\"Home\",\"item\":\"https:\/\/hudo.com\/si\/\"},{\"@type\":\"ListItem\",\"position\":2,\"name\":\"Vreme: Danes bo prete\u017eno jasno, popoldne lahko nastane kak\u0161na nevihta\"}]},{\"@type\":\"WebSite\",\"@id\":\"https:\/\/hudo.com\/si\/#website\",\"url\":\"https:\/\/hudo.com\/si\/\",\"name\":\"Hudo Slovenija\",\"description\":\"Vse novice iz Slovenije in sveta\",\"publisher\":{\"@id\":\"https:\/\/hudo.com\/si\/#organization\"},\"potentialAction\":[{\"@type\":\"SearchAction\",\"target\":{\"@type\":\"EntryPoint\",\"urlTemplate\":\"https:\/\/hudo.com\/si\/?s={search_term_string}\"},\"query-input\":\"required name=search_term_string\"}],\"inLanguage\":\"sl-SI\"},{\"@type\":\"Organization\",\"@id\":\"https:\/\/hudo.com\/si\/#organization\",\"name\":\"VSN Media\",\"url\":\"https:\/\/hudo.com\/si\/\",\"logo\":{\"@type\":\"ImageObject\",\"inLanguage\":\"sl-SI\",\"@id\":\"https:\/\/hudo.com\/si\/#\/schema\/logo\/image\/\",\"url\":\"https:\/\/hudo.com\/si\/wp-content\/uploads\/sites\/2\/2021\/03\/hudo-app-2.png\",\"contentUrl\":\"https:\/\/hudo.com\/si\/wp-content\/uploads\/sites\/2\/2021\/03\/hudo-app-2.png\",\"width\":2185,\"height\":2167,\"caption\":\"VSN Media\"},\"image\":{\"@id\":\"https:\/\/hudo.com\/si\/#\/schema\/logo\/image\/\"},\"sameAs\":[\"https:\/\/www.facebook.com\/hudo.si\",\"https:\/\/twitter.com\/hudo_si\"]},{\"@type\":\"Person\",\"@id\":\"https:\/\/hudo.com\/si\/#\/schema\/person\/c2f10ce65d2e6ede2aeda5be2a0611fa\",\"name\":\"M. N., STA\",\"image\":{\"@type\":\"ImageObject\",\"inLanguage\":\"sl-SI\",\"@id\":\"https:\/\/hudo.com\/si\/#\/schema\/person\/image\/\",\"url\":\"https:\/\/secure.gravatar.com\/avatar\/f370d38daa10467f755c5c766a4cac20?s=96&d=mm&r=g\",\"contentUrl\":\"https:\/\/secure.gravatar.com\/avatar\/f370d38daa10467f755c5c766a4cac20?s=96&d=mm&r=g\",\"caption\":\"M. N., STA\"},\"url\":\"https:\/\/hudo.com\/si\/author\/mana\/\"}]}<\/script>\n<!-- \/ Yoast SEO plugin. -->","yoast_head_json":{"title":"Vreme: Danes bo prete\u017eno jasno, popoldne lahko nastane kak\u0161na nevihta - Hudo Slovenija","robots":{"index":"index","follow":"follow","max-snippet":"max-snippet:-1","max-image-preview":"max-image-preview:large","max-video-preview":"max-video-preview:-1"},"canonical":"https:\/\/hudo.com\/si\/aktualno\/vreme-danes-bo-pretezno-jasno-popoldne-lahko-nastane-kaksna-nevihta\/","og_locale":"sl_SI","og_type":"article","og_title":"Vreme: Danes bo prete\u017eno jasno, popoldne lahko nastane kak\u0161na nevihta - Hudo Slovenija","og_description":"Pihal bo \u0161ibek ju\u017eni do jugovzhodni veter. Najvi\u0161je dnevne temperature bodo od 27 do 32 stopinj Celzija, je zapisano na spletnih straneh Agencije RS za okolje.","og_url":"https:\/\/hudo.com\/si\/aktualno\/vreme-danes-bo-pretezno-jasno-popoldne-lahko-nastane-kaksna-nevihta\/","og_site_name":"Hudo Slovenija","article_publisher":"https:\/\/www.facebook.com\/hudo.si","article_published_time":"2019-06-12T07:51:44+00:00","og_image":[{"width":1250,"height":937,"url":"https:\/\/hudo.com\/si\/wp-content\/uploads\/sites\/2\/2019\/06\/profimedia-0296975612.jpg","type":"image\/jpeg"}],"author":"M. N., STA","twitter_card":"summary_large_image","twitter_creator":"@hudo_si","twitter_site":"@hudo_si","twitter_misc":{"Written by":"M. N., STA","Est. reading time":"1 minuta"},"schema":{"@context":"https:\/\/schema.org","@graph":[{"@type":"Article","@id":"https:\/\/hudo.com\/si\/aktualno\/vreme-danes-bo-pretezno-jasno-popoldne-lahko-nastane-kaksna-nevihta\/#article","isPartOf":{"@id":"https:\/\/hudo.com\/si\/aktualno\/vreme-danes-bo-pretezno-jasno-popoldne-lahko-nastane-kaksna-nevihta\/"},"author":{"name":"M. N., STA","@id":"https:\/\/hudo.com\/si\/#\/schema\/person\/c2f10ce65d2e6ede2aeda5be2a0611fa"},"headline":"Vreme: Danes bo prete\u017eno jasno, popoldne lahko nastane kak\u0161na nevihta","datePublished":"2019-06-12T07:51:44+00:00","dateModified":"2019-06-12T07:51:44+00:00","mainEntityOfPage":{"@id":"https:\/\/hudo.com\/si\/aktualno\/vreme-danes-bo-pretezno-jasno-popoldne-lahko-nastane-kaksna-nevihta\/"},"wordCount":209,"publisher":{"@id":"https:\/\/hudo.com\/si\/#organization"},"keywords":["Slovenija","vreme"],"articleSection":["Aktualno"],"inLanguage":"sl-SI"},{"@type":"WebPage","@id":"https:\/\/hudo.com\/si\/aktualno\/vreme-danes-bo-pretezno-jasno-popoldne-lahko-nastane-kaksna-nevihta\/","url":"https:\/\/hudo.com\/si\/aktualno\/vreme-danes-bo-pretezno-jasno-popoldne-lahko-nastane-kaksna-nevihta\/","name":"Vreme: Danes bo prete\u017eno jasno, popoldne lahko nastane kak\u0161na nevihta - Hudo Slovenija","isPartOf":{"@id":"https:\/\/hudo.com\/si\/#website"},"datePublished":"2019-06-12T07:51:44+00:00","dateModified":"2019-06-12T07:51:44+00:00","breadcrumb":{"@id":"https:\/\/hudo.com\/si\/aktualno\/vreme-danes-bo-pretezno-jasno-popoldne-lahko-nastane-kaksna-nevihta\/#breadcrumb"},"inLanguage":"sl-SI","potentialAction":[{"@type":"ReadAction","target":["https:\/\/hudo.com\/si\/aktualno\/vreme-danes-bo-pretezno-jasno-popoldne-lahko-nastane-kaksna-nevihta\/"]}]},{"@type":"BreadcrumbList","@id":"https:\/\/hudo.com\/si\/aktualno\/vreme-danes-bo-pretezno-jasno-popoldne-lahko-nastane-kaksna-nevihta\/#breadcrumb","itemListElement":[{"@type":"ListItem","position":1,"name":"Home","item":"https:\/\/hudo.com\/si\/"},{"@type":"ListItem","position":2,"name":"Vreme: Danes bo prete\u017eno jasno, popoldne lahko nastane kak\u0161na nevihta"}]},{"@type":"WebSite","@id":"https:\/\/hudo.com\/si\/#website","url":"https:\/\/hudo.com\/si\/","name":"Hudo Slovenija","description":"Vse novice iz Slovenije in sveta","publisher":{"@id":"https:\/\/hudo.com\/si\/#organization"},"potentialAction":[{"@type":"SearchAction","target":{"@type":"EntryPoint","urlTemplate":"https:\/\/hudo.com\/si\/?s={search_term_string}"},"query-input":"required name=search_term_string"}],"inLanguage":"sl-SI"},{"@type":"Organization","@id":"https:\/\/hudo.com\/si\/#organization","name":"VSN Media","url":"https:\/\/hudo.com\/si\/","logo":{"@type":"ImageObject","inLanguage":"sl-SI","@id":"https:\/\/hudo.com\/si\/#\/schema\/logo\/image\/","url":"https:\/\/hudo.com\/si\/wp-content\/uploads\/sites\/2\/2021\/03\/hudo-app-2.png","contentUrl":"https:\/\/hudo.com\/si\/wp-content\/uploads\/sites\/2\/2021\/03\/hudo-app-2.png","width":2185,"height":2167,"caption":"VSN Media"},"image":{"@id":"https:\/\/hudo.com\/si\/#\/schema\/logo\/image\/"},"sameAs":["https:\/\/www.facebook.com\/hudo.si","https:\/\/twitter.com\/hudo_si"]},{"@type":"Person","@id":"https:\/\/hudo.com\/si\/#\/schema\/person\/c2f10ce65d2e6ede2aeda5be2a0611fa","name":"M. N., STA","image":{"@type":"ImageObject","inLanguage":"sl-SI","@id":"https:\/\/hudo.com\/si\/#\/schema\/person\/image\/","url":"https:\/\/secure.gravatar.com\/avatar\/f370d38daa10467f755c5c766a4cac20?s=96&d=mm&r=g","contentUrl":"https:\/\/secure.gravatar.com\/avatar\/f370d38daa10467f755c5c766a4cac20?s=96&d=mm&r=g","caption":"M. N., STA"},"url":"https:\/\/hudo.com\/si\/author\/mana\/"}]}},"amp_enabled":true,"_links":{"self":[{"href":"https:\/\/hudo.com\/si\/wp-json\/wp\/v2\/posts\/400460"}],"collection":[{"href":"https:\/\/hudo.com\/si\/wp-json\/wp\/v2\/posts"}],"about":[{"href":"https:\/\/hudo.com\/si\/wp-json\/wp\/v2\/types\/post"}],"author":[{"embeddable":true,"href":"https:\/\/hudo.com\/si\/wp-json\/wp\/v2\/users\/8"}],"replies":[{"embeddable":true,"href":"https:\/\/hudo.com\/si\/wp-json\/wp\/v2\/comments?post=400460"}],"version-history":[{"count":1,"href":"https:\/\/hudo.com\/si\/wp-json\/wp\/v2\/posts\/400460\/revisions"}],"predecessor-version":[{"id":400463,"href":"https:\/\/hudo.com\/si\/wp-json\/wp\/v2\/posts\/400460\/revisions\/400463"}],"wp:featuredmedia":[{"embeddable":true,"href":"https:\/\/hudo.com\/si\/wp-json\/wp\/v2\/media\/400462"}],"wp:attachment":[{"href":"https:\/\/hudo.com\/si\/wp-json\/wp\/v2\/media?parent=400460"}],"wp:term":[{"taxonomy":"category","embeddable":true,"href":"https:\/\/hudo.com\/si\/wp-json\/wp\/v2\/categories?post=400460"},{"taxonomy":"post_tag","embeddable":true,"href":"https:\/\/hudo.com\/si\/wp-json\/wp\/v2\/tags?post=400460"},{"taxonomy":"source","embeddable":true,"href":"https:\/\/hudo.com\/si\/wp-json\/wp\/v2\/source?post=400460"},{"taxonomy":"supertag","embeddable":true,"href":"https:\/\/hudo.com\/si\/wp-json\/wp\/v2\/supertag?post=400460"}],"curies":[{"name":"wp","href":"https:\/\/api.w.org\/{rel}","templated":true}]}}