{"id":40060,"date":"2016-04-26T14:30:00","date_gmt":"2016-04-26T12:30:00","guid":{"rendered":"http:\/\/hudo.com\/si\/2016\/04\/26\/slovenci-radi-skocijo-v-vodo\/"},"modified":"2016-04-26T14:30:00","modified_gmt":"2016-04-26T12:30:00","slug":"slovenci-radi-skocijo-v-vodo","status":"publish","type":"post","link":"https:\/\/hudo.com\/si\/aktualno\/slovenci-radi-skocijo-v-vodo\/","title":{"rendered":"Slovenci radi sko\u010dijo v vodo"},"content":{"rendered":"<p>Slovenci radi odkrivajo svojo de\u017eelo in Evropo, \u0161e vedno pa najraje sko\u010dijo v ali ob vodo na Hrva\u0161kem ali v Sloveniji. Za 1. maj bodo \u0161li tja, kjer je toplo, ugotavljajo delavci v turizmu. Izbira destinacij se v primerjavi s preteklimi leti bistveno ne spreminja, pretirano je ne krojijo niti mednarodni dogodki, vsaj ne dolgoro\u010dno, \u010deprav so ocene pred meseci kazale, da Slovenci med prazniki in po\u010ditnicami ve\u010d ostajajo na doma\u010dih tleh. Izjemni lanski dose\u017eki se letos v turizmu nadaljujejo. Slovenska naravna zdravili\u0161\u010da pri\u010dakujejo odli\u010dne rezultate in polno zasedenost hotelov med prvomajskimi prazniki. Obi\u010dajno v tem \u010dasu odprejo tudi termalna kopali\u0161\u010da na prostem in vodne parke, \u010de vreme dopu\u0161\u010da, organizirajo posebna glasbena, zabavna in \u0161portna do\u017eivetja. Tudi kres ne manjka. Hit tudi Malta in Albanija Portoro\u0161ki in piranski hoteli so bili minuli vikend 80-odstotno zasedeni, ustvarili so ve\u010d preno\u010ditev kot lani, 83 odstotkov s tujimi gosti. Do konca tedna pa pri\u010dakujejo polno zasedenost, napovedujejo v Turisti\u010dno-informativnem centru Portoro\u017e. &#8220;Mnogi Slovenci bodo odpotovali v tople koti\u010dke stare celine, v Italijo s Sicilijo, Sorrentskim polotokom, Apulijo, \u0160panijo s Costa Bravo in Tenerifom, Portugalsko,&#8221; pravi Nika Vrhovnik, vodja odnosov z javnostmi pri turisti\u010dni agenciji Palma. &#8220;Nekateri so se odlo\u010dili za izlete po Evropi: Nizozemsko, Nem\u010dijo, \u010ce\u0161ko, Poljsko, \u0160vico, Mad\u017earsko, Skandinavijo, jugonostalgiki za Bosno in Hercegovino, Srbijo, Hrva\u0161ko in \u010crno goro. Letos sta pravi hit tudi Malta in Albanija.&#8221; Pa tudi dalj\u0161a potovanja, v ZDA, New York, na Kubo, Japonsko, v Indijo, na \u0160rilanko in Tajsko, so prodali pri Palmi. Zaznavajo ve\u010dje povpra\u0161evanje po oddihu v termah. Vse bolj priljubljena, tudi za 1. maj, so kri\u017earjenja. &#8220;Cene so aprila in maja, ko je \u0161e nizka sezona in uvertura v poletje, zelo dobre in ni\u017eje, kot veljajo v \u010dasu poletnih po\u010ditnic,&#8221; pojasni Vrhovnikova. Terme bodo zasedene V Termah \u010cate\u017e imajo za prvomajski podalj\u0161ani vikend prostih le \u0161e nekaj<\/p>\n","protected":false},"excerpt":{"rendered":"<p>Slovenci radi odkrivajo svojo de\u017eelo in Evropo, \u0161e vedno pa najraje sko\u010dijo v ali ob vodo na Hrva\u0161kem ali v Sloveniji. Za 1. maj bodo \u0161li tja, kjer je toplo, ugotavljajo delavci v turizmu. Izbira destinacij se v primerjavi s preteklimi leti bistveno ne spreminja, pretirano je ne krojijo niti mednarodni dogodki, vsaj ne dolgoro\u010dno, \u010deprav so ocene pred meseci kazale, da Slovenci med prazniki in po\u010ditnicami ve\u010d ostajajo na doma\u010dih tleh. Izjemni lanski dose\u017eki se letos v turizmu nadaljujejo. Slovenska naravna zdravili\u0161\u010da pri\u010dakujejo odli\u010dne rezultate in polno zasedenost hotelov med prvomajskimi prazniki. Obi\u010dajno v tem \u010dasu odprejo tudi termalna kopali\u0161\u010da na prostem in vodne parke, \u010de vreme dopu\u0161\u010da, organizirajo posebna glasbena, zabavna in \u0161portna do\u017eivetja. Tudi kres ne manjka. Hit tudi Malta in Albanija Portoro\u0161ki in piranski hoteli so bili minuli vikend 80-odstotno zasedeni, ustvarili so ve\u010d preno\u010ditev kot lani, 83 odstotkov s tujimi gosti. Do konca tedna pa pri\u010dakujejo polno zasedenost, napovedujejo v Turisti\u010dno-informativnem centru Portoro\u017e. &#8220;Mnogi Slovenci bodo odpotovali v tople koti\u010dke stare celine, v Italijo s Sicilijo, Sorrentskim polotokom, Apulijo, \u0160panijo s Costa Bravo in Tenerifom, Portugalsko,&#8221; pravi Nika Vrhovnik, vodja odnosov z javnostmi pri turisti\u010dni agenciji Palma. &#8220;Nekateri so se odlo\u010dili za izlete po Evropi: Nizozemsko, Nem\u010dijo, \u010ce\u0161ko, Poljsko, \u0160vico, Mad\u017earsko, Skandinavijo, jugonostalgiki za Bosno in Hercegovino, Srbijo, Hrva\u0161ko in \u010crno goro. Letos sta pravi hit tudi Malta in Albanija.&#8221; Pa tudi dalj\u0161a potovanja, v ZDA, New York, na Kubo, Japonsko, v Indijo, na \u0160rilanko in Tajsko, so prodali pri Palmi. Zaznavajo ve\u010dje povpra\u0161evanje po oddihu v termah. Vse bolj priljubljena, tudi za 1. maj, so kri\u017earjenja. &#8220;Cene so aprila in maja, ko je \u0161e nizka sezona in uvertura v poletje, zelo dobre in ni\u017eje, kot veljajo v \u010dasu poletnih po\u010ditnic,&#8221; pojasni Vrhovnikova. Terme bodo zasedene V Termah \u010cate\u017e imajo za prvomajski podalj\u0161ani vikend prostih le \u0161e nekaj<\/p>\n","protected":false},"author":1,"featured_media":0,"comment_status":"closed","ping_status":"closed","sticky":false,"template":"","format":"standard","meta":{"footnotes":""},"categories":[1179],"tags":[],"source":[1711],"supertag":[],"acf":[],"yoast_head":"<!-- This site is optimized with the Yoast SEO plugin v21.3 - https:\/\/yoast.com\/wordpress\/plugins\/seo\/ -->\n<title>Slovenci radi sko\u010dijo v vodo - Hudo Slovenija<\/title>\n<meta name=\"robots\" content=\"index, follow, max-snippet:-1, max-image-preview:large, max-video-preview:-1\" \/>\n<link rel=\"canonical\" href=\"https:\/\/hudo.com\/si\/aktualno\/slovenci-radi-skocijo-v-vodo\/\" \/>\n<meta property=\"og:locale\" content=\"sl_SI\" \/>\n<meta property=\"og:type\" content=\"article\" \/>\n<meta property=\"og:title\" content=\"Slovenci radi sko\u010dijo v vodo - Hudo Slovenija\" \/>\n<meta property=\"og:description\" content=\"Slovenci radi odkrivajo svojo de\u017eelo in Evropo, \u0161e vedno pa najraje sko\u010dijo v ali ob vodo na Hrva\u0161kem ali v Sloveniji. Za 1. maj bodo \u0161li tja, kjer je toplo, ugotavljajo delavci v turizmu. Izbira destinacij se v primerjavi s preteklimi leti bistveno ne spreminja, pretirano je ne krojijo niti mednarodni dogodki, vsaj ne dolgoro\u010dno, \u010deprav so ocene pred meseci kazale, da Slovenci med prazniki in po\u010ditnicami ve\u010d ostajajo na doma\u010dih tleh. Izjemni lanski dose\u017eki se letos v turizmu nadaljujejo. Slovenska naravna zdravili\u0161\u010da pri\u010dakujejo odli\u010dne rezultate in polno zasedenost hotelov med prvomajskimi prazniki. Obi\u010dajno v tem \u010dasu odprejo tudi termalna kopali\u0161\u010da na prostem in vodne parke, \u010de vreme dopu\u0161\u010da, organizirajo posebna glasbena, zabavna in \u0161portna do\u017eivetja. Tudi kres ne manjka. Hit tudi Malta in Albanija Portoro\u0161ki in piranski hoteli so bili minuli vikend 80-odstotno zasedeni, ustvarili so ve\u010d preno\u010ditev kot lani, 83 odstotkov s tujimi gosti. Do konca tedna pa pri\u010dakujejo polno zasedenost, napovedujejo v Turisti\u010dno-informativnem centru Portoro\u017e. &quot;Mnogi Slovenci bodo odpotovali v tople koti\u010dke stare celine, v Italijo s Sicilijo, Sorrentskim polotokom, Apulijo, \u0160panijo s Costa Bravo in Tenerifom, Portugalsko,&quot; pravi Nika Vrhovnik, vodja odnosov z javnostmi pri turisti\u010dni agenciji Palma. &quot;Nekateri so se odlo\u010dili za izlete po Evropi: Nizozemsko, Nem\u010dijo, \u010ce\u0161ko, Poljsko, \u0160vico, Mad\u017earsko, Skandinavijo, jugonostalgiki za Bosno in Hercegovino, Srbijo, Hrva\u0161ko in \u010crno goro. Letos sta pravi hit tudi Malta in Albanija.&quot; Pa tudi dalj\u0161a potovanja, v ZDA, New York, na Kubo, Japonsko, v Indijo, na \u0160rilanko in Tajsko, so prodali pri Palmi. Zaznavajo ve\u010dje povpra\u0161evanje po oddihu v termah. Vse bolj priljubljena, tudi za 1. maj, so kri\u017earjenja. &quot;Cene so aprila in maja, ko je \u0161e nizka sezona in uvertura v poletje, zelo dobre in ni\u017eje, kot veljajo v \u010dasu poletnih po\u010ditnic,&quot; pojasni Vrhovnikova. Terme bodo zasedene V Termah \u010cate\u017e imajo za prvomajski podalj\u0161ani vikend prostih le \u0161e nekaj\" \/>\n<meta property=\"og:url\" content=\"https:\/\/hudo.com\/si\/aktualno\/slovenci-radi-skocijo-v-vodo\/\" \/>\n<meta property=\"og:site_name\" content=\"Hudo Slovenija\" \/>\n<meta property=\"article:publisher\" content=\"https:\/\/www.facebook.com\/hudo.si\" \/>\n<meta property=\"article:published_time\" content=\"2016-04-26T12:30:00+00:00\" \/>\n<meta property=\"og:image\" content=\"https:\/\/hudo.com\/si\/wp-content\/uploads\/sites\/2\/2016\/04\/0425Drzave11-300.jpg\" \/>\n\t<meta property=\"og:image:width\" content=\"450\" \/>\n\t<meta property=\"og:image:height\" content=\"268\" \/>\n\t<meta property=\"og:image:type\" content=\"image\/jpeg\" \/>\n<meta name=\"author\" content=\"hudo\" \/>\n<meta name=\"twitter:card\" content=\"summary_large_image\" \/>\n<meta name=\"twitter:creator\" content=\"@hudo_si\" \/>\n<meta name=\"twitter:site\" content=\"@hudo_si\" \/>\n<meta name=\"twitter:label1\" content=\"Written by\" \/>\n\t<meta name=\"twitter:data1\" content=\"hudo\" \/>\n\t<meta name=\"twitter:label2\" content=\"Est. reading time\" \/>\n\t<meta name=\"twitter:data2\" content=\"2 minuti\" \/>\n<script type=\"application\/ld+json\" class=\"yoast-schema-graph\">{\"@context\":\"https:\/\/schema.org\",\"@graph\":[{\"@type\":\"Article\",\"@id\":\"https:\/\/hudo.com\/si\/aktualno\/slovenci-radi-skocijo-v-vodo\/#article\",\"isPartOf\":{\"@id\":\"https:\/\/hudo.com\/si\/aktualno\/slovenci-radi-skocijo-v-vodo\/\"},\"author\":{\"name\":\"hudo\",\"@id\":\"https:\/\/hudo.com\/si\/#\/schema\/person\/601cf3379633985b20f7e50f2bb47707\"},\"headline\":\"Slovenci radi sko\u010dijo v vodo\",\"datePublished\":\"2016-04-26T12:30:00+00:00\",\"dateModified\":\"2016-04-26T12:30:00+00:00\",\"mainEntityOfPage\":{\"@id\":\"https:\/\/hudo.com\/si\/aktualno\/slovenci-radi-skocijo-v-vodo\/\"},\"wordCount\":338,\"publisher\":{\"@id\":\"https:\/\/hudo.com\/si\/#organization\"},\"articleSection\":[\"Aktualno\"],\"inLanguage\":\"sl-SI\"},{\"@type\":\"WebPage\",\"@id\":\"https:\/\/hudo.com\/si\/aktualno\/slovenci-radi-skocijo-v-vodo\/\",\"url\":\"https:\/\/hudo.com\/si\/aktualno\/slovenci-radi-skocijo-v-vodo\/\",\"name\":\"Slovenci radi sko\u010dijo v vodo - Hudo Slovenija\",\"isPartOf\":{\"@id\":\"https:\/\/hudo.com\/si\/#website\"},\"datePublished\":\"2016-04-26T12:30:00+00:00\",\"dateModified\":\"2016-04-26T12:30:00+00:00\",\"breadcrumb\":{\"@id\":\"https:\/\/hudo.com\/si\/aktualno\/slovenci-radi-skocijo-v-vodo\/#breadcrumb\"},\"inLanguage\":\"sl-SI\",\"potentialAction\":[{\"@type\":\"ReadAction\",\"target\":[\"https:\/\/hudo.com\/si\/aktualno\/slovenci-radi-skocijo-v-vodo\/\"]}]},{\"@type\":\"BreadcrumbList\",\"@id\":\"https:\/\/hudo.com\/si\/aktualno\/slovenci-radi-skocijo-v-vodo\/#breadcrumb\",\"itemListElement\":[{\"@type\":\"ListItem\",\"position\":1,\"name\":\"Home\",\"item\":\"https:\/\/hudo.com\/si\/\"},{\"@type\":\"ListItem\",\"position\":2,\"name\":\"Slovenci radi sko\u010dijo v vodo\"}]},{\"@type\":\"WebSite\",\"@id\":\"https:\/\/hudo.com\/si\/#website\",\"url\":\"https:\/\/hudo.com\/si\/\",\"name\":\"Hudo Slovenija\",\"description\":\"Vse novice iz Slovenije in sveta\",\"publisher\":{\"@id\":\"https:\/\/hudo.com\/si\/#organization\"},\"potentialAction\":[{\"@type\":\"SearchAction\",\"target\":{\"@type\":\"EntryPoint\",\"urlTemplate\":\"https:\/\/hudo.com\/si\/?s={search_term_string}\"},\"query-input\":\"required name=search_term_string\"}],\"inLanguage\":\"sl-SI\"},{\"@type\":\"Organization\",\"@id\":\"https:\/\/hudo.com\/si\/#organization\",\"name\":\"VSN Media\",\"url\":\"https:\/\/hudo.com\/si\/\",\"logo\":{\"@type\":\"ImageObject\",\"inLanguage\":\"sl-SI\",\"@id\":\"https:\/\/hudo.com\/si\/#\/schema\/logo\/image\/\",\"url\":\"https:\/\/hudo.com\/si\/wp-content\/uploads\/sites\/2\/2021\/03\/hudo-app-2.png\",\"contentUrl\":\"https:\/\/hudo.com\/si\/wp-content\/uploads\/sites\/2\/2021\/03\/hudo-app-2.png\",\"width\":2185,\"height\":2167,\"caption\":\"VSN Media\"},\"image\":{\"@id\":\"https:\/\/hudo.com\/si\/#\/schema\/logo\/image\/\"},\"sameAs\":[\"https:\/\/www.facebook.com\/hudo.si\",\"https:\/\/twitter.com\/hudo_si\"]},{\"@type\":\"Person\",\"@id\":\"https:\/\/hudo.com\/si\/#\/schema\/person\/601cf3379633985b20f7e50f2bb47707\",\"name\":\"hudo\",\"image\":{\"@type\":\"ImageObject\",\"inLanguage\":\"sl-SI\",\"@id\":\"https:\/\/hudo.com\/si\/#\/schema\/person\/image\/\",\"url\":\"https:\/\/secure.gravatar.com\/avatar\/c4ca25fa72cace7a696b52ff5db9e095?s=96&d=mm&r=g\",\"contentUrl\":\"https:\/\/secure.gravatar.com\/avatar\/c4ca25fa72cace7a696b52ff5db9e095?s=96&d=mm&r=g\",\"caption\":\"hudo\"},\"url\":\"https:\/\/hudo.com\/si\/author\/hudo\/\"}]}<\/script>\n<!-- \/ Yoast SEO plugin. -->","yoast_head_json":{"title":"Slovenci radi sko\u010dijo v vodo - Hudo Slovenija","robots":{"index":"index","follow":"follow","max-snippet":"max-snippet:-1","max-image-preview":"max-image-preview:large","max-video-preview":"max-video-preview:-1"},"canonical":"https:\/\/hudo.com\/si\/aktualno\/slovenci-radi-skocijo-v-vodo\/","og_locale":"sl_SI","og_type":"article","og_title":"Slovenci radi sko\u010dijo v vodo - Hudo Slovenija","og_description":"Slovenci radi odkrivajo svojo de\u017eelo in Evropo, \u0161e vedno pa najraje sko\u010dijo v ali ob vodo na Hrva\u0161kem ali v Sloveniji. Za 1. maj bodo \u0161li tja, kjer je toplo, ugotavljajo delavci v turizmu. Izbira destinacij se v primerjavi s preteklimi leti bistveno ne spreminja, pretirano je ne krojijo niti mednarodni dogodki, vsaj ne dolgoro\u010dno, \u010deprav so ocene pred meseci kazale, da Slovenci med prazniki in po\u010ditnicami ve\u010d ostajajo na doma\u010dih tleh. Izjemni lanski dose\u017eki se letos v turizmu nadaljujejo. Slovenska naravna zdravili\u0161\u010da pri\u010dakujejo odli\u010dne rezultate in polno zasedenost hotelov med prvomajskimi prazniki. Obi\u010dajno v tem \u010dasu odprejo tudi termalna kopali\u0161\u010da na prostem in vodne parke, \u010de vreme dopu\u0161\u010da, organizirajo posebna glasbena, zabavna in \u0161portna do\u017eivetja. Tudi kres ne manjka. Hit tudi Malta in Albanija Portoro\u0161ki in piranski hoteli so bili minuli vikend 80-odstotno zasedeni, ustvarili so ve\u010d preno\u010ditev kot lani, 83 odstotkov s tujimi gosti. Do konca tedna pa pri\u010dakujejo polno zasedenost, napovedujejo v Turisti\u010dno-informativnem centru Portoro\u017e. \"Mnogi Slovenci bodo odpotovali v tople koti\u010dke stare celine, v Italijo s Sicilijo, Sorrentskim polotokom, Apulijo, \u0160panijo s Costa Bravo in Tenerifom, Portugalsko,\" pravi Nika Vrhovnik, vodja odnosov z javnostmi pri turisti\u010dni agenciji Palma. \"Nekateri so se odlo\u010dili za izlete po Evropi: Nizozemsko, Nem\u010dijo, \u010ce\u0161ko, Poljsko, \u0160vico, Mad\u017earsko, Skandinavijo, jugonostalgiki za Bosno in Hercegovino, Srbijo, Hrva\u0161ko in \u010crno goro. Letos sta pravi hit tudi Malta in Albanija.\" Pa tudi dalj\u0161a potovanja, v ZDA, New York, na Kubo, Japonsko, v Indijo, na \u0160rilanko in Tajsko, so prodali pri Palmi. Zaznavajo ve\u010dje povpra\u0161evanje po oddihu v termah. Vse bolj priljubljena, tudi za 1. maj, so kri\u017earjenja. \"Cene so aprila in maja, ko je \u0161e nizka sezona in uvertura v poletje, zelo dobre in ni\u017eje, kot veljajo v \u010dasu poletnih po\u010ditnic,\" pojasni Vrhovnikova. Terme bodo zasedene V Termah \u010cate\u017e imajo za prvomajski podalj\u0161ani vikend prostih le \u0161e nekaj","og_url":"https:\/\/hudo.com\/si\/aktualno\/slovenci-radi-skocijo-v-vodo\/","og_site_name":"Hudo Slovenija","article_publisher":"https:\/\/www.facebook.com\/hudo.si","article_published_time":"2016-04-26T12:30:00+00:00","og_image":[{"width":450,"height":268,"url":"https:\/\/hudo.com\/si\/wp-content\/uploads\/sites\/2\/2016\/04\/0425Drzave11-300.jpg","type":"image\/jpeg"}],"author":"hudo","twitter_card":"summary_large_image","twitter_creator":"@hudo_si","twitter_site":"@hudo_si","twitter_misc":{"Written by":"hudo","Est. reading time":"2 minuti"},"schema":{"@context":"https:\/\/schema.org","@graph":[{"@type":"Article","@id":"https:\/\/hudo.com\/si\/aktualno\/slovenci-radi-skocijo-v-vodo\/#article","isPartOf":{"@id":"https:\/\/hudo.com\/si\/aktualno\/slovenci-radi-skocijo-v-vodo\/"},"author":{"name":"hudo","@id":"https:\/\/hudo.com\/si\/#\/schema\/person\/601cf3379633985b20f7e50f2bb47707"},"headline":"Slovenci radi sko\u010dijo v vodo","datePublished":"2016-04-26T12:30:00+00:00","dateModified":"2016-04-26T12:30:00+00:00","mainEntityOfPage":{"@id":"https:\/\/hudo.com\/si\/aktualno\/slovenci-radi-skocijo-v-vodo\/"},"wordCount":338,"publisher":{"@id":"https:\/\/hudo.com\/si\/#organization"},"articleSection":["Aktualno"],"inLanguage":"sl-SI"},{"@type":"WebPage","@id":"https:\/\/hudo.com\/si\/aktualno\/slovenci-radi-skocijo-v-vodo\/","url":"https:\/\/hudo.com\/si\/aktualno\/slovenci-radi-skocijo-v-vodo\/","name":"Slovenci radi sko\u010dijo v vodo - Hudo Slovenija","isPartOf":{"@id":"https:\/\/hudo.com\/si\/#website"},"datePublished":"2016-04-26T12:30:00+00:00","dateModified":"2016-04-26T12:30:00+00:00","breadcrumb":{"@id":"https:\/\/hudo.com\/si\/aktualno\/slovenci-radi-skocijo-v-vodo\/#breadcrumb"},"inLanguage":"sl-SI","potentialAction":[{"@type":"ReadAction","target":["https:\/\/hudo.com\/si\/aktualno\/slovenci-radi-skocijo-v-vodo\/"]}]},{"@type":"BreadcrumbList","@id":"https:\/\/hudo.com\/si\/aktualno\/slovenci-radi-skocijo-v-vodo\/#breadcrumb","itemListElement":[{"@type":"ListItem","position":1,"name":"Home","item":"https:\/\/hudo.com\/si\/"},{"@type":"ListItem","position":2,"name":"Slovenci radi sko\u010dijo v vodo"}]},{"@type":"WebSite","@id":"https:\/\/hudo.com\/si\/#website","url":"https:\/\/hudo.com\/si\/","name":"Hudo Slovenija","description":"Vse novice iz Slovenije in sveta","publisher":{"@id":"https:\/\/hudo.com\/si\/#organization"},"potentialAction":[{"@type":"SearchAction","target":{"@type":"EntryPoint","urlTemplate":"https:\/\/hudo.com\/si\/?s={search_term_string}"},"query-input":"required name=search_term_string"}],"inLanguage":"sl-SI"},{"@type":"Organization","@id":"https:\/\/hudo.com\/si\/#organization","name":"VSN Media","url":"https:\/\/hudo.com\/si\/","logo":{"@type":"ImageObject","inLanguage":"sl-SI","@id":"https:\/\/hudo.com\/si\/#\/schema\/logo\/image\/","url":"https:\/\/hudo.com\/si\/wp-content\/uploads\/sites\/2\/2021\/03\/hudo-app-2.png","contentUrl":"https:\/\/hudo.com\/si\/wp-content\/uploads\/sites\/2\/2021\/03\/hudo-app-2.png","width":2185,"height":2167,"caption":"VSN Media"},"image":{"@id":"https:\/\/hudo.com\/si\/#\/schema\/logo\/image\/"},"sameAs":["https:\/\/www.facebook.com\/hudo.si","https:\/\/twitter.com\/hudo_si"]},{"@type":"Person","@id":"https:\/\/hudo.com\/si\/#\/schema\/person\/601cf3379633985b20f7e50f2bb47707","name":"hudo","image":{"@type":"ImageObject","inLanguage":"sl-SI","@id":"https:\/\/hudo.com\/si\/#\/schema\/person\/image\/","url":"https:\/\/secure.gravatar.com\/avatar\/c4ca25fa72cace7a696b52ff5db9e095?s=96&d=mm&r=g","contentUrl":"https:\/\/secure.gravatar.com\/avatar\/c4ca25fa72cace7a696b52ff5db9e095?s=96&d=mm&r=g","caption":"hudo"},"url":"https:\/\/hudo.com\/si\/author\/hudo\/"}]}},"amp_enabled":true,"_links":{"self":[{"href":"https:\/\/hudo.com\/si\/wp-json\/wp\/v2\/posts\/40060"}],"collection":[{"href":"https:\/\/hudo.com\/si\/wp-json\/wp\/v2\/posts"}],"about":[{"href":"https:\/\/hudo.com\/si\/wp-json\/wp\/v2\/types\/post"}],"author":[{"embeddable":true,"href":"https:\/\/hudo.com\/si\/wp-json\/wp\/v2\/users\/1"}],"replies":[{"embeddable":true,"href":"https:\/\/hudo.com\/si\/wp-json\/wp\/v2\/comments?post=40060"}],"version-history":[{"count":0,"href":"https:\/\/hudo.com\/si\/wp-json\/wp\/v2\/posts\/40060\/revisions"}],"wp:attachment":[{"href":"https:\/\/hudo.com\/si\/wp-json\/wp\/v2\/media?parent=40060"}],"wp:term":[{"taxonomy":"category","embeddable":true,"href":"https:\/\/hudo.com\/si\/wp-json\/wp\/v2\/categories?post=40060"},{"taxonomy":"post_tag","embeddable":true,"href":"https:\/\/hudo.com\/si\/wp-json\/wp\/v2\/tags?post=40060"},{"taxonomy":"source","embeddable":true,"href":"https:\/\/hudo.com\/si\/wp-json\/wp\/v2\/source?post=40060"},{"taxonomy":"supertag","embeddable":true,"href":"https:\/\/hudo.com\/si\/wp-json\/wp\/v2\/supertag?post=40060"}],"curies":[{"name":"wp","href":"https:\/\/api.w.org\/{rel}","templated":true}]}}