{"id":400674,"date":"2019-06-15T09:23:06","date_gmt":"2019-06-15T07:23:06","guid":{"rendered":"http:\/\/hudo.com\/si\/?p=400674"},"modified":"2019-06-15T09:23:06","modified_gmt":"2019-06-15T07:23:06","slug":"v-notre-dame-danes-prva-masa-po-aprilskem-pozaru-zaradi-varnosti-se-je-bo-lahko-udelezilo-le-manjse-stevilo-ljudi","status":"publish","type":"post","link":"https:\/\/hudo.com\/si\/aktualno\/v-notre-dame-danes-prva-masa-po-aprilskem-pozaru-zaradi-varnosti-se-je-bo-lahko-udelezilo-le-manjse-stevilo-ljudi\/","title":{"rendered":"V Notre-Dame danes prva ma\u0161a po aprilskem po\u017earu, a zaradi varnosti se je bo lahko udele\u017eilo le manj\u0161e \u0161tevilo ljudi"},"content":{"rendered":"<p>Ma\u0161o, ki se bo za\u010dela ob 18. uri, bo vodil pari\u0161ki nad\u0161kof Michel Aupetit, udele\u017eili pa se je bodo predvsem duhovniki, kanoniki in tudi delavci, ki cerkev obnavljajo. Vse skupaj bo prisotnih 30 ljudi, ki bodo morali med ma\u0161o nositi \u010delade.<\/p>\n<p>Z bogoslu\u017ejem, ki ga bodo v \u017eivo prena\u0161ali na katoli\u0161kem programu KTO, bodo sicer obele\u017eili praznik posvetitve katedrale, ki ga obi\u010dajno praznujejo 16. junija.<\/p>\n<p>Po\u017ear, ki je pred natanko dvema mesecema zajel pari\u0161ko katedralo, je uni\u010dil dve tretjini strehe, poru\u0161il pa se je tudi stolpi\u010d. Francoski minister za kulturo Franck Riester je ta teden ocenil, da bo obnova zahtevna. &#8220;Notre-Dame je \u0161e vedno nestabilna, predvsem na ravni obokov, ki se lahko \u0161e vedno zru\u0161ijo,&#8221; je poudaril.<\/p>\n<p>Pojasnil je, da \u0161e vedno niso ugotovili vzroka po\u017eara, a za zdaj ka\u017ee, da ni \u0161lo za kaznivo dejanje.<\/p>\n<p>Francoski mediji so sicer v petek poro\u010dali, da so donatorji v dveh mesecih po po\u017earu nakazali zgolj devet odstotkov oziroma okoli 80 milijonov od obljubljenih 850 milijonov evrov za obnovo cerkve.<\/p>\n","protected":false},"excerpt":{"rendered":"<p>V pari\u0161ki katedrali Notre-Dame bodo danes darovali prvo sveto ma\u0161o po po\u017earu, ki je cerkev deloma uni\u010dil pred dvema mesecema. Zaradi varnosti se je bo lahko udele\u017eilo zgolj okoli 30 ljudi.<\/p>\n","protected":false},"author":8,"featured_media":131779,"comment_status":"closed","ping_status":"closed","sticky":false,"template":"","format":"standard","meta":{"footnotes":""},"categories":[1179],"tags":[13491,13943,13496],"source":[4511],"supertag":[6103],"acf":[],"yoast_head":"<!-- This site is optimized with the Yoast SEO plugin v21.3 - https:\/\/yoast.com\/wordpress\/plugins\/seo\/ -->\n<title>V Notre-Dame danes prva ma\u0161a po aprilskem po\u017earu, a zaradi varnosti se je bo lahko udele\u017eilo le manj\u0161e \u0161tevilo ljudi - Hudo Slovenija<\/title>\n<meta name=\"robots\" content=\"index, follow, max-snippet:-1, max-image-preview:large, max-video-preview:-1\" \/>\n<link rel=\"canonical\" href=\"https:\/\/hudo.com\/si\/aktualno\/v-notre-dame-danes-prva-masa-po-aprilskem-pozaru-zaradi-varnosti-se-je-bo-lahko-udelezilo-le-manjse-stevilo-ljudi\/\" \/>\n<meta property=\"og:locale\" content=\"sl_SI\" \/>\n<meta property=\"og:type\" content=\"article\" \/>\n<meta property=\"og:title\" content=\"V Notre-Dame danes prva ma\u0161a po aprilskem po\u017earu, a zaradi varnosti se je bo lahko udele\u017eilo le manj\u0161e \u0161tevilo ljudi - Hudo Slovenija\" \/>\n<meta property=\"og:description\" content=\"V pari\u0161ki katedrali Notre-Dame bodo danes darovali prvo sveto ma\u0161o po po\u017earu, ki je cerkev deloma uni\u010dil pred dvema mesecema. Zaradi varnosti se je bo lahko udele\u017eilo zgolj okoli 30 ljudi.\" \/>\n<meta property=\"og:url\" content=\"https:\/\/hudo.com\/si\/aktualno\/v-notre-dame-danes-prva-masa-po-aprilskem-pozaru-zaradi-varnosti-se-je-bo-lahko-udelezilo-le-manjse-stevilo-ljudi\/\" \/>\n<meta property=\"og:site_name\" content=\"Hudo Slovenija\" \/>\n<meta property=\"article:publisher\" content=\"https:\/\/www.facebook.com\/hudo.si\" \/>\n<meta property=\"article:published_time\" content=\"2019-06-15T07:23:06+00:00\" \/>\n<meta property=\"og:image\" content=\"https:\/\/hudo.com\/si\/wp-content\/uploads\/sites\/2\/2016\/09\/profimedia-0269940214.jpg\" \/>\n\t<meta property=\"og:image:width\" content=\"1250\" \/>\n\t<meta property=\"og:image:height\" content=\"833\" \/>\n\t<meta property=\"og:image:type\" content=\"image\/jpeg\" \/>\n<meta name=\"author\" content=\"M. N., STA\" \/>\n<meta name=\"twitter:card\" content=\"summary_large_image\" \/>\n<meta name=\"twitter:creator\" content=\"@hudo_si\" \/>\n<meta name=\"twitter:site\" content=\"@hudo_si\" \/>\n<meta name=\"twitter:label1\" content=\"Written by\" \/>\n\t<meta name=\"twitter:data1\" content=\"M. N., STA\" \/>\n\t<meta name=\"twitter:label2\" content=\"Est. reading time\" \/>\n\t<meta name=\"twitter:data2\" content=\"1 minuta\" \/>\n<script type=\"application\/ld+json\" class=\"yoast-schema-graph\">{\"@context\":\"https:\/\/schema.org\",\"@graph\":[{\"@type\":\"Article\",\"@id\":\"https:\/\/hudo.com\/si\/aktualno\/v-notre-dame-danes-prva-masa-po-aprilskem-pozaru-zaradi-varnosti-se-je-bo-lahko-udelezilo-le-manjse-stevilo-ljudi\/#article\",\"isPartOf\":{\"@id\":\"https:\/\/hudo.com\/si\/aktualno\/v-notre-dame-danes-prva-masa-po-aprilskem-pozaru-zaradi-varnosti-se-je-bo-lahko-udelezilo-le-manjse-stevilo-ljudi\/\"},\"author\":{\"name\":\"M. N., STA\",\"@id\":\"https:\/\/hudo.com\/si\/#\/schema\/person\/c2f10ce65d2e6ede2aeda5be2a0611fa\"},\"headline\":\"V Notre-Dame danes prva ma\u0161a po aprilskem po\u017earu, a zaradi varnosti se je bo lahko udele\u017eilo le manj\u0161e \u0161tevilo ljudi\",\"datePublished\":\"2019-06-15T07:23:06+00:00\",\"dateModified\":\"2019-06-15T07:23:06+00:00\",\"mainEntityOfPage\":{\"@id\":\"https:\/\/hudo.com\/si\/aktualno\/v-notre-dame-danes-prva-masa-po-aprilskem-pozaru-zaradi-varnosti-se-je-bo-lahko-udelezilo-le-manjse-stevilo-ljudi\/\"},\"wordCount\":206,\"publisher\":{\"@id\":\"https:\/\/hudo.com\/si\/#organization\"},\"keywords\":[\"notre dame\",\"obnova notre dame\",\"po\u017ear v katedrali Notre Dame\"],\"articleSection\":[\"Aktualno\"],\"inLanguage\":\"sl-SI\"},{\"@type\":\"WebPage\",\"@id\":\"https:\/\/hudo.com\/si\/aktualno\/v-notre-dame-danes-prva-masa-po-aprilskem-pozaru-zaradi-varnosti-se-je-bo-lahko-udelezilo-le-manjse-stevilo-ljudi\/\",\"url\":\"https:\/\/hudo.com\/si\/aktualno\/v-notre-dame-danes-prva-masa-po-aprilskem-pozaru-zaradi-varnosti-se-je-bo-lahko-udelezilo-le-manjse-stevilo-ljudi\/\",\"name\":\"V Notre-Dame danes prva ma\u0161a po aprilskem po\u017earu, a zaradi varnosti se je bo lahko udele\u017eilo le manj\u0161e \u0161tevilo ljudi - Hudo Slovenija\",\"isPartOf\":{\"@id\":\"https:\/\/hudo.com\/si\/#website\"},\"datePublished\":\"2019-06-15T07:23:06+00:00\",\"dateModified\":\"2019-06-15T07:23:06+00:00\",\"breadcrumb\":{\"@id\":\"https:\/\/hudo.com\/si\/aktualno\/v-notre-dame-danes-prva-masa-po-aprilskem-pozaru-zaradi-varnosti-se-je-bo-lahko-udelezilo-le-manjse-stevilo-ljudi\/#breadcrumb\"},\"inLanguage\":\"sl-SI\",\"potentialAction\":[{\"@type\":\"ReadAction\",\"target\":[\"https:\/\/hudo.com\/si\/aktualno\/v-notre-dame-danes-prva-masa-po-aprilskem-pozaru-zaradi-varnosti-se-je-bo-lahko-udelezilo-le-manjse-stevilo-ljudi\/\"]}]},{\"@type\":\"BreadcrumbList\",\"@id\":\"https:\/\/hudo.com\/si\/aktualno\/v-notre-dame-danes-prva-masa-po-aprilskem-pozaru-zaradi-varnosti-se-je-bo-lahko-udelezilo-le-manjse-stevilo-ljudi\/#breadcrumb\",\"itemListElement\":[{\"@type\":\"ListItem\",\"position\":1,\"name\":\"Home\",\"item\":\"https:\/\/hudo.com\/si\/\"},{\"@type\":\"ListItem\",\"position\":2,\"name\":\"V Notre-Dame danes prva ma\u0161a po aprilskem po\u017earu, a zaradi varnosti se je bo lahko udele\u017eilo le manj\u0161e \u0161tevilo ljudi\"}]},{\"@type\":\"WebSite\",\"@id\":\"https:\/\/hudo.com\/si\/#website\",\"url\":\"https:\/\/hudo.com\/si\/\",\"name\":\"Hudo Slovenija\",\"description\":\"Vse novice iz Slovenije in sveta\",\"publisher\":{\"@id\":\"https:\/\/hudo.com\/si\/#organization\"},\"potentialAction\":[{\"@type\":\"SearchAction\",\"target\":{\"@type\":\"EntryPoint\",\"urlTemplate\":\"https:\/\/hudo.com\/si\/?s={search_term_string}\"},\"query-input\":\"required name=search_term_string\"}],\"inLanguage\":\"sl-SI\"},{\"@type\":\"Organization\",\"@id\":\"https:\/\/hudo.com\/si\/#organization\",\"name\":\"VSN Media\",\"url\":\"https:\/\/hudo.com\/si\/\",\"logo\":{\"@type\":\"ImageObject\",\"inLanguage\":\"sl-SI\",\"@id\":\"https:\/\/hudo.com\/si\/#\/schema\/logo\/image\/\",\"url\":\"https:\/\/hudo.com\/si\/wp-content\/uploads\/sites\/2\/2021\/03\/hudo-app-2.png\",\"contentUrl\":\"https:\/\/hudo.com\/si\/wp-content\/uploads\/sites\/2\/2021\/03\/hudo-app-2.png\",\"width\":2185,\"height\":2167,\"caption\":\"VSN Media\"},\"image\":{\"@id\":\"https:\/\/hudo.com\/si\/#\/schema\/logo\/image\/\"},\"sameAs\":[\"https:\/\/www.facebook.com\/hudo.si\",\"https:\/\/twitter.com\/hudo_si\"]},{\"@type\":\"Person\",\"@id\":\"https:\/\/hudo.com\/si\/#\/schema\/person\/c2f10ce65d2e6ede2aeda5be2a0611fa\",\"name\":\"M. N., STA\",\"image\":{\"@type\":\"ImageObject\",\"inLanguage\":\"sl-SI\",\"@id\":\"https:\/\/hudo.com\/si\/#\/schema\/person\/image\/\",\"url\":\"https:\/\/secure.gravatar.com\/avatar\/f370d38daa10467f755c5c766a4cac20?s=96&d=mm&r=g\",\"contentUrl\":\"https:\/\/secure.gravatar.com\/avatar\/f370d38daa10467f755c5c766a4cac20?s=96&d=mm&r=g\",\"caption\":\"M. N., STA\"},\"url\":\"https:\/\/hudo.com\/si\/author\/mana\/\"}]}<\/script>\n<!-- \/ Yoast SEO plugin. -->","yoast_head_json":{"title":"V Notre-Dame danes prva ma\u0161a po aprilskem po\u017earu, a zaradi varnosti se je bo lahko udele\u017eilo le manj\u0161e \u0161tevilo ljudi - Hudo Slovenija","robots":{"index":"index","follow":"follow","max-snippet":"max-snippet:-1","max-image-preview":"max-image-preview:large","max-video-preview":"max-video-preview:-1"},"canonical":"https:\/\/hudo.com\/si\/aktualno\/v-notre-dame-danes-prva-masa-po-aprilskem-pozaru-zaradi-varnosti-se-je-bo-lahko-udelezilo-le-manjse-stevilo-ljudi\/","og_locale":"sl_SI","og_type":"article","og_title":"V Notre-Dame danes prva ma\u0161a po aprilskem po\u017earu, a zaradi varnosti se je bo lahko udele\u017eilo le manj\u0161e \u0161tevilo ljudi - Hudo Slovenija","og_description":"V pari\u0161ki katedrali Notre-Dame bodo danes darovali prvo sveto ma\u0161o po po\u017earu, ki je cerkev deloma uni\u010dil pred dvema mesecema. Zaradi varnosti se je bo lahko udele\u017eilo zgolj okoli 30 ljudi.","og_url":"https:\/\/hudo.com\/si\/aktualno\/v-notre-dame-danes-prva-masa-po-aprilskem-pozaru-zaradi-varnosti-se-je-bo-lahko-udelezilo-le-manjse-stevilo-ljudi\/","og_site_name":"Hudo Slovenija","article_publisher":"https:\/\/www.facebook.com\/hudo.si","article_published_time":"2019-06-15T07:23:06+00:00","og_image":[{"width":1250,"height":833,"url":"https:\/\/hudo.com\/si\/wp-content\/uploads\/sites\/2\/2016\/09\/profimedia-0269940214.jpg","type":"image\/jpeg"}],"author":"M. N., STA","twitter_card":"summary_large_image","twitter_creator":"@hudo_si","twitter_site":"@hudo_si","twitter_misc":{"Written by":"M. N., STA","Est. reading time":"1 minuta"},"schema":{"@context":"https:\/\/schema.org","@graph":[{"@type":"Article","@id":"https:\/\/hudo.com\/si\/aktualno\/v-notre-dame-danes-prva-masa-po-aprilskem-pozaru-zaradi-varnosti-se-je-bo-lahko-udelezilo-le-manjse-stevilo-ljudi\/#article","isPartOf":{"@id":"https:\/\/hudo.com\/si\/aktualno\/v-notre-dame-danes-prva-masa-po-aprilskem-pozaru-zaradi-varnosti-se-je-bo-lahko-udelezilo-le-manjse-stevilo-ljudi\/"},"author":{"name":"M. N., STA","@id":"https:\/\/hudo.com\/si\/#\/schema\/person\/c2f10ce65d2e6ede2aeda5be2a0611fa"},"headline":"V Notre-Dame danes prva ma\u0161a po aprilskem po\u017earu, a zaradi varnosti se je bo lahko udele\u017eilo le manj\u0161e \u0161tevilo ljudi","datePublished":"2019-06-15T07:23:06+00:00","dateModified":"2019-06-15T07:23:06+00:00","mainEntityOfPage":{"@id":"https:\/\/hudo.com\/si\/aktualno\/v-notre-dame-danes-prva-masa-po-aprilskem-pozaru-zaradi-varnosti-se-je-bo-lahko-udelezilo-le-manjse-stevilo-ljudi\/"},"wordCount":206,"publisher":{"@id":"https:\/\/hudo.com\/si\/#organization"},"keywords":["notre dame","obnova notre dame","po\u017ear v katedrali Notre Dame"],"articleSection":["Aktualno"],"inLanguage":"sl-SI"},{"@type":"WebPage","@id":"https:\/\/hudo.com\/si\/aktualno\/v-notre-dame-danes-prva-masa-po-aprilskem-pozaru-zaradi-varnosti-se-je-bo-lahko-udelezilo-le-manjse-stevilo-ljudi\/","url":"https:\/\/hudo.com\/si\/aktualno\/v-notre-dame-danes-prva-masa-po-aprilskem-pozaru-zaradi-varnosti-se-je-bo-lahko-udelezilo-le-manjse-stevilo-ljudi\/","name":"V Notre-Dame danes prva ma\u0161a po aprilskem po\u017earu, a zaradi varnosti se je bo lahko udele\u017eilo le manj\u0161e \u0161tevilo ljudi - Hudo Slovenija","isPartOf":{"@id":"https:\/\/hudo.com\/si\/#website"},"datePublished":"2019-06-15T07:23:06+00:00","dateModified":"2019-06-15T07:23:06+00:00","breadcrumb":{"@id":"https:\/\/hudo.com\/si\/aktualno\/v-notre-dame-danes-prva-masa-po-aprilskem-pozaru-zaradi-varnosti-se-je-bo-lahko-udelezilo-le-manjse-stevilo-ljudi\/#breadcrumb"},"inLanguage":"sl-SI","potentialAction":[{"@type":"ReadAction","target":["https:\/\/hudo.com\/si\/aktualno\/v-notre-dame-danes-prva-masa-po-aprilskem-pozaru-zaradi-varnosti-se-je-bo-lahko-udelezilo-le-manjse-stevilo-ljudi\/"]}]},{"@type":"BreadcrumbList","@id":"https:\/\/hudo.com\/si\/aktualno\/v-notre-dame-danes-prva-masa-po-aprilskem-pozaru-zaradi-varnosti-se-je-bo-lahko-udelezilo-le-manjse-stevilo-ljudi\/#breadcrumb","itemListElement":[{"@type":"ListItem","position":1,"name":"Home","item":"https:\/\/hudo.com\/si\/"},{"@type":"ListItem","position":2,"name":"V Notre-Dame danes prva ma\u0161a po aprilskem po\u017earu, a zaradi varnosti se je bo lahko udele\u017eilo le manj\u0161e \u0161tevilo ljudi"}]},{"@type":"WebSite","@id":"https:\/\/hudo.com\/si\/#website","url":"https:\/\/hudo.com\/si\/","name":"Hudo Slovenija","description":"Vse novice iz Slovenije in sveta","publisher":{"@id":"https:\/\/hudo.com\/si\/#organization"},"potentialAction":[{"@type":"SearchAction","target":{"@type":"EntryPoint","urlTemplate":"https:\/\/hudo.com\/si\/?s={search_term_string}"},"query-input":"required name=search_term_string"}],"inLanguage":"sl-SI"},{"@type":"Organization","@id":"https:\/\/hudo.com\/si\/#organization","name":"VSN Media","url":"https:\/\/hudo.com\/si\/","logo":{"@type":"ImageObject","inLanguage":"sl-SI","@id":"https:\/\/hudo.com\/si\/#\/schema\/logo\/image\/","url":"https:\/\/hudo.com\/si\/wp-content\/uploads\/sites\/2\/2021\/03\/hudo-app-2.png","contentUrl":"https:\/\/hudo.com\/si\/wp-content\/uploads\/sites\/2\/2021\/03\/hudo-app-2.png","width":2185,"height":2167,"caption":"VSN Media"},"image":{"@id":"https:\/\/hudo.com\/si\/#\/schema\/logo\/image\/"},"sameAs":["https:\/\/www.facebook.com\/hudo.si","https:\/\/twitter.com\/hudo_si"]},{"@type":"Person","@id":"https:\/\/hudo.com\/si\/#\/schema\/person\/c2f10ce65d2e6ede2aeda5be2a0611fa","name":"M. N., STA","image":{"@type":"ImageObject","inLanguage":"sl-SI","@id":"https:\/\/hudo.com\/si\/#\/schema\/person\/image\/","url":"https:\/\/secure.gravatar.com\/avatar\/f370d38daa10467f755c5c766a4cac20?s=96&d=mm&r=g","contentUrl":"https:\/\/secure.gravatar.com\/avatar\/f370d38daa10467f755c5c766a4cac20?s=96&d=mm&r=g","caption":"M. N., STA"},"url":"https:\/\/hudo.com\/si\/author\/mana\/"}]}},"amp_enabled":true,"_links":{"self":[{"href":"https:\/\/hudo.com\/si\/wp-json\/wp\/v2\/posts\/400674"}],"collection":[{"href":"https:\/\/hudo.com\/si\/wp-json\/wp\/v2\/posts"}],"about":[{"href":"https:\/\/hudo.com\/si\/wp-json\/wp\/v2\/types\/post"}],"author":[{"embeddable":true,"href":"https:\/\/hudo.com\/si\/wp-json\/wp\/v2\/users\/8"}],"replies":[{"embeddable":true,"href":"https:\/\/hudo.com\/si\/wp-json\/wp\/v2\/comments?post=400674"}],"version-history":[{"count":1,"href":"https:\/\/hudo.com\/si\/wp-json\/wp\/v2\/posts\/400674\/revisions"}],"predecessor-version":[{"id":400675,"href":"https:\/\/hudo.com\/si\/wp-json\/wp\/v2\/posts\/400674\/revisions\/400675"}],"wp:featuredmedia":[{"embeddable":true,"href":"https:\/\/hudo.com\/si\/wp-json\/wp\/v2\/media\/131779"}],"wp:attachment":[{"href":"https:\/\/hudo.com\/si\/wp-json\/wp\/v2\/media?parent=400674"}],"wp:term":[{"taxonomy":"category","embeddable":true,"href":"https:\/\/hudo.com\/si\/wp-json\/wp\/v2\/categories?post=400674"},{"taxonomy":"post_tag","embeddable":true,"href":"https:\/\/hudo.com\/si\/wp-json\/wp\/v2\/tags?post=400674"},{"taxonomy":"source","embeddable":true,"href":"https:\/\/hudo.com\/si\/wp-json\/wp\/v2\/source?post=400674"},{"taxonomy":"supertag","embeddable":true,"href":"https:\/\/hudo.com\/si\/wp-json\/wp\/v2\/supertag?post=400674"}],"curies":[{"name":"wp","href":"https:\/\/api.w.org\/{rel}","templated":true}]}}