{"id":400730,"date":"2019-06-16T16:25:33","date_gmt":"2019-06-16T14:25:33","guid":{"rendered":"http:\/\/hudo.com\/si\/?p=400730"},"modified":"2019-06-16T16:25:33","modified_gmt":"2019-06-16T14:25:33","slug":"napadalce-na-sodnico-se-iscejo-njeno-stanje-je-stabilno-ni-v-smrtni-nevarnosti","status":"publish","type":"post","link":"https:\/\/hudo.com\/si\/aktualno\/napadalce-na-sodnico-se-iscejo-njeno-stanje-je-stabilno-ni-v-smrtni-nevarnosti\/","title":{"rendered":"Napadalce na sodnico \u0161e i\u0161\u010dejo: &#8220;Njeno stanje je stabilno in ni v smrtni nevarnosti&#8221;"},"content":{"rendered":"<p>&#8220;Njeno stanje je stabilno in ni v smrtni nevarnosti,&#8221; je v dana\u0161nji izjavi za medije povedal Kolbl. Potrdil je, da so neznani storilec oziroma storilci sodnico mariborskega okro\u017enega sodi\u0161\u010da Danielo Ru\u017ei\u010d pri\u010dakali pred njeno stanovanjsko hi\u0161o v okolici Maribora in jo hudo po\u0161kodovali. Napadli naj bi jo s predmetom, kak\u0161nim, pa na Policijski upravi Maribor zaradi interesa preiskave \u0161e ne \u017eelijo javno povedati.<\/p>\n<p>Ozadje napada \u0161e ni znano. &#8220;Kriminalisti\u010dna preiskava poteka trenutno v ve\u010d smereh s ciljem ugotavljanja mo\u017enega motiva napada, ki je bil lahko povezan s slu\u017ebenim delom sodnice ali njenim zasebnim \u017eivljenjem. Trenutno kaj ve\u010d o motivu \u0161e ne moremo govoriti, ker je kriminalisti\u010dna preiskava v zgodnji fazi in poteka ugotavljanje okoli\u0161\u010din in zbiranje obvestil,&#8221; je pojasnil Kolbl in ponovil poziv javnosti k pomo\u010di.<\/p>\n<p>Policija namre\u010d poziva vse, ki imajo kak\u0161ne informacije ali karkoli vedo o napadu, da pokli\u010dejo na 113 ali anonimni telefon policije 080 1200.<\/p>\n<p>&#8220;Policija zelo resno obravnava napad na sodnico. Mariborski kriminalisti v sodelovanju z okro\u017enim sodi\u0161\u010dem, upravo kriminalisti\u010dne policije, nacionalnim forenzi\u010dnim laboratorijem in in\u0161titutom za sodno medicino izvajamo potrebne ukrepe za odkritje storilca oziroma storilcev kakor tudi motiva no\u010dnega napada na okro\u017eno sodnico. Tako obravnavamo kaznivo dejanje poskusa umora,&#8221; je dejal Kolbl.<\/p>\n<p>Policija je bila o napadu obve\u0161\u010dena okoli 1.15. Na kraj so napotili policiste in re\u0161evalce, ki so po\u0161kodovani nudili medicinsko pomo\u010d in jo z re\u0161evalnim vozilom odpeljali v Univerzitetni klini\u010dni center Maribor, kjer je ostala na zdravljenju.<\/p>\n<p>Policisti so zavarovali kraj dejanja in obvestili de\u017eurnega preiskovalnega sodnika ter dr\u017eavno to\u017eilko, ki sta pri\u0161la na kraj. Preiskovalni sodnik je prevzel vodenje ogleda kraja dejanja kaznivega dejanja poskusa umora skupaj z mariborskimi kriminalisti.<\/p>\n<p>V Slovenskem sodni\u0161kem dru\u0161tvu so potrdili, da je bila napadena Daniela Ru\u017ei\u010d, ki je okro\u017ena sodnica na gospodarskem oddelku okro\u017enega sodi\u0161\u010da. Sodila je v nekaterih odmevnih primerih, med drugim v to\u017ebi DUTB zoper nekdanje vodilne v Probanki, gospodarskem sporu med Iskro in Mestno ob\u010dino Maribor glede prekinitve projekta radarji za od\u0161kodnino 12,8 milijona evrov ter v od\u0161kodninskih to\u017ebah podjetja KND in ob\u010dine Duplek proti avstrijskemu Verbundu zaradi \u0161kode v poplavah Drave leta 2012.<\/p>\n","protected":false},"excerpt":{"rendered":"<p>Mariborski kriminalisti \u0161e i\u0161\u010dejo napadalca oziroma napadalce na okro\u017eno sodnico, tudi o motivu za napad, ki se je zgodil minulo no\u010d pred njenim domom, \u0161e ne morejo govoriti. Po besedah vodje kriminalistov Andreja Kolbla \u0161e ugotavljajo, ali je povezan z njeno slu\u017ebo ali zasebnim \u017eivljenjem. Je pa potrdil, da napadena ni v smrtni nevarnosti.<\/p>\n","protected":false},"author":4,"featured_media":376096,"comment_status":"closed","ping_status":"closed","sticky":false,"template":"","format":"standard","meta":{"footnotes":""},"categories":[1179],"tags":[4688,5722,8419,1595],"source":[4511],"supertag":[],"acf":[],"yoast_head":"<!-- This site is optimized with the Yoast SEO plugin v21.3 - https:\/\/yoast.com\/wordpress\/plugins\/seo\/ -->\n<title>Napadalce na sodnico \u0161e i\u0161\u010dejo: &quot;Njeno stanje je stabilno in ni v smrtni nevarnosti&quot; - Hudo Slovenija<\/title>\n<meta name=\"robots\" content=\"index, follow, max-snippet:-1, max-image-preview:large, max-video-preview:-1\" \/>\n<link rel=\"canonical\" href=\"https:\/\/hudo.com\/si\/aktualno\/napadalce-na-sodnico-se-iscejo-njeno-stanje-je-stabilno-ni-v-smrtni-nevarnosti\/\" \/>\n<meta property=\"og:locale\" content=\"sl_SI\" \/>\n<meta property=\"og:type\" content=\"article\" \/>\n<meta property=\"og:title\" content=\"Napadalce na sodnico \u0161e i\u0161\u010dejo: &quot;Njeno stanje je stabilno in ni v smrtni nevarnosti&quot; - Hudo Slovenija\" \/>\n<meta property=\"og:description\" content=\"Mariborski kriminalisti \u0161e i\u0161\u010dejo napadalca oziroma napadalce na okro\u017eno sodnico, tudi o motivu za napad, ki se je zgodil minulo no\u010d pred njenim domom, \u0161e ne morejo govoriti. Po besedah vodje kriminalistov Andreja Kolbla \u0161e ugotavljajo, ali je povezan z njeno slu\u017ebo ali zasebnim \u017eivljenjem. Je pa potrdil, da napadena ni v smrtni nevarnosti.\" \/>\n<meta property=\"og:url\" content=\"https:\/\/hudo.com\/si\/aktualno\/napadalce-na-sodnico-se-iscejo-njeno-stanje-je-stabilno-ni-v-smrtni-nevarnosti\/\" \/>\n<meta property=\"og:site_name\" content=\"Hudo Slovenija\" \/>\n<meta property=\"article:publisher\" content=\"https:\/\/www.facebook.com\/hudo.si\" \/>\n<meta property=\"article:published_time\" content=\"2019-06-16T14:25:33+00:00\" \/>\n<meta property=\"og:image\" content=\"https:\/\/hudo.com\/si\/wp-content\/uploads\/sites\/2\/2018\/08\/20170914-00803883.jpg\" \/>\n\t<meta property=\"og:image:width\" content=\"640\" \/>\n\t<meta property=\"og:image:height\" content=\"426\" \/>\n\t<meta property=\"og:image:type\" content=\"image\/jpeg\" \/>\n<meta name=\"author\" content=\"sabina\" \/>\n<meta name=\"twitter:card\" content=\"summary_large_image\" \/>\n<meta name=\"twitter:creator\" content=\"@hudo_si\" \/>\n<meta name=\"twitter:site\" content=\"@hudo_si\" \/>\n<meta name=\"twitter:label1\" content=\"Written by\" \/>\n\t<meta name=\"twitter:data1\" content=\"sabina\" \/>\n\t<meta name=\"twitter:label2\" content=\"Est. reading time\" \/>\n\t<meta name=\"twitter:data2\" content=\"2 minuti\" \/>\n<script type=\"application\/ld+json\" class=\"yoast-schema-graph\">{\"@context\":\"https:\/\/schema.org\",\"@graph\":[{\"@type\":\"Article\",\"@id\":\"https:\/\/hudo.com\/si\/aktualno\/napadalce-na-sodnico-se-iscejo-njeno-stanje-je-stabilno-ni-v-smrtni-nevarnosti\/#article\",\"isPartOf\":{\"@id\":\"https:\/\/hudo.com\/si\/aktualno\/napadalce-na-sodnico-se-iscejo-njeno-stanje-je-stabilno-ni-v-smrtni-nevarnosti\/\"},\"author\":{\"name\":\"sabina\",\"@id\":\"https:\/\/hudo.com\/si\/#\/schema\/person\/84c7fb414b1cd57255bce1dd0673a4a6\"},\"headline\":\"Napadalce na sodnico \u0161e i\u0161\u010dejo: &#8220;Njeno stanje je stabilno in ni v smrtni nevarnosti&#8221;\",\"datePublished\":\"2019-06-16T14:25:33+00:00\",\"dateModified\":\"2019-06-16T14:25:33+00:00\",\"mainEntityOfPage\":{\"@id\":\"https:\/\/hudo.com\/si\/aktualno\/napadalce-na-sodnico-se-iscejo-njeno-stanje-je-stabilno-ni-v-smrtni-nevarnosti\/\"},\"wordCount\":396,\"publisher\":{\"@id\":\"https:\/\/hudo.com\/si\/#organization\"},\"keywords\":[\"\u010drna kronika\",\"maribor\",\"poskus uboja\",\"Slovenija\"],\"articleSection\":[\"Aktualno\"],\"inLanguage\":\"sl-SI\"},{\"@type\":\"WebPage\",\"@id\":\"https:\/\/hudo.com\/si\/aktualno\/napadalce-na-sodnico-se-iscejo-njeno-stanje-je-stabilno-ni-v-smrtni-nevarnosti\/\",\"url\":\"https:\/\/hudo.com\/si\/aktualno\/napadalce-na-sodnico-se-iscejo-njeno-stanje-je-stabilno-ni-v-smrtni-nevarnosti\/\",\"name\":\"Napadalce na sodnico \u0161e i\u0161\u010dejo: \\\"Njeno stanje je stabilno in ni v smrtni nevarnosti\\\" - Hudo Slovenija\",\"isPartOf\":{\"@id\":\"https:\/\/hudo.com\/si\/#website\"},\"datePublished\":\"2019-06-16T14:25:33+00:00\",\"dateModified\":\"2019-06-16T14:25:33+00:00\",\"breadcrumb\":{\"@id\":\"https:\/\/hudo.com\/si\/aktualno\/napadalce-na-sodnico-se-iscejo-njeno-stanje-je-stabilno-ni-v-smrtni-nevarnosti\/#breadcrumb\"},\"inLanguage\":\"sl-SI\",\"potentialAction\":[{\"@type\":\"ReadAction\",\"target\":[\"https:\/\/hudo.com\/si\/aktualno\/napadalce-na-sodnico-se-iscejo-njeno-stanje-je-stabilno-ni-v-smrtni-nevarnosti\/\"]}]},{\"@type\":\"BreadcrumbList\",\"@id\":\"https:\/\/hudo.com\/si\/aktualno\/napadalce-na-sodnico-se-iscejo-njeno-stanje-je-stabilno-ni-v-smrtni-nevarnosti\/#breadcrumb\",\"itemListElement\":[{\"@type\":\"ListItem\",\"position\":1,\"name\":\"Home\",\"item\":\"https:\/\/hudo.com\/si\/\"},{\"@type\":\"ListItem\",\"position\":2,\"name\":\"Napadalce na sodnico \u0161e i\u0161\u010dejo: &#8220;Njeno stanje je stabilno in ni v smrtni nevarnosti&#8221;\"}]},{\"@type\":\"WebSite\",\"@id\":\"https:\/\/hudo.com\/si\/#website\",\"url\":\"https:\/\/hudo.com\/si\/\",\"name\":\"Hudo Slovenija\",\"description\":\"Vse novice iz Slovenije in sveta\",\"publisher\":{\"@id\":\"https:\/\/hudo.com\/si\/#organization\"},\"potentialAction\":[{\"@type\":\"SearchAction\",\"target\":{\"@type\":\"EntryPoint\",\"urlTemplate\":\"https:\/\/hudo.com\/si\/?s={search_term_string}\"},\"query-input\":\"required name=search_term_string\"}],\"inLanguage\":\"sl-SI\"},{\"@type\":\"Organization\",\"@id\":\"https:\/\/hudo.com\/si\/#organization\",\"name\":\"VSN Media\",\"url\":\"https:\/\/hudo.com\/si\/\",\"logo\":{\"@type\":\"ImageObject\",\"inLanguage\":\"sl-SI\",\"@id\":\"https:\/\/hudo.com\/si\/#\/schema\/logo\/image\/\",\"url\":\"https:\/\/hudo.com\/si\/wp-content\/uploads\/sites\/2\/2021\/03\/hudo-app-2.png\",\"contentUrl\":\"https:\/\/hudo.com\/si\/wp-content\/uploads\/sites\/2\/2021\/03\/hudo-app-2.png\",\"width\":2185,\"height\":2167,\"caption\":\"VSN Media\"},\"image\":{\"@id\":\"https:\/\/hudo.com\/si\/#\/schema\/logo\/image\/\"},\"sameAs\":[\"https:\/\/www.facebook.com\/hudo.si\",\"https:\/\/twitter.com\/hudo_si\"]},{\"@type\":\"Person\",\"@id\":\"https:\/\/hudo.com\/si\/#\/schema\/person\/84c7fb414b1cd57255bce1dd0673a4a6\",\"name\":\"sabina\",\"image\":{\"@type\":\"ImageObject\",\"inLanguage\":\"sl-SI\",\"@id\":\"https:\/\/hudo.com\/si\/#\/schema\/person\/image\/\",\"url\":\"https:\/\/secure.gravatar.com\/avatar\/d26b530b785e7e230c648fb636fefc8e?s=96&d=mm&r=g\",\"contentUrl\":\"https:\/\/secure.gravatar.com\/avatar\/d26b530b785e7e230c648fb636fefc8e?s=96&d=mm&r=g\",\"caption\":\"sabina\"},\"url\":\"https:\/\/hudo.com\/si\/author\/sabina\/\"}]}<\/script>\n<!-- \/ Yoast SEO plugin. -->","yoast_head_json":{"title":"Napadalce na sodnico \u0161e i\u0161\u010dejo: \"Njeno stanje je stabilno in ni v smrtni nevarnosti\" - Hudo Slovenija","robots":{"index":"index","follow":"follow","max-snippet":"max-snippet:-1","max-image-preview":"max-image-preview:large","max-video-preview":"max-video-preview:-1"},"canonical":"https:\/\/hudo.com\/si\/aktualno\/napadalce-na-sodnico-se-iscejo-njeno-stanje-je-stabilno-ni-v-smrtni-nevarnosti\/","og_locale":"sl_SI","og_type":"article","og_title":"Napadalce na sodnico \u0161e i\u0161\u010dejo: \"Njeno stanje je stabilno in ni v smrtni nevarnosti\" - Hudo Slovenija","og_description":"Mariborski kriminalisti \u0161e i\u0161\u010dejo napadalca oziroma napadalce na okro\u017eno sodnico, tudi o motivu za napad, ki se je zgodil minulo no\u010d pred njenim domom, \u0161e ne morejo govoriti. Po besedah vodje kriminalistov Andreja Kolbla \u0161e ugotavljajo, ali je povezan z njeno slu\u017ebo ali zasebnim \u017eivljenjem. Je pa potrdil, da napadena ni v smrtni nevarnosti.","og_url":"https:\/\/hudo.com\/si\/aktualno\/napadalce-na-sodnico-se-iscejo-njeno-stanje-je-stabilno-ni-v-smrtni-nevarnosti\/","og_site_name":"Hudo Slovenija","article_publisher":"https:\/\/www.facebook.com\/hudo.si","article_published_time":"2019-06-16T14:25:33+00:00","og_image":[{"width":640,"height":426,"url":"https:\/\/hudo.com\/si\/wp-content\/uploads\/sites\/2\/2018\/08\/20170914-00803883.jpg","type":"image\/jpeg"}],"author":"sabina","twitter_card":"summary_large_image","twitter_creator":"@hudo_si","twitter_site":"@hudo_si","twitter_misc":{"Written by":"sabina","Est. reading time":"2 minuti"},"schema":{"@context":"https:\/\/schema.org","@graph":[{"@type":"Article","@id":"https:\/\/hudo.com\/si\/aktualno\/napadalce-na-sodnico-se-iscejo-njeno-stanje-je-stabilno-ni-v-smrtni-nevarnosti\/#article","isPartOf":{"@id":"https:\/\/hudo.com\/si\/aktualno\/napadalce-na-sodnico-se-iscejo-njeno-stanje-je-stabilno-ni-v-smrtni-nevarnosti\/"},"author":{"name":"sabina","@id":"https:\/\/hudo.com\/si\/#\/schema\/person\/84c7fb414b1cd57255bce1dd0673a4a6"},"headline":"Napadalce na sodnico \u0161e i\u0161\u010dejo: &#8220;Njeno stanje je stabilno in ni v smrtni nevarnosti&#8221;","datePublished":"2019-06-16T14:25:33+00:00","dateModified":"2019-06-16T14:25:33+00:00","mainEntityOfPage":{"@id":"https:\/\/hudo.com\/si\/aktualno\/napadalce-na-sodnico-se-iscejo-njeno-stanje-je-stabilno-ni-v-smrtni-nevarnosti\/"},"wordCount":396,"publisher":{"@id":"https:\/\/hudo.com\/si\/#organization"},"keywords":["\u010drna kronika","maribor","poskus uboja","Slovenija"],"articleSection":["Aktualno"],"inLanguage":"sl-SI"},{"@type":"WebPage","@id":"https:\/\/hudo.com\/si\/aktualno\/napadalce-na-sodnico-se-iscejo-njeno-stanje-je-stabilno-ni-v-smrtni-nevarnosti\/","url":"https:\/\/hudo.com\/si\/aktualno\/napadalce-na-sodnico-se-iscejo-njeno-stanje-je-stabilno-ni-v-smrtni-nevarnosti\/","name":"Napadalce na sodnico \u0161e i\u0161\u010dejo: \"Njeno stanje je stabilno in ni v smrtni nevarnosti\" - Hudo Slovenija","isPartOf":{"@id":"https:\/\/hudo.com\/si\/#website"},"datePublished":"2019-06-16T14:25:33+00:00","dateModified":"2019-06-16T14:25:33+00:00","breadcrumb":{"@id":"https:\/\/hudo.com\/si\/aktualno\/napadalce-na-sodnico-se-iscejo-njeno-stanje-je-stabilno-ni-v-smrtni-nevarnosti\/#breadcrumb"},"inLanguage":"sl-SI","potentialAction":[{"@type":"ReadAction","target":["https:\/\/hudo.com\/si\/aktualno\/napadalce-na-sodnico-se-iscejo-njeno-stanje-je-stabilno-ni-v-smrtni-nevarnosti\/"]}]},{"@type":"BreadcrumbList","@id":"https:\/\/hudo.com\/si\/aktualno\/napadalce-na-sodnico-se-iscejo-njeno-stanje-je-stabilno-ni-v-smrtni-nevarnosti\/#breadcrumb","itemListElement":[{"@type":"ListItem","position":1,"name":"Home","item":"https:\/\/hudo.com\/si\/"},{"@type":"ListItem","position":2,"name":"Napadalce na sodnico \u0161e i\u0161\u010dejo: &#8220;Njeno stanje je stabilno in ni v smrtni nevarnosti&#8221;"}]},{"@type":"WebSite","@id":"https:\/\/hudo.com\/si\/#website","url":"https:\/\/hudo.com\/si\/","name":"Hudo Slovenija","description":"Vse novice iz Slovenije in sveta","publisher":{"@id":"https:\/\/hudo.com\/si\/#organization"},"potentialAction":[{"@type":"SearchAction","target":{"@type":"EntryPoint","urlTemplate":"https:\/\/hudo.com\/si\/?s={search_term_string}"},"query-input":"required name=search_term_string"}],"inLanguage":"sl-SI"},{"@type":"Organization","@id":"https:\/\/hudo.com\/si\/#organization","name":"VSN Media","url":"https:\/\/hudo.com\/si\/","logo":{"@type":"ImageObject","inLanguage":"sl-SI","@id":"https:\/\/hudo.com\/si\/#\/schema\/logo\/image\/","url":"https:\/\/hudo.com\/si\/wp-content\/uploads\/sites\/2\/2021\/03\/hudo-app-2.png","contentUrl":"https:\/\/hudo.com\/si\/wp-content\/uploads\/sites\/2\/2021\/03\/hudo-app-2.png","width":2185,"height":2167,"caption":"VSN Media"},"image":{"@id":"https:\/\/hudo.com\/si\/#\/schema\/logo\/image\/"},"sameAs":["https:\/\/www.facebook.com\/hudo.si","https:\/\/twitter.com\/hudo_si"]},{"@type":"Person","@id":"https:\/\/hudo.com\/si\/#\/schema\/person\/84c7fb414b1cd57255bce1dd0673a4a6","name":"sabina","image":{"@type":"ImageObject","inLanguage":"sl-SI","@id":"https:\/\/hudo.com\/si\/#\/schema\/person\/image\/","url":"https:\/\/secure.gravatar.com\/avatar\/d26b530b785e7e230c648fb636fefc8e?s=96&d=mm&r=g","contentUrl":"https:\/\/secure.gravatar.com\/avatar\/d26b530b785e7e230c648fb636fefc8e?s=96&d=mm&r=g","caption":"sabina"},"url":"https:\/\/hudo.com\/si\/author\/sabina\/"}]}},"amp_enabled":true,"_links":{"self":[{"href":"https:\/\/hudo.com\/si\/wp-json\/wp\/v2\/posts\/400730"}],"collection":[{"href":"https:\/\/hudo.com\/si\/wp-json\/wp\/v2\/posts"}],"about":[{"href":"https:\/\/hudo.com\/si\/wp-json\/wp\/v2\/types\/post"}],"author":[{"embeddable":true,"href":"https:\/\/hudo.com\/si\/wp-json\/wp\/v2\/users\/4"}],"replies":[{"embeddable":true,"href":"https:\/\/hudo.com\/si\/wp-json\/wp\/v2\/comments?post=400730"}],"version-history":[{"count":1,"href":"https:\/\/hudo.com\/si\/wp-json\/wp\/v2\/posts\/400730\/revisions"}],"predecessor-version":[{"id":400731,"href":"https:\/\/hudo.com\/si\/wp-json\/wp\/v2\/posts\/400730\/revisions\/400731"}],"wp:featuredmedia":[{"embeddable":true,"href":"https:\/\/hudo.com\/si\/wp-json\/wp\/v2\/media\/376096"}],"wp:attachment":[{"href":"https:\/\/hudo.com\/si\/wp-json\/wp\/v2\/media?parent=400730"}],"wp:term":[{"taxonomy":"category","embeddable":true,"href":"https:\/\/hudo.com\/si\/wp-json\/wp\/v2\/categories?post=400730"},{"taxonomy":"post_tag","embeddable":true,"href":"https:\/\/hudo.com\/si\/wp-json\/wp\/v2\/tags?post=400730"},{"taxonomy":"source","embeddable":true,"href":"https:\/\/hudo.com\/si\/wp-json\/wp\/v2\/source?post=400730"},{"taxonomy":"supertag","embeddable":true,"href":"https:\/\/hudo.com\/si\/wp-json\/wp\/v2\/supertag?post=400730"}],"curies":[{"name":"wp","href":"https:\/\/api.w.org\/{rel}","templated":true}]}}