{"id":400939,"date":"2019-06-20T05:14:37","date_gmt":"2019-06-20T03:14:37","guid":{"rendered":"https:\/\/hudo.com\/si\/?p=400939"},"modified":"2019-06-20T05:14:37","modified_gmt":"2019-06-20T03:14:37","slug":"vau-kaksna-zgodba-10-letna-selah-schneiter-kot-najmlajsa-plezalka-osvojila-goro-el-capitan","status":"publish","type":"post","link":"https:\/\/hudo.com\/si\/zabava\/vau-kaksna-zgodba-10-letna-selah-schneiter-kot-najmlajsa-plezalka-osvojila-goro-el-capitan\/","title":{"rendered":"Vau, kak\u0161na zgodba: 10-letna Selah Schneiter kot najmlaj\u0161a plezalka osvojila goro El Capitan"},"content":{"rendered":"<p>&#8220;Ne morem verjeti, da mi je uspelo,&#8221; je na videoposnetku, ki je bil posnet v trenutku, ko je osvojila vrh granitnega monolita v osrednj Kaliforniji, navdu\u0161eno dejala mlada plezalka. &#8220;Na\u0161e geslo je bilo Kako poje\u0161 slona? Z majhnimi gri\u017eljaji. En korak naenkrat, en gib na enkrat, en dan naenkrat,&#8221; pa je dejala za ameri\u0161ke medije.<\/p>\n<figure class=\"wp-caption video\" style=\"height:0;padding-top:56.212121212121%\"><\/figure>\n<p>Njen o\u010de je povedal, da je bila Selah v \u0161oku, ko je osvojila vrh in nemudoma planila v jok. &#8220;Dejala je, da so bile to njene prve solze zaradi veselja,&#8221; je \u0161e dejal. Uspeh je mlada plezalka na trdih tleh proslavila s pico.<\/p>\n<p>Med te\u017eavnim plezanjem sta o\u010de in h\u010di \u010das skupaj pre\u017eivela tudi na skalnatih policah tako, da sta &#8220;preprosto po\u010divala (&#8230;), govorila o svetu (&#8230;), govorila o \u017eivljenju&#8221;.<\/p>\n<\/p>\n<p>Plezanje je sicer del dru\u017einskega \u017eivljenja. O\u010de Schneiter je svojo bodo\u010do soprogo spoznal prav med plezanjem na El Capitana in Selah se je sedaj odlo\u010dila, da bo posku\u0161ala opogumiti svojega sedemletnega brata, da ji sledi.<\/p>\n<p>Alex Honnold je leta 2017 postal prva oseba na svetu, ki je granitni monolit osvojil v prostem plezanju, brez vrvi in varovalne opreme. Njegovo zgodovinsko plezanje je trajalo \u0161tiri ure in je prikazano v z oskarjem nagrajenem dokumentarcu Free solo.<\/p>\n","protected":false},"excerpt":{"rendered":"<p>Desetletna deklica iz ZDA je kot najmlaj\u0161a plezalka osvojila vertikalno skalno formacijo El Capitan v ameri\u0161kem narodnem parku Yosemite. Selah Schneiter iz Kolorada je skoraj 900 metrov visoko smer Nos osvojila v petih dneh skupaj z o\u010detom, izku\u0161enih plezalcem, in dru\u017einskim prijateljem, poro\u010da francoska tiskovna agencija AFP.<\/p>\n","protected":false},"author":1,"featured_media":0,"comment_status":"closed","ping_status":"closed","sticky":false,"template":"","format":"standard","meta":{"footnotes":""},"categories":[1095],"tags":[13989,13990],"source":[1351,1466,1334],"supertag":[],"acf":[],"yoast_head":"<!-- This site is optimized with the Yoast SEO plugin v21.3 - https:\/\/yoast.com\/wordpress\/plugins\/seo\/ -->\n<title>Vau, kak\u0161na zgodba: 10-letna Selah Schneiter kot najmlaj\u0161a plezalka osvojila goro El Capitan - Hudo Slovenija<\/title>\n<meta name=\"robots\" content=\"index, follow, max-snippet:-1, max-image-preview:large, max-video-preview:-1\" \/>\n<link rel=\"canonical\" href=\"https:\/\/hudo.com\/si\/zabava\/vau-kaksna-zgodba-10-letna-selah-schneiter-kot-najmlajsa-plezalka-osvojila-goro-el-capitan\/\" \/>\n<meta property=\"og:locale\" content=\"sl_SI\" \/>\n<meta property=\"og:type\" content=\"article\" \/>\n<meta property=\"og:title\" content=\"Vau, kak\u0161na zgodba: 10-letna Selah Schneiter kot najmlaj\u0161a plezalka osvojila goro El Capitan - Hudo Slovenija\" \/>\n<meta property=\"og:description\" content=\"Desetletna deklica iz ZDA je kot najmlaj\u0161a plezalka osvojila vertikalno skalno formacijo El Capitan v ameri\u0161kem narodnem parku Yosemite. Selah Schneiter iz Kolorada je skoraj 900 metrov visoko smer Nos osvojila v petih dneh skupaj z o\u010detom, izku\u0161enih plezalcem, in dru\u017einskim prijateljem, poro\u010da francoska tiskovna agencija AFP.\" \/>\n<meta property=\"og:url\" content=\"https:\/\/hudo.com\/si\/zabava\/vau-kaksna-zgodba-10-letna-selah-schneiter-kot-najmlajsa-plezalka-osvojila-goro-el-capitan\/\" \/>\n<meta property=\"og:site_name\" content=\"Hudo Slovenija\" \/>\n<meta property=\"article:publisher\" content=\"https:\/\/www.facebook.com\/hudo.si\" \/>\n<meta property=\"article:published_time\" content=\"2019-06-20T03:14:37+00:00\" \/>\n<meta property=\"og:image\" content=\"https:\/\/hudo.com\/si\/wp-content\/uploads\/sites\/2\/2019\/06\/selahschneiter.jpg\" \/>\n\t<meta property=\"og:image:width\" content=\"487\" \/>\n\t<meta property=\"og:image:height\" content=\"429\" \/>\n\t<meta property=\"og:image:type\" content=\"image\/jpeg\" \/>\n<meta name=\"author\" content=\"hudo\" \/>\n<meta name=\"twitter:card\" content=\"summary_large_image\" \/>\n<meta name=\"twitter:creator\" content=\"@hudo_si\" \/>\n<meta name=\"twitter:site\" content=\"@hudo_si\" \/>\n<meta name=\"twitter:label1\" content=\"Written by\" \/>\n\t<meta name=\"twitter:data1\" content=\"hudo\" \/>\n\t<meta name=\"twitter:label2\" content=\"Est. reading time\" \/>\n\t<meta name=\"twitter:data2\" content=\"1 minuta\" \/>\n<script type=\"application\/ld+json\" class=\"yoast-schema-graph\">{\"@context\":\"https:\/\/schema.org\",\"@graph\":[{\"@type\":\"Article\",\"@id\":\"https:\/\/hudo.com\/si\/zabava\/vau-kaksna-zgodba-10-letna-selah-schneiter-kot-najmlajsa-plezalka-osvojila-goro-el-capitan\/#article\",\"isPartOf\":{\"@id\":\"https:\/\/hudo.com\/si\/zabava\/vau-kaksna-zgodba-10-letna-selah-schneiter-kot-najmlajsa-plezalka-osvojila-goro-el-capitan\/\"},\"author\":{\"name\":\"hudo\",\"@id\":\"https:\/\/hudo.com\/si\/#\/schema\/person\/601cf3379633985b20f7e50f2bb47707\"},\"headline\":\"Vau, kak\u0161na zgodba: 10-letna Selah Schneiter kot najmlaj\u0161a plezalka osvojila goro El Capitan\",\"datePublished\":\"2019-06-20T03:14:37+00:00\",\"dateModified\":\"2019-06-20T03:14:37+00:00\",\"mainEntityOfPage\":{\"@id\":\"https:\/\/hudo.com\/si\/zabava\/vau-kaksna-zgodba-10-letna-selah-schneiter-kot-najmlajsa-plezalka-osvojila-goro-el-capitan\/\"},\"wordCount\":227,\"publisher\":{\"@id\":\"https:\/\/hudo.com\/si\/#organization\"},\"keywords\":[\"El Capitan\",\"Selah Schneiter\"],\"articleSection\":[\"Zabava\"],\"inLanguage\":\"sl-SI\"},{\"@type\":\"WebPage\",\"@id\":\"https:\/\/hudo.com\/si\/zabava\/vau-kaksna-zgodba-10-letna-selah-schneiter-kot-najmlajsa-plezalka-osvojila-goro-el-capitan\/\",\"url\":\"https:\/\/hudo.com\/si\/zabava\/vau-kaksna-zgodba-10-letna-selah-schneiter-kot-najmlajsa-plezalka-osvojila-goro-el-capitan\/\",\"name\":\"Vau, kak\u0161na zgodba: 10-letna Selah Schneiter kot najmlaj\u0161a plezalka osvojila goro El Capitan - Hudo Slovenija\",\"isPartOf\":{\"@id\":\"https:\/\/hudo.com\/si\/#website\"},\"datePublished\":\"2019-06-20T03:14:37+00:00\",\"dateModified\":\"2019-06-20T03:14:37+00:00\",\"breadcrumb\":{\"@id\":\"https:\/\/hudo.com\/si\/zabava\/vau-kaksna-zgodba-10-letna-selah-schneiter-kot-najmlajsa-plezalka-osvojila-goro-el-capitan\/#breadcrumb\"},\"inLanguage\":\"sl-SI\",\"potentialAction\":[{\"@type\":\"ReadAction\",\"target\":[\"https:\/\/hudo.com\/si\/zabava\/vau-kaksna-zgodba-10-letna-selah-schneiter-kot-najmlajsa-plezalka-osvojila-goro-el-capitan\/\"]}]},{\"@type\":\"BreadcrumbList\",\"@id\":\"https:\/\/hudo.com\/si\/zabava\/vau-kaksna-zgodba-10-letna-selah-schneiter-kot-najmlajsa-plezalka-osvojila-goro-el-capitan\/#breadcrumb\",\"itemListElement\":[{\"@type\":\"ListItem\",\"position\":1,\"name\":\"Home\",\"item\":\"https:\/\/hudo.com\/si\/\"},{\"@type\":\"ListItem\",\"position\":2,\"name\":\"Vau, kak\u0161na zgodba: 10-letna Selah Schneiter kot najmlaj\u0161a plezalka osvojila goro El Capitan\"}]},{\"@type\":\"WebSite\",\"@id\":\"https:\/\/hudo.com\/si\/#website\",\"url\":\"https:\/\/hudo.com\/si\/\",\"name\":\"Hudo Slovenija\",\"description\":\"Vse novice iz Slovenije in sveta\",\"publisher\":{\"@id\":\"https:\/\/hudo.com\/si\/#organization\"},\"potentialAction\":[{\"@type\":\"SearchAction\",\"target\":{\"@type\":\"EntryPoint\",\"urlTemplate\":\"https:\/\/hudo.com\/si\/?s={search_term_string}\"},\"query-input\":\"required name=search_term_string\"}],\"inLanguage\":\"sl-SI\"},{\"@type\":\"Organization\",\"@id\":\"https:\/\/hudo.com\/si\/#organization\",\"name\":\"VSN Media\",\"url\":\"https:\/\/hudo.com\/si\/\",\"logo\":{\"@type\":\"ImageObject\",\"inLanguage\":\"sl-SI\",\"@id\":\"https:\/\/hudo.com\/si\/#\/schema\/logo\/image\/\",\"url\":\"https:\/\/hudo.com\/si\/wp-content\/uploads\/sites\/2\/2021\/03\/hudo-app-2.png\",\"contentUrl\":\"https:\/\/hudo.com\/si\/wp-content\/uploads\/sites\/2\/2021\/03\/hudo-app-2.png\",\"width\":2185,\"height\":2167,\"caption\":\"VSN Media\"},\"image\":{\"@id\":\"https:\/\/hudo.com\/si\/#\/schema\/logo\/image\/\"},\"sameAs\":[\"https:\/\/www.facebook.com\/hudo.si\",\"https:\/\/twitter.com\/hudo_si\"]},{\"@type\":\"Person\",\"@id\":\"https:\/\/hudo.com\/si\/#\/schema\/person\/601cf3379633985b20f7e50f2bb47707\",\"name\":\"hudo\",\"image\":{\"@type\":\"ImageObject\",\"inLanguage\":\"sl-SI\",\"@id\":\"https:\/\/hudo.com\/si\/#\/schema\/person\/image\/\",\"url\":\"https:\/\/secure.gravatar.com\/avatar\/c4ca25fa72cace7a696b52ff5db9e095?s=96&d=mm&r=g\",\"contentUrl\":\"https:\/\/secure.gravatar.com\/avatar\/c4ca25fa72cace7a696b52ff5db9e095?s=96&d=mm&r=g\",\"caption\":\"hudo\"},\"url\":\"https:\/\/hudo.com\/si\/author\/hudo\/\"}]}<\/script>\n<!-- \/ Yoast SEO plugin. -->","yoast_head_json":{"title":"Vau, kak\u0161na zgodba: 10-letna Selah Schneiter kot najmlaj\u0161a plezalka osvojila goro El Capitan - Hudo Slovenija","robots":{"index":"index","follow":"follow","max-snippet":"max-snippet:-1","max-image-preview":"max-image-preview:large","max-video-preview":"max-video-preview:-1"},"canonical":"https:\/\/hudo.com\/si\/zabava\/vau-kaksna-zgodba-10-letna-selah-schneiter-kot-najmlajsa-plezalka-osvojila-goro-el-capitan\/","og_locale":"sl_SI","og_type":"article","og_title":"Vau, kak\u0161na zgodba: 10-letna Selah Schneiter kot najmlaj\u0161a plezalka osvojila goro El Capitan - Hudo Slovenija","og_description":"Desetletna deklica iz ZDA je kot najmlaj\u0161a plezalka osvojila vertikalno skalno formacijo El Capitan v ameri\u0161kem narodnem parku Yosemite. Selah Schneiter iz Kolorada je skoraj 900 metrov visoko smer Nos osvojila v petih dneh skupaj z o\u010detom, izku\u0161enih plezalcem, in dru\u017einskim prijateljem, poro\u010da francoska tiskovna agencija AFP.","og_url":"https:\/\/hudo.com\/si\/zabava\/vau-kaksna-zgodba-10-letna-selah-schneiter-kot-najmlajsa-plezalka-osvojila-goro-el-capitan\/","og_site_name":"Hudo Slovenija","article_publisher":"https:\/\/www.facebook.com\/hudo.si","article_published_time":"2019-06-20T03:14:37+00:00","og_image":[{"width":487,"height":429,"url":"https:\/\/hudo.com\/si\/wp-content\/uploads\/sites\/2\/2019\/06\/selahschneiter.jpg","type":"image\/jpeg"}],"author":"hudo","twitter_card":"summary_large_image","twitter_creator":"@hudo_si","twitter_site":"@hudo_si","twitter_misc":{"Written by":"hudo","Est. reading time":"1 minuta"},"schema":{"@context":"https:\/\/schema.org","@graph":[{"@type":"Article","@id":"https:\/\/hudo.com\/si\/zabava\/vau-kaksna-zgodba-10-letna-selah-schneiter-kot-najmlajsa-plezalka-osvojila-goro-el-capitan\/#article","isPartOf":{"@id":"https:\/\/hudo.com\/si\/zabava\/vau-kaksna-zgodba-10-letna-selah-schneiter-kot-najmlajsa-plezalka-osvojila-goro-el-capitan\/"},"author":{"name":"hudo","@id":"https:\/\/hudo.com\/si\/#\/schema\/person\/601cf3379633985b20f7e50f2bb47707"},"headline":"Vau, kak\u0161na zgodba: 10-letna Selah Schneiter kot najmlaj\u0161a plezalka osvojila goro El Capitan","datePublished":"2019-06-20T03:14:37+00:00","dateModified":"2019-06-20T03:14:37+00:00","mainEntityOfPage":{"@id":"https:\/\/hudo.com\/si\/zabava\/vau-kaksna-zgodba-10-letna-selah-schneiter-kot-najmlajsa-plezalka-osvojila-goro-el-capitan\/"},"wordCount":227,"publisher":{"@id":"https:\/\/hudo.com\/si\/#organization"},"keywords":["El Capitan","Selah Schneiter"],"articleSection":["Zabava"],"inLanguage":"sl-SI"},{"@type":"WebPage","@id":"https:\/\/hudo.com\/si\/zabava\/vau-kaksna-zgodba-10-letna-selah-schneiter-kot-najmlajsa-plezalka-osvojila-goro-el-capitan\/","url":"https:\/\/hudo.com\/si\/zabava\/vau-kaksna-zgodba-10-letna-selah-schneiter-kot-najmlajsa-plezalka-osvojila-goro-el-capitan\/","name":"Vau, kak\u0161na zgodba: 10-letna Selah Schneiter kot najmlaj\u0161a plezalka osvojila goro El Capitan - Hudo Slovenija","isPartOf":{"@id":"https:\/\/hudo.com\/si\/#website"},"datePublished":"2019-06-20T03:14:37+00:00","dateModified":"2019-06-20T03:14:37+00:00","breadcrumb":{"@id":"https:\/\/hudo.com\/si\/zabava\/vau-kaksna-zgodba-10-letna-selah-schneiter-kot-najmlajsa-plezalka-osvojila-goro-el-capitan\/#breadcrumb"},"inLanguage":"sl-SI","potentialAction":[{"@type":"ReadAction","target":["https:\/\/hudo.com\/si\/zabava\/vau-kaksna-zgodba-10-letna-selah-schneiter-kot-najmlajsa-plezalka-osvojila-goro-el-capitan\/"]}]},{"@type":"BreadcrumbList","@id":"https:\/\/hudo.com\/si\/zabava\/vau-kaksna-zgodba-10-letna-selah-schneiter-kot-najmlajsa-plezalka-osvojila-goro-el-capitan\/#breadcrumb","itemListElement":[{"@type":"ListItem","position":1,"name":"Home","item":"https:\/\/hudo.com\/si\/"},{"@type":"ListItem","position":2,"name":"Vau, kak\u0161na zgodba: 10-letna Selah Schneiter kot najmlaj\u0161a plezalka osvojila goro El Capitan"}]},{"@type":"WebSite","@id":"https:\/\/hudo.com\/si\/#website","url":"https:\/\/hudo.com\/si\/","name":"Hudo Slovenija","description":"Vse novice iz Slovenije in sveta","publisher":{"@id":"https:\/\/hudo.com\/si\/#organization"},"potentialAction":[{"@type":"SearchAction","target":{"@type":"EntryPoint","urlTemplate":"https:\/\/hudo.com\/si\/?s={search_term_string}"},"query-input":"required name=search_term_string"}],"inLanguage":"sl-SI"},{"@type":"Organization","@id":"https:\/\/hudo.com\/si\/#organization","name":"VSN Media","url":"https:\/\/hudo.com\/si\/","logo":{"@type":"ImageObject","inLanguage":"sl-SI","@id":"https:\/\/hudo.com\/si\/#\/schema\/logo\/image\/","url":"https:\/\/hudo.com\/si\/wp-content\/uploads\/sites\/2\/2021\/03\/hudo-app-2.png","contentUrl":"https:\/\/hudo.com\/si\/wp-content\/uploads\/sites\/2\/2021\/03\/hudo-app-2.png","width":2185,"height":2167,"caption":"VSN Media"},"image":{"@id":"https:\/\/hudo.com\/si\/#\/schema\/logo\/image\/"},"sameAs":["https:\/\/www.facebook.com\/hudo.si","https:\/\/twitter.com\/hudo_si"]},{"@type":"Person","@id":"https:\/\/hudo.com\/si\/#\/schema\/person\/601cf3379633985b20f7e50f2bb47707","name":"hudo","image":{"@type":"ImageObject","inLanguage":"sl-SI","@id":"https:\/\/hudo.com\/si\/#\/schema\/person\/image\/","url":"https:\/\/secure.gravatar.com\/avatar\/c4ca25fa72cace7a696b52ff5db9e095?s=96&d=mm&r=g","contentUrl":"https:\/\/secure.gravatar.com\/avatar\/c4ca25fa72cace7a696b52ff5db9e095?s=96&d=mm&r=g","caption":"hudo"},"url":"https:\/\/hudo.com\/si\/author\/hudo\/"}]}},"amp_enabled":true,"_links":{"self":[{"href":"https:\/\/hudo.com\/si\/wp-json\/wp\/v2\/posts\/400939"}],"collection":[{"href":"https:\/\/hudo.com\/si\/wp-json\/wp\/v2\/posts"}],"about":[{"href":"https:\/\/hudo.com\/si\/wp-json\/wp\/v2\/types\/post"}],"author":[{"embeddable":true,"href":"https:\/\/hudo.com\/si\/wp-json\/wp\/v2\/users\/1"}],"replies":[{"embeddable":true,"href":"https:\/\/hudo.com\/si\/wp-json\/wp\/v2\/comments?post=400939"}],"version-history":[{"count":0,"href":"https:\/\/hudo.com\/si\/wp-json\/wp\/v2\/posts\/400939\/revisions"}],"wp:attachment":[{"href":"https:\/\/hudo.com\/si\/wp-json\/wp\/v2\/media?parent=400939"}],"wp:term":[{"taxonomy":"category","embeddable":true,"href":"https:\/\/hudo.com\/si\/wp-json\/wp\/v2\/categories?post=400939"},{"taxonomy":"post_tag","embeddable":true,"href":"https:\/\/hudo.com\/si\/wp-json\/wp\/v2\/tags?post=400939"},{"taxonomy":"source","embeddable":true,"href":"https:\/\/hudo.com\/si\/wp-json\/wp\/v2\/source?post=400939"},{"taxonomy":"supertag","embeddable":true,"href":"https:\/\/hudo.com\/si\/wp-json\/wp\/v2\/supertag?post=400939"}],"curies":[{"name":"wp","href":"https:\/\/api.w.org\/{rel}","templated":true}]}}