{"id":401036,"date":"2019-06-21T07:55:19","date_gmt":"2019-06-21T05:55:19","guid":{"rendered":"http:\/\/hudo.com\/si\/?p=401036"},"modified":"2019-06-21T07:55:19","modified_gmt":"2019-06-21T05:55:19","slug":"ceferin-o-sojenju-finala-lige-prvakov-skomina-hvala-bogu-ni-naredil-napake","status":"publish","type":"post","link":"https:\/\/hudo.com\/si\/aktualno\/ceferin-o-sojenju-finala-lige-prvakov-skomina-hvala-bogu-ni-naredil-napake\/","title":{"rendered":"\u010ceferin o sojenju finala lige prvakov: Skomina, hvala Bogu, ni naredil napake"},"content":{"rendered":"<p>&#8220;Sodni\u0161ki komite Uefe ga je predlagal, a formalna odlo\u010ditev glede glavnega sodnika finala lige prvakov je predsednikova. \u010ce bi bil Angle\u017e, potem ne bi bil noben problem, \u010de bi finale sodil angle\u0161ki sodnik. A ker sem Slovenec, je bil problem. Sem se zavedal, da bo, \u010de bo storjena kak\u0161na pomembna napaka, \u0161lo potem vse name,&#8221; je menil \u010ceferin na \u0160krab\u010devi doma\u010diji, kjer v Hrova\u010di pri Ribnici pripravljajo razli\u010dne tematske ve\u010dere in sre\u010danja.<\/p>\n<p>Voditelj ve\u010dera Marjan Dora iz pomurske TV Ideje ga je pobaral, da gotovo podeljuje rojakom odli\u010dja z druga\u010dnimi \u010dustvi kot drugim. &#8220;Imam poseben odnos do Slovencev, ki igrajo, pa tudi do drugih iz biv\u0161e Jugoslavije. Tudi slednji me imajo za svojega predsednika. Druga\u010de je, ko da\u0161 medaljo na\u0161emu fantu. Tako pa\u010d je.&#8221;<\/p>\n<p>Politikov ni ve\u010d ob podeljevanjih. &#8220;Razen kraljevih glav, ti pa\u010d ne gredo na volitve. A imam vsako leto precej pogovorov na to temo, v\u010dasih s kom ve\u010d zapored, ker bi bili radi navzo\u010di na podeljevanjih. Tedaj se v meni oglasi malo pravnika in vpra\u0161am, \u010de \u017eelijo videti, da bi jim \u017evi\u017egali na polnem stadionu, kar se prav lahko zgodi. Potem pa je odgovor jasen, da ne. In kon\u010damo.&#8221;<\/p>\n<p>V\u010dasih so spori tudi bolj ostri. V za\u010detku meseca je tako francoski predsednik Emmanuel Macron napadel vodstvo Uefe, da pripravlja na\u010drte elitnega nogometnega tekmovanja brez izpadanja. &#8220;Dejal sem, da je to ob odprtju \u017eenskega nogometnega SP v Franciji nekulturno in da tudi sicer gre za nedopustno vme\u0161avanje politike v \u0161port. Pa \u0161e trditev obenem ni resni\u010dna,&#8221; je zatrdil \u010ceferin.<\/p>\n<p>Prvi mo\u017e Uefe je zavrnil vsako mo\u017enost, da bi pod njegovim vodstvom uvedli sistem elitnih lig po vzoru ameri\u0161kih. &#8220;Prav tako liga prvakov ne bo med vikendi. Stokat sem to povedal, pa se vedno pojavijo in trdijo, da smo to predlagali. Ni pomembna le \u0161panska in angle\u0161ka liga, kdo bo gledal slovensko ali podobne manj\u0161e, \u010de bi se kaj takega zgodilo. Vseh 55 dr\u017eav bo imelo klube v ligi prvakov, le ni\u017eje rangirane morajo v kvalifikacije kot doslej.&#8221;<\/p>\n<p>\u010ceferin je izpostavil, da zveza, ki jo vodi, obrne \u0161est milijard letno, Mednarodna nogometna zveza (Fifa) pa 1,5 milijarde. Zato je veliko interesov in razli\u010dnih \u017eelja. &#8220;A Uefa 250 milijonov letno nameni \u010dlanicam za solidarnostni sklad, kjer gre del denarja tudi v \u0160panijo, Anglijo, kar je treba ustaviti. Na drugi strani ima denimo angle\u0161ka liga prenose tudi drugod in tako slovenski ligi jemlje trg, pa za to ne daje ni\u010desar. Na to \u017ee nekaj \u010dasa pritiskamo, da gre tudi iz najve\u010djih lig solidarnostni denar za manj\u0161e nacionalne lige.&#8221;<\/p>\n<p>Ne skriva, da gre za dobro pla\u010dano slu\u017ebo, ki lahko zleze pod ko\u017eo. &#8220;Ko sem bil na prvem potovanju kot predsednik Uefe me je rde\u010da preproga pri\u010dakala v Azerbajd\u017eanu. Najvi\u0161ji predstavniki dr\u017eave te \u010dakajo, kov\u010dek pride kar sam v hotel. Veliko je direndaja za navadne smrtnike. In se temu hitro privadi\u0161. Pa gre mimo prvi mandat, pa drugi. Pa si re\u010de\u0161, zakaj pa ne tretji. Saj si \u0161e v polni mo\u010di. In kar naenkrat si star 70 let &#8230; Zato sem se odlo\u010dil za omejitev \u0161tevila mandatov. Tudi da bi za\u0161\u010ditil funkcijo pred sabo. Kot sem dejal, vsega omenjenega se hitro navadi\u0161.&#8221;<\/p>\n<p>Prizemlji ga tudi, ker se vsak \u010detrtek popoldne ali zve\u010der vrne s sede\u017ea Uefe v Grosuplje. &#8220;K trem h\u010derkam, ki jih razvajam in me \u017eena Barbara okara. Prej sem kot odvetnik prijahal domov utrujen. Bil sem ve\u010d \u010dasa sicer prisoten, toda vse skupaj je bilo manj intenzivno in kvalitetno. Lahko se umirim in sem znova obi\u010dajen dr\u017eavljan dr\u017eave, ki je res najlep\u0161a na svetu. Nikjer drugje ne bi \u017eelel \u017eiveti. Imam tudi zelo dobro mnenje o Slovencih, nikoli doslej denimo nisem \u010dutil nevo\u0161\u010dljivosti zavoljo moje funkcije,&#8221; je pojasnil \u010ceferin in kot najve\u010djo pomanjkljivost navedel tog birokratski aparat.<\/p>\n<p>To je tudi eden od razlogov, da mnogokrat v stikih z res bogatimi ljudmi, milijarderji, nerad pove kaj glede nakupov kak\u0161ne firme v Sloveniji. &#8220;\u010ce mene vpra\u0161ajo kaj o tej temi in \u010de re\u010dem da, mislijo, da lahko to res storijo. Potem pa pride birokracija, mediji, razni interesi ter se vse zelo upo\u010dasni ali celo ustavi. Verjetno bi lahko ve\u010d naredil pri odpiranju vrat. Mogo\u010de pa \u0161e bom,&#8221; je ocenil Aleksander \u010ceferin, katerega brat Rok je bil pred dnevi izvoljen za ustavnega sodnika.<\/p>\n","protected":false},"excerpt":{"rendered":"<p>Predsednik Evropske nogometne zveze (Uefe) Aleksander \u010ceferin je dejal, da si je Damir Skomina zaslu\u017eil sojenje v finalu leto\u0161nje lige prvakov, da pa je bil \u0161e pod ve\u010djim drobnogledom kot sicer, saj prihaja iz Slovenije kot on sam. &#8220;Nedvomno si je to zaslu\u017eil, dolgo dobro sodi. Potrdil sem, da se strinjam z njim, in hvala Bogu ni naredil napake.&#8221;<\/p>\n","protected":false},"author":8,"featured_media":401037,"comment_status":"closed","ping_status":"closed","sticky":false,"template":"","format":"standard","meta":{"footnotes":""},"categories":[1179],"tags":[5483,8671,5052,3600,1595,4963],"source":[4511],"supertag":[],"acf":[],"yoast_head":"<!-- This site is optimized with the Yoast SEO plugin v21.3 - https:\/\/yoast.com\/wordpress\/plugins\/seo\/ -->\n<title>\u010ceferin o sojenju finala lige prvakov: Skomina, hvala Bogu, ni naredil napake - Hudo Slovenija<\/title>\n<meta name=\"robots\" content=\"index, follow, max-snippet:-1, max-image-preview:large, max-video-preview:-1\" \/>\n<link rel=\"canonical\" href=\"https:\/\/hudo.com\/si\/aktualno\/ceferin-o-sojenju-finala-lige-prvakov-skomina-hvala-bogu-ni-naredil-napake\/\" \/>\n<meta property=\"og:locale\" content=\"sl_SI\" \/>\n<meta property=\"og:type\" content=\"article\" \/>\n<meta property=\"og:title\" content=\"\u010ceferin o sojenju finala lige prvakov: Skomina, hvala Bogu, ni naredil napake - Hudo Slovenija\" \/>\n<meta property=\"og:description\" content=\"Predsednik Evropske nogometne zveze (Uefe) Aleksander \u010ceferin je dejal, da si je Damir Skomina zaslu\u017eil sojenje v finalu leto\u0161nje lige prvakov, da pa je bil \u0161e pod ve\u010djim drobnogledom kot sicer, saj prihaja iz Slovenije kot on sam. &quot;Nedvomno si je to zaslu\u017eil, dolgo dobro sodi. Potrdil sem, da se strinjam z njim, in hvala Bogu ni naredil napake.&quot;\" \/>\n<meta property=\"og:url\" content=\"https:\/\/hudo.com\/si\/aktualno\/ceferin-o-sojenju-finala-lige-prvakov-skomina-hvala-bogu-ni-naredil-napake\/\" \/>\n<meta property=\"og:site_name\" content=\"Hudo Slovenija\" \/>\n<meta property=\"article:publisher\" content=\"https:\/\/www.facebook.com\/hudo.si\" \/>\n<meta property=\"article:published_time\" content=\"2019-06-21T05:55:19+00:00\" \/>\n<meta property=\"og:image\" content=\"https:\/\/hudo.com\/si\/wp-content\/uploads\/sites\/2\/2019\/06\/profimedia-0442004683.jpg\" \/>\n\t<meta property=\"og:image:width\" content=\"1250\" \/>\n\t<meta property=\"og:image:height\" content=\"833\" \/>\n\t<meta property=\"og:image:type\" content=\"image\/jpeg\" \/>\n<meta name=\"author\" content=\"M. N., STA\" \/>\n<meta name=\"twitter:card\" content=\"summary_large_image\" \/>\n<meta name=\"twitter:creator\" content=\"@hudo_si\" \/>\n<meta name=\"twitter:site\" content=\"@hudo_si\" \/>\n<meta name=\"twitter:label1\" content=\"Written by\" \/>\n\t<meta name=\"twitter:data1\" content=\"M. N., STA\" \/>\n\t<meta name=\"twitter:label2\" content=\"Est. reading time\" \/>\n\t<meta name=\"twitter:data2\" content=\"4 minute\" \/>\n<script type=\"application\/ld+json\" class=\"yoast-schema-graph\">{\"@context\":\"https:\/\/schema.org\",\"@graph\":[{\"@type\":\"Article\",\"@id\":\"https:\/\/hudo.com\/si\/aktualno\/ceferin-o-sojenju-finala-lige-prvakov-skomina-hvala-bogu-ni-naredil-napake\/#article\",\"isPartOf\":{\"@id\":\"https:\/\/hudo.com\/si\/aktualno\/ceferin-o-sojenju-finala-lige-prvakov-skomina-hvala-bogu-ni-naredil-napake\/\"},\"author\":{\"name\":\"M. N., STA\",\"@id\":\"https:\/\/hudo.com\/si\/#\/schema\/person\/c2f10ce65d2e6ede2aeda5be2a0611fa\"},\"headline\":\"\u010ceferin o sojenju finala lige prvakov: Skomina, hvala Bogu, ni naredil napake\",\"datePublished\":\"2019-06-21T05:55:19+00:00\",\"dateModified\":\"2019-06-21T05:55:19+00:00\",\"mainEntityOfPage\":{\"@id\":\"https:\/\/hudo.com\/si\/aktualno\/ceferin-o-sojenju-finala-lige-prvakov-skomina-hvala-bogu-ni-naredil-napake\/\"},\"wordCount\":770,\"publisher\":{\"@id\":\"https:\/\/hudo.com\/si\/#organization\"},\"keywords\":[\"Aleksander \u010ceferin\",\"Damir Skomina\",\"liga prvakov\",\"nogomet\",\"Slovenija\",\"UEFA\"],\"articleSection\":[\"Aktualno\"],\"inLanguage\":\"sl-SI\"},{\"@type\":\"WebPage\",\"@id\":\"https:\/\/hudo.com\/si\/aktualno\/ceferin-o-sojenju-finala-lige-prvakov-skomina-hvala-bogu-ni-naredil-napake\/\",\"url\":\"https:\/\/hudo.com\/si\/aktualno\/ceferin-o-sojenju-finala-lige-prvakov-skomina-hvala-bogu-ni-naredil-napake\/\",\"name\":\"\u010ceferin o sojenju finala lige prvakov: Skomina, hvala Bogu, ni naredil napake - Hudo Slovenija\",\"isPartOf\":{\"@id\":\"https:\/\/hudo.com\/si\/#website\"},\"datePublished\":\"2019-06-21T05:55:19+00:00\",\"dateModified\":\"2019-06-21T05:55:19+00:00\",\"breadcrumb\":{\"@id\":\"https:\/\/hudo.com\/si\/aktualno\/ceferin-o-sojenju-finala-lige-prvakov-skomina-hvala-bogu-ni-naredil-napake\/#breadcrumb\"},\"inLanguage\":\"sl-SI\",\"potentialAction\":[{\"@type\":\"ReadAction\",\"target\":[\"https:\/\/hudo.com\/si\/aktualno\/ceferin-o-sojenju-finala-lige-prvakov-skomina-hvala-bogu-ni-naredil-napake\/\"]}]},{\"@type\":\"BreadcrumbList\",\"@id\":\"https:\/\/hudo.com\/si\/aktualno\/ceferin-o-sojenju-finala-lige-prvakov-skomina-hvala-bogu-ni-naredil-napake\/#breadcrumb\",\"itemListElement\":[{\"@type\":\"ListItem\",\"position\":1,\"name\":\"Home\",\"item\":\"https:\/\/hudo.com\/si\/\"},{\"@type\":\"ListItem\",\"position\":2,\"name\":\"\u010ceferin o sojenju finala lige prvakov: Skomina, hvala Bogu, ni naredil napake\"}]},{\"@type\":\"WebSite\",\"@id\":\"https:\/\/hudo.com\/si\/#website\",\"url\":\"https:\/\/hudo.com\/si\/\",\"name\":\"Hudo Slovenija\",\"description\":\"Vse novice iz Slovenije in sveta\",\"publisher\":{\"@id\":\"https:\/\/hudo.com\/si\/#organization\"},\"potentialAction\":[{\"@type\":\"SearchAction\",\"target\":{\"@type\":\"EntryPoint\",\"urlTemplate\":\"https:\/\/hudo.com\/si\/?s={search_term_string}\"},\"query-input\":\"required name=search_term_string\"}],\"inLanguage\":\"sl-SI\"},{\"@type\":\"Organization\",\"@id\":\"https:\/\/hudo.com\/si\/#organization\",\"name\":\"VSN Media\",\"url\":\"https:\/\/hudo.com\/si\/\",\"logo\":{\"@type\":\"ImageObject\",\"inLanguage\":\"sl-SI\",\"@id\":\"https:\/\/hudo.com\/si\/#\/schema\/logo\/image\/\",\"url\":\"https:\/\/hudo.com\/si\/wp-content\/uploads\/sites\/2\/2021\/03\/hudo-app-2.png\",\"contentUrl\":\"https:\/\/hudo.com\/si\/wp-content\/uploads\/sites\/2\/2021\/03\/hudo-app-2.png\",\"width\":2185,\"height\":2167,\"caption\":\"VSN Media\"},\"image\":{\"@id\":\"https:\/\/hudo.com\/si\/#\/schema\/logo\/image\/\"},\"sameAs\":[\"https:\/\/www.facebook.com\/hudo.si\",\"https:\/\/twitter.com\/hudo_si\"]},{\"@type\":\"Person\",\"@id\":\"https:\/\/hudo.com\/si\/#\/schema\/person\/c2f10ce65d2e6ede2aeda5be2a0611fa\",\"name\":\"M. N., STA\",\"image\":{\"@type\":\"ImageObject\",\"inLanguage\":\"sl-SI\",\"@id\":\"https:\/\/hudo.com\/si\/#\/schema\/person\/image\/\",\"url\":\"https:\/\/secure.gravatar.com\/avatar\/f370d38daa10467f755c5c766a4cac20?s=96&d=mm&r=g\",\"contentUrl\":\"https:\/\/secure.gravatar.com\/avatar\/f370d38daa10467f755c5c766a4cac20?s=96&d=mm&r=g\",\"caption\":\"M. N., STA\"},\"url\":\"https:\/\/hudo.com\/si\/author\/mana\/\"}]}<\/script>\n<!-- \/ Yoast SEO plugin. -->","yoast_head_json":{"title":"\u010ceferin o sojenju finala lige prvakov: Skomina, hvala Bogu, ni naredil napake - Hudo Slovenija","robots":{"index":"index","follow":"follow","max-snippet":"max-snippet:-1","max-image-preview":"max-image-preview:large","max-video-preview":"max-video-preview:-1"},"canonical":"https:\/\/hudo.com\/si\/aktualno\/ceferin-o-sojenju-finala-lige-prvakov-skomina-hvala-bogu-ni-naredil-napake\/","og_locale":"sl_SI","og_type":"article","og_title":"\u010ceferin o sojenju finala lige prvakov: Skomina, hvala Bogu, ni naredil napake - Hudo Slovenija","og_description":"Predsednik Evropske nogometne zveze (Uefe) Aleksander \u010ceferin je dejal, da si je Damir Skomina zaslu\u017eil sojenje v finalu leto\u0161nje lige prvakov, da pa je bil \u0161e pod ve\u010djim drobnogledom kot sicer, saj prihaja iz Slovenije kot on sam. \"Nedvomno si je to zaslu\u017eil, dolgo dobro sodi. Potrdil sem, da se strinjam z njim, in hvala Bogu ni naredil napake.\"","og_url":"https:\/\/hudo.com\/si\/aktualno\/ceferin-o-sojenju-finala-lige-prvakov-skomina-hvala-bogu-ni-naredil-napake\/","og_site_name":"Hudo Slovenija","article_publisher":"https:\/\/www.facebook.com\/hudo.si","article_published_time":"2019-06-21T05:55:19+00:00","og_image":[{"width":1250,"height":833,"url":"https:\/\/hudo.com\/si\/wp-content\/uploads\/sites\/2\/2019\/06\/profimedia-0442004683.jpg","type":"image\/jpeg"}],"author":"M. N., STA","twitter_card":"summary_large_image","twitter_creator":"@hudo_si","twitter_site":"@hudo_si","twitter_misc":{"Written by":"M. N., STA","Est. reading time":"4 minute"},"schema":{"@context":"https:\/\/schema.org","@graph":[{"@type":"Article","@id":"https:\/\/hudo.com\/si\/aktualno\/ceferin-o-sojenju-finala-lige-prvakov-skomina-hvala-bogu-ni-naredil-napake\/#article","isPartOf":{"@id":"https:\/\/hudo.com\/si\/aktualno\/ceferin-o-sojenju-finala-lige-prvakov-skomina-hvala-bogu-ni-naredil-napake\/"},"author":{"name":"M. N., STA","@id":"https:\/\/hudo.com\/si\/#\/schema\/person\/c2f10ce65d2e6ede2aeda5be2a0611fa"},"headline":"\u010ceferin o sojenju finala lige prvakov: Skomina, hvala Bogu, ni naredil napake","datePublished":"2019-06-21T05:55:19+00:00","dateModified":"2019-06-21T05:55:19+00:00","mainEntityOfPage":{"@id":"https:\/\/hudo.com\/si\/aktualno\/ceferin-o-sojenju-finala-lige-prvakov-skomina-hvala-bogu-ni-naredil-napake\/"},"wordCount":770,"publisher":{"@id":"https:\/\/hudo.com\/si\/#organization"},"keywords":["Aleksander \u010ceferin","Damir Skomina","liga prvakov","nogomet","Slovenija","UEFA"],"articleSection":["Aktualno"],"inLanguage":"sl-SI"},{"@type":"WebPage","@id":"https:\/\/hudo.com\/si\/aktualno\/ceferin-o-sojenju-finala-lige-prvakov-skomina-hvala-bogu-ni-naredil-napake\/","url":"https:\/\/hudo.com\/si\/aktualno\/ceferin-o-sojenju-finala-lige-prvakov-skomina-hvala-bogu-ni-naredil-napake\/","name":"\u010ceferin o sojenju finala lige prvakov: Skomina, hvala Bogu, ni naredil napake - Hudo Slovenija","isPartOf":{"@id":"https:\/\/hudo.com\/si\/#website"},"datePublished":"2019-06-21T05:55:19+00:00","dateModified":"2019-06-21T05:55:19+00:00","breadcrumb":{"@id":"https:\/\/hudo.com\/si\/aktualno\/ceferin-o-sojenju-finala-lige-prvakov-skomina-hvala-bogu-ni-naredil-napake\/#breadcrumb"},"inLanguage":"sl-SI","potentialAction":[{"@type":"ReadAction","target":["https:\/\/hudo.com\/si\/aktualno\/ceferin-o-sojenju-finala-lige-prvakov-skomina-hvala-bogu-ni-naredil-napake\/"]}]},{"@type":"BreadcrumbList","@id":"https:\/\/hudo.com\/si\/aktualno\/ceferin-o-sojenju-finala-lige-prvakov-skomina-hvala-bogu-ni-naredil-napake\/#breadcrumb","itemListElement":[{"@type":"ListItem","position":1,"name":"Home","item":"https:\/\/hudo.com\/si\/"},{"@type":"ListItem","position":2,"name":"\u010ceferin o sojenju finala lige prvakov: Skomina, hvala Bogu, ni naredil napake"}]},{"@type":"WebSite","@id":"https:\/\/hudo.com\/si\/#website","url":"https:\/\/hudo.com\/si\/","name":"Hudo Slovenija","description":"Vse novice iz Slovenije in sveta","publisher":{"@id":"https:\/\/hudo.com\/si\/#organization"},"potentialAction":[{"@type":"SearchAction","target":{"@type":"EntryPoint","urlTemplate":"https:\/\/hudo.com\/si\/?s={search_term_string}"},"query-input":"required name=search_term_string"}],"inLanguage":"sl-SI"},{"@type":"Organization","@id":"https:\/\/hudo.com\/si\/#organization","name":"VSN Media","url":"https:\/\/hudo.com\/si\/","logo":{"@type":"ImageObject","inLanguage":"sl-SI","@id":"https:\/\/hudo.com\/si\/#\/schema\/logo\/image\/","url":"https:\/\/hudo.com\/si\/wp-content\/uploads\/sites\/2\/2021\/03\/hudo-app-2.png","contentUrl":"https:\/\/hudo.com\/si\/wp-content\/uploads\/sites\/2\/2021\/03\/hudo-app-2.png","width":2185,"height":2167,"caption":"VSN Media"},"image":{"@id":"https:\/\/hudo.com\/si\/#\/schema\/logo\/image\/"},"sameAs":["https:\/\/www.facebook.com\/hudo.si","https:\/\/twitter.com\/hudo_si"]},{"@type":"Person","@id":"https:\/\/hudo.com\/si\/#\/schema\/person\/c2f10ce65d2e6ede2aeda5be2a0611fa","name":"M. N., STA","image":{"@type":"ImageObject","inLanguage":"sl-SI","@id":"https:\/\/hudo.com\/si\/#\/schema\/person\/image\/","url":"https:\/\/secure.gravatar.com\/avatar\/f370d38daa10467f755c5c766a4cac20?s=96&d=mm&r=g","contentUrl":"https:\/\/secure.gravatar.com\/avatar\/f370d38daa10467f755c5c766a4cac20?s=96&d=mm&r=g","caption":"M. N., STA"},"url":"https:\/\/hudo.com\/si\/author\/mana\/"}]}},"amp_enabled":true,"_links":{"self":[{"href":"https:\/\/hudo.com\/si\/wp-json\/wp\/v2\/posts\/401036"}],"collection":[{"href":"https:\/\/hudo.com\/si\/wp-json\/wp\/v2\/posts"}],"about":[{"href":"https:\/\/hudo.com\/si\/wp-json\/wp\/v2\/types\/post"}],"author":[{"embeddable":true,"href":"https:\/\/hudo.com\/si\/wp-json\/wp\/v2\/users\/8"}],"replies":[{"embeddable":true,"href":"https:\/\/hudo.com\/si\/wp-json\/wp\/v2\/comments?post=401036"}],"version-history":[{"count":1,"href":"https:\/\/hudo.com\/si\/wp-json\/wp\/v2\/posts\/401036\/revisions"}],"predecessor-version":[{"id":401038,"href":"https:\/\/hudo.com\/si\/wp-json\/wp\/v2\/posts\/401036\/revisions\/401038"}],"wp:featuredmedia":[{"embeddable":true,"href":"https:\/\/hudo.com\/si\/wp-json\/wp\/v2\/media\/401037"}],"wp:attachment":[{"href":"https:\/\/hudo.com\/si\/wp-json\/wp\/v2\/media?parent=401036"}],"wp:term":[{"taxonomy":"category","embeddable":true,"href":"https:\/\/hudo.com\/si\/wp-json\/wp\/v2\/categories?post=401036"},{"taxonomy":"post_tag","embeddable":true,"href":"https:\/\/hudo.com\/si\/wp-json\/wp\/v2\/tags?post=401036"},{"taxonomy":"source","embeddable":true,"href":"https:\/\/hudo.com\/si\/wp-json\/wp\/v2\/source?post=401036"},{"taxonomy":"supertag","embeddable":true,"href":"https:\/\/hudo.com\/si\/wp-json\/wp\/v2\/supertag?post=401036"}],"curies":[{"name":"wp","href":"https:\/\/api.w.org\/{rel}","templated":true}]}}