{"id":401093,"date":"2019-06-21T14:02:29","date_gmt":"2019-06-21T12:02:29","guid":{"rendered":"http:\/\/hudo.com\/si\/?p=401093"},"modified":"2019-06-21T14:03:21","modified_gmt":"2019-06-21T12:03:21","slug":"interpelaciji-erjavca-se-ne-obeta-zadostna-podpora-levica-napovedala-obstrukcijo","status":"publish","type":"post","link":"https:\/\/hudo.com\/si\/aktualno\/interpelaciji-erjavca-se-ne-obeta-zadostna-podpora-levica-napovedala-obstrukcijo\/","title":{"rendered":"Interpelaciji Erjavca se ne obeta zadostna podpora, Levica napovedala obstrukcijo"},"content":{"rendered":"<div class=\"text\">\n<p>Predlagatelji interpelacije Erjavcu med drugim o\u010ditajo zlorabo voja\u0161ke obve\u0161\u010devalne slu\u017ebe ter la\u017ei v primeru no\u010dnega streljanja na Po\u010dku. Zvonko \u010cerna\u010d (SDS) je prepri\u010dan, da je &#8220;minister tako objektivno kot subjektivno odgovoren za to, kar navaja interpelacija&#8221;. Po njegovih besedah je Erjavec izgubil vso kredibilnost in ve\u010dino ministrovanja porabi za za\u0161\u010dito svojega polo\u017eaja. Pri tem je ministrovo zavra\u010danje o\u010ditkov iz interpelacije ozna\u010dil za neprepri\u010dljivo in neuspe\u0161no.<\/p>\n<p>Zahtevo za razre\u0161itev podpirajo tudi v NSi. Jo\u017eef Horvat je ob tem dejal, da je Erjavec neposredno odgovoren za slabo stanje v Slovenski vojski (SV) in za zlorabo obrambnega resorja, pri \u010demer je izpostavil vlogo obve\u0161\u010devalno-varnostne slu\u017ebe (OVS) ministrstva za obrambo pri razre\u0161itvi poveljnika poveljstva sil SV Mihe \u0160kerbinca. Horvat je dejal, da bi bilo treba za izbolj\u0161anje stanja v SV nemudoma sprejeti ustrezne ukrepe, a jih minister zgolj obljublja. Opozoril je na kadrovski osip v SV, poru\u0161eno razmerje med vojaki, pod\u010dastniki in \u010dastniki ter na vse bolj zastarelo oboro\u017eitev. Pritrdil je tudi ugotovitvam in sklepom komisije DZ za nadzor varnostnih in obve\u0161\u010devalnih slu\u017eb (Knovs) v zvezi z ministrovo odgovornostjo.<\/p>\n<p>Prvak SNS Zmago Jelin\u010di\u010d pa je dejal, da do dana\u0161nje interpelacije sploh ne bi smelo priti, saj Erjavec niti ne bi smel biti minister za obrambo. Po Jelin\u010di\u010devih besedah se je namre\u010d \u017ee ve\u010dkrat izkazal kot slab minister. Po njegovih besedah je koncept voja\u0161ke obrambne strategije zgre\u0161en. Izpostavil je pomanjkanje vojakov in se zavzel za naborni\u0161ki sistem. Obregnil se je tudi ob dejstvo, da vojaki ob meji patruljirajo brez policijskih pooblastil in dodal, da je bistvo vojske varovati dr\u017eavno mejo.<\/p>\n<p>Nasprotno so v strankah koalicije ocenjevali, da je Erjavec v odgovoru na interpelacijo navedel dobre protiargumente in prepri\u010dljiva pojasnila, da do zlorabe OVS ni pri\u0161lo. Tako so interpelacijo ve\u010dinoma ozna\u010dili za del poskusa SDS, da bi v boju za oblast na\u010dela odnose v koaliciji ter kot zlorabo instrumenta opozicijskega nadzora.<\/p>\n<p>Franc Jur\u0161a (DeSUS) je ocenil, da interpelacija ni zgolj zlonameren napad na ministra Erjavca, temve\u010d tudi nevarno na\u010denja varnost vseh dr\u017eavljanov. &#8220;Interpelacija je farsa in predstava, ki vna\u0161a ideolo\u0161ki razdor,&#8221; je dejal. Po njegovih besedah so o\u010ditki iz vrst SDS &#8220;o\u010ditki proti interesom dr\u017eave&#8221;. Opozoril je, da je praksa Knovsa v zvezi z interpelacijo sporna in ka\u017ee na zlorabo nadzorne komisije za politi\u010dne cilje. Dodal je, da se bo ob koncu dana\u0161nje izredne seje DZ pokazalo, &#8220;komu je mar za dr\u017eavo&#8221;.<\/p>\n<p>Podobno je poslanec Samo Bevk v imenu poslanske skupine SD ocenil, da je napad na predsednika koalicijske partnerice in ministra dr\u017eavotvornega resorja &#8220;\u0161olski primer zlorabe instrumenta interpelacije za striktno parcialne politi\u010dne interese&#8221;. Tudi on je SDS o\u010dital zlorabo Knovsa, ki se je spremenil v preiskovalno komisijo o delu Erjavca in dodal, da je instrumentalizacija stalnega delovnega telesa DZ dejanje, ki ni ne dr\u017eavotvorno niti domoljubno. Hkrati pa ob\u017ealujejo, da bo ali je po nekaterih informacijah \u017ee &#8220;\u0161kodovala odnosom v Slovenski vojski in \u0161ir\u0161em obrambnem sistemu in na\u010dela kredibilnost Slovenije v odnosu do tujih partnerjev in v mednarodnem prostoru&#8221;.<\/p>\n<p>Tudi Jerca Kor\u010de iz LM\u0160 je bila kriti\u010dna do ravnanj SDS. Ob \u0161tevilnih interpelacijah, ki so jih vlagali v preteklosti, je med drugim dejala, da to ka\u017ee na iracionalno presojo predlagateljev glede tega, kdaj uporabiti ta instrument. Zapisano v tokratni interpelaciji po mnenju LM\u0160 predstavlja nedopustne manipulacije, predlagateljeva \u017eelja po prikazu prekora\u010ditve pooblastil OVS, pa je povsem neresna. Problemi v vojski imajo po njenih besedah dolgo brado in jih nikakor ne gre pripisovati samo ministru Erjavcu in pomanjkanju sredstev za obrambo, ki jih je sicer ta vlada dvignila. Edina kritika ministra, ki jo sprejema, pa je, da je ob dogajanju na Po\u010dku zamudil prilo\u017enost, da bi pragmati\u010dno ostal tiho.<\/p>\n<p>Andrej Rajh (SAB) je interpelacijo ozna\u010dil &#8220;za ostanek predvolilne kampanje SDS&#8221;. Dejal je, da si razlogi za razre\u0161itev ministra, ki jih navajajo v SDS, ne zaslu\u017eijo podpore. Spomnil pa je tudi na zavezo koalicijskih partneric, da ne bodo ru\u0161ile lastnih ministrov. Napovedal je, da bodo v SAB spo\u0161tovali zavezo, to pa pri\u010dakujejo tudi od drugih v koaliciji.<\/p>\n<p>Igor Zor\u010di\u010d je napovedal, da v SMC ne bodo podprli interpelacije, ki ne koristi ne SV ne nacionalno-varnostnemu sistem nasploh. Ocenil je, da so nekateri o\u010ditki v interpelaciji povsem neutemeljeni, nekateri pa bi si vendarle zaslu\u017eili konstruktivno razpravo. Pri tem je izrazil nestrinjanje z o\u010ditki SDS v zvezi z razre\u0161itvijo poveljnika poveljstva sil SV \u0160kerbinca in streljanjem na Po\u010dku. Po njegovih besedah sta obe razlagi izrazito pre\u017eeti s politi\u010dno presojo. Zor\u010di\u010d je tudi izrazil pri\u010dakovanje, da bo minister Erjavec z ustreznimi ukrepi, vklju\u010dno s posodobitvijo zakonodaje, \u010dim prej poskrbel za izbolj\u0161anje obrambnega sistema.<\/p>\n<p>Miha Kordi\u0161 pa je napovedal, da v Levici ne bodo sodelovali v razpravi in glasovanju o interpelaciji. Odlo\u010ditev je utemeljil z besedami, da ne \u017eelijo biti udele\u017eenci boja &#8220;Natovih lakajev in hlapcev&#8221; o tem, katero oro\u017eje se bo kupovalo za SV. Erjavcu je o\u010dital, da je slab minister za obrambo, vladi pa, da SV spreminja v potro\u0161nika povsem nepotrebne oboro\u017eitve. Veliko ve\u010dino predstavitve stali\u0161\u010da Levice do interpelacije pa je Kordi\u0161 namenil sodelovanju Levice z vlado, pri \u010demer je bil kriti\u010den do nasprotne strani.<\/p>\n<p>Da bi interpelacija uspela, mora razre\u0161itev Erjavca podpreti 46 poslancev in poslank.<\/p>\n<\/div>\n","protected":false},"excerpt":{"rendered":"<p>Glede na predstavitve stali\u0161\u010d poslanskih skupin ni pri\u010dakovati, da bi SDS uspela z interpelacijo proti ministru Karlu Erjavcu. Podprli so jo v SDS, NSi in SNS, kjer mu o\u010ditajo zlorabo obrambnega resorja. Koalicijske stranke so interpelacijo ozna\u010dile za zlorabo instrumenta opozicijskega nadzora. Levica pri razpravi ne bo sodelovala.<\/p>\n","protected":false},"author":5,"featured_media":222284,"comment_status":"closed","ping_status":"closed","sticky":false,"template":"","format":"standard","meta":{"footnotes":""},"categories":[1179],"tags":[5545,7107,1595],"source":[4511],"supertag":[],"acf":[],"yoast_head":"<!-- This site is optimized with the Yoast SEO plugin v21.3 - https:\/\/yoast.com\/wordpress\/plugins\/seo\/ -->\n<title>Interpelaciji Erjavca se ne obeta zadostna podpora, Levica napovedala obstrukcijo<\/title>\n<meta name=\"description\" content=\"Glede na predstavitve stali\u0161\u010d poslanskih skupin ni pri\u010dakovati, da bi SDS uspela z interpelacijo proti ministru Karlu Erjavcu.\" \/>\n<meta name=\"robots\" content=\"index, follow, max-snippet:-1, max-image-preview:large, max-video-preview:-1\" \/>\n<link rel=\"canonical\" href=\"https:\/\/hudo.com\/si\/aktualno\/interpelaciji-erjavca-se-ne-obeta-zadostna-podpora-levica-napovedala-obstrukcijo\/\" \/>\n<meta property=\"og:locale\" content=\"sl_SI\" \/>\n<meta property=\"og:type\" content=\"article\" \/>\n<meta property=\"og:title\" content=\"Interpelaciji Erjavca se ne obeta zadostna podpora, Levica napovedala obstrukcijo\" \/>\n<meta property=\"og:description\" content=\"Glede na predstavitve stali\u0161\u010d poslanskih skupin ni pri\u010dakovati, da bi SDS uspela z interpelacijo proti ministru Karlu Erjavcu.\" \/>\n<meta property=\"og:url\" content=\"https:\/\/hudo.com\/si\/aktualno\/interpelaciji-erjavca-se-ne-obeta-zadostna-podpora-levica-napovedala-obstrukcijo\/\" \/>\n<meta property=\"og:site_name\" content=\"Hudo Slovenija\" \/>\n<meta property=\"article:publisher\" content=\"https:\/\/www.facebook.com\/hudo.si\" \/>\n<meta property=\"article:published_time\" content=\"2019-06-21T12:02:29+00:00\" \/>\n<meta property=\"article:modified_time\" content=\"2019-06-21T12:03:21+00:00\" \/>\n<meta property=\"og:image\" content=\"https:\/\/hudo.com\/si\/wp-content\/uploads\/sites\/2\/2017\/03\/profimedia-0195017359.jpg\" \/>\n\t<meta property=\"og:image:width\" content=\"1250\" \/>\n\t<meta property=\"og:image:height\" content=\"820\" \/>\n\t<meta property=\"og:image:type\" content=\"image\/jpeg\" \/>\n<meta name=\"author\" content=\"A. G., STA\" \/>\n<meta name=\"twitter:card\" content=\"summary_large_image\" \/>\n<meta name=\"twitter:creator\" content=\"@hudo_si\" \/>\n<meta name=\"twitter:site\" content=\"@hudo_si\" \/>\n<meta name=\"twitter:label1\" content=\"Written by\" \/>\n\t<meta name=\"twitter:data1\" content=\"A. G., STA\" \/>\n\t<meta name=\"twitter:label2\" content=\"Est. reading time\" \/>\n\t<meta name=\"twitter:data2\" content=\"5 minut\" \/>\n<script type=\"application\/ld+json\" class=\"yoast-schema-graph\">{\"@context\":\"https:\/\/schema.org\",\"@graph\":[{\"@type\":\"Article\",\"@id\":\"https:\/\/hudo.com\/si\/aktualno\/interpelaciji-erjavca-se-ne-obeta-zadostna-podpora-levica-napovedala-obstrukcijo\/#article\",\"isPartOf\":{\"@id\":\"https:\/\/hudo.com\/si\/aktualno\/interpelaciji-erjavca-se-ne-obeta-zadostna-podpora-levica-napovedala-obstrukcijo\/\"},\"author\":{\"name\":\"A. G., STA\",\"@id\":\"https:\/\/hudo.com\/si\/#\/schema\/person\/2391667a63ea075ba94f2f2dc6b77537\"},\"headline\":\"Interpelaciji Erjavca se ne obeta zadostna podpora, Levica napovedala obstrukcijo\",\"datePublished\":\"2019-06-21T12:02:29+00:00\",\"dateModified\":\"2019-06-21T12:03:21+00:00\",\"mainEntityOfPage\":{\"@id\":\"https:\/\/hudo.com\/si\/aktualno\/interpelaciji-erjavca-se-ne-obeta-zadostna-podpora-levica-napovedala-obstrukcijo\/\"},\"wordCount\":942,\"publisher\":{\"@id\":\"https:\/\/hudo.com\/si\/#organization\"},\"keywords\":[\"interpelacija\",\"Karl Erjavec\",\"Slovenija\"],\"articleSection\":[\"Aktualno\"],\"inLanguage\":\"sl-SI\"},{\"@type\":\"WebPage\",\"@id\":\"https:\/\/hudo.com\/si\/aktualno\/interpelaciji-erjavca-se-ne-obeta-zadostna-podpora-levica-napovedala-obstrukcijo\/\",\"url\":\"https:\/\/hudo.com\/si\/aktualno\/interpelaciji-erjavca-se-ne-obeta-zadostna-podpora-levica-napovedala-obstrukcijo\/\",\"name\":\"Interpelaciji Erjavca se ne obeta zadostna podpora, Levica napovedala obstrukcijo\",\"isPartOf\":{\"@id\":\"https:\/\/hudo.com\/si\/#website\"},\"datePublished\":\"2019-06-21T12:02:29+00:00\",\"dateModified\":\"2019-06-21T12:03:21+00:00\",\"description\":\"Glede na predstavitve stali\u0161\u010d poslanskih skupin ni pri\u010dakovati, da bi SDS uspela z interpelacijo proti ministru Karlu Erjavcu.\",\"breadcrumb\":{\"@id\":\"https:\/\/hudo.com\/si\/aktualno\/interpelaciji-erjavca-se-ne-obeta-zadostna-podpora-levica-napovedala-obstrukcijo\/#breadcrumb\"},\"inLanguage\":\"sl-SI\",\"potentialAction\":[{\"@type\":\"ReadAction\",\"target\":[\"https:\/\/hudo.com\/si\/aktualno\/interpelaciji-erjavca-se-ne-obeta-zadostna-podpora-levica-napovedala-obstrukcijo\/\"]}]},{\"@type\":\"BreadcrumbList\",\"@id\":\"https:\/\/hudo.com\/si\/aktualno\/interpelaciji-erjavca-se-ne-obeta-zadostna-podpora-levica-napovedala-obstrukcijo\/#breadcrumb\",\"itemListElement\":[{\"@type\":\"ListItem\",\"position\":1,\"name\":\"Home\",\"item\":\"https:\/\/hudo.com\/si\/\"},{\"@type\":\"ListItem\",\"position\":2,\"name\":\"Interpelaciji Erjavca se ne obeta zadostna podpora, Levica napovedala obstrukcijo\"}]},{\"@type\":\"WebSite\",\"@id\":\"https:\/\/hudo.com\/si\/#website\",\"url\":\"https:\/\/hudo.com\/si\/\",\"name\":\"Hudo Slovenija\",\"description\":\"Vse novice iz Slovenije in sveta\",\"publisher\":{\"@id\":\"https:\/\/hudo.com\/si\/#organization\"},\"potentialAction\":[{\"@type\":\"SearchAction\",\"target\":{\"@type\":\"EntryPoint\",\"urlTemplate\":\"https:\/\/hudo.com\/si\/?s={search_term_string}\"},\"query-input\":\"required name=search_term_string\"}],\"inLanguage\":\"sl-SI\"},{\"@type\":\"Organization\",\"@id\":\"https:\/\/hudo.com\/si\/#organization\",\"name\":\"VSN Media\",\"url\":\"https:\/\/hudo.com\/si\/\",\"logo\":{\"@type\":\"ImageObject\",\"inLanguage\":\"sl-SI\",\"@id\":\"https:\/\/hudo.com\/si\/#\/schema\/logo\/image\/\",\"url\":\"https:\/\/hudo.com\/si\/wp-content\/uploads\/sites\/2\/2021\/03\/hudo-app-2.png\",\"contentUrl\":\"https:\/\/hudo.com\/si\/wp-content\/uploads\/sites\/2\/2021\/03\/hudo-app-2.png\",\"width\":2185,\"height\":2167,\"caption\":\"VSN Media\"},\"image\":{\"@id\":\"https:\/\/hudo.com\/si\/#\/schema\/logo\/image\/\"},\"sameAs\":[\"https:\/\/www.facebook.com\/hudo.si\",\"https:\/\/twitter.com\/hudo_si\"]},{\"@type\":\"Person\",\"@id\":\"https:\/\/hudo.com\/si\/#\/schema\/person\/2391667a63ea075ba94f2f2dc6b77537\",\"name\":\"A. G., STA\",\"image\":{\"@type\":\"ImageObject\",\"inLanguage\":\"sl-SI\",\"@id\":\"https:\/\/hudo.com\/si\/#\/schema\/person\/image\/\",\"url\":\"https:\/\/secure.gravatar.com\/avatar\/e13d22ac3e442658d5025fbbe6238a79?s=96&d=mm&r=g\",\"contentUrl\":\"https:\/\/secure.gravatar.com\/avatar\/e13d22ac3e442658d5025fbbe6238a79?s=96&d=mm&r=g\",\"caption\":\"A. G., STA\"},\"url\":\"https:\/\/hudo.com\/si\/author\/alenka\/\"}]}<\/script>\n<!-- \/ Yoast SEO plugin. -->","yoast_head_json":{"title":"Interpelaciji Erjavca se ne obeta zadostna podpora, Levica napovedala obstrukcijo","description":"Glede na predstavitve stali\u0161\u010d poslanskih skupin ni pri\u010dakovati, da bi SDS uspela z interpelacijo proti ministru Karlu Erjavcu.","robots":{"index":"index","follow":"follow","max-snippet":"max-snippet:-1","max-image-preview":"max-image-preview:large","max-video-preview":"max-video-preview:-1"},"canonical":"https:\/\/hudo.com\/si\/aktualno\/interpelaciji-erjavca-se-ne-obeta-zadostna-podpora-levica-napovedala-obstrukcijo\/","og_locale":"sl_SI","og_type":"article","og_title":"Interpelaciji Erjavca se ne obeta zadostna podpora, Levica napovedala obstrukcijo","og_description":"Glede na predstavitve stali\u0161\u010d poslanskih skupin ni pri\u010dakovati, da bi SDS uspela z interpelacijo proti ministru Karlu Erjavcu.","og_url":"https:\/\/hudo.com\/si\/aktualno\/interpelaciji-erjavca-se-ne-obeta-zadostna-podpora-levica-napovedala-obstrukcijo\/","og_site_name":"Hudo Slovenija","article_publisher":"https:\/\/www.facebook.com\/hudo.si","article_published_time":"2019-06-21T12:02:29+00:00","article_modified_time":"2019-06-21T12:03:21+00:00","og_image":[{"width":1250,"height":820,"url":"https:\/\/hudo.com\/si\/wp-content\/uploads\/sites\/2\/2017\/03\/profimedia-0195017359.jpg","type":"image\/jpeg"}],"author":"A. G., STA","twitter_card":"summary_large_image","twitter_creator":"@hudo_si","twitter_site":"@hudo_si","twitter_misc":{"Written by":"A. G., STA","Est. reading time":"5 minut"},"schema":{"@context":"https:\/\/schema.org","@graph":[{"@type":"Article","@id":"https:\/\/hudo.com\/si\/aktualno\/interpelaciji-erjavca-se-ne-obeta-zadostna-podpora-levica-napovedala-obstrukcijo\/#article","isPartOf":{"@id":"https:\/\/hudo.com\/si\/aktualno\/interpelaciji-erjavca-se-ne-obeta-zadostna-podpora-levica-napovedala-obstrukcijo\/"},"author":{"name":"A. G., STA","@id":"https:\/\/hudo.com\/si\/#\/schema\/person\/2391667a63ea075ba94f2f2dc6b77537"},"headline":"Interpelaciji Erjavca se ne obeta zadostna podpora, Levica napovedala obstrukcijo","datePublished":"2019-06-21T12:02:29+00:00","dateModified":"2019-06-21T12:03:21+00:00","mainEntityOfPage":{"@id":"https:\/\/hudo.com\/si\/aktualno\/interpelaciji-erjavca-se-ne-obeta-zadostna-podpora-levica-napovedala-obstrukcijo\/"},"wordCount":942,"publisher":{"@id":"https:\/\/hudo.com\/si\/#organization"},"keywords":["interpelacija","Karl Erjavec","Slovenija"],"articleSection":["Aktualno"],"inLanguage":"sl-SI"},{"@type":"WebPage","@id":"https:\/\/hudo.com\/si\/aktualno\/interpelaciji-erjavca-se-ne-obeta-zadostna-podpora-levica-napovedala-obstrukcijo\/","url":"https:\/\/hudo.com\/si\/aktualno\/interpelaciji-erjavca-se-ne-obeta-zadostna-podpora-levica-napovedala-obstrukcijo\/","name":"Interpelaciji Erjavca se ne obeta zadostna podpora, Levica napovedala obstrukcijo","isPartOf":{"@id":"https:\/\/hudo.com\/si\/#website"},"datePublished":"2019-06-21T12:02:29+00:00","dateModified":"2019-06-21T12:03:21+00:00","description":"Glede na predstavitve stali\u0161\u010d poslanskih skupin ni pri\u010dakovati, da bi SDS uspela z interpelacijo proti ministru Karlu Erjavcu.","breadcrumb":{"@id":"https:\/\/hudo.com\/si\/aktualno\/interpelaciji-erjavca-se-ne-obeta-zadostna-podpora-levica-napovedala-obstrukcijo\/#breadcrumb"},"inLanguage":"sl-SI","potentialAction":[{"@type":"ReadAction","target":["https:\/\/hudo.com\/si\/aktualno\/interpelaciji-erjavca-se-ne-obeta-zadostna-podpora-levica-napovedala-obstrukcijo\/"]}]},{"@type":"BreadcrumbList","@id":"https:\/\/hudo.com\/si\/aktualno\/interpelaciji-erjavca-se-ne-obeta-zadostna-podpora-levica-napovedala-obstrukcijo\/#breadcrumb","itemListElement":[{"@type":"ListItem","position":1,"name":"Home","item":"https:\/\/hudo.com\/si\/"},{"@type":"ListItem","position":2,"name":"Interpelaciji Erjavca se ne obeta zadostna podpora, Levica napovedala obstrukcijo"}]},{"@type":"WebSite","@id":"https:\/\/hudo.com\/si\/#website","url":"https:\/\/hudo.com\/si\/","name":"Hudo Slovenija","description":"Vse novice iz Slovenije in sveta","publisher":{"@id":"https:\/\/hudo.com\/si\/#organization"},"potentialAction":[{"@type":"SearchAction","target":{"@type":"EntryPoint","urlTemplate":"https:\/\/hudo.com\/si\/?s={search_term_string}"},"query-input":"required name=search_term_string"}],"inLanguage":"sl-SI"},{"@type":"Organization","@id":"https:\/\/hudo.com\/si\/#organization","name":"VSN Media","url":"https:\/\/hudo.com\/si\/","logo":{"@type":"ImageObject","inLanguage":"sl-SI","@id":"https:\/\/hudo.com\/si\/#\/schema\/logo\/image\/","url":"https:\/\/hudo.com\/si\/wp-content\/uploads\/sites\/2\/2021\/03\/hudo-app-2.png","contentUrl":"https:\/\/hudo.com\/si\/wp-content\/uploads\/sites\/2\/2021\/03\/hudo-app-2.png","width":2185,"height":2167,"caption":"VSN Media"},"image":{"@id":"https:\/\/hudo.com\/si\/#\/schema\/logo\/image\/"},"sameAs":["https:\/\/www.facebook.com\/hudo.si","https:\/\/twitter.com\/hudo_si"]},{"@type":"Person","@id":"https:\/\/hudo.com\/si\/#\/schema\/person\/2391667a63ea075ba94f2f2dc6b77537","name":"A. G., STA","image":{"@type":"ImageObject","inLanguage":"sl-SI","@id":"https:\/\/hudo.com\/si\/#\/schema\/person\/image\/","url":"https:\/\/secure.gravatar.com\/avatar\/e13d22ac3e442658d5025fbbe6238a79?s=96&d=mm&r=g","contentUrl":"https:\/\/secure.gravatar.com\/avatar\/e13d22ac3e442658d5025fbbe6238a79?s=96&d=mm&r=g","caption":"A. G., STA"},"url":"https:\/\/hudo.com\/si\/author\/alenka\/"}]}},"amp_enabled":true,"_links":{"self":[{"href":"https:\/\/hudo.com\/si\/wp-json\/wp\/v2\/posts\/401093"}],"collection":[{"href":"https:\/\/hudo.com\/si\/wp-json\/wp\/v2\/posts"}],"about":[{"href":"https:\/\/hudo.com\/si\/wp-json\/wp\/v2\/types\/post"}],"author":[{"embeddable":true,"href":"https:\/\/hudo.com\/si\/wp-json\/wp\/v2\/users\/5"}],"replies":[{"embeddable":true,"href":"https:\/\/hudo.com\/si\/wp-json\/wp\/v2\/comments?post=401093"}],"version-history":[{"count":1,"href":"https:\/\/hudo.com\/si\/wp-json\/wp\/v2\/posts\/401093\/revisions"}],"predecessor-version":[{"id":401094,"href":"https:\/\/hudo.com\/si\/wp-json\/wp\/v2\/posts\/401093\/revisions\/401094"}],"wp:featuredmedia":[{"embeddable":true,"href":"https:\/\/hudo.com\/si\/wp-json\/wp\/v2\/media\/222284"}],"wp:attachment":[{"href":"https:\/\/hudo.com\/si\/wp-json\/wp\/v2\/media?parent=401093"}],"wp:term":[{"taxonomy":"category","embeddable":true,"href":"https:\/\/hudo.com\/si\/wp-json\/wp\/v2\/categories?post=401093"},{"taxonomy":"post_tag","embeddable":true,"href":"https:\/\/hudo.com\/si\/wp-json\/wp\/v2\/tags?post=401093"},{"taxonomy":"source","embeddable":true,"href":"https:\/\/hudo.com\/si\/wp-json\/wp\/v2\/source?post=401093"},{"taxonomy":"supertag","embeddable":true,"href":"https:\/\/hudo.com\/si\/wp-json\/wp\/v2\/supertag?post=401093"}],"curies":[{"name":"wp","href":"https:\/\/api.w.org\/{rel}","templated":true}]}}