{"id":401097,"date":"2019-06-21T18:09:56","date_gmt":"2019-06-21T16:09:56","guid":{"rendered":"http:\/\/hudo.com\/si\/?p=401097"},"modified":"2019-06-21T18:09:56","modified_gmt":"2019-06-21T16:09:56","slug":"vreme-zvecer-se-bodo-nevihte-umirile","status":"publish","type":"post","link":"https:\/\/hudo.com\/si\/aktualno\/vreme-zvecer-se-bodo-nevihte-umirile\/","title":{"rendered":"Vreme: Zve\u010der se bodo nevihte umirile"},"content":{"rendered":"<p>V soboto bo spremenljivo obla\u010dno s pogostimi plohami in nevihtami, ki bodo pogostej\u0161e sredi dneva in popoldne. Ob morju bo obla\u010dnosti in padavin manj. Najvi\u0161je dnevne temperature bodo od 21 od 27, na Gori\u0161kem in ob morju okoli 29 stopinj Celzija.<\/p>\n<p>Obeti: V nedeljo bodo predvsem sredi dneva in popoldne \u0161e pogoste krajevne padavine, tudi nevihte. Ponekod bo prehodno zapihal severovzhodnik. V ponedeljek bo son\u010dno in spet vro\u010de.<\/p>\n<p>Vremenska slika: Nad Alpami se zadr\u017euje vremenska fronta, ki bo jutri vplivala tudi na vreme pri nas. Pred njo k nam z jugozahodnimi vetrovi doteka topel in postopno vse bolj vla\u017een zrak.<\/p>\n<p>Napoved za sosednje pokrajine: V soboto bo ob Jadranu deloma son\u010dno s kak\u0161no nevihto. Drugod bo spremenljivo obla\u010dno s krajevnimi plohami in nevihtami.<\/p>\n","protected":false},"excerpt":{"rendered":"<p>Zve\u010der se bodo nevihte umirile, proti jutru pa bodo spet lahko nastale posamezne plohe ali nevihte. Najni\u017eje jutranje temperature bodo od 12 do 18, ob morju okoli 20 stopinj Celzija, je zapisano na spletnih straneh Agencije RS za okolje.<\/p>\n","protected":false},"author":7,"featured_media":401098,"comment_status":"closed","ping_status":"closed","sticky":false,"template":"","format":"standard","meta":{"footnotes":""},"categories":[1179],"tags":[1595,2149,7416],"source":[4511],"supertag":[],"acf":[],"yoast_head":"<!-- This site is optimized with the Yoast SEO plugin v21.3 - https:\/\/yoast.com\/wordpress\/plugins\/seo\/ -->\n<title>Vreme: Zve\u010der se bodo nevihte umirile - Hudo Slovenija<\/title>\n<meta name=\"robots\" content=\"index, follow, max-snippet:-1, max-image-preview:large, max-video-preview:-1\" \/>\n<link rel=\"canonical\" href=\"https:\/\/hudo.com\/si\/aktualno\/vreme-zvecer-se-bodo-nevihte-umirile\/\" \/>\n<meta property=\"og:locale\" content=\"sl_SI\" \/>\n<meta property=\"og:type\" content=\"article\" \/>\n<meta property=\"og:title\" content=\"Vreme: Zve\u010der se bodo nevihte umirile - Hudo Slovenija\" \/>\n<meta property=\"og:description\" content=\"Zve\u010der se bodo nevihte umirile, proti jutru pa bodo spet lahko nastale posamezne plohe ali nevihte. Najni\u017eje jutranje temperature bodo od 12 do 18, ob morju okoli 20 stopinj Celzija, je zapisano na spletnih straneh Agencije RS za okolje.\" \/>\n<meta property=\"og:url\" content=\"https:\/\/hudo.com\/si\/aktualno\/vreme-zvecer-se-bodo-nevihte-umirile\/\" \/>\n<meta property=\"og:site_name\" content=\"Hudo Slovenija\" \/>\n<meta property=\"article:publisher\" content=\"https:\/\/www.facebook.com\/hudo.si\" \/>\n<meta property=\"article:published_time\" content=\"2019-06-21T16:09:56+00:00\" \/>\n<meta property=\"og:image\" content=\"https:\/\/hudo.com\/si\/wp-content\/uploads\/sites\/2\/2019\/06\/profimedia-0295176475.jpg\" \/>\n\t<meta property=\"og:image:width\" content=\"1250\" \/>\n\t<meta property=\"og:image:height\" content=\"833\" \/>\n\t<meta property=\"og:image:type\" content=\"image\/jpeg\" \/>\n<meta name=\"author\" content=\"A. P., STA\" \/>\n<meta name=\"twitter:card\" content=\"summary_large_image\" \/>\n<meta name=\"twitter:creator\" content=\"@hudo_si\" \/>\n<meta name=\"twitter:site\" content=\"@hudo_si\" \/>\n<meta name=\"twitter:label1\" content=\"Written by\" \/>\n\t<meta name=\"twitter:data1\" content=\"A. P., STA\" \/>\n\t<meta name=\"twitter:label2\" content=\"Est. reading time\" \/>\n\t<meta name=\"twitter:data2\" content=\"1 minuta\" \/>\n<script type=\"application\/ld+json\" class=\"yoast-schema-graph\">{\"@context\":\"https:\/\/schema.org\",\"@graph\":[{\"@type\":\"Article\",\"@id\":\"https:\/\/hudo.com\/si\/aktualno\/vreme-zvecer-se-bodo-nevihte-umirile\/#article\",\"isPartOf\":{\"@id\":\"https:\/\/hudo.com\/si\/aktualno\/vreme-zvecer-se-bodo-nevihte-umirile\/\"},\"author\":{\"name\":\"A. P., STA\",\"@id\":\"https:\/\/hudo.com\/si\/#\/schema\/person\/18f09c02475ba9e606e941a565b80cff\"},\"headline\":\"Vreme: Zve\u010der se bodo nevihte umirile\",\"datePublished\":\"2019-06-21T16:09:56+00:00\",\"dateModified\":\"2019-06-21T16:09:56+00:00\",\"mainEntityOfPage\":{\"@id\":\"https:\/\/hudo.com\/si\/aktualno\/vreme-zvecer-se-bodo-nevihte-umirile\/\"},\"wordCount\":139,\"publisher\":{\"@id\":\"https:\/\/hudo.com\/si\/#organization\"},\"keywords\":[\"Slovenija\",\"vreme\",\"vremenska napoved\"],\"articleSection\":[\"Aktualno\"],\"inLanguage\":\"sl-SI\"},{\"@type\":\"WebPage\",\"@id\":\"https:\/\/hudo.com\/si\/aktualno\/vreme-zvecer-se-bodo-nevihte-umirile\/\",\"url\":\"https:\/\/hudo.com\/si\/aktualno\/vreme-zvecer-se-bodo-nevihte-umirile\/\",\"name\":\"Vreme: Zve\u010der se bodo nevihte umirile - Hudo Slovenija\",\"isPartOf\":{\"@id\":\"https:\/\/hudo.com\/si\/#website\"},\"datePublished\":\"2019-06-21T16:09:56+00:00\",\"dateModified\":\"2019-06-21T16:09:56+00:00\",\"breadcrumb\":{\"@id\":\"https:\/\/hudo.com\/si\/aktualno\/vreme-zvecer-se-bodo-nevihte-umirile\/#breadcrumb\"},\"inLanguage\":\"sl-SI\",\"potentialAction\":[{\"@type\":\"ReadAction\",\"target\":[\"https:\/\/hudo.com\/si\/aktualno\/vreme-zvecer-se-bodo-nevihte-umirile\/\"]}]},{\"@type\":\"BreadcrumbList\",\"@id\":\"https:\/\/hudo.com\/si\/aktualno\/vreme-zvecer-se-bodo-nevihte-umirile\/#breadcrumb\",\"itemListElement\":[{\"@type\":\"ListItem\",\"position\":1,\"name\":\"Home\",\"item\":\"https:\/\/hudo.com\/si\/\"},{\"@type\":\"ListItem\",\"position\":2,\"name\":\"Vreme: Zve\u010der se bodo nevihte umirile\"}]},{\"@type\":\"WebSite\",\"@id\":\"https:\/\/hudo.com\/si\/#website\",\"url\":\"https:\/\/hudo.com\/si\/\",\"name\":\"Hudo Slovenija\",\"description\":\"Vse novice iz Slovenije in sveta\",\"publisher\":{\"@id\":\"https:\/\/hudo.com\/si\/#organization\"},\"potentialAction\":[{\"@type\":\"SearchAction\",\"target\":{\"@type\":\"EntryPoint\",\"urlTemplate\":\"https:\/\/hudo.com\/si\/?s={search_term_string}\"},\"query-input\":\"required name=search_term_string\"}],\"inLanguage\":\"sl-SI\"},{\"@type\":\"Organization\",\"@id\":\"https:\/\/hudo.com\/si\/#organization\",\"name\":\"VSN Media\",\"url\":\"https:\/\/hudo.com\/si\/\",\"logo\":{\"@type\":\"ImageObject\",\"inLanguage\":\"sl-SI\",\"@id\":\"https:\/\/hudo.com\/si\/#\/schema\/logo\/image\/\",\"url\":\"https:\/\/hudo.com\/si\/wp-content\/uploads\/sites\/2\/2021\/03\/hudo-app-2.png\",\"contentUrl\":\"https:\/\/hudo.com\/si\/wp-content\/uploads\/sites\/2\/2021\/03\/hudo-app-2.png\",\"width\":2185,\"height\":2167,\"caption\":\"VSN Media\"},\"image\":{\"@id\":\"https:\/\/hudo.com\/si\/#\/schema\/logo\/image\/\"},\"sameAs\":[\"https:\/\/www.facebook.com\/hudo.si\",\"https:\/\/twitter.com\/hudo_si\"]},{\"@type\":\"Person\",\"@id\":\"https:\/\/hudo.com\/si\/#\/schema\/person\/18f09c02475ba9e606e941a565b80cff\",\"name\":\"A. P., STA\",\"image\":{\"@type\":\"ImageObject\",\"inLanguage\":\"sl-SI\",\"@id\":\"https:\/\/hudo.com\/si\/#\/schema\/person\/image\/\",\"url\":\"https:\/\/secure.gravatar.com\/avatar\/03eac8e609f5f04383125d80eaeaaf3e?s=96&d=mm&r=g\",\"contentUrl\":\"https:\/\/secure.gravatar.com\/avatar\/03eac8e609f5f04383125d80eaeaaf3e?s=96&d=mm&r=g\",\"caption\":\"A. P., STA\"},\"url\":\"https:\/\/hudo.com\/si\/author\/lubu\/\"}]}<\/script>\n<!-- \/ Yoast SEO plugin. -->","yoast_head_json":{"title":"Vreme: Zve\u010der se bodo nevihte umirile - Hudo Slovenija","robots":{"index":"index","follow":"follow","max-snippet":"max-snippet:-1","max-image-preview":"max-image-preview:large","max-video-preview":"max-video-preview:-1"},"canonical":"https:\/\/hudo.com\/si\/aktualno\/vreme-zvecer-se-bodo-nevihte-umirile\/","og_locale":"sl_SI","og_type":"article","og_title":"Vreme: Zve\u010der se bodo nevihte umirile - Hudo Slovenija","og_description":"Zve\u010der se bodo nevihte umirile, proti jutru pa bodo spet lahko nastale posamezne plohe ali nevihte. Najni\u017eje jutranje temperature bodo od 12 do 18, ob morju okoli 20 stopinj Celzija, je zapisano na spletnih straneh Agencije RS za okolje.","og_url":"https:\/\/hudo.com\/si\/aktualno\/vreme-zvecer-se-bodo-nevihte-umirile\/","og_site_name":"Hudo Slovenija","article_publisher":"https:\/\/www.facebook.com\/hudo.si","article_published_time":"2019-06-21T16:09:56+00:00","og_image":[{"width":1250,"height":833,"url":"https:\/\/hudo.com\/si\/wp-content\/uploads\/sites\/2\/2019\/06\/profimedia-0295176475.jpg","type":"image\/jpeg"}],"author":"A. P., STA","twitter_card":"summary_large_image","twitter_creator":"@hudo_si","twitter_site":"@hudo_si","twitter_misc":{"Written by":"A. P., STA","Est. reading time":"1 minuta"},"schema":{"@context":"https:\/\/schema.org","@graph":[{"@type":"Article","@id":"https:\/\/hudo.com\/si\/aktualno\/vreme-zvecer-se-bodo-nevihte-umirile\/#article","isPartOf":{"@id":"https:\/\/hudo.com\/si\/aktualno\/vreme-zvecer-se-bodo-nevihte-umirile\/"},"author":{"name":"A. P., STA","@id":"https:\/\/hudo.com\/si\/#\/schema\/person\/18f09c02475ba9e606e941a565b80cff"},"headline":"Vreme: Zve\u010der se bodo nevihte umirile","datePublished":"2019-06-21T16:09:56+00:00","dateModified":"2019-06-21T16:09:56+00:00","mainEntityOfPage":{"@id":"https:\/\/hudo.com\/si\/aktualno\/vreme-zvecer-se-bodo-nevihte-umirile\/"},"wordCount":139,"publisher":{"@id":"https:\/\/hudo.com\/si\/#organization"},"keywords":["Slovenija","vreme","vremenska napoved"],"articleSection":["Aktualno"],"inLanguage":"sl-SI"},{"@type":"WebPage","@id":"https:\/\/hudo.com\/si\/aktualno\/vreme-zvecer-se-bodo-nevihte-umirile\/","url":"https:\/\/hudo.com\/si\/aktualno\/vreme-zvecer-se-bodo-nevihte-umirile\/","name":"Vreme: Zve\u010der se bodo nevihte umirile - Hudo Slovenija","isPartOf":{"@id":"https:\/\/hudo.com\/si\/#website"},"datePublished":"2019-06-21T16:09:56+00:00","dateModified":"2019-06-21T16:09:56+00:00","breadcrumb":{"@id":"https:\/\/hudo.com\/si\/aktualno\/vreme-zvecer-se-bodo-nevihte-umirile\/#breadcrumb"},"inLanguage":"sl-SI","potentialAction":[{"@type":"ReadAction","target":["https:\/\/hudo.com\/si\/aktualno\/vreme-zvecer-se-bodo-nevihte-umirile\/"]}]},{"@type":"BreadcrumbList","@id":"https:\/\/hudo.com\/si\/aktualno\/vreme-zvecer-se-bodo-nevihte-umirile\/#breadcrumb","itemListElement":[{"@type":"ListItem","position":1,"name":"Home","item":"https:\/\/hudo.com\/si\/"},{"@type":"ListItem","position":2,"name":"Vreme: Zve\u010der se bodo nevihte umirile"}]},{"@type":"WebSite","@id":"https:\/\/hudo.com\/si\/#website","url":"https:\/\/hudo.com\/si\/","name":"Hudo Slovenija","description":"Vse novice iz Slovenije in sveta","publisher":{"@id":"https:\/\/hudo.com\/si\/#organization"},"potentialAction":[{"@type":"SearchAction","target":{"@type":"EntryPoint","urlTemplate":"https:\/\/hudo.com\/si\/?s={search_term_string}"},"query-input":"required name=search_term_string"}],"inLanguage":"sl-SI"},{"@type":"Organization","@id":"https:\/\/hudo.com\/si\/#organization","name":"VSN Media","url":"https:\/\/hudo.com\/si\/","logo":{"@type":"ImageObject","inLanguage":"sl-SI","@id":"https:\/\/hudo.com\/si\/#\/schema\/logo\/image\/","url":"https:\/\/hudo.com\/si\/wp-content\/uploads\/sites\/2\/2021\/03\/hudo-app-2.png","contentUrl":"https:\/\/hudo.com\/si\/wp-content\/uploads\/sites\/2\/2021\/03\/hudo-app-2.png","width":2185,"height":2167,"caption":"VSN Media"},"image":{"@id":"https:\/\/hudo.com\/si\/#\/schema\/logo\/image\/"},"sameAs":["https:\/\/www.facebook.com\/hudo.si","https:\/\/twitter.com\/hudo_si"]},{"@type":"Person","@id":"https:\/\/hudo.com\/si\/#\/schema\/person\/18f09c02475ba9e606e941a565b80cff","name":"A. P., STA","image":{"@type":"ImageObject","inLanguage":"sl-SI","@id":"https:\/\/hudo.com\/si\/#\/schema\/person\/image\/","url":"https:\/\/secure.gravatar.com\/avatar\/03eac8e609f5f04383125d80eaeaaf3e?s=96&d=mm&r=g","contentUrl":"https:\/\/secure.gravatar.com\/avatar\/03eac8e609f5f04383125d80eaeaaf3e?s=96&d=mm&r=g","caption":"A. P., STA"},"url":"https:\/\/hudo.com\/si\/author\/lubu\/"}]}},"amp_enabled":true,"_links":{"self":[{"href":"https:\/\/hudo.com\/si\/wp-json\/wp\/v2\/posts\/401097"}],"collection":[{"href":"https:\/\/hudo.com\/si\/wp-json\/wp\/v2\/posts"}],"about":[{"href":"https:\/\/hudo.com\/si\/wp-json\/wp\/v2\/types\/post"}],"author":[{"embeddable":true,"href":"https:\/\/hudo.com\/si\/wp-json\/wp\/v2\/users\/7"}],"replies":[{"embeddable":true,"href":"https:\/\/hudo.com\/si\/wp-json\/wp\/v2\/comments?post=401097"}],"version-history":[{"count":1,"href":"https:\/\/hudo.com\/si\/wp-json\/wp\/v2\/posts\/401097\/revisions"}],"predecessor-version":[{"id":401099,"href":"https:\/\/hudo.com\/si\/wp-json\/wp\/v2\/posts\/401097\/revisions\/401099"}],"wp:featuredmedia":[{"embeddable":true,"href":"https:\/\/hudo.com\/si\/wp-json\/wp\/v2\/media\/401098"}],"wp:attachment":[{"href":"https:\/\/hudo.com\/si\/wp-json\/wp\/v2\/media?parent=401097"}],"wp:term":[{"taxonomy":"category","embeddable":true,"href":"https:\/\/hudo.com\/si\/wp-json\/wp\/v2\/categories?post=401097"},{"taxonomy":"post_tag","embeddable":true,"href":"https:\/\/hudo.com\/si\/wp-json\/wp\/v2\/tags?post=401097"},{"taxonomy":"source","embeddable":true,"href":"https:\/\/hudo.com\/si\/wp-json\/wp\/v2\/source?post=401097"},{"taxonomy":"supertag","embeddable":true,"href":"https:\/\/hudo.com\/si\/wp-json\/wp\/v2\/supertag?post=401097"}],"curies":[{"name":"wp","href":"https:\/\/api.w.org\/{rel}","templated":true}]}}