{"id":401100,"date":"2019-06-22T06:56:59","date_gmt":"2019-06-22T04:56:59","guid":{"rendered":"http:\/\/hudo.com\/si\/?p=401100"},"modified":"2019-06-22T06:56:59","modified_gmt":"2019-06-22T04:56:59","slug":"v-ljubljani-z-19-parado-ponosa-proti-kulturi-sovrastva","status":"publish","type":"post","link":"https:\/\/hudo.com\/si\/aktualno\/v-ljubljani-z-19-parado-ponosa-proti-kulturi-sovrastva\/","title":{"rendered":"V Ljubljani z 19. parado ponosa proti kulturi sovra\u0161tva"},"content":{"rendered":"<p>S povorko bodo za\u010deli ob 18. uri na Metelkovi, \u010dez eno uro pa jo bodo sklenili na Novem trgu. Tam bo do 23. ure potekal politi\u010dni program. Zbrane bo med drugim nagovoril vodja predstavni\u0161tva Evropske komisije v Sloveniji Zoran Stan\u010di\u010d.<\/p>\n<p>Kot so na svoji spletni strani zapisali organizatorji, se bo protestni shod zaklju\u010dil z javno predstavitvijo politi\u010dnih zahtev LGBTIQ+ skupnosti v Sloveniji v odnosu do nosilcev dru\u017ebene mo\u010di, institucij in \u0161ir\u0161e dru\u017ebe, hkrati pa bo namenjen &#8220;preboju molka, uporu proti potiskanju homoseksualnosti med \u0161tiri stene, zasedbi javnega prostora, predstavitvi \u017eivljenja in dela LGBTIQ+ skupnosti, promociji \u010dlovekovih pravic, enakih mo\u017enosti in svobodi izbire&#8221;.<\/p>\n<p>Festival Parada ponosa se je za\u010del 11. junija, letos pa je po besedah programske vodje Simone Mur\u0161ec \u0161e posebej opozarjal na homofobne in ksenofobne napade, sovra\u017eni in diskriminatorni govor ter vrstni\u0161ko nasilje v \u0161olah. V sklopu festivala se je zvrstilo okrog 30 dogodkov, v katerih je sodelovalo 12 tujih gostov.<\/p>\n<p>Prva parada ponosa je v Sloveniji prvi\u010d potekala leta 2001, ki so jo organizirali kot odziv na dogodek v enem od ljubljanskih lokalov, kjer varnostniki vstopa niso dovolili gejevskemu aktivistu, \u010de\u0161 da &#8220;lokal ni za tako vrsto ljudi&#8221;.<\/p>\n","protected":false},"excerpt":{"rendered":"<p>S povorko po ljubljanskih ulicah, ki letos poteka 19. zapored, se danes kon\u010duje festival Parada ponosa. Z Metelkove bodo krenili ob 18. uri, sklenili jo bodo na Novem trgu. Leto\u0161nja Parada ponosa, ki posebej svari pred kulturo sovra\u0161tva, bo \u010dez teden dni prvi\u010d potekala tudi v Mariboru.<\/p>\n","protected":false},"author":7,"featured_media":400411,"comment_status":"closed","ping_status":"closed","sticky":false,"template":"","format":"standard","meta":{"footnotes":""},"categories":[1179],"tags":[13951,1633,5433],"source":[4511],"supertag":[],"acf":[],"yoast_head":"<!-- This site is optimized with the Yoast SEO plugin v21.3 - https:\/\/yoast.com\/wordpress\/plugins\/seo\/ -->\n<title>V Ljubljani z 19. parado ponosa proti kulturi sovra\u0161tva - Hudo Slovenija<\/title>\n<meta name=\"robots\" content=\"index, follow, max-snippet:-1, max-image-preview:large, max-video-preview:-1\" \/>\n<link rel=\"canonical\" href=\"https:\/\/hudo.com\/si\/aktualno\/v-ljubljani-z-19-parado-ponosa-proti-kulturi-sovrastva\/\" \/>\n<meta property=\"og:locale\" content=\"sl_SI\" \/>\n<meta property=\"og:type\" content=\"article\" \/>\n<meta property=\"og:title\" content=\"V Ljubljani z 19. parado ponosa proti kulturi sovra\u0161tva - Hudo Slovenija\" \/>\n<meta property=\"og:description\" content=\"S povorko po ljubljanskih ulicah, ki letos poteka 19. zapored, se danes kon\u010duje festival Parada ponosa. Z Metelkove bodo krenili ob 18. uri, sklenili jo bodo na Novem trgu. Leto\u0161nja Parada ponosa, ki posebej svari pred kulturo sovra\u0161tva, bo \u010dez teden dni prvi\u010d potekala tudi v Mariboru.\" \/>\n<meta property=\"og:url\" content=\"https:\/\/hudo.com\/si\/aktualno\/v-ljubljani-z-19-parado-ponosa-proti-kulturi-sovrastva\/\" \/>\n<meta property=\"og:site_name\" content=\"Hudo Slovenija\" \/>\n<meta property=\"article:publisher\" content=\"https:\/\/www.facebook.com\/hudo.si\" \/>\n<meta property=\"article:published_time\" content=\"2019-06-22T04:56:59+00:00\" \/>\n<meta property=\"og:image\" content=\"https:\/\/hudo.com\/si\/wp-content\/uploads\/sites\/2\/2019\/06\/profimedia-0338237101.jpg\" \/>\n\t<meta property=\"og:image:width\" content=\"1250\" \/>\n\t<meta property=\"og:image:height\" content=\"833\" \/>\n\t<meta property=\"og:image:type\" content=\"image\/jpeg\" \/>\n<meta name=\"author\" content=\"A. P., STA\" \/>\n<meta name=\"twitter:card\" content=\"summary_large_image\" \/>\n<meta name=\"twitter:creator\" content=\"@hudo_si\" \/>\n<meta name=\"twitter:site\" content=\"@hudo_si\" \/>\n<meta name=\"twitter:label1\" content=\"Written by\" \/>\n\t<meta name=\"twitter:data1\" content=\"A. P., STA\" \/>\n\t<meta name=\"twitter:label2\" content=\"Est. reading time\" \/>\n\t<meta name=\"twitter:data2\" content=\"1 minuta\" \/>\n<script type=\"application\/ld+json\" class=\"yoast-schema-graph\">{\"@context\":\"https:\/\/schema.org\",\"@graph\":[{\"@type\":\"Article\",\"@id\":\"https:\/\/hudo.com\/si\/aktualno\/v-ljubljani-z-19-parado-ponosa-proti-kulturi-sovrastva\/#article\",\"isPartOf\":{\"@id\":\"https:\/\/hudo.com\/si\/aktualno\/v-ljubljani-z-19-parado-ponosa-proti-kulturi-sovrastva\/\"},\"author\":{\"name\":\"A. P., STA\",\"@id\":\"https:\/\/hudo.com\/si\/#\/schema\/person\/18f09c02475ba9e606e941a565b80cff\"},\"headline\":\"V Ljubljani z 19. parado ponosa proti kulturi sovra\u0161tva\",\"datePublished\":\"2019-06-22T04:56:59+00:00\",\"dateModified\":\"2019-06-22T04:56:59+00:00\",\"mainEntityOfPage\":{\"@id\":\"https:\/\/hudo.com\/si\/aktualno\/v-ljubljani-z-19-parado-ponosa-proti-kulturi-sovrastva\/\"},\"wordCount\":208,\"publisher\":{\"@id\":\"https:\/\/hudo.com\/si\/#organization\"},\"keywords\":[\"LGBTIQ\",\"Ljubljana\",\"Parada ponosa\"],\"articleSection\":[\"Aktualno\"],\"inLanguage\":\"sl-SI\"},{\"@type\":\"WebPage\",\"@id\":\"https:\/\/hudo.com\/si\/aktualno\/v-ljubljani-z-19-parado-ponosa-proti-kulturi-sovrastva\/\",\"url\":\"https:\/\/hudo.com\/si\/aktualno\/v-ljubljani-z-19-parado-ponosa-proti-kulturi-sovrastva\/\",\"name\":\"V Ljubljani z 19. parado ponosa proti kulturi sovra\u0161tva - Hudo Slovenija\",\"isPartOf\":{\"@id\":\"https:\/\/hudo.com\/si\/#website\"},\"datePublished\":\"2019-06-22T04:56:59+00:00\",\"dateModified\":\"2019-06-22T04:56:59+00:00\",\"breadcrumb\":{\"@id\":\"https:\/\/hudo.com\/si\/aktualno\/v-ljubljani-z-19-parado-ponosa-proti-kulturi-sovrastva\/#breadcrumb\"},\"inLanguage\":\"sl-SI\",\"potentialAction\":[{\"@type\":\"ReadAction\",\"target\":[\"https:\/\/hudo.com\/si\/aktualno\/v-ljubljani-z-19-parado-ponosa-proti-kulturi-sovrastva\/\"]}]},{\"@type\":\"BreadcrumbList\",\"@id\":\"https:\/\/hudo.com\/si\/aktualno\/v-ljubljani-z-19-parado-ponosa-proti-kulturi-sovrastva\/#breadcrumb\",\"itemListElement\":[{\"@type\":\"ListItem\",\"position\":1,\"name\":\"Home\",\"item\":\"https:\/\/hudo.com\/si\/\"},{\"@type\":\"ListItem\",\"position\":2,\"name\":\"V Ljubljani z 19. parado ponosa proti kulturi sovra\u0161tva\"}]},{\"@type\":\"WebSite\",\"@id\":\"https:\/\/hudo.com\/si\/#website\",\"url\":\"https:\/\/hudo.com\/si\/\",\"name\":\"Hudo Slovenija\",\"description\":\"Vse novice iz Slovenije in sveta\",\"publisher\":{\"@id\":\"https:\/\/hudo.com\/si\/#organization\"},\"potentialAction\":[{\"@type\":\"SearchAction\",\"target\":{\"@type\":\"EntryPoint\",\"urlTemplate\":\"https:\/\/hudo.com\/si\/?s={search_term_string}\"},\"query-input\":\"required name=search_term_string\"}],\"inLanguage\":\"sl-SI\"},{\"@type\":\"Organization\",\"@id\":\"https:\/\/hudo.com\/si\/#organization\",\"name\":\"VSN Media\",\"url\":\"https:\/\/hudo.com\/si\/\",\"logo\":{\"@type\":\"ImageObject\",\"inLanguage\":\"sl-SI\",\"@id\":\"https:\/\/hudo.com\/si\/#\/schema\/logo\/image\/\",\"url\":\"https:\/\/hudo.com\/si\/wp-content\/uploads\/sites\/2\/2021\/03\/hudo-app-2.png\",\"contentUrl\":\"https:\/\/hudo.com\/si\/wp-content\/uploads\/sites\/2\/2021\/03\/hudo-app-2.png\",\"width\":2185,\"height\":2167,\"caption\":\"VSN Media\"},\"image\":{\"@id\":\"https:\/\/hudo.com\/si\/#\/schema\/logo\/image\/\"},\"sameAs\":[\"https:\/\/www.facebook.com\/hudo.si\",\"https:\/\/twitter.com\/hudo_si\"]},{\"@type\":\"Person\",\"@id\":\"https:\/\/hudo.com\/si\/#\/schema\/person\/18f09c02475ba9e606e941a565b80cff\",\"name\":\"A. P., STA\",\"image\":{\"@type\":\"ImageObject\",\"inLanguage\":\"sl-SI\",\"@id\":\"https:\/\/hudo.com\/si\/#\/schema\/person\/image\/\",\"url\":\"https:\/\/secure.gravatar.com\/avatar\/03eac8e609f5f04383125d80eaeaaf3e?s=96&d=mm&r=g\",\"contentUrl\":\"https:\/\/secure.gravatar.com\/avatar\/03eac8e609f5f04383125d80eaeaaf3e?s=96&d=mm&r=g\",\"caption\":\"A. P., STA\"},\"url\":\"https:\/\/hudo.com\/si\/author\/lubu\/\"}]}<\/script>\n<!-- \/ Yoast SEO plugin. -->","yoast_head_json":{"title":"V Ljubljani z 19. parado ponosa proti kulturi sovra\u0161tva - Hudo Slovenija","robots":{"index":"index","follow":"follow","max-snippet":"max-snippet:-1","max-image-preview":"max-image-preview:large","max-video-preview":"max-video-preview:-1"},"canonical":"https:\/\/hudo.com\/si\/aktualno\/v-ljubljani-z-19-parado-ponosa-proti-kulturi-sovrastva\/","og_locale":"sl_SI","og_type":"article","og_title":"V Ljubljani z 19. parado ponosa proti kulturi sovra\u0161tva - Hudo Slovenija","og_description":"S povorko po ljubljanskih ulicah, ki letos poteka 19. zapored, se danes kon\u010duje festival Parada ponosa. Z Metelkove bodo krenili ob 18. uri, sklenili jo bodo na Novem trgu. Leto\u0161nja Parada ponosa, ki posebej svari pred kulturo sovra\u0161tva, bo \u010dez teden dni prvi\u010d potekala tudi v Mariboru.","og_url":"https:\/\/hudo.com\/si\/aktualno\/v-ljubljani-z-19-parado-ponosa-proti-kulturi-sovrastva\/","og_site_name":"Hudo Slovenija","article_publisher":"https:\/\/www.facebook.com\/hudo.si","article_published_time":"2019-06-22T04:56:59+00:00","og_image":[{"width":1250,"height":833,"url":"https:\/\/hudo.com\/si\/wp-content\/uploads\/sites\/2\/2019\/06\/profimedia-0338237101.jpg","type":"image\/jpeg"}],"author":"A. P., STA","twitter_card":"summary_large_image","twitter_creator":"@hudo_si","twitter_site":"@hudo_si","twitter_misc":{"Written by":"A. P., STA","Est. reading time":"1 minuta"},"schema":{"@context":"https:\/\/schema.org","@graph":[{"@type":"Article","@id":"https:\/\/hudo.com\/si\/aktualno\/v-ljubljani-z-19-parado-ponosa-proti-kulturi-sovrastva\/#article","isPartOf":{"@id":"https:\/\/hudo.com\/si\/aktualno\/v-ljubljani-z-19-parado-ponosa-proti-kulturi-sovrastva\/"},"author":{"name":"A. P., STA","@id":"https:\/\/hudo.com\/si\/#\/schema\/person\/18f09c02475ba9e606e941a565b80cff"},"headline":"V Ljubljani z 19. parado ponosa proti kulturi sovra\u0161tva","datePublished":"2019-06-22T04:56:59+00:00","dateModified":"2019-06-22T04:56:59+00:00","mainEntityOfPage":{"@id":"https:\/\/hudo.com\/si\/aktualno\/v-ljubljani-z-19-parado-ponosa-proti-kulturi-sovrastva\/"},"wordCount":208,"publisher":{"@id":"https:\/\/hudo.com\/si\/#organization"},"keywords":["LGBTIQ","Ljubljana","Parada ponosa"],"articleSection":["Aktualno"],"inLanguage":"sl-SI"},{"@type":"WebPage","@id":"https:\/\/hudo.com\/si\/aktualno\/v-ljubljani-z-19-parado-ponosa-proti-kulturi-sovrastva\/","url":"https:\/\/hudo.com\/si\/aktualno\/v-ljubljani-z-19-parado-ponosa-proti-kulturi-sovrastva\/","name":"V Ljubljani z 19. parado ponosa proti kulturi sovra\u0161tva - Hudo Slovenija","isPartOf":{"@id":"https:\/\/hudo.com\/si\/#website"},"datePublished":"2019-06-22T04:56:59+00:00","dateModified":"2019-06-22T04:56:59+00:00","breadcrumb":{"@id":"https:\/\/hudo.com\/si\/aktualno\/v-ljubljani-z-19-parado-ponosa-proti-kulturi-sovrastva\/#breadcrumb"},"inLanguage":"sl-SI","potentialAction":[{"@type":"ReadAction","target":["https:\/\/hudo.com\/si\/aktualno\/v-ljubljani-z-19-parado-ponosa-proti-kulturi-sovrastva\/"]}]},{"@type":"BreadcrumbList","@id":"https:\/\/hudo.com\/si\/aktualno\/v-ljubljani-z-19-parado-ponosa-proti-kulturi-sovrastva\/#breadcrumb","itemListElement":[{"@type":"ListItem","position":1,"name":"Home","item":"https:\/\/hudo.com\/si\/"},{"@type":"ListItem","position":2,"name":"V Ljubljani z 19. parado ponosa proti kulturi sovra\u0161tva"}]},{"@type":"WebSite","@id":"https:\/\/hudo.com\/si\/#website","url":"https:\/\/hudo.com\/si\/","name":"Hudo Slovenija","description":"Vse novice iz Slovenije in sveta","publisher":{"@id":"https:\/\/hudo.com\/si\/#organization"},"potentialAction":[{"@type":"SearchAction","target":{"@type":"EntryPoint","urlTemplate":"https:\/\/hudo.com\/si\/?s={search_term_string}"},"query-input":"required name=search_term_string"}],"inLanguage":"sl-SI"},{"@type":"Organization","@id":"https:\/\/hudo.com\/si\/#organization","name":"VSN Media","url":"https:\/\/hudo.com\/si\/","logo":{"@type":"ImageObject","inLanguage":"sl-SI","@id":"https:\/\/hudo.com\/si\/#\/schema\/logo\/image\/","url":"https:\/\/hudo.com\/si\/wp-content\/uploads\/sites\/2\/2021\/03\/hudo-app-2.png","contentUrl":"https:\/\/hudo.com\/si\/wp-content\/uploads\/sites\/2\/2021\/03\/hudo-app-2.png","width":2185,"height":2167,"caption":"VSN Media"},"image":{"@id":"https:\/\/hudo.com\/si\/#\/schema\/logo\/image\/"},"sameAs":["https:\/\/www.facebook.com\/hudo.si","https:\/\/twitter.com\/hudo_si"]},{"@type":"Person","@id":"https:\/\/hudo.com\/si\/#\/schema\/person\/18f09c02475ba9e606e941a565b80cff","name":"A. P., STA","image":{"@type":"ImageObject","inLanguage":"sl-SI","@id":"https:\/\/hudo.com\/si\/#\/schema\/person\/image\/","url":"https:\/\/secure.gravatar.com\/avatar\/03eac8e609f5f04383125d80eaeaaf3e?s=96&d=mm&r=g","contentUrl":"https:\/\/secure.gravatar.com\/avatar\/03eac8e609f5f04383125d80eaeaaf3e?s=96&d=mm&r=g","caption":"A. P., STA"},"url":"https:\/\/hudo.com\/si\/author\/lubu\/"}]}},"amp_enabled":true,"_links":{"self":[{"href":"https:\/\/hudo.com\/si\/wp-json\/wp\/v2\/posts\/401100"}],"collection":[{"href":"https:\/\/hudo.com\/si\/wp-json\/wp\/v2\/posts"}],"about":[{"href":"https:\/\/hudo.com\/si\/wp-json\/wp\/v2\/types\/post"}],"author":[{"embeddable":true,"href":"https:\/\/hudo.com\/si\/wp-json\/wp\/v2\/users\/7"}],"replies":[{"embeddable":true,"href":"https:\/\/hudo.com\/si\/wp-json\/wp\/v2\/comments?post=401100"}],"version-history":[{"count":1,"href":"https:\/\/hudo.com\/si\/wp-json\/wp\/v2\/posts\/401100\/revisions"}],"predecessor-version":[{"id":401101,"href":"https:\/\/hudo.com\/si\/wp-json\/wp\/v2\/posts\/401100\/revisions\/401101"}],"wp:featuredmedia":[{"embeddable":true,"href":"https:\/\/hudo.com\/si\/wp-json\/wp\/v2\/media\/400411"}],"wp:attachment":[{"href":"https:\/\/hudo.com\/si\/wp-json\/wp\/v2\/media?parent=401100"}],"wp:term":[{"taxonomy":"category","embeddable":true,"href":"https:\/\/hudo.com\/si\/wp-json\/wp\/v2\/categories?post=401100"},{"taxonomy":"post_tag","embeddable":true,"href":"https:\/\/hudo.com\/si\/wp-json\/wp\/v2\/tags?post=401100"},{"taxonomy":"source","embeddable":true,"href":"https:\/\/hudo.com\/si\/wp-json\/wp\/v2\/source?post=401100"},{"taxonomy":"supertag","embeddable":true,"href":"https:\/\/hudo.com\/si\/wp-json\/wp\/v2\/supertag?post=401100"}],"curies":[{"name":"wp","href":"https:\/\/api.w.org\/{rel}","templated":true}]}}