{"id":401195,"date":"2019-06-24T12:00:00","date_gmt":"2019-06-24T10:00:00","guid":{"rendered":"http:\/\/hudo.com\/si\/?p=401195"},"modified":"2019-06-24T12:00:00","modified_gmt":"2019-06-24T10:00:00","slug":"erdogan-cestital-novemu-istanbulskemu-zupanucestitam-ekremu-imamogluju-ki-je-zmagal-na-volitvah-glede-na-neuradne-podatke","status":"publish","type":"post","link":"https:\/\/hudo.com\/si\/aktualno\/erdogan-cestital-novemu-istanbulskemu-zupanucestitam-ekremu-imamogluju-ki-je-zmagal-na-volitvah-glede-na-neuradne-podatke\/","title":{"rendered":"Erdogan \u010destital novemu Istanbulskemu \u017eupanu:&#8221;\u010cestitam Ekremu Imamogluju, ki je zmagal na volitvah glede na neuradne podatke&#8221;"},"content":{"rendered":"<p>&#8220;\u010cestitam Ekremu Imamogluju, ki je zmagal na volitvah glede na neuradne podatke,&#8221; je tvitnil Erdogan v nedeljo zve\u010der ter dodal, da je bila volja naroda znova izra\u017eena, poro\u010da nem\u0161ka tiskovna agencija dpa.<\/p>\n<p>V nedeljo so po pre\u0161tetih 99,37 odstotka glasov poro\u010dali, da je Imamoglu prejel 54,03 odstotka glasov, njegov glavni tekmec, nekdanji premier in tesni sodelavec Erdogana Binali Yildirim iz vladajo\u010de stranke Pravi\u010dnost in razvoj (AKP) pa 45,09 odstotka. Tur\u0161ka tiskovna agencija Anadolu je ob tem poro\u010dala, da je ostalih 19 kandidatov skupaj prejelo manj kot odstotek glasov.<\/p>\n<p>Sadi Guven, predsednik vrhovnega volilnega sveta, je danes objavil za\u010dasne uradne izide volitev. Kot je dejal, je Imamoglu prejel 54,21 odstotka podpore oziroma 4.741.868 glasov, Yildirim pa 44,99 odstotka oziroma 3.935.453 glasov. Gre za razliko ve\u010d kot 800.000 glasov. Stranke imajo do prihodnje srede \u010das za prito\u017ebe. Potem bodo objavili kon\u010dne uradne izide, je dodal po poro\u010danju dpa.<\/p>\n<p>Volilna udele\u017eba je bila 84,5-odstotna, kar pomeni, da se je volitev v nedeljo udele\u017eilo 8,74 milijona od 10,56 milijona volilnih upravi\u010dencev.<\/p>\n<p>Yildirim je zmago Imamogluja \u017ee priznal v nedeljo in mu za\u017eelel veliko uspeha.<\/p>\n<p>Imamoglu je Yildirima presenetljivo premagal \u017ee na volitvah 31. marca, a zelo tesno, le z nekaj ve\u010d kot 13.000 glasovi. AKP se je takrat na izid prito\u017eila zaradi domnevnih nepravilnosti, volilna komisija pa je, kljub temu da je pred tem \u017ee potrdila zmago opozicijskega kandidata, prito\u017ebi ustregla. Tokrat Imamoglu vodi z ve\u010d kot 800.000 glasovi.<\/p>\n<p>Izid pomeni za AKP in Erdogana velik poraz, saj je to najpomembnej\u0161e \u017eupansko mesto v dr\u017eavi stranka izgubila po 25 letih vladavine, potem ko je marca \u017ee izgubila tudi Ankaro. V mestu z okoli 16 milijoni ljudi \u017eivi 20 odstotkov vsega tur\u0161kega prebivalstva, prispeva pa tretjino bruto doma\u010dega proizvoda. Ob tem ima Erdogan tesne vezi z mestom, v katerem je odra\u0161\u010dal in bil \u017eupan ter za\u010del politi\u010dno kariero.<\/p>\n<p>Po objavi neuradnih izidov so se v mestu ljudje spontano odpravili na ulice, kjer so s petjem, plesom in hupanjem proslavili zmago opozicijskega kandidata.<\/p>\n","protected":false},"excerpt":{"rendered":"<p>Tur\u0161ki predsednik Recep Tayyip Erdogan je \u010destital kandidatu glavne opozicijske Republikanske ljudske stranke (CHP) Ekremu Imamogluju, ki je po za\u010dasnih podatkih zmagal na nedeljskih ponovljenih volitvah za \u017eupana Istanbula.<\/p>\n","protected":false},"author":8,"featured_media":401196,"comment_status":"closed","ping_status":"closed","sticky":false,"template":"","format":"standard","meta":{"footnotes":""},"categories":[1179],"tags":[14022,1885,8878,1887],"source":[4511],"supertag":[6103],"acf":[],"yoast_head":"<!-- This site is optimized with the Yoast SEO plugin v21.3 - https:\/\/yoast.com\/wordpress\/plugins\/seo\/ -->\n<title>Erdogan \u010destital novemu Istanbulskemu \u017eupanu:&quot;\u010cestitam Ekremu Imamogluju, ki je zmagal na volitvah glede na neuradne podatke&quot; - Hudo Slovenija<\/title>\n<meta name=\"robots\" content=\"index, follow, max-snippet:-1, max-image-preview:large, max-video-preview:-1\" \/>\n<link rel=\"canonical\" href=\"https:\/\/hudo.com\/si\/aktualno\/erdogan-cestital-novemu-istanbulskemu-zupanucestitam-ekremu-imamogluju-ki-je-zmagal-na-volitvah-glede-na-neuradne-podatke\/\" \/>\n<meta property=\"og:locale\" content=\"sl_SI\" \/>\n<meta property=\"og:type\" content=\"article\" \/>\n<meta property=\"og:title\" content=\"Erdogan \u010destital novemu Istanbulskemu \u017eupanu:&quot;\u010cestitam Ekremu Imamogluju, ki je zmagal na volitvah glede na neuradne podatke&quot; - Hudo Slovenija\" \/>\n<meta property=\"og:description\" content=\"Tur\u0161ki predsednik Recep Tayyip Erdogan je \u010destital kandidatu glavne opozicijske Republikanske ljudske stranke (CHP) Ekremu Imamogluju, ki je po za\u010dasnih podatkih zmagal na nedeljskih ponovljenih volitvah za \u017eupana Istanbula.\" \/>\n<meta property=\"og:url\" content=\"https:\/\/hudo.com\/si\/aktualno\/erdogan-cestital-novemu-istanbulskemu-zupanucestitam-ekremu-imamogluju-ki-je-zmagal-na-volitvah-glede-na-neuradne-podatke\/\" \/>\n<meta property=\"og:site_name\" content=\"Hudo Slovenija\" \/>\n<meta property=\"article:publisher\" content=\"https:\/\/www.facebook.com\/hudo.si\" \/>\n<meta property=\"article:published_time\" content=\"2019-06-24T10:00:00+00:00\" \/>\n<meta property=\"og:image\" content=\"https:\/\/hudo.com\/si\/wp-content\/uploads\/sites\/2\/2019\/06\/profimedia-0348042288.jpg\" \/>\n\t<meta property=\"og:image:width\" content=\"1250\" \/>\n\t<meta property=\"og:image:height\" content=\"937\" \/>\n\t<meta property=\"og:image:type\" content=\"image\/jpeg\" \/>\n<meta name=\"author\" content=\"M. N., STA\" \/>\n<meta name=\"twitter:card\" content=\"summary_large_image\" \/>\n<meta name=\"twitter:creator\" content=\"@hudo_si\" \/>\n<meta name=\"twitter:site\" content=\"@hudo_si\" \/>\n<meta name=\"twitter:label1\" content=\"Written by\" \/>\n\t<meta name=\"twitter:data1\" content=\"M. N., STA\" \/>\n\t<meta name=\"twitter:label2\" content=\"Est. reading time\" \/>\n\t<meta name=\"twitter:data2\" content=\"2 minuti\" \/>\n<script type=\"application\/ld+json\" class=\"yoast-schema-graph\">{\"@context\":\"https:\/\/schema.org\",\"@graph\":[{\"@type\":\"Article\",\"@id\":\"https:\/\/hudo.com\/si\/aktualno\/erdogan-cestital-novemu-istanbulskemu-zupanucestitam-ekremu-imamogluju-ki-je-zmagal-na-volitvah-glede-na-neuradne-podatke\/#article\",\"isPartOf\":{\"@id\":\"https:\/\/hudo.com\/si\/aktualno\/erdogan-cestital-novemu-istanbulskemu-zupanucestitam-ekremu-imamogluju-ki-je-zmagal-na-volitvah-glede-na-neuradne-podatke\/\"},\"author\":{\"name\":\"M. N., STA\",\"@id\":\"https:\/\/hudo.com\/si\/#\/schema\/person\/c2f10ce65d2e6ede2aeda5be2a0611fa\"},\"headline\":\"Erdogan \u010destital novemu Istanbulskemu \u017eupanu:&#8221;\u010cestitam Ekremu Imamogluju, ki je zmagal na volitvah glede na neuradne podatke&#8221;\",\"datePublished\":\"2019-06-24T10:00:00+00:00\",\"dateModified\":\"2019-06-24T10:00:00+00:00\",\"mainEntityOfPage\":{\"@id\":\"https:\/\/hudo.com\/si\/aktualno\/erdogan-cestital-novemu-istanbulskemu-zupanucestitam-ekremu-imamogluju-ki-je-zmagal-na-volitvah-glede-na-neuradne-podatke\/\"},\"wordCount\":354,\"publisher\":{\"@id\":\"https:\/\/hudo.com\/si\/#organization\"},\"keywords\":[\"Ekrem Imamogluj\",\"istanbul\",\"Recep Tayyip Erdogan\",\"tur\u010dija\"],\"articleSection\":[\"Aktualno\"],\"inLanguage\":\"sl-SI\"},{\"@type\":\"WebPage\",\"@id\":\"https:\/\/hudo.com\/si\/aktualno\/erdogan-cestital-novemu-istanbulskemu-zupanucestitam-ekremu-imamogluju-ki-je-zmagal-na-volitvah-glede-na-neuradne-podatke\/\",\"url\":\"https:\/\/hudo.com\/si\/aktualno\/erdogan-cestital-novemu-istanbulskemu-zupanucestitam-ekremu-imamogluju-ki-je-zmagal-na-volitvah-glede-na-neuradne-podatke\/\",\"name\":\"Erdogan \u010destital novemu Istanbulskemu \u017eupanu:\\\"\u010cestitam Ekremu Imamogluju, ki je zmagal na volitvah glede na neuradne podatke\\\" - Hudo Slovenija\",\"isPartOf\":{\"@id\":\"https:\/\/hudo.com\/si\/#website\"},\"datePublished\":\"2019-06-24T10:00:00+00:00\",\"dateModified\":\"2019-06-24T10:00:00+00:00\",\"breadcrumb\":{\"@id\":\"https:\/\/hudo.com\/si\/aktualno\/erdogan-cestital-novemu-istanbulskemu-zupanucestitam-ekremu-imamogluju-ki-je-zmagal-na-volitvah-glede-na-neuradne-podatke\/#breadcrumb\"},\"inLanguage\":\"sl-SI\",\"potentialAction\":[{\"@type\":\"ReadAction\",\"target\":[\"https:\/\/hudo.com\/si\/aktualno\/erdogan-cestital-novemu-istanbulskemu-zupanucestitam-ekremu-imamogluju-ki-je-zmagal-na-volitvah-glede-na-neuradne-podatke\/\"]}]},{\"@type\":\"BreadcrumbList\",\"@id\":\"https:\/\/hudo.com\/si\/aktualno\/erdogan-cestital-novemu-istanbulskemu-zupanucestitam-ekremu-imamogluju-ki-je-zmagal-na-volitvah-glede-na-neuradne-podatke\/#breadcrumb\",\"itemListElement\":[{\"@type\":\"ListItem\",\"position\":1,\"name\":\"Home\",\"item\":\"https:\/\/hudo.com\/si\/\"},{\"@type\":\"ListItem\",\"position\":2,\"name\":\"Erdogan \u010destital novemu Istanbulskemu \u017eupanu:&#8221;\u010cestitam Ekremu Imamogluju, ki je zmagal na volitvah glede na neuradne podatke&#8221;\"}]},{\"@type\":\"WebSite\",\"@id\":\"https:\/\/hudo.com\/si\/#website\",\"url\":\"https:\/\/hudo.com\/si\/\",\"name\":\"Hudo Slovenija\",\"description\":\"Vse novice iz Slovenije in sveta\",\"publisher\":{\"@id\":\"https:\/\/hudo.com\/si\/#organization\"},\"potentialAction\":[{\"@type\":\"SearchAction\",\"target\":{\"@type\":\"EntryPoint\",\"urlTemplate\":\"https:\/\/hudo.com\/si\/?s={search_term_string}\"},\"query-input\":\"required name=search_term_string\"}],\"inLanguage\":\"sl-SI\"},{\"@type\":\"Organization\",\"@id\":\"https:\/\/hudo.com\/si\/#organization\",\"name\":\"VSN Media\",\"url\":\"https:\/\/hudo.com\/si\/\",\"logo\":{\"@type\":\"ImageObject\",\"inLanguage\":\"sl-SI\",\"@id\":\"https:\/\/hudo.com\/si\/#\/schema\/logo\/image\/\",\"url\":\"https:\/\/hudo.com\/si\/wp-content\/uploads\/sites\/2\/2021\/03\/hudo-app-2.png\",\"contentUrl\":\"https:\/\/hudo.com\/si\/wp-content\/uploads\/sites\/2\/2021\/03\/hudo-app-2.png\",\"width\":2185,\"height\":2167,\"caption\":\"VSN Media\"},\"image\":{\"@id\":\"https:\/\/hudo.com\/si\/#\/schema\/logo\/image\/\"},\"sameAs\":[\"https:\/\/www.facebook.com\/hudo.si\",\"https:\/\/twitter.com\/hudo_si\"]},{\"@type\":\"Person\",\"@id\":\"https:\/\/hudo.com\/si\/#\/schema\/person\/c2f10ce65d2e6ede2aeda5be2a0611fa\",\"name\":\"M. N., STA\",\"image\":{\"@type\":\"ImageObject\",\"inLanguage\":\"sl-SI\",\"@id\":\"https:\/\/hudo.com\/si\/#\/schema\/person\/image\/\",\"url\":\"https:\/\/secure.gravatar.com\/avatar\/f370d38daa10467f755c5c766a4cac20?s=96&d=mm&r=g\",\"contentUrl\":\"https:\/\/secure.gravatar.com\/avatar\/f370d38daa10467f755c5c766a4cac20?s=96&d=mm&r=g\",\"caption\":\"M. N., STA\"},\"url\":\"https:\/\/hudo.com\/si\/author\/mana\/\"}]}<\/script>\n<!-- \/ Yoast SEO plugin. -->","yoast_head_json":{"title":"Erdogan \u010destital novemu Istanbulskemu \u017eupanu:\"\u010cestitam Ekremu Imamogluju, ki je zmagal na volitvah glede na neuradne podatke\" - Hudo Slovenija","robots":{"index":"index","follow":"follow","max-snippet":"max-snippet:-1","max-image-preview":"max-image-preview:large","max-video-preview":"max-video-preview:-1"},"canonical":"https:\/\/hudo.com\/si\/aktualno\/erdogan-cestital-novemu-istanbulskemu-zupanucestitam-ekremu-imamogluju-ki-je-zmagal-na-volitvah-glede-na-neuradne-podatke\/","og_locale":"sl_SI","og_type":"article","og_title":"Erdogan \u010destital novemu Istanbulskemu \u017eupanu:\"\u010cestitam Ekremu Imamogluju, ki je zmagal na volitvah glede na neuradne podatke\" - Hudo Slovenija","og_description":"Tur\u0161ki predsednik Recep Tayyip Erdogan je \u010destital kandidatu glavne opozicijske Republikanske ljudske stranke (CHP) Ekremu Imamogluju, ki je po za\u010dasnih podatkih zmagal na nedeljskih ponovljenih volitvah za \u017eupana Istanbula.","og_url":"https:\/\/hudo.com\/si\/aktualno\/erdogan-cestital-novemu-istanbulskemu-zupanucestitam-ekremu-imamogluju-ki-je-zmagal-na-volitvah-glede-na-neuradne-podatke\/","og_site_name":"Hudo Slovenija","article_publisher":"https:\/\/www.facebook.com\/hudo.si","article_published_time":"2019-06-24T10:00:00+00:00","og_image":[{"width":1250,"height":937,"url":"https:\/\/hudo.com\/si\/wp-content\/uploads\/sites\/2\/2019\/06\/profimedia-0348042288.jpg","type":"image\/jpeg"}],"author":"M. N., STA","twitter_card":"summary_large_image","twitter_creator":"@hudo_si","twitter_site":"@hudo_si","twitter_misc":{"Written by":"M. N., STA","Est. reading time":"2 minuti"},"schema":{"@context":"https:\/\/schema.org","@graph":[{"@type":"Article","@id":"https:\/\/hudo.com\/si\/aktualno\/erdogan-cestital-novemu-istanbulskemu-zupanucestitam-ekremu-imamogluju-ki-je-zmagal-na-volitvah-glede-na-neuradne-podatke\/#article","isPartOf":{"@id":"https:\/\/hudo.com\/si\/aktualno\/erdogan-cestital-novemu-istanbulskemu-zupanucestitam-ekremu-imamogluju-ki-je-zmagal-na-volitvah-glede-na-neuradne-podatke\/"},"author":{"name":"M. N., STA","@id":"https:\/\/hudo.com\/si\/#\/schema\/person\/c2f10ce65d2e6ede2aeda5be2a0611fa"},"headline":"Erdogan \u010destital novemu Istanbulskemu \u017eupanu:&#8221;\u010cestitam Ekremu Imamogluju, ki je zmagal na volitvah glede na neuradne podatke&#8221;","datePublished":"2019-06-24T10:00:00+00:00","dateModified":"2019-06-24T10:00:00+00:00","mainEntityOfPage":{"@id":"https:\/\/hudo.com\/si\/aktualno\/erdogan-cestital-novemu-istanbulskemu-zupanucestitam-ekremu-imamogluju-ki-je-zmagal-na-volitvah-glede-na-neuradne-podatke\/"},"wordCount":354,"publisher":{"@id":"https:\/\/hudo.com\/si\/#organization"},"keywords":["Ekrem Imamogluj","istanbul","Recep Tayyip Erdogan","tur\u010dija"],"articleSection":["Aktualno"],"inLanguage":"sl-SI"},{"@type":"WebPage","@id":"https:\/\/hudo.com\/si\/aktualno\/erdogan-cestital-novemu-istanbulskemu-zupanucestitam-ekremu-imamogluju-ki-je-zmagal-na-volitvah-glede-na-neuradne-podatke\/","url":"https:\/\/hudo.com\/si\/aktualno\/erdogan-cestital-novemu-istanbulskemu-zupanucestitam-ekremu-imamogluju-ki-je-zmagal-na-volitvah-glede-na-neuradne-podatke\/","name":"Erdogan \u010destital novemu Istanbulskemu \u017eupanu:\"\u010cestitam Ekremu Imamogluju, ki je zmagal na volitvah glede na neuradne podatke\" - Hudo Slovenija","isPartOf":{"@id":"https:\/\/hudo.com\/si\/#website"},"datePublished":"2019-06-24T10:00:00+00:00","dateModified":"2019-06-24T10:00:00+00:00","breadcrumb":{"@id":"https:\/\/hudo.com\/si\/aktualno\/erdogan-cestital-novemu-istanbulskemu-zupanucestitam-ekremu-imamogluju-ki-je-zmagal-na-volitvah-glede-na-neuradne-podatke\/#breadcrumb"},"inLanguage":"sl-SI","potentialAction":[{"@type":"ReadAction","target":["https:\/\/hudo.com\/si\/aktualno\/erdogan-cestital-novemu-istanbulskemu-zupanucestitam-ekremu-imamogluju-ki-je-zmagal-na-volitvah-glede-na-neuradne-podatke\/"]}]},{"@type":"BreadcrumbList","@id":"https:\/\/hudo.com\/si\/aktualno\/erdogan-cestital-novemu-istanbulskemu-zupanucestitam-ekremu-imamogluju-ki-je-zmagal-na-volitvah-glede-na-neuradne-podatke\/#breadcrumb","itemListElement":[{"@type":"ListItem","position":1,"name":"Home","item":"https:\/\/hudo.com\/si\/"},{"@type":"ListItem","position":2,"name":"Erdogan \u010destital novemu Istanbulskemu \u017eupanu:&#8221;\u010cestitam Ekremu Imamogluju, ki je zmagal na volitvah glede na neuradne podatke&#8221;"}]},{"@type":"WebSite","@id":"https:\/\/hudo.com\/si\/#website","url":"https:\/\/hudo.com\/si\/","name":"Hudo Slovenija","description":"Vse novice iz Slovenije in sveta","publisher":{"@id":"https:\/\/hudo.com\/si\/#organization"},"potentialAction":[{"@type":"SearchAction","target":{"@type":"EntryPoint","urlTemplate":"https:\/\/hudo.com\/si\/?s={search_term_string}"},"query-input":"required name=search_term_string"}],"inLanguage":"sl-SI"},{"@type":"Organization","@id":"https:\/\/hudo.com\/si\/#organization","name":"VSN Media","url":"https:\/\/hudo.com\/si\/","logo":{"@type":"ImageObject","inLanguage":"sl-SI","@id":"https:\/\/hudo.com\/si\/#\/schema\/logo\/image\/","url":"https:\/\/hudo.com\/si\/wp-content\/uploads\/sites\/2\/2021\/03\/hudo-app-2.png","contentUrl":"https:\/\/hudo.com\/si\/wp-content\/uploads\/sites\/2\/2021\/03\/hudo-app-2.png","width":2185,"height":2167,"caption":"VSN Media"},"image":{"@id":"https:\/\/hudo.com\/si\/#\/schema\/logo\/image\/"},"sameAs":["https:\/\/www.facebook.com\/hudo.si","https:\/\/twitter.com\/hudo_si"]},{"@type":"Person","@id":"https:\/\/hudo.com\/si\/#\/schema\/person\/c2f10ce65d2e6ede2aeda5be2a0611fa","name":"M. N., STA","image":{"@type":"ImageObject","inLanguage":"sl-SI","@id":"https:\/\/hudo.com\/si\/#\/schema\/person\/image\/","url":"https:\/\/secure.gravatar.com\/avatar\/f370d38daa10467f755c5c766a4cac20?s=96&d=mm&r=g","contentUrl":"https:\/\/secure.gravatar.com\/avatar\/f370d38daa10467f755c5c766a4cac20?s=96&d=mm&r=g","caption":"M. N., STA"},"url":"https:\/\/hudo.com\/si\/author\/mana\/"}]}},"amp_enabled":true,"_links":{"self":[{"href":"https:\/\/hudo.com\/si\/wp-json\/wp\/v2\/posts\/401195"}],"collection":[{"href":"https:\/\/hudo.com\/si\/wp-json\/wp\/v2\/posts"}],"about":[{"href":"https:\/\/hudo.com\/si\/wp-json\/wp\/v2\/types\/post"}],"author":[{"embeddable":true,"href":"https:\/\/hudo.com\/si\/wp-json\/wp\/v2\/users\/8"}],"replies":[{"embeddable":true,"href":"https:\/\/hudo.com\/si\/wp-json\/wp\/v2\/comments?post=401195"}],"version-history":[{"count":1,"href":"https:\/\/hudo.com\/si\/wp-json\/wp\/v2\/posts\/401195\/revisions"}],"predecessor-version":[{"id":401197,"href":"https:\/\/hudo.com\/si\/wp-json\/wp\/v2\/posts\/401195\/revisions\/401197"}],"wp:featuredmedia":[{"embeddable":true,"href":"https:\/\/hudo.com\/si\/wp-json\/wp\/v2\/media\/401196"}],"wp:attachment":[{"href":"https:\/\/hudo.com\/si\/wp-json\/wp\/v2\/media?parent=401195"}],"wp:term":[{"taxonomy":"category","embeddable":true,"href":"https:\/\/hudo.com\/si\/wp-json\/wp\/v2\/categories?post=401195"},{"taxonomy":"post_tag","embeddable":true,"href":"https:\/\/hudo.com\/si\/wp-json\/wp\/v2\/tags?post=401195"},{"taxonomy":"source","embeddable":true,"href":"https:\/\/hudo.com\/si\/wp-json\/wp\/v2\/source?post=401195"},{"taxonomy":"supertag","embeddable":true,"href":"https:\/\/hudo.com\/si\/wp-json\/wp\/v2\/supertag?post=401195"}],"curies":[{"name":"wp","href":"https:\/\/api.w.org\/{rel}","templated":true}]}}