{"id":401406,"date":"2019-06-27T19:12:42","date_gmt":"2019-06-27T17:12:42","guid":{"rendered":"http:\/\/hudo.com\/si\/?p=401406"},"modified":"2019-06-27T19:12:42","modified_gmt":"2019-06-27T17:12:42","slug":"na-obmocju-komarce-umrla-45-letna-planinka","status":"publish","type":"post","link":"https:\/\/hudo.com\/si\/aktualno\/na-obmocju-komarce-umrla-45-letna-planinka\/","title":{"rendered":"Na obmo\u010dju Komar\u010de umrla 45-letna planinka"},"content":{"rendered":"<div class=\"text\">\n<p>Policisti gorske policijske enote so z bohinjskimi gorskimi re\u0161evalci danes opravili ogled kraja nesre\u010de na obmo\u010dju Komar\u010de. Na sicer suhi poti zelo polzi zaradi kombinacije zemlje in kamenja.<\/p>\n<p>Med ogledom so policisti opazili \u0161e nekatere druge nevarnosti, ki sicer niso povezane z nesre\u010do planinke, ka\u017eejo pa na to, da je pot \u010dez Komar\u010do zelo nevarna. &#8220;Na nekaterih delih \u010dez pot visi drevje, na vsaj enem izpostavljenem in spolzkem mestu se kovinski klin v skali premika in je jeklenica zato nestabilna, iz poti pa ponekod stojijo tudi nizki kovinski deli, ki jih, \u010de kdo ni pozoren, lahko spregleda in hudo pade. Potrebna je velika previdnost in po\u010dasna hoja,&#8221; so opozorili na policiji.<\/p>\n<p>Policisti in re\u0161evalci so opravili razgovore s 17 planinci, med katerimi jih 12 ni imelo ustrezne opreme. Med drugim so imeli obute superge, nizke \u010devlje ali celo sandale. Predlagali so jim, naj poti ne nadaljujejo. Vsaj deset se jih je odlo\u010dilo, da se zato vrnejo proti izhodi\u0161\u010du.<\/p>\n<p>Policisti ob tem opozarjajo na veliko previdnost v gorah. &#8220;Enako kot na cesti, so tudi tukaj pomembne malenkosti, ki lahko na tako izpostavljenem terenu, kot so gore, predstavljajo tanko mejo med \u017eivljenjem in smrtjo,&#8221; so zapisali.<\/p>\n<\/div>\n","protected":false},"excerpt":{"rendered":"<p>Med vra\u010danjem \u010dez Komar\u010do proti Ko\u010di pri Savici je v sredo zve\u010der na vi\u0161ini okoli 800 metrov 45-letna nizozemska planinka zdrsnila in padla s poti na strmo pobo\u010dje z vi\u0161jim skalnim skokom. Zaradi po\u0161kodb je umrla na kraju, z mesta nesre\u010de pa jo je odpeljal voja\u0161ki helikopter. Bila je ustrezno opremljena, so sporo\u010dili s Policijske uprave Kranj.<\/p>\n","protected":false},"author":5,"featured_media":333589,"comment_status":"closed","ping_status":"closed","sticky":false,"template":"","format":"standard","meta":{"footnotes":""},"categories":[1179],"tags":[1938,1728,1595,1650],"source":[4511],"supertag":[7150],"acf":[],"yoast_head":"<!-- This site is optimized with the Yoast SEO plugin v21.3 - https:\/\/yoast.com\/wordpress\/plugins\/seo\/ -->\n<title>Na obmo\u010dju Komar\u010de umrla 45-letna planinka - Hudo Slovenija<\/title>\n<meta name=\"robots\" content=\"index, follow, max-snippet:-1, max-image-preview:large, max-video-preview:-1\" \/>\n<link rel=\"canonical\" href=\"https:\/\/hudo.com\/si\/aktualno\/na-obmocju-komarce-umrla-45-letna-planinka\/\" \/>\n<meta property=\"og:locale\" content=\"sl_SI\" \/>\n<meta property=\"og:type\" content=\"article\" \/>\n<meta property=\"og:title\" content=\"Na obmo\u010dju Komar\u010de umrla 45-letna planinka - Hudo Slovenija\" \/>\n<meta property=\"og:description\" content=\"Med vra\u010danjem \u010dez Komar\u010do proti Ko\u010di pri Savici je v sredo zve\u010der na vi\u0161ini okoli 800 metrov 45-letna nizozemska planinka zdrsnila in padla s poti na strmo pobo\u010dje z vi\u0161jim skalnim skokom. Zaradi po\u0161kodb je umrla na kraju, z mesta nesre\u010de pa jo je odpeljal voja\u0161ki helikopter. Bila je ustrezno opremljena, so sporo\u010dili s Policijske uprave Kranj.\" \/>\n<meta property=\"og:url\" content=\"https:\/\/hudo.com\/si\/aktualno\/na-obmocju-komarce-umrla-45-letna-planinka\/\" \/>\n<meta property=\"og:site_name\" content=\"Hudo Slovenija\" \/>\n<meta property=\"article:publisher\" content=\"https:\/\/www.facebook.com\/hudo.si\" \/>\n<meta property=\"article:published_time\" content=\"2019-06-27T17:12:42+00:00\" \/>\n<meta property=\"og:image\" content=\"https:\/\/hudo.com\/si\/wp-content\/uploads\/sites\/2\/2017\/12\/profimedia-0136278479-1.jpg\" \/>\n\t<meta property=\"og:image:width\" content=\"1250\" \/>\n\t<meta property=\"og:image:height\" content=\"828\" \/>\n\t<meta property=\"og:image:type\" content=\"image\/jpeg\" \/>\n<meta name=\"author\" content=\"A. G., STA\" \/>\n<meta name=\"twitter:card\" content=\"summary_large_image\" \/>\n<meta name=\"twitter:creator\" content=\"@hudo_si\" \/>\n<meta name=\"twitter:site\" content=\"@hudo_si\" \/>\n<meta name=\"twitter:label1\" content=\"Written by\" \/>\n\t<meta name=\"twitter:data1\" content=\"A. G., STA\" \/>\n\t<meta name=\"twitter:label2\" content=\"Est. reading time\" \/>\n\t<meta name=\"twitter:data2\" content=\"1 minuta\" \/>\n<script type=\"application\/ld+json\" class=\"yoast-schema-graph\">{\"@context\":\"https:\/\/schema.org\",\"@graph\":[{\"@type\":\"Article\",\"@id\":\"https:\/\/hudo.com\/si\/aktualno\/na-obmocju-komarce-umrla-45-letna-planinka\/#article\",\"isPartOf\":{\"@id\":\"https:\/\/hudo.com\/si\/aktualno\/na-obmocju-komarce-umrla-45-letna-planinka\/\"},\"author\":{\"name\":\"A. G., STA\",\"@id\":\"https:\/\/hudo.com\/si\/#\/schema\/person\/2391667a63ea075ba94f2f2dc6b77537\"},\"headline\":\"Na obmo\u010dju Komar\u010de umrla 45-letna planinka\",\"datePublished\":\"2019-06-27T17:12:42+00:00\",\"dateModified\":\"2019-06-27T17:12:42+00:00\",\"mainEntityOfPage\":{\"@id\":\"https:\/\/hudo.com\/si\/aktualno\/na-obmocju-komarce-umrla-45-letna-planinka\/\"},\"wordCount\":211,\"publisher\":{\"@id\":\"https:\/\/hudo.com\/si\/#organization\"},\"keywords\":[\"gore\",\"policija\",\"Slovenija\",\"smrt\"],\"articleSection\":[\"Aktualno\"],\"inLanguage\":\"sl-SI\"},{\"@type\":\"WebPage\",\"@id\":\"https:\/\/hudo.com\/si\/aktualno\/na-obmocju-komarce-umrla-45-letna-planinka\/\",\"url\":\"https:\/\/hudo.com\/si\/aktualno\/na-obmocju-komarce-umrla-45-letna-planinka\/\",\"name\":\"Na obmo\u010dju Komar\u010de umrla 45-letna planinka - Hudo Slovenija\",\"isPartOf\":{\"@id\":\"https:\/\/hudo.com\/si\/#website\"},\"datePublished\":\"2019-06-27T17:12:42+00:00\",\"dateModified\":\"2019-06-27T17:12:42+00:00\",\"breadcrumb\":{\"@id\":\"https:\/\/hudo.com\/si\/aktualno\/na-obmocju-komarce-umrla-45-letna-planinka\/#breadcrumb\"},\"inLanguage\":\"sl-SI\",\"potentialAction\":[{\"@type\":\"ReadAction\",\"target\":[\"https:\/\/hudo.com\/si\/aktualno\/na-obmocju-komarce-umrla-45-letna-planinka\/\"]}]},{\"@type\":\"BreadcrumbList\",\"@id\":\"https:\/\/hudo.com\/si\/aktualno\/na-obmocju-komarce-umrla-45-letna-planinka\/#breadcrumb\",\"itemListElement\":[{\"@type\":\"ListItem\",\"position\":1,\"name\":\"Home\",\"item\":\"https:\/\/hudo.com\/si\/\"},{\"@type\":\"ListItem\",\"position\":2,\"name\":\"Na obmo\u010dju Komar\u010de umrla 45-letna planinka\"}]},{\"@type\":\"WebSite\",\"@id\":\"https:\/\/hudo.com\/si\/#website\",\"url\":\"https:\/\/hudo.com\/si\/\",\"name\":\"Hudo Slovenija\",\"description\":\"Vse novice iz Slovenije in sveta\",\"publisher\":{\"@id\":\"https:\/\/hudo.com\/si\/#organization\"},\"potentialAction\":[{\"@type\":\"SearchAction\",\"target\":{\"@type\":\"EntryPoint\",\"urlTemplate\":\"https:\/\/hudo.com\/si\/?s={search_term_string}\"},\"query-input\":\"required name=search_term_string\"}],\"inLanguage\":\"sl-SI\"},{\"@type\":\"Organization\",\"@id\":\"https:\/\/hudo.com\/si\/#organization\",\"name\":\"VSN Media\",\"url\":\"https:\/\/hudo.com\/si\/\",\"logo\":{\"@type\":\"ImageObject\",\"inLanguage\":\"sl-SI\",\"@id\":\"https:\/\/hudo.com\/si\/#\/schema\/logo\/image\/\",\"url\":\"https:\/\/hudo.com\/si\/wp-content\/uploads\/sites\/2\/2021\/03\/hudo-app-2.png\",\"contentUrl\":\"https:\/\/hudo.com\/si\/wp-content\/uploads\/sites\/2\/2021\/03\/hudo-app-2.png\",\"width\":2185,\"height\":2167,\"caption\":\"VSN Media\"},\"image\":{\"@id\":\"https:\/\/hudo.com\/si\/#\/schema\/logo\/image\/\"},\"sameAs\":[\"https:\/\/www.facebook.com\/hudo.si\",\"https:\/\/twitter.com\/hudo_si\"]},{\"@type\":\"Person\",\"@id\":\"https:\/\/hudo.com\/si\/#\/schema\/person\/2391667a63ea075ba94f2f2dc6b77537\",\"name\":\"A. G., STA\",\"image\":{\"@type\":\"ImageObject\",\"inLanguage\":\"sl-SI\",\"@id\":\"https:\/\/hudo.com\/si\/#\/schema\/person\/image\/\",\"url\":\"https:\/\/secure.gravatar.com\/avatar\/e13d22ac3e442658d5025fbbe6238a79?s=96&d=mm&r=g\",\"contentUrl\":\"https:\/\/secure.gravatar.com\/avatar\/e13d22ac3e442658d5025fbbe6238a79?s=96&d=mm&r=g\",\"caption\":\"A. G., STA\"},\"url\":\"https:\/\/hudo.com\/si\/author\/alenka\/\"}]}<\/script>\n<!-- \/ Yoast SEO plugin. -->","yoast_head_json":{"title":"Na obmo\u010dju Komar\u010de umrla 45-letna planinka - Hudo Slovenija","robots":{"index":"index","follow":"follow","max-snippet":"max-snippet:-1","max-image-preview":"max-image-preview:large","max-video-preview":"max-video-preview:-1"},"canonical":"https:\/\/hudo.com\/si\/aktualno\/na-obmocju-komarce-umrla-45-letna-planinka\/","og_locale":"sl_SI","og_type":"article","og_title":"Na obmo\u010dju Komar\u010de umrla 45-letna planinka - Hudo Slovenija","og_description":"Med vra\u010danjem \u010dez Komar\u010do proti Ko\u010di pri Savici je v sredo zve\u010der na vi\u0161ini okoli 800 metrov 45-letna nizozemska planinka zdrsnila in padla s poti na strmo pobo\u010dje z vi\u0161jim skalnim skokom. Zaradi po\u0161kodb je umrla na kraju, z mesta nesre\u010de pa jo je odpeljal voja\u0161ki helikopter. Bila je ustrezno opremljena, so sporo\u010dili s Policijske uprave Kranj.","og_url":"https:\/\/hudo.com\/si\/aktualno\/na-obmocju-komarce-umrla-45-letna-planinka\/","og_site_name":"Hudo Slovenija","article_publisher":"https:\/\/www.facebook.com\/hudo.si","article_published_time":"2019-06-27T17:12:42+00:00","og_image":[{"width":1250,"height":828,"url":"https:\/\/hudo.com\/si\/wp-content\/uploads\/sites\/2\/2017\/12\/profimedia-0136278479-1.jpg","type":"image\/jpeg"}],"author":"A. G., STA","twitter_card":"summary_large_image","twitter_creator":"@hudo_si","twitter_site":"@hudo_si","twitter_misc":{"Written by":"A. G., STA","Est. reading time":"1 minuta"},"schema":{"@context":"https:\/\/schema.org","@graph":[{"@type":"Article","@id":"https:\/\/hudo.com\/si\/aktualno\/na-obmocju-komarce-umrla-45-letna-planinka\/#article","isPartOf":{"@id":"https:\/\/hudo.com\/si\/aktualno\/na-obmocju-komarce-umrla-45-letna-planinka\/"},"author":{"name":"A. G., STA","@id":"https:\/\/hudo.com\/si\/#\/schema\/person\/2391667a63ea075ba94f2f2dc6b77537"},"headline":"Na obmo\u010dju Komar\u010de umrla 45-letna planinka","datePublished":"2019-06-27T17:12:42+00:00","dateModified":"2019-06-27T17:12:42+00:00","mainEntityOfPage":{"@id":"https:\/\/hudo.com\/si\/aktualno\/na-obmocju-komarce-umrla-45-letna-planinka\/"},"wordCount":211,"publisher":{"@id":"https:\/\/hudo.com\/si\/#organization"},"keywords":["gore","policija","Slovenija","smrt"],"articleSection":["Aktualno"],"inLanguage":"sl-SI"},{"@type":"WebPage","@id":"https:\/\/hudo.com\/si\/aktualno\/na-obmocju-komarce-umrla-45-letna-planinka\/","url":"https:\/\/hudo.com\/si\/aktualno\/na-obmocju-komarce-umrla-45-letna-planinka\/","name":"Na obmo\u010dju Komar\u010de umrla 45-letna planinka - Hudo Slovenija","isPartOf":{"@id":"https:\/\/hudo.com\/si\/#website"},"datePublished":"2019-06-27T17:12:42+00:00","dateModified":"2019-06-27T17:12:42+00:00","breadcrumb":{"@id":"https:\/\/hudo.com\/si\/aktualno\/na-obmocju-komarce-umrla-45-letna-planinka\/#breadcrumb"},"inLanguage":"sl-SI","potentialAction":[{"@type":"ReadAction","target":["https:\/\/hudo.com\/si\/aktualno\/na-obmocju-komarce-umrla-45-letna-planinka\/"]}]},{"@type":"BreadcrumbList","@id":"https:\/\/hudo.com\/si\/aktualno\/na-obmocju-komarce-umrla-45-letna-planinka\/#breadcrumb","itemListElement":[{"@type":"ListItem","position":1,"name":"Home","item":"https:\/\/hudo.com\/si\/"},{"@type":"ListItem","position":2,"name":"Na obmo\u010dju Komar\u010de umrla 45-letna planinka"}]},{"@type":"WebSite","@id":"https:\/\/hudo.com\/si\/#website","url":"https:\/\/hudo.com\/si\/","name":"Hudo Slovenija","description":"Vse novice iz Slovenije in sveta","publisher":{"@id":"https:\/\/hudo.com\/si\/#organization"},"potentialAction":[{"@type":"SearchAction","target":{"@type":"EntryPoint","urlTemplate":"https:\/\/hudo.com\/si\/?s={search_term_string}"},"query-input":"required name=search_term_string"}],"inLanguage":"sl-SI"},{"@type":"Organization","@id":"https:\/\/hudo.com\/si\/#organization","name":"VSN Media","url":"https:\/\/hudo.com\/si\/","logo":{"@type":"ImageObject","inLanguage":"sl-SI","@id":"https:\/\/hudo.com\/si\/#\/schema\/logo\/image\/","url":"https:\/\/hudo.com\/si\/wp-content\/uploads\/sites\/2\/2021\/03\/hudo-app-2.png","contentUrl":"https:\/\/hudo.com\/si\/wp-content\/uploads\/sites\/2\/2021\/03\/hudo-app-2.png","width":2185,"height":2167,"caption":"VSN Media"},"image":{"@id":"https:\/\/hudo.com\/si\/#\/schema\/logo\/image\/"},"sameAs":["https:\/\/www.facebook.com\/hudo.si","https:\/\/twitter.com\/hudo_si"]},{"@type":"Person","@id":"https:\/\/hudo.com\/si\/#\/schema\/person\/2391667a63ea075ba94f2f2dc6b77537","name":"A. G., STA","image":{"@type":"ImageObject","inLanguage":"sl-SI","@id":"https:\/\/hudo.com\/si\/#\/schema\/person\/image\/","url":"https:\/\/secure.gravatar.com\/avatar\/e13d22ac3e442658d5025fbbe6238a79?s=96&d=mm&r=g","contentUrl":"https:\/\/secure.gravatar.com\/avatar\/e13d22ac3e442658d5025fbbe6238a79?s=96&d=mm&r=g","caption":"A. G., STA"},"url":"https:\/\/hudo.com\/si\/author\/alenka\/"}]}},"amp_enabled":true,"_links":{"self":[{"href":"https:\/\/hudo.com\/si\/wp-json\/wp\/v2\/posts\/401406"}],"collection":[{"href":"https:\/\/hudo.com\/si\/wp-json\/wp\/v2\/posts"}],"about":[{"href":"https:\/\/hudo.com\/si\/wp-json\/wp\/v2\/types\/post"}],"author":[{"embeddable":true,"href":"https:\/\/hudo.com\/si\/wp-json\/wp\/v2\/users\/5"}],"replies":[{"embeddable":true,"href":"https:\/\/hudo.com\/si\/wp-json\/wp\/v2\/comments?post=401406"}],"version-history":[{"count":1,"href":"https:\/\/hudo.com\/si\/wp-json\/wp\/v2\/posts\/401406\/revisions"}],"predecessor-version":[{"id":401407,"href":"https:\/\/hudo.com\/si\/wp-json\/wp\/v2\/posts\/401406\/revisions\/401407"}],"wp:featuredmedia":[{"embeddable":true,"href":"https:\/\/hudo.com\/si\/wp-json\/wp\/v2\/media\/333589"}],"wp:attachment":[{"href":"https:\/\/hudo.com\/si\/wp-json\/wp\/v2\/media?parent=401406"}],"wp:term":[{"taxonomy":"category","embeddable":true,"href":"https:\/\/hudo.com\/si\/wp-json\/wp\/v2\/categories?post=401406"},{"taxonomy":"post_tag","embeddable":true,"href":"https:\/\/hudo.com\/si\/wp-json\/wp\/v2\/tags?post=401406"},{"taxonomy":"source","embeddable":true,"href":"https:\/\/hudo.com\/si\/wp-json\/wp\/v2\/source?post=401406"},{"taxonomy":"supertag","embeddable":true,"href":"https:\/\/hudo.com\/si\/wp-json\/wp\/v2\/supertag?post=401406"}],"curies":[{"name":"wp","href":"https:\/\/api.w.org\/{rel}","templated":true}]}}