{"id":401480,"date":"2019-06-28T16:42:54","date_gmt":"2019-06-28T14:42:54","guid":{"rendered":"http:\/\/hudo.com\/si\/?p=401480"},"modified":"2019-06-28T16:43:45","modified_gmt":"2019-06-28T14:43:45","slug":"v-nemciji-podnebni-aktivisti-danes-sklenili-clovesko-verigo-okoli-parlamenta-s-tem-simbolicno-preprecili-politikom-odhod-na-dopust","status":"publish","type":"post","link":"https:\/\/hudo.com\/si\/aktualno\/v-nemciji-podnebni-aktivisti-danes-sklenili-clovesko-verigo-okoli-parlamenta-s-tem-simbolicno-preprecili-politikom-odhod-na-dopust\/","title":{"rendered":"V Nem\u010diji so podnebni aktivisti danes sklenili \u010dlove\u0161ko verigo okoli parlamenta in s tem simboli\u010dno prepre\u010dili politikom odhod na dopust"},"content":{"rendered":"<blockquote class=\"wp-embedded-content\" data-secret=\"DzLQM1yHqt\"><p><a href=\"https:\/\/zenska.hudo.com\/zanimivo\/zanimivosti\/greta-thunberg-in-arnold-schwarzenegger-na-dunaju\/\">Reporta\u017ea z Dunaja: Greta Thunberg in Arnold Schwarzenegger sta pozvala k takoj\u0161njemu ukrepanju glede za\u0161\u010dite na\u0161ega planeta (video + foto)<\/a><\/p><\/blockquote>\n<p><div class=\"embed-notice\">Za ogled vstavljene vsebine morate omogo\u010diti <a href=\"#\" onclick=\"Optanon.ToggleInfoDisplay()\">shranjevanje pi\u0161kotkov v napravi<\/a><\/div><iframe class=\"wp-embedded-content\" sandbox=\"allow-scripts\" security=\"restricted\" style=\"position: absolute; clip: rect(1px, 1px, 1px, 1px);\" title=\"&#8220;Reporta\u017ea z Dunaja: Greta Thunberg in Arnold Schwarzenegger sta pozvala k takoj\u0161njemu ukrepanju glede za\u0161\u010dite na\u0161ega planeta (video + foto)&#8221; &#8212; \u017denska.si\"  class=\"optanon-category-C0002-C0003-C0004\" optanon-src=\"https:\/\/zenska.hudo.com\/zanimivo\/zanimivosti\/greta-thunberg-in-arnold-schwarzenegger-na-dunaju\/embed\/#?secret=DzLQM1yHqt\" data-secret=\"DzLQM1yHqt\" width=\"500\" height=\"282\" frameborder=\"0\" marginwidth=\"0\" marginheight=\"0\" scrolling=\"no\"><\/iframe><\/p>\n<p>Po navedbah dpa se je blizu bundestaga zbralo nekaj sto demonstrantov, po navedbah nem\u0161ke policije manj kot 500. To je ob\u010dutno manj kot na preteklih petkovih protestih; \u0161e pred tednom dni se je v nem\u0161kem Aachnu nedale\u010d od meje z Nizozemsko zbralo 40.000 mladih udele\u017eencev iz vse Evrope.<\/p>\n<p>Protestniki so, kot dodaja francoska tiskovna agencija AFP, nosili plakate z napisi, kot je &#8220;2038 je predale\u010d&#8221;. Gre za letnico, ko naj bi Nem\u010dija po vladnih na\u010drtih opustila izkori\u0161\u010danje premoga za pridobivanje elektrike.<\/p>\n<p>&#8220;Medtem ko politiki slu\u017eijo zadnje minute pred poletnimi po\u010ditnicami, jim od zunaj sporo\u010damo: ljudje, ki ne oblikujejo podnebne politike, si ne zaslu\u017eijo po\u010ditnic,&#8221; so na spletnem dru\u017ebenem omre\u017eju Twitter zapisali v gibanju Petki za prihodnost. &#8220;Zato smo oblikovali \u010dlove\u0161ko verigo in zahtevamo, da nadaljujete sejo,&#8221; so dodali.<\/p>\n<p>V Nem\u010diji so bili minuli teden pri\u010da velikemu podnebnemu shodu in tudi dr\u017eavljanski nepokor\u0161\u010dini, saj je ve\u010d sto aktivistov vdrlo v odprti rudnik Garzweiler in tam s svojo prisotnostjo ustavilo delo.<\/p>\n<p>V Nem\u010diji so sode\u010d po anketah podnebna vpra\u0161anja sedaj v o\u010deh javnosti te\u017eava \u0161tevilka ena, stranka Zelenih pa je po izra\u017eeni podpori z ramo ob rami s stranko CDU, ki ji pripada kanclerka Angela Merkel. Vlada je napovedala postopno ukinjanje rabe premoga do leta 2038, kar pa je po oceni podnebnih strokovnjakov veliko prepozno, da bi lahko zadr\u017eali segrevanje ozra\u010dja na \u0161e sprejemljivih ravneh.<\/p>\n<p>Proteste Petki za prihodnost je navdihnila \u0161vedska najstnica Greta Thunberg.<\/p>\n","protected":false},"excerpt":{"rendered":"<p>Mo\u010di so zdru\u017eili mladi, zdru\u017eeni v gibanju Petki za prihodnost, in njihovi podporniki iz drugih generacij. Nem\u0161ka tiskovna agencija dpa sicer poro\u010da o le nekaj sto udele\u017eencih.<\/p>\n","protected":false},"author":8,"featured_media":401481,"comment_status":"closed","ping_status":"closed","sticky":false,"template":"","format":"standard","meta":{"footnotes":""},"categories":[1179],"tags":[13803,3628,14072,14073],"source":[4511],"supertag":[6103],"acf":[],"yoast_head":"<!-- This site is optimized with the Yoast SEO plugin v21.3 - https:\/\/yoast.com\/wordpress\/plugins\/seo\/ -->\n<title>V Nem\u010diji so podnebni aktivisti danes sklenili \u010dlove\u0161ko verigo okoli parlamenta in s tem simboli\u010dno prepre\u010dili politikom odhod na dopust - Hudo Slovenija<\/title>\n<meta name=\"robots\" content=\"index, follow, max-snippet:-1, max-image-preview:large, max-video-preview:-1\" \/>\n<link rel=\"canonical\" href=\"https:\/\/hudo.com\/si\/aktualno\/v-nemciji-podnebni-aktivisti-danes-sklenili-clovesko-verigo-okoli-parlamenta-s-tem-simbolicno-preprecili-politikom-odhod-na-dopust\/\" \/>\n<meta property=\"og:locale\" content=\"sl_SI\" \/>\n<meta property=\"og:type\" content=\"article\" \/>\n<meta property=\"og:title\" content=\"V Nem\u010diji so podnebni aktivisti danes sklenili \u010dlove\u0161ko verigo okoli parlamenta in s tem simboli\u010dno prepre\u010dili politikom odhod na dopust - Hudo Slovenija\" \/>\n<meta property=\"og:description\" content=\"Mo\u010di so zdru\u017eili mladi, zdru\u017eeni v gibanju Petki za prihodnost, in njihovi podporniki iz drugih generacij. Nem\u0161ka tiskovna agencija dpa sicer poro\u010da o le nekaj sto udele\u017eencih.\" \/>\n<meta property=\"og:url\" content=\"https:\/\/hudo.com\/si\/aktualno\/v-nemciji-podnebni-aktivisti-danes-sklenili-clovesko-verigo-okoli-parlamenta-s-tem-simbolicno-preprecili-politikom-odhod-na-dopust\/\" \/>\n<meta property=\"og:site_name\" content=\"Hudo Slovenija\" \/>\n<meta property=\"article:publisher\" content=\"https:\/\/www.facebook.com\/hudo.si\" \/>\n<meta property=\"article:published_time\" content=\"2019-06-28T14:42:54+00:00\" \/>\n<meta property=\"article:modified_time\" content=\"2019-06-28T14:43:45+00:00\" \/>\n<meta property=\"og:image\" content=\"https:\/\/hudo.com\/si\/wp-content\/uploads\/sites\/2\/2019\/06\/profimedia-0270994041.jpg\" \/>\n\t<meta property=\"og:image:width\" content=\"1250\" \/>\n\t<meta property=\"og:image:height\" content=\"833\" \/>\n\t<meta property=\"og:image:type\" content=\"image\/jpeg\" \/>\n<meta name=\"author\" content=\"M. N., STA\" \/>\n<meta name=\"twitter:card\" content=\"summary_large_image\" \/>\n<meta name=\"twitter:creator\" content=\"@hudo_si\" \/>\n<meta name=\"twitter:site\" content=\"@hudo_si\" \/>\n<meta name=\"twitter:label1\" content=\"Written by\" \/>\n\t<meta name=\"twitter:data1\" content=\"M. N., STA\" \/>\n\t<meta name=\"twitter:label2\" content=\"Est. reading time\" \/>\n\t<meta name=\"twitter:data2\" content=\"1 minuta\" \/>\n<script type=\"application\/ld+json\" class=\"yoast-schema-graph\">{\"@context\":\"https:\/\/schema.org\",\"@graph\":[{\"@type\":\"Article\",\"@id\":\"https:\/\/hudo.com\/si\/aktualno\/v-nemciji-podnebni-aktivisti-danes-sklenili-clovesko-verigo-okoli-parlamenta-s-tem-simbolicno-preprecili-politikom-odhod-na-dopust\/#article\",\"isPartOf\":{\"@id\":\"https:\/\/hudo.com\/si\/aktualno\/v-nemciji-podnebni-aktivisti-danes-sklenili-clovesko-verigo-okoli-parlamenta-s-tem-simbolicno-preprecili-politikom-odhod-na-dopust\/\"},\"author\":{\"name\":\"M. N., STA\",\"@id\":\"https:\/\/hudo.com\/si\/#\/schema\/person\/c2f10ce65d2e6ede2aeda5be2a0611fa\"},\"headline\":\"V Nem\u010diji so podnebni aktivisti danes sklenili \u010dlove\u0161ko verigo okoli parlamenta in s tem simboli\u010dno prepre\u010dili politikom odhod na dopust\",\"datePublished\":\"2019-06-28T14:42:54+00:00\",\"dateModified\":\"2019-06-28T14:43:45+00:00\",\"mainEntityOfPage\":{\"@id\":\"https:\/\/hudo.com\/si\/aktualno\/v-nemciji-podnebni-aktivisti-danes-sklenili-clovesko-verigo-okoli-parlamenta-s-tem-simbolicno-preprecili-politikom-odhod-na-dopust\/\"},\"wordCount\":286,\"publisher\":{\"@id\":\"https:\/\/hudo.com\/si\/#organization\"},\"keywords\":[\"Greta Thunbeg\",\"nem\u010dija\",\"petki za prihodnost\",\"podnevni aktivisti\"],\"articleSection\":[\"Aktualno\"],\"inLanguage\":\"sl-SI\"},{\"@type\":\"WebPage\",\"@id\":\"https:\/\/hudo.com\/si\/aktualno\/v-nemciji-podnebni-aktivisti-danes-sklenili-clovesko-verigo-okoli-parlamenta-s-tem-simbolicno-preprecili-politikom-odhod-na-dopust\/\",\"url\":\"https:\/\/hudo.com\/si\/aktualno\/v-nemciji-podnebni-aktivisti-danes-sklenili-clovesko-verigo-okoli-parlamenta-s-tem-simbolicno-preprecili-politikom-odhod-na-dopust\/\",\"name\":\"V Nem\u010diji so podnebni aktivisti danes sklenili \u010dlove\u0161ko verigo okoli parlamenta in s tem simboli\u010dno prepre\u010dili politikom odhod na dopust - Hudo Slovenija\",\"isPartOf\":{\"@id\":\"https:\/\/hudo.com\/si\/#website\"},\"datePublished\":\"2019-06-28T14:42:54+00:00\",\"dateModified\":\"2019-06-28T14:43:45+00:00\",\"breadcrumb\":{\"@id\":\"https:\/\/hudo.com\/si\/aktualno\/v-nemciji-podnebni-aktivisti-danes-sklenili-clovesko-verigo-okoli-parlamenta-s-tem-simbolicno-preprecili-politikom-odhod-na-dopust\/#breadcrumb\"},\"inLanguage\":\"sl-SI\",\"potentialAction\":[{\"@type\":\"ReadAction\",\"target\":[\"https:\/\/hudo.com\/si\/aktualno\/v-nemciji-podnebni-aktivisti-danes-sklenili-clovesko-verigo-okoli-parlamenta-s-tem-simbolicno-preprecili-politikom-odhod-na-dopust\/\"]}]},{\"@type\":\"BreadcrumbList\",\"@id\":\"https:\/\/hudo.com\/si\/aktualno\/v-nemciji-podnebni-aktivisti-danes-sklenili-clovesko-verigo-okoli-parlamenta-s-tem-simbolicno-preprecili-politikom-odhod-na-dopust\/#breadcrumb\",\"itemListElement\":[{\"@type\":\"ListItem\",\"position\":1,\"name\":\"Home\",\"item\":\"https:\/\/hudo.com\/si\/\"},{\"@type\":\"ListItem\",\"position\":2,\"name\":\"V Nem\u010diji so podnebni aktivisti danes sklenili \u010dlove\u0161ko verigo okoli parlamenta in s tem simboli\u010dno prepre\u010dili politikom odhod na dopust\"}]},{\"@type\":\"WebSite\",\"@id\":\"https:\/\/hudo.com\/si\/#website\",\"url\":\"https:\/\/hudo.com\/si\/\",\"name\":\"Hudo Slovenija\",\"description\":\"Vse novice iz Slovenije in sveta\",\"publisher\":{\"@id\":\"https:\/\/hudo.com\/si\/#organization\"},\"potentialAction\":[{\"@type\":\"SearchAction\",\"target\":{\"@type\":\"EntryPoint\",\"urlTemplate\":\"https:\/\/hudo.com\/si\/?s={search_term_string}\"},\"query-input\":\"required name=search_term_string\"}],\"inLanguage\":\"sl-SI\"},{\"@type\":\"Organization\",\"@id\":\"https:\/\/hudo.com\/si\/#organization\",\"name\":\"VSN Media\",\"url\":\"https:\/\/hudo.com\/si\/\",\"logo\":{\"@type\":\"ImageObject\",\"inLanguage\":\"sl-SI\",\"@id\":\"https:\/\/hudo.com\/si\/#\/schema\/logo\/image\/\",\"url\":\"https:\/\/hudo.com\/si\/wp-content\/uploads\/sites\/2\/2021\/03\/hudo-app-2.png\",\"contentUrl\":\"https:\/\/hudo.com\/si\/wp-content\/uploads\/sites\/2\/2021\/03\/hudo-app-2.png\",\"width\":2185,\"height\":2167,\"caption\":\"VSN Media\"},\"image\":{\"@id\":\"https:\/\/hudo.com\/si\/#\/schema\/logo\/image\/\"},\"sameAs\":[\"https:\/\/www.facebook.com\/hudo.si\",\"https:\/\/twitter.com\/hudo_si\"]},{\"@type\":\"Person\",\"@id\":\"https:\/\/hudo.com\/si\/#\/schema\/person\/c2f10ce65d2e6ede2aeda5be2a0611fa\",\"name\":\"M. N., STA\",\"image\":{\"@type\":\"ImageObject\",\"inLanguage\":\"sl-SI\",\"@id\":\"https:\/\/hudo.com\/si\/#\/schema\/person\/image\/\",\"url\":\"https:\/\/secure.gravatar.com\/avatar\/f370d38daa10467f755c5c766a4cac20?s=96&d=mm&r=g\",\"contentUrl\":\"https:\/\/secure.gravatar.com\/avatar\/f370d38daa10467f755c5c766a4cac20?s=96&d=mm&r=g\",\"caption\":\"M. N., STA\"},\"url\":\"https:\/\/hudo.com\/si\/author\/mana\/\"}]}<\/script>\n<!-- \/ Yoast SEO plugin. -->","yoast_head_json":{"title":"V Nem\u010diji so podnebni aktivisti danes sklenili \u010dlove\u0161ko verigo okoli parlamenta in s tem simboli\u010dno prepre\u010dili politikom odhod na dopust - Hudo Slovenija","robots":{"index":"index","follow":"follow","max-snippet":"max-snippet:-1","max-image-preview":"max-image-preview:large","max-video-preview":"max-video-preview:-1"},"canonical":"https:\/\/hudo.com\/si\/aktualno\/v-nemciji-podnebni-aktivisti-danes-sklenili-clovesko-verigo-okoli-parlamenta-s-tem-simbolicno-preprecili-politikom-odhod-na-dopust\/","og_locale":"sl_SI","og_type":"article","og_title":"V Nem\u010diji so podnebni aktivisti danes sklenili \u010dlove\u0161ko verigo okoli parlamenta in s tem simboli\u010dno prepre\u010dili politikom odhod na dopust - Hudo Slovenija","og_description":"Mo\u010di so zdru\u017eili mladi, zdru\u017eeni v gibanju Petki za prihodnost, in njihovi podporniki iz drugih generacij. Nem\u0161ka tiskovna agencija dpa sicer poro\u010da o le nekaj sto udele\u017eencih.","og_url":"https:\/\/hudo.com\/si\/aktualno\/v-nemciji-podnebni-aktivisti-danes-sklenili-clovesko-verigo-okoli-parlamenta-s-tem-simbolicno-preprecili-politikom-odhod-na-dopust\/","og_site_name":"Hudo Slovenija","article_publisher":"https:\/\/www.facebook.com\/hudo.si","article_published_time":"2019-06-28T14:42:54+00:00","article_modified_time":"2019-06-28T14:43:45+00:00","og_image":[{"width":1250,"height":833,"url":"https:\/\/hudo.com\/si\/wp-content\/uploads\/sites\/2\/2019\/06\/profimedia-0270994041.jpg","type":"image\/jpeg"}],"author":"M. N., STA","twitter_card":"summary_large_image","twitter_creator":"@hudo_si","twitter_site":"@hudo_si","twitter_misc":{"Written by":"M. N., STA","Est. reading time":"1 minuta"},"schema":{"@context":"https:\/\/schema.org","@graph":[{"@type":"Article","@id":"https:\/\/hudo.com\/si\/aktualno\/v-nemciji-podnebni-aktivisti-danes-sklenili-clovesko-verigo-okoli-parlamenta-s-tem-simbolicno-preprecili-politikom-odhod-na-dopust\/#article","isPartOf":{"@id":"https:\/\/hudo.com\/si\/aktualno\/v-nemciji-podnebni-aktivisti-danes-sklenili-clovesko-verigo-okoli-parlamenta-s-tem-simbolicno-preprecili-politikom-odhod-na-dopust\/"},"author":{"name":"M. N., STA","@id":"https:\/\/hudo.com\/si\/#\/schema\/person\/c2f10ce65d2e6ede2aeda5be2a0611fa"},"headline":"V Nem\u010diji so podnebni aktivisti danes sklenili \u010dlove\u0161ko verigo okoli parlamenta in s tem simboli\u010dno prepre\u010dili politikom odhod na dopust","datePublished":"2019-06-28T14:42:54+00:00","dateModified":"2019-06-28T14:43:45+00:00","mainEntityOfPage":{"@id":"https:\/\/hudo.com\/si\/aktualno\/v-nemciji-podnebni-aktivisti-danes-sklenili-clovesko-verigo-okoli-parlamenta-s-tem-simbolicno-preprecili-politikom-odhod-na-dopust\/"},"wordCount":286,"publisher":{"@id":"https:\/\/hudo.com\/si\/#organization"},"keywords":["Greta Thunbeg","nem\u010dija","petki za prihodnost","podnevni aktivisti"],"articleSection":["Aktualno"],"inLanguage":"sl-SI"},{"@type":"WebPage","@id":"https:\/\/hudo.com\/si\/aktualno\/v-nemciji-podnebni-aktivisti-danes-sklenili-clovesko-verigo-okoli-parlamenta-s-tem-simbolicno-preprecili-politikom-odhod-na-dopust\/","url":"https:\/\/hudo.com\/si\/aktualno\/v-nemciji-podnebni-aktivisti-danes-sklenili-clovesko-verigo-okoli-parlamenta-s-tem-simbolicno-preprecili-politikom-odhod-na-dopust\/","name":"V Nem\u010diji so podnebni aktivisti danes sklenili \u010dlove\u0161ko verigo okoli parlamenta in s tem simboli\u010dno prepre\u010dili politikom odhod na dopust - Hudo Slovenija","isPartOf":{"@id":"https:\/\/hudo.com\/si\/#website"},"datePublished":"2019-06-28T14:42:54+00:00","dateModified":"2019-06-28T14:43:45+00:00","breadcrumb":{"@id":"https:\/\/hudo.com\/si\/aktualno\/v-nemciji-podnebni-aktivisti-danes-sklenili-clovesko-verigo-okoli-parlamenta-s-tem-simbolicno-preprecili-politikom-odhod-na-dopust\/#breadcrumb"},"inLanguage":"sl-SI","potentialAction":[{"@type":"ReadAction","target":["https:\/\/hudo.com\/si\/aktualno\/v-nemciji-podnebni-aktivisti-danes-sklenili-clovesko-verigo-okoli-parlamenta-s-tem-simbolicno-preprecili-politikom-odhod-na-dopust\/"]}]},{"@type":"BreadcrumbList","@id":"https:\/\/hudo.com\/si\/aktualno\/v-nemciji-podnebni-aktivisti-danes-sklenili-clovesko-verigo-okoli-parlamenta-s-tem-simbolicno-preprecili-politikom-odhod-na-dopust\/#breadcrumb","itemListElement":[{"@type":"ListItem","position":1,"name":"Home","item":"https:\/\/hudo.com\/si\/"},{"@type":"ListItem","position":2,"name":"V Nem\u010diji so podnebni aktivisti danes sklenili \u010dlove\u0161ko verigo okoli parlamenta in s tem simboli\u010dno prepre\u010dili politikom odhod na dopust"}]},{"@type":"WebSite","@id":"https:\/\/hudo.com\/si\/#website","url":"https:\/\/hudo.com\/si\/","name":"Hudo Slovenija","description":"Vse novice iz Slovenije in sveta","publisher":{"@id":"https:\/\/hudo.com\/si\/#organization"},"potentialAction":[{"@type":"SearchAction","target":{"@type":"EntryPoint","urlTemplate":"https:\/\/hudo.com\/si\/?s={search_term_string}"},"query-input":"required name=search_term_string"}],"inLanguage":"sl-SI"},{"@type":"Organization","@id":"https:\/\/hudo.com\/si\/#organization","name":"VSN Media","url":"https:\/\/hudo.com\/si\/","logo":{"@type":"ImageObject","inLanguage":"sl-SI","@id":"https:\/\/hudo.com\/si\/#\/schema\/logo\/image\/","url":"https:\/\/hudo.com\/si\/wp-content\/uploads\/sites\/2\/2021\/03\/hudo-app-2.png","contentUrl":"https:\/\/hudo.com\/si\/wp-content\/uploads\/sites\/2\/2021\/03\/hudo-app-2.png","width":2185,"height":2167,"caption":"VSN Media"},"image":{"@id":"https:\/\/hudo.com\/si\/#\/schema\/logo\/image\/"},"sameAs":["https:\/\/www.facebook.com\/hudo.si","https:\/\/twitter.com\/hudo_si"]},{"@type":"Person","@id":"https:\/\/hudo.com\/si\/#\/schema\/person\/c2f10ce65d2e6ede2aeda5be2a0611fa","name":"M. N., STA","image":{"@type":"ImageObject","inLanguage":"sl-SI","@id":"https:\/\/hudo.com\/si\/#\/schema\/person\/image\/","url":"https:\/\/secure.gravatar.com\/avatar\/f370d38daa10467f755c5c766a4cac20?s=96&d=mm&r=g","contentUrl":"https:\/\/secure.gravatar.com\/avatar\/f370d38daa10467f755c5c766a4cac20?s=96&d=mm&r=g","caption":"M. N., STA"},"url":"https:\/\/hudo.com\/si\/author\/mana\/"}]}},"amp_enabled":true,"_links":{"self":[{"href":"https:\/\/hudo.com\/si\/wp-json\/wp\/v2\/posts\/401480"}],"collection":[{"href":"https:\/\/hudo.com\/si\/wp-json\/wp\/v2\/posts"}],"about":[{"href":"https:\/\/hudo.com\/si\/wp-json\/wp\/v2\/types\/post"}],"author":[{"embeddable":true,"href":"https:\/\/hudo.com\/si\/wp-json\/wp\/v2\/users\/8"}],"replies":[{"embeddable":true,"href":"https:\/\/hudo.com\/si\/wp-json\/wp\/v2\/comments?post=401480"}],"version-history":[{"count":1,"href":"https:\/\/hudo.com\/si\/wp-json\/wp\/v2\/posts\/401480\/revisions"}],"predecessor-version":[{"id":401482,"href":"https:\/\/hudo.com\/si\/wp-json\/wp\/v2\/posts\/401480\/revisions\/401482"}],"wp:featuredmedia":[{"embeddable":true,"href":"https:\/\/hudo.com\/si\/wp-json\/wp\/v2\/media\/401481"}],"wp:attachment":[{"href":"https:\/\/hudo.com\/si\/wp-json\/wp\/v2\/media?parent=401480"}],"wp:term":[{"taxonomy":"category","embeddable":true,"href":"https:\/\/hudo.com\/si\/wp-json\/wp\/v2\/categories?post=401480"},{"taxonomy":"post_tag","embeddable":true,"href":"https:\/\/hudo.com\/si\/wp-json\/wp\/v2\/tags?post=401480"},{"taxonomy":"source","embeddable":true,"href":"https:\/\/hudo.com\/si\/wp-json\/wp\/v2\/source?post=401480"},{"taxonomy":"supertag","embeddable":true,"href":"https:\/\/hudo.com\/si\/wp-json\/wp\/v2\/supertag?post=401480"}],"curies":[{"name":"wp","href":"https:\/\/api.w.org\/{rel}","templated":true}]}}