{"id":401720,"date":"2019-07-02T15:37:31","date_gmt":"2019-07-02T13:37:31","guid":{"rendered":"http:\/\/hudo.com\/si\/?p=401720"},"modified":"2019-07-02T15:37:31","modified_gmt":"2019-07-02T13:37:31","slug":"arso-opozarja-popoldne-zvecer-mocnejse-krajevne-nevihte-s-toco","status":"publish","type":"post","link":"https:\/\/hudo.com\/si\/aktualno\/arso-opozarja-popoldne-zvecer-mocnejse-krajevne-nevihte-s-toco\/","title":{"rendered":"Arso opozarja: Popoldne in zve\u010der mo\u010dnej\u0161e krajevne nevihte s to\u010do"},"content":{"rendered":"<div class=\"text\">\n<p>Na agenciji za okolje (Arso) sicer pri\u010dakujejo, da se bo ta nevihtna celica do ve\u010dera umirila, vendar se bodo razvile nove nevihtne celice. Trenutno te nastajajo v bli\u017eini Ilirske Bistrice, na Notranjskem in Gorenjskem ter na severozahodu Slovenije. Te zaenkrat \u0161e niso tako mo\u010dne, kot je ta v bli\u017eini Slovenskih Konjic, je dodal Strajnar.<\/p>\n<p>Tudi za sredo meteorologi napovedujejo krajevne plohe in nevihte. Ponekod bo pihal veter vzhodnih smeri, na Primorskem \u0161ibka burja. Jutranje temperature bodo od 14 do 19, na Primorskem okoli 20, najvi\u0161je dnevne od 23 do 28, na Gori\u0161kem in ob morju do 32 stopinj Celzija. V \u010detrtek bo delno jasno z ob\u010dasno pove\u010dano obla\u010dnostjo. Predvsem v popoldanskem \u010dasu bo nastalo nekaj ploh in neviht. V petek bo pove\u010dini son\u010dno in spet nekoliko bolj vro\u010de.<\/p>\n<p>Na Arsu pa opozarjajo tudi na pove\u010dano verjetnost po\u017earov v naravnem okolju na Primorskem.<\/p>\n<\/div>\n","protected":false},"excerpt":{"rendered":"<p>V bli\u017eini Slovenskih Konjic je nastala nevihtna celica z mo\u010dno radarsko odbojnostjo, ki presega opozorilni prag za mo\u017enost to\u010de. Nevihta celica se po\u010dasi premika proti zahodu, v smeri Velenja. Pri\u010dakovati je mogo\u010de krajevno mo\u010dnej\u0161e nevihte s to\u010do, je za STA pojasnil de\u017eurni meteorolog Arsa Uro\u0161 Strajnar.<\/p>\n","protected":false},"author":5,"featured_media":383384,"comment_status":"closed","ping_status":"closed","sticky":false,"template":"","format":"standard","meta":{"footnotes":""},"categories":[1179],"tags":[4922,5015,1595,8822,2149],"source":[4511],"supertag":[],"acf":[],"yoast_head":"<!-- This site is optimized with the Yoast SEO plugin v21.3 - https:\/\/yoast.com\/wordpress\/plugins\/seo\/ -->\n<title>Arso opozarja: Popoldne in zve\u010der mo\u010dnej\u0161e krajevne nevihte s to\u010do - Hudo Slovenija<\/title>\n<meta name=\"robots\" content=\"index, follow, max-snippet:-1, max-image-preview:large, max-video-preview:-1\" \/>\n<link rel=\"canonical\" href=\"https:\/\/hudo.com\/si\/aktualno\/arso-opozarja-popoldne-zvecer-mocnejse-krajevne-nevihte-s-toco\/\" \/>\n<meta property=\"og:locale\" content=\"sl_SI\" \/>\n<meta property=\"og:type\" content=\"article\" \/>\n<meta property=\"og:title\" content=\"Arso opozarja: Popoldne in zve\u010der mo\u010dnej\u0161e krajevne nevihte s to\u010do - Hudo Slovenija\" \/>\n<meta property=\"og:description\" content=\"V bli\u017eini Slovenskih Konjic je nastala nevihtna celica z mo\u010dno radarsko odbojnostjo, ki presega opozorilni prag za mo\u017enost to\u010de. Nevihta celica se po\u010dasi premika proti zahodu, v smeri Velenja. Pri\u010dakovati je mogo\u010de krajevno mo\u010dnej\u0161e nevihte s to\u010do, je za STA pojasnil de\u017eurni meteorolog Arsa Uro\u0161 Strajnar.\" \/>\n<meta property=\"og:url\" content=\"https:\/\/hudo.com\/si\/aktualno\/arso-opozarja-popoldne-zvecer-mocnejse-krajevne-nevihte-s-toco\/\" \/>\n<meta property=\"og:site_name\" content=\"Hudo Slovenija\" \/>\n<meta property=\"article:publisher\" content=\"https:\/\/www.facebook.com\/hudo.si\" \/>\n<meta property=\"article:published_time\" content=\"2019-07-02T13:37:31+00:00\" \/>\n<meta property=\"og:image\" content=\"https:\/\/hudo.com\/si\/wp-content\/uploads\/sites\/2\/2018\/12\/profimedia-0168726892.jpg\" \/>\n\t<meta property=\"og:image:width\" content=\"1250\" \/>\n\t<meta property=\"og:image:height\" content=\"833\" \/>\n\t<meta property=\"og:image:type\" content=\"image\/jpeg\" \/>\n<meta name=\"author\" content=\"A. G., STA\" \/>\n<meta name=\"twitter:card\" content=\"summary_large_image\" \/>\n<meta name=\"twitter:creator\" content=\"@hudo_si\" \/>\n<meta name=\"twitter:site\" content=\"@hudo_si\" \/>\n<meta name=\"twitter:label1\" content=\"Written by\" \/>\n\t<meta name=\"twitter:data1\" content=\"A. G., STA\" \/>\n\t<meta name=\"twitter:label2\" content=\"Est. reading time\" \/>\n\t<meta name=\"twitter:data2\" content=\"1 minuta\" \/>\n<script type=\"application\/ld+json\" class=\"yoast-schema-graph\">{\"@context\":\"https:\/\/schema.org\",\"@graph\":[{\"@type\":\"Article\",\"@id\":\"https:\/\/hudo.com\/si\/aktualno\/arso-opozarja-popoldne-zvecer-mocnejse-krajevne-nevihte-s-toco\/#article\",\"isPartOf\":{\"@id\":\"https:\/\/hudo.com\/si\/aktualno\/arso-opozarja-popoldne-zvecer-mocnejse-krajevne-nevihte-s-toco\/\"},\"author\":{\"name\":\"A. G., STA\",\"@id\":\"https:\/\/hudo.com\/si\/#\/schema\/person\/2391667a63ea075ba94f2f2dc6b77537\"},\"headline\":\"Arso opozarja: Popoldne in zve\u010der mo\u010dnej\u0161e krajevne nevihte s to\u010do\",\"datePublished\":\"2019-07-02T13:37:31+00:00\",\"dateModified\":\"2019-07-02T13:37:31+00:00\",\"mainEntityOfPage\":{\"@id\":\"https:\/\/hudo.com\/si\/aktualno\/arso-opozarja-popoldne-zvecer-mocnejse-krajevne-nevihte-s-toco\/\"},\"wordCount\":165,\"publisher\":{\"@id\":\"https:\/\/hudo.com\/si\/#organization\"},\"keywords\":[\"Arso\",\"opozorilo\",\"Slovenija\",\"to\u010da\",\"vreme\"],\"articleSection\":[\"Aktualno\"],\"inLanguage\":\"sl-SI\"},{\"@type\":\"WebPage\",\"@id\":\"https:\/\/hudo.com\/si\/aktualno\/arso-opozarja-popoldne-zvecer-mocnejse-krajevne-nevihte-s-toco\/\",\"url\":\"https:\/\/hudo.com\/si\/aktualno\/arso-opozarja-popoldne-zvecer-mocnejse-krajevne-nevihte-s-toco\/\",\"name\":\"Arso opozarja: Popoldne in zve\u010der mo\u010dnej\u0161e krajevne nevihte s to\u010do - Hudo Slovenija\",\"isPartOf\":{\"@id\":\"https:\/\/hudo.com\/si\/#website\"},\"datePublished\":\"2019-07-02T13:37:31+00:00\",\"dateModified\":\"2019-07-02T13:37:31+00:00\",\"breadcrumb\":{\"@id\":\"https:\/\/hudo.com\/si\/aktualno\/arso-opozarja-popoldne-zvecer-mocnejse-krajevne-nevihte-s-toco\/#breadcrumb\"},\"inLanguage\":\"sl-SI\",\"potentialAction\":[{\"@type\":\"ReadAction\",\"target\":[\"https:\/\/hudo.com\/si\/aktualno\/arso-opozarja-popoldne-zvecer-mocnejse-krajevne-nevihte-s-toco\/\"]}]},{\"@type\":\"BreadcrumbList\",\"@id\":\"https:\/\/hudo.com\/si\/aktualno\/arso-opozarja-popoldne-zvecer-mocnejse-krajevne-nevihte-s-toco\/#breadcrumb\",\"itemListElement\":[{\"@type\":\"ListItem\",\"position\":1,\"name\":\"Home\",\"item\":\"https:\/\/hudo.com\/si\/\"},{\"@type\":\"ListItem\",\"position\":2,\"name\":\"Arso opozarja: Popoldne in zve\u010der mo\u010dnej\u0161e krajevne nevihte s to\u010do\"}]},{\"@type\":\"WebSite\",\"@id\":\"https:\/\/hudo.com\/si\/#website\",\"url\":\"https:\/\/hudo.com\/si\/\",\"name\":\"Hudo Slovenija\",\"description\":\"Vse novice iz Slovenije in sveta\",\"publisher\":{\"@id\":\"https:\/\/hudo.com\/si\/#organization\"},\"potentialAction\":[{\"@type\":\"SearchAction\",\"target\":{\"@type\":\"EntryPoint\",\"urlTemplate\":\"https:\/\/hudo.com\/si\/?s={search_term_string}\"},\"query-input\":\"required name=search_term_string\"}],\"inLanguage\":\"sl-SI\"},{\"@type\":\"Organization\",\"@id\":\"https:\/\/hudo.com\/si\/#organization\",\"name\":\"VSN Media\",\"url\":\"https:\/\/hudo.com\/si\/\",\"logo\":{\"@type\":\"ImageObject\",\"inLanguage\":\"sl-SI\",\"@id\":\"https:\/\/hudo.com\/si\/#\/schema\/logo\/image\/\",\"url\":\"https:\/\/hudo.com\/si\/wp-content\/uploads\/sites\/2\/2021\/03\/hudo-app-2.png\",\"contentUrl\":\"https:\/\/hudo.com\/si\/wp-content\/uploads\/sites\/2\/2021\/03\/hudo-app-2.png\",\"width\":2185,\"height\":2167,\"caption\":\"VSN Media\"},\"image\":{\"@id\":\"https:\/\/hudo.com\/si\/#\/schema\/logo\/image\/\"},\"sameAs\":[\"https:\/\/www.facebook.com\/hudo.si\",\"https:\/\/twitter.com\/hudo_si\"]},{\"@type\":\"Person\",\"@id\":\"https:\/\/hudo.com\/si\/#\/schema\/person\/2391667a63ea075ba94f2f2dc6b77537\",\"name\":\"A. G., STA\",\"image\":{\"@type\":\"ImageObject\",\"inLanguage\":\"sl-SI\",\"@id\":\"https:\/\/hudo.com\/si\/#\/schema\/person\/image\/\",\"url\":\"https:\/\/secure.gravatar.com\/avatar\/e13d22ac3e442658d5025fbbe6238a79?s=96&d=mm&r=g\",\"contentUrl\":\"https:\/\/secure.gravatar.com\/avatar\/e13d22ac3e442658d5025fbbe6238a79?s=96&d=mm&r=g\",\"caption\":\"A. G., STA\"},\"url\":\"https:\/\/hudo.com\/si\/author\/alenka\/\"}]}<\/script>\n<!-- \/ Yoast SEO plugin. -->","yoast_head_json":{"title":"Arso opozarja: Popoldne in zve\u010der mo\u010dnej\u0161e krajevne nevihte s to\u010do - Hudo Slovenija","robots":{"index":"index","follow":"follow","max-snippet":"max-snippet:-1","max-image-preview":"max-image-preview:large","max-video-preview":"max-video-preview:-1"},"canonical":"https:\/\/hudo.com\/si\/aktualno\/arso-opozarja-popoldne-zvecer-mocnejse-krajevne-nevihte-s-toco\/","og_locale":"sl_SI","og_type":"article","og_title":"Arso opozarja: Popoldne in zve\u010der mo\u010dnej\u0161e krajevne nevihte s to\u010do - Hudo Slovenija","og_description":"V bli\u017eini Slovenskih Konjic je nastala nevihtna celica z mo\u010dno radarsko odbojnostjo, ki presega opozorilni prag za mo\u017enost to\u010de. Nevihta celica se po\u010dasi premika proti zahodu, v smeri Velenja. Pri\u010dakovati je mogo\u010de krajevno mo\u010dnej\u0161e nevihte s to\u010do, je za STA pojasnil de\u017eurni meteorolog Arsa Uro\u0161 Strajnar.","og_url":"https:\/\/hudo.com\/si\/aktualno\/arso-opozarja-popoldne-zvecer-mocnejse-krajevne-nevihte-s-toco\/","og_site_name":"Hudo Slovenija","article_publisher":"https:\/\/www.facebook.com\/hudo.si","article_published_time":"2019-07-02T13:37:31+00:00","og_image":[{"width":1250,"height":833,"url":"https:\/\/hudo.com\/si\/wp-content\/uploads\/sites\/2\/2018\/12\/profimedia-0168726892.jpg","type":"image\/jpeg"}],"author":"A. G., STA","twitter_card":"summary_large_image","twitter_creator":"@hudo_si","twitter_site":"@hudo_si","twitter_misc":{"Written by":"A. G., STA","Est. reading time":"1 minuta"},"schema":{"@context":"https:\/\/schema.org","@graph":[{"@type":"Article","@id":"https:\/\/hudo.com\/si\/aktualno\/arso-opozarja-popoldne-zvecer-mocnejse-krajevne-nevihte-s-toco\/#article","isPartOf":{"@id":"https:\/\/hudo.com\/si\/aktualno\/arso-opozarja-popoldne-zvecer-mocnejse-krajevne-nevihte-s-toco\/"},"author":{"name":"A. G., STA","@id":"https:\/\/hudo.com\/si\/#\/schema\/person\/2391667a63ea075ba94f2f2dc6b77537"},"headline":"Arso opozarja: Popoldne in zve\u010der mo\u010dnej\u0161e krajevne nevihte s to\u010do","datePublished":"2019-07-02T13:37:31+00:00","dateModified":"2019-07-02T13:37:31+00:00","mainEntityOfPage":{"@id":"https:\/\/hudo.com\/si\/aktualno\/arso-opozarja-popoldne-zvecer-mocnejse-krajevne-nevihte-s-toco\/"},"wordCount":165,"publisher":{"@id":"https:\/\/hudo.com\/si\/#organization"},"keywords":["Arso","opozorilo","Slovenija","to\u010da","vreme"],"articleSection":["Aktualno"],"inLanguage":"sl-SI"},{"@type":"WebPage","@id":"https:\/\/hudo.com\/si\/aktualno\/arso-opozarja-popoldne-zvecer-mocnejse-krajevne-nevihte-s-toco\/","url":"https:\/\/hudo.com\/si\/aktualno\/arso-opozarja-popoldne-zvecer-mocnejse-krajevne-nevihte-s-toco\/","name":"Arso opozarja: Popoldne in zve\u010der mo\u010dnej\u0161e krajevne nevihte s to\u010do - Hudo Slovenija","isPartOf":{"@id":"https:\/\/hudo.com\/si\/#website"},"datePublished":"2019-07-02T13:37:31+00:00","dateModified":"2019-07-02T13:37:31+00:00","breadcrumb":{"@id":"https:\/\/hudo.com\/si\/aktualno\/arso-opozarja-popoldne-zvecer-mocnejse-krajevne-nevihte-s-toco\/#breadcrumb"},"inLanguage":"sl-SI","potentialAction":[{"@type":"ReadAction","target":["https:\/\/hudo.com\/si\/aktualno\/arso-opozarja-popoldne-zvecer-mocnejse-krajevne-nevihte-s-toco\/"]}]},{"@type":"BreadcrumbList","@id":"https:\/\/hudo.com\/si\/aktualno\/arso-opozarja-popoldne-zvecer-mocnejse-krajevne-nevihte-s-toco\/#breadcrumb","itemListElement":[{"@type":"ListItem","position":1,"name":"Home","item":"https:\/\/hudo.com\/si\/"},{"@type":"ListItem","position":2,"name":"Arso opozarja: Popoldne in zve\u010der mo\u010dnej\u0161e krajevne nevihte s to\u010do"}]},{"@type":"WebSite","@id":"https:\/\/hudo.com\/si\/#website","url":"https:\/\/hudo.com\/si\/","name":"Hudo Slovenija","description":"Vse novice iz Slovenije in sveta","publisher":{"@id":"https:\/\/hudo.com\/si\/#organization"},"potentialAction":[{"@type":"SearchAction","target":{"@type":"EntryPoint","urlTemplate":"https:\/\/hudo.com\/si\/?s={search_term_string}"},"query-input":"required name=search_term_string"}],"inLanguage":"sl-SI"},{"@type":"Organization","@id":"https:\/\/hudo.com\/si\/#organization","name":"VSN Media","url":"https:\/\/hudo.com\/si\/","logo":{"@type":"ImageObject","inLanguage":"sl-SI","@id":"https:\/\/hudo.com\/si\/#\/schema\/logo\/image\/","url":"https:\/\/hudo.com\/si\/wp-content\/uploads\/sites\/2\/2021\/03\/hudo-app-2.png","contentUrl":"https:\/\/hudo.com\/si\/wp-content\/uploads\/sites\/2\/2021\/03\/hudo-app-2.png","width":2185,"height":2167,"caption":"VSN Media"},"image":{"@id":"https:\/\/hudo.com\/si\/#\/schema\/logo\/image\/"},"sameAs":["https:\/\/www.facebook.com\/hudo.si","https:\/\/twitter.com\/hudo_si"]},{"@type":"Person","@id":"https:\/\/hudo.com\/si\/#\/schema\/person\/2391667a63ea075ba94f2f2dc6b77537","name":"A. G., STA","image":{"@type":"ImageObject","inLanguage":"sl-SI","@id":"https:\/\/hudo.com\/si\/#\/schema\/person\/image\/","url":"https:\/\/secure.gravatar.com\/avatar\/e13d22ac3e442658d5025fbbe6238a79?s=96&d=mm&r=g","contentUrl":"https:\/\/secure.gravatar.com\/avatar\/e13d22ac3e442658d5025fbbe6238a79?s=96&d=mm&r=g","caption":"A. G., STA"},"url":"https:\/\/hudo.com\/si\/author\/alenka\/"}]}},"amp_enabled":true,"_links":{"self":[{"href":"https:\/\/hudo.com\/si\/wp-json\/wp\/v2\/posts\/401720"}],"collection":[{"href":"https:\/\/hudo.com\/si\/wp-json\/wp\/v2\/posts"}],"about":[{"href":"https:\/\/hudo.com\/si\/wp-json\/wp\/v2\/types\/post"}],"author":[{"embeddable":true,"href":"https:\/\/hudo.com\/si\/wp-json\/wp\/v2\/users\/5"}],"replies":[{"embeddable":true,"href":"https:\/\/hudo.com\/si\/wp-json\/wp\/v2\/comments?post=401720"}],"version-history":[{"count":1,"href":"https:\/\/hudo.com\/si\/wp-json\/wp\/v2\/posts\/401720\/revisions"}],"predecessor-version":[{"id":401721,"href":"https:\/\/hudo.com\/si\/wp-json\/wp\/v2\/posts\/401720\/revisions\/401721"}],"wp:featuredmedia":[{"embeddable":true,"href":"https:\/\/hudo.com\/si\/wp-json\/wp\/v2\/media\/383384"}],"wp:attachment":[{"href":"https:\/\/hudo.com\/si\/wp-json\/wp\/v2\/media?parent=401720"}],"wp:term":[{"taxonomy":"category","embeddable":true,"href":"https:\/\/hudo.com\/si\/wp-json\/wp\/v2\/categories?post=401720"},{"taxonomy":"post_tag","embeddable":true,"href":"https:\/\/hudo.com\/si\/wp-json\/wp\/v2\/tags?post=401720"},{"taxonomy":"source","embeddable":true,"href":"https:\/\/hudo.com\/si\/wp-json\/wp\/v2\/source?post=401720"},{"taxonomy":"supertag","embeddable":true,"href":"https:\/\/hudo.com\/si\/wp-json\/wp\/v2\/supertag?post=401720"}],"curies":[{"name":"wp","href":"https:\/\/api.w.org\/{rel}","templated":true}]}}