{"id":401907,"date":"2019-07-07T05:01:35","date_gmt":"2019-07-07T03:01:35","guid":{"rendered":"https:\/\/hudo.com\/si\/?p=401907"},"modified":"2019-07-07T05:01:35","modified_gmt":"2019-07-07T03:01:35","slug":"zakaj-je-pomembno-kaksne-barve-nosimo-na-delovnem-mestu","status":"publish","type":"post","link":"https:\/\/hudo.com\/si\/lifestyle\/zakaj-je-pomembno-kaksne-barve-nosimo-na-delovnem-mestu\/","title":{"rendered":"Zakaj je pomembno, kak\u0161ne barve nosimo na delovnem mestu"},"content":{"rendered":"<p>Izbira na\u0161ih delovnih obla\u010dil temelji na vrsti poklica in strogosti na\u0161ega delodajalca. Nekateri delavci morajo spo\u0161tovati stroga pravila ali nositi posebno uniformo; drugi imajo nekoliko bolj proste roke pri izbiri slu\u017ebenih outfitov. Ne glede na to, ali se tega zavedamo ali ne, je na\u0161 slu\u017ebeni videz sestavni del tega, kako uspe\u0161ni smo pri svojem delu. Ve\u010dina od nas verjetno \u017ee ve, da so nekatere barve povezane z razli\u010dnimi \u010dustvi ali predsodki &#8211; za zeleno barvo se pogosto re\u010de, da zbuja ob\u010dutke harmonije in varnosti, medtem ko je rde\u010da sinonim za hitrost, agresijo in strast. S tem v mislih izbirajte svoje slu\u017ebene outfite in zagotovo boste bolj uspe\u0161ni pri tem kar po\u010dnete.<\/p>\n<figure>\n\t\t\t\t\t<img loading=\"lazy\" decoding=\"async\" width=\"660\" height=\"320\" src=\"image\/gif;base64,R0lGODlhAQABAAAAACH5BAEKAAEALAAAAAABAAEAAAICTAEAOw==\" class=\"lazyload\" \/><figcaption>Foto: Profimedia<\/figcaption><\/figure>\n<h2>\u010crna &#8211; hladna ali sofisticirana?<\/h2>\n<p>\u010crna barva velikokrat deli mnenja. Po eni strani je povezana s hladom in \u017ealovanjem ter je pravzaprav barva, ki jo izberemo za obisk pogrebov. Po drugi strani pa \u010drna barva velja za profesionalno in prefinjeno. \u010ce smo oble\u010deni v \u010drno, smo videti zaupanja vredni, samozavestni in sposobni opravljanja svojega poklica. Dr\u017eite se \u010drne barve, ko ne veste, katero barvo bi izbrali!<\/p>\n<h2>Rumena &#8211; vesela ali preobremenjujo\u010da?<\/h2>\n<p>&#8220;Poletne barve&#8221;, kot je rumena, so nedvomno tople in prijetne. Na \u017ealost so tak\u0161ne barve tudi nestabilne in dokazano je, da si lahko oble\u010deni vanjo nadenete videz \u0161ibkosti. Vsekakor je barva, ki povzro\u010da naprezanje o\u010di ali dra\u017eenje; samo zaradi tega je verjetno dobro, da se na delovnem mestu izogibate obla\u010dilom v rumenih odtenkih. \u010ce vas rumena vseeno zelo privla\u010di, se morda raje odlo\u010dite za modne dodatke v tej barvi. Rumene kravate, ogrlice in torbice so dobrodo\u0161la dopolnitev vsakega stajlinga &#8211; ne glede na okolje.<\/p>\n<h2>Modra &#8211; vedra ali melanholi\u010dna?<\/h2>\n<p>Modra barva je pogosto povezana z razumom, resnico in modrostjo. \u0160e pomembneje je, da se modra barva \u0161teje za najbolj stabilno in ima pomirjujo\u010d u\u010dinek na tiste, ki so v njeni prisotnosti. S tem v mislih bi lahko svetovali, da naj tisti, ki so zaposleni v stresnem okolju, nosijo svetlo modro barvo, saj bodo tako vsaj delno razbremenili napetost na delovnem mestu. Ker pa modro barvo \u017ee od nekdaj povezujemo tudi z \u017ealostjo, se ji je najbolje izogniti, \u010de prina\u0161amo slabe novice.<\/p>\n<h2>Vse v moderaciji<\/h2>\n<p>Ne glede na to, kaj v zvezi z barvami in obla\u010dili pravi psihologija, je pomembno, da pri izbiri lovite zlato sredino. \u010ceprav je na primer modra barva najbolj stabilna barva, ki jo lahko nosite na svojem delovnem mestu, je verjetno, da bo popolnoma moder outfit preve\u010d za vsakogar. Poleg izbire barve pa je seveda pomembno, da se v slu\u017ebenem outfitu po\u010dutite udobno in samozavestno, saj boste le tako resni\u010dno na dobri poti, da ustvarite dober vtis.<\/p>\n<p>V. J.<\/p>\n","protected":false},"excerpt":{"rendered":"<p>Ne glede na to, ali se tega zavedamo ali ne, je na\u0161 slu\u017ebeni videz sestavni del tega, kako uspe\u0161ni smo pri svojem delu.<\/p>\n","protected":false},"author":1,"featured_media":0,"comment_status":"closed","ping_status":"closed","sticky":false,"template":"","format":"standard","meta":{"footnotes":""},"categories":[1091],"tags":[14146,14147],"source":[1341,1500,1334],"supertag":[],"acf":[],"yoast_head":"<!-- This site is optimized with the Yoast SEO plugin v21.3 - https:\/\/yoast.com\/wordpress\/plugins\/seo\/ -->\n<title>Zakaj je pomembno, kak\u0161ne barve nosimo na delovnem mestu - Hudo Slovenija<\/title>\n<meta name=\"robots\" content=\"index, follow, max-snippet:-1, max-image-preview:large, max-video-preview:-1\" \/>\n<link rel=\"canonical\" href=\"https:\/\/hudo.com\/si\/lifestyle\/zakaj-je-pomembno-kaksne-barve-nosimo-na-delovnem-mestu\/\" \/>\n<meta property=\"og:locale\" content=\"sl_SI\" \/>\n<meta property=\"og:type\" content=\"article\" \/>\n<meta property=\"og:title\" content=\"Zakaj je pomembno, kak\u0161ne barve nosimo na delovnem mestu - Hudo Slovenija\" \/>\n<meta property=\"og:description\" content=\"Ne glede na to, ali se tega zavedamo ali ne, je na\u0161 slu\u017ebeni videz sestavni del tega, kako uspe\u0161ni smo pri svojem delu.\" \/>\n<meta property=\"og:url\" content=\"https:\/\/hudo.com\/si\/lifestyle\/zakaj-je-pomembno-kaksne-barve-nosimo-na-delovnem-mestu\/\" \/>\n<meta property=\"og:site_name\" content=\"Hudo Slovenija\" \/>\n<meta property=\"article:publisher\" content=\"https:\/\/www.facebook.com\/hudo.si\" \/>\n<meta property=\"article:published_time\" content=\"2019-07-07T03:01:35+00:00\" \/>\n<meta property=\"og:image\" content=\"https:\/\/hudo.com\/si\/wp-content\/uploads\/sites\/2\/2019\/07\/profimedia-0430916109.jpg\" \/>\n\t<meta property=\"og:image:width\" content=\"833\" \/>\n\t<meta property=\"og:image:height\" content=\"1250\" \/>\n\t<meta property=\"og:image:type\" content=\"image\/jpeg\" \/>\n<meta name=\"author\" content=\"hudo\" \/>\n<meta name=\"twitter:card\" content=\"summary_large_image\" \/>\n<meta name=\"twitter:creator\" content=\"@hudo_si\" \/>\n<meta name=\"twitter:site\" content=\"@hudo_si\" \/>\n<meta name=\"twitter:label1\" content=\"Written by\" \/>\n\t<meta name=\"twitter:data1\" content=\"hudo\" \/>\n\t<meta name=\"twitter:label2\" content=\"Est. reading time\" \/>\n\t<meta name=\"twitter:data2\" content=\"2 minuti\" \/>\n<script type=\"application\/ld+json\" class=\"yoast-schema-graph\">{\"@context\":\"https:\/\/schema.org\",\"@graph\":[{\"@type\":\"Article\",\"@id\":\"https:\/\/hudo.com\/si\/lifestyle\/zakaj-je-pomembno-kaksne-barve-nosimo-na-delovnem-mestu\/#article\",\"isPartOf\":{\"@id\":\"https:\/\/hudo.com\/si\/lifestyle\/zakaj-je-pomembno-kaksne-barve-nosimo-na-delovnem-mestu\/\"},\"author\":{\"name\":\"hudo\",\"@id\":\"https:\/\/hudo.com\/si\/#\/schema\/person\/601cf3379633985b20f7e50f2bb47707\"},\"headline\":\"Zakaj je pomembno, kak\u0161ne barve nosimo na delovnem mestu\",\"datePublished\":\"2019-07-07T03:01:35+00:00\",\"dateModified\":\"2019-07-07T03:01:35+00:00\",\"mainEntityOfPage\":{\"@id\":\"https:\/\/hudo.com\/si\/lifestyle\/zakaj-je-pomembno-kaksne-barve-nosimo-na-delovnem-mestu\/\"},\"wordCount\":475,\"publisher\":{\"@id\":\"https:\/\/hudo.com\/si\/#organization\"},\"keywords\":[\"barve na delovnem mestu\",\"obleka za v slu\u017ebo\"],\"articleSection\":[\"Lifestyle\"],\"inLanguage\":\"sl-SI\"},{\"@type\":\"WebPage\",\"@id\":\"https:\/\/hudo.com\/si\/lifestyle\/zakaj-je-pomembno-kaksne-barve-nosimo-na-delovnem-mestu\/\",\"url\":\"https:\/\/hudo.com\/si\/lifestyle\/zakaj-je-pomembno-kaksne-barve-nosimo-na-delovnem-mestu\/\",\"name\":\"Zakaj je pomembno, kak\u0161ne barve nosimo na delovnem mestu - Hudo Slovenija\",\"isPartOf\":{\"@id\":\"https:\/\/hudo.com\/si\/#website\"},\"datePublished\":\"2019-07-07T03:01:35+00:00\",\"dateModified\":\"2019-07-07T03:01:35+00:00\",\"breadcrumb\":{\"@id\":\"https:\/\/hudo.com\/si\/lifestyle\/zakaj-je-pomembno-kaksne-barve-nosimo-na-delovnem-mestu\/#breadcrumb\"},\"inLanguage\":\"sl-SI\",\"potentialAction\":[{\"@type\":\"ReadAction\",\"target\":[\"https:\/\/hudo.com\/si\/lifestyle\/zakaj-je-pomembno-kaksne-barve-nosimo-na-delovnem-mestu\/\"]}]},{\"@type\":\"BreadcrumbList\",\"@id\":\"https:\/\/hudo.com\/si\/lifestyle\/zakaj-je-pomembno-kaksne-barve-nosimo-na-delovnem-mestu\/#breadcrumb\",\"itemListElement\":[{\"@type\":\"ListItem\",\"position\":1,\"name\":\"Home\",\"item\":\"https:\/\/hudo.com\/si\/\"},{\"@type\":\"ListItem\",\"position\":2,\"name\":\"Zakaj je pomembno, kak\u0161ne barve nosimo na delovnem mestu\"}]},{\"@type\":\"WebSite\",\"@id\":\"https:\/\/hudo.com\/si\/#website\",\"url\":\"https:\/\/hudo.com\/si\/\",\"name\":\"Hudo Slovenija\",\"description\":\"Vse novice iz Slovenije in sveta\",\"publisher\":{\"@id\":\"https:\/\/hudo.com\/si\/#organization\"},\"potentialAction\":[{\"@type\":\"SearchAction\",\"target\":{\"@type\":\"EntryPoint\",\"urlTemplate\":\"https:\/\/hudo.com\/si\/?s={search_term_string}\"},\"query-input\":\"required name=search_term_string\"}],\"inLanguage\":\"sl-SI\"},{\"@type\":\"Organization\",\"@id\":\"https:\/\/hudo.com\/si\/#organization\",\"name\":\"VSN Media\",\"url\":\"https:\/\/hudo.com\/si\/\",\"logo\":{\"@type\":\"ImageObject\",\"inLanguage\":\"sl-SI\",\"@id\":\"https:\/\/hudo.com\/si\/#\/schema\/logo\/image\/\",\"url\":\"https:\/\/hudo.com\/si\/wp-content\/uploads\/sites\/2\/2021\/03\/hudo-app-2.png\",\"contentUrl\":\"https:\/\/hudo.com\/si\/wp-content\/uploads\/sites\/2\/2021\/03\/hudo-app-2.png\",\"width\":2185,\"height\":2167,\"caption\":\"VSN Media\"},\"image\":{\"@id\":\"https:\/\/hudo.com\/si\/#\/schema\/logo\/image\/\"},\"sameAs\":[\"https:\/\/www.facebook.com\/hudo.si\",\"https:\/\/twitter.com\/hudo_si\"]},{\"@type\":\"Person\",\"@id\":\"https:\/\/hudo.com\/si\/#\/schema\/person\/601cf3379633985b20f7e50f2bb47707\",\"name\":\"hudo\",\"image\":{\"@type\":\"ImageObject\",\"inLanguage\":\"sl-SI\",\"@id\":\"https:\/\/hudo.com\/si\/#\/schema\/person\/image\/\",\"url\":\"https:\/\/secure.gravatar.com\/avatar\/c4ca25fa72cace7a696b52ff5db9e095?s=96&d=mm&r=g\",\"contentUrl\":\"https:\/\/secure.gravatar.com\/avatar\/c4ca25fa72cace7a696b52ff5db9e095?s=96&d=mm&r=g\",\"caption\":\"hudo\"},\"url\":\"https:\/\/hudo.com\/si\/author\/hudo\/\"}]}<\/script>\n<!-- \/ Yoast SEO plugin. -->","yoast_head_json":{"title":"Zakaj je pomembno, kak\u0161ne barve nosimo na delovnem mestu - Hudo Slovenija","robots":{"index":"index","follow":"follow","max-snippet":"max-snippet:-1","max-image-preview":"max-image-preview:large","max-video-preview":"max-video-preview:-1"},"canonical":"https:\/\/hudo.com\/si\/lifestyle\/zakaj-je-pomembno-kaksne-barve-nosimo-na-delovnem-mestu\/","og_locale":"sl_SI","og_type":"article","og_title":"Zakaj je pomembno, kak\u0161ne barve nosimo na delovnem mestu - Hudo Slovenija","og_description":"Ne glede na to, ali se tega zavedamo ali ne, je na\u0161 slu\u017ebeni videz sestavni del tega, kako uspe\u0161ni smo pri svojem delu.","og_url":"https:\/\/hudo.com\/si\/lifestyle\/zakaj-je-pomembno-kaksne-barve-nosimo-na-delovnem-mestu\/","og_site_name":"Hudo Slovenija","article_publisher":"https:\/\/www.facebook.com\/hudo.si","article_published_time":"2019-07-07T03:01:35+00:00","og_image":[{"width":833,"height":1250,"url":"https:\/\/hudo.com\/si\/wp-content\/uploads\/sites\/2\/2019\/07\/profimedia-0430916109.jpg","type":"image\/jpeg"}],"author":"hudo","twitter_card":"summary_large_image","twitter_creator":"@hudo_si","twitter_site":"@hudo_si","twitter_misc":{"Written by":"hudo","Est. reading time":"2 minuti"},"schema":{"@context":"https:\/\/schema.org","@graph":[{"@type":"Article","@id":"https:\/\/hudo.com\/si\/lifestyle\/zakaj-je-pomembno-kaksne-barve-nosimo-na-delovnem-mestu\/#article","isPartOf":{"@id":"https:\/\/hudo.com\/si\/lifestyle\/zakaj-je-pomembno-kaksne-barve-nosimo-na-delovnem-mestu\/"},"author":{"name":"hudo","@id":"https:\/\/hudo.com\/si\/#\/schema\/person\/601cf3379633985b20f7e50f2bb47707"},"headline":"Zakaj je pomembno, kak\u0161ne barve nosimo na delovnem mestu","datePublished":"2019-07-07T03:01:35+00:00","dateModified":"2019-07-07T03:01:35+00:00","mainEntityOfPage":{"@id":"https:\/\/hudo.com\/si\/lifestyle\/zakaj-je-pomembno-kaksne-barve-nosimo-na-delovnem-mestu\/"},"wordCount":475,"publisher":{"@id":"https:\/\/hudo.com\/si\/#organization"},"keywords":["barve na delovnem mestu","obleka za v slu\u017ebo"],"articleSection":["Lifestyle"],"inLanguage":"sl-SI"},{"@type":"WebPage","@id":"https:\/\/hudo.com\/si\/lifestyle\/zakaj-je-pomembno-kaksne-barve-nosimo-na-delovnem-mestu\/","url":"https:\/\/hudo.com\/si\/lifestyle\/zakaj-je-pomembno-kaksne-barve-nosimo-na-delovnem-mestu\/","name":"Zakaj je pomembno, kak\u0161ne barve nosimo na delovnem mestu - Hudo Slovenija","isPartOf":{"@id":"https:\/\/hudo.com\/si\/#website"},"datePublished":"2019-07-07T03:01:35+00:00","dateModified":"2019-07-07T03:01:35+00:00","breadcrumb":{"@id":"https:\/\/hudo.com\/si\/lifestyle\/zakaj-je-pomembno-kaksne-barve-nosimo-na-delovnem-mestu\/#breadcrumb"},"inLanguage":"sl-SI","potentialAction":[{"@type":"ReadAction","target":["https:\/\/hudo.com\/si\/lifestyle\/zakaj-je-pomembno-kaksne-barve-nosimo-na-delovnem-mestu\/"]}]},{"@type":"BreadcrumbList","@id":"https:\/\/hudo.com\/si\/lifestyle\/zakaj-je-pomembno-kaksne-barve-nosimo-na-delovnem-mestu\/#breadcrumb","itemListElement":[{"@type":"ListItem","position":1,"name":"Home","item":"https:\/\/hudo.com\/si\/"},{"@type":"ListItem","position":2,"name":"Zakaj je pomembno, kak\u0161ne barve nosimo na delovnem mestu"}]},{"@type":"WebSite","@id":"https:\/\/hudo.com\/si\/#website","url":"https:\/\/hudo.com\/si\/","name":"Hudo Slovenija","description":"Vse novice iz Slovenije in sveta","publisher":{"@id":"https:\/\/hudo.com\/si\/#organization"},"potentialAction":[{"@type":"SearchAction","target":{"@type":"EntryPoint","urlTemplate":"https:\/\/hudo.com\/si\/?s={search_term_string}"},"query-input":"required name=search_term_string"}],"inLanguage":"sl-SI"},{"@type":"Organization","@id":"https:\/\/hudo.com\/si\/#organization","name":"VSN Media","url":"https:\/\/hudo.com\/si\/","logo":{"@type":"ImageObject","inLanguage":"sl-SI","@id":"https:\/\/hudo.com\/si\/#\/schema\/logo\/image\/","url":"https:\/\/hudo.com\/si\/wp-content\/uploads\/sites\/2\/2021\/03\/hudo-app-2.png","contentUrl":"https:\/\/hudo.com\/si\/wp-content\/uploads\/sites\/2\/2021\/03\/hudo-app-2.png","width":2185,"height":2167,"caption":"VSN Media"},"image":{"@id":"https:\/\/hudo.com\/si\/#\/schema\/logo\/image\/"},"sameAs":["https:\/\/www.facebook.com\/hudo.si","https:\/\/twitter.com\/hudo_si"]},{"@type":"Person","@id":"https:\/\/hudo.com\/si\/#\/schema\/person\/601cf3379633985b20f7e50f2bb47707","name":"hudo","image":{"@type":"ImageObject","inLanguage":"sl-SI","@id":"https:\/\/hudo.com\/si\/#\/schema\/person\/image\/","url":"https:\/\/secure.gravatar.com\/avatar\/c4ca25fa72cace7a696b52ff5db9e095?s=96&d=mm&r=g","contentUrl":"https:\/\/secure.gravatar.com\/avatar\/c4ca25fa72cace7a696b52ff5db9e095?s=96&d=mm&r=g","caption":"hudo"},"url":"https:\/\/hudo.com\/si\/author\/hudo\/"}]}},"amp_enabled":true,"_links":{"self":[{"href":"https:\/\/hudo.com\/si\/wp-json\/wp\/v2\/posts\/401907"}],"collection":[{"href":"https:\/\/hudo.com\/si\/wp-json\/wp\/v2\/posts"}],"about":[{"href":"https:\/\/hudo.com\/si\/wp-json\/wp\/v2\/types\/post"}],"author":[{"embeddable":true,"href":"https:\/\/hudo.com\/si\/wp-json\/wp\/v2\/users\/1"}],"replies":[{"embeddable":true,"href":"https:\/\/hudo.com\/si\/wp-json\/wp\/v2\/comments?post=401907"}],"version-history":[{"count":0,"href":"https:\/\/hudo.com\/si\/wp-json\/wp\/v2\/posts\/401907\/revisions"}],"wp:attachment":[{"href":"https:\/\/hudo.com\/si\/wp-json\/wp\/v2\/media?parent=401907"}],"wp:term":[{"taxonomy":"category","embeddable":true,"href":"https:\/\/hudo.com\/si\/wp-json\/wp\/v2\/categories?post=401907"},{"taxonomy":"post_tag","embeddable":true,"href":"https:\/\/hudo.com\/si\/wp-json\/wp\/v2\/tags?post=401907"},{"taxonomy":"source","embeddable":true,"href":"https:\/\/hudo.com\/si\/wp-json\/wp\/v2\/source?post=401907"},{"taxonomy":"supertag","embeddable":true,"href":"https:\/\/hudo.com\/si\/wp-json\/wp\/v2\/supertag?post=401907"}],"curies":[{"name":"wp","href":"https:\/\/api.w.org\/{rel}","templated":true}]}}