{"id":402028,"date":"2019-07-08T11:46:11","date_gmt":"2019-07-08T09:46:11","guid":{"rendered":"http:\/\/hudo.com\/si\/?p=402028"},"modified":"2019-07-08T11:46:11","modified_gmt":"2019-07-08T09:46:11","slug":"organizatorji-londonskega-maratona-se-opravicili-najpocasnejsim-tekacem","status":"publish","type":"post","link":"https:\/\/hudo.com\/si\/aktualno\/organizatorji-londonskega-maratona-se-opravicili-najpocasnejsim-tekacem\/","title":{"rendered":"Organizatorji londonskega maratona so se opravi\u010dili najpo\u010dasnej\u0161im teka\u010dem"},"content":{"rendered":"<p>Po poro\u010danju spletnega portala britanske javne radiotelevizije je bilo ve\u010d sto teka\u010dev na leto\u0161nji izvedbi dirke 28. aprila dele\u017enih nesramnih komentarjev delavcev na progi, da so prepo\u010dasni in predebeli.<\/p>\n<p>To naj bi se dogajalo, ker naj bi delavci \u017eeleli \u010dim prej odstraniti ovire in druge oznake na progi, po\u010distiti ter zaklju\u010diti z delom. Komentarji so bili uperjeni proti teka\u010dem, ki so 42-kilometrsko razdaljo premagali v sedmih urah in pol ali ve\u010d.<\/p>\n<p>Nekateri izmed teka\u010dev niso ve\u010d vedeli, kam te\u010di, saj so delavci \u017ee odstranili oznake na progi. Drugi so tekli skozi oblake \u010distil, ko so se proge lotile \u010distilne ekipe. Skoraj vsi pa naj bi bili dele\u017eni posmehovanja delavcev razli\u010dnih podizvajalcev, ki jih je najel organizator.<\/p>\n<p>Med njimi je bila tudi najpo\u010dasnej\u0161a teka\u010dica na leto\u0161nji dirki Kerrie Aldridge iz Cardiffa, ki je progo pretekla v devetih urah in 11 minutah. Dele\u017ena je bila komentarjev, kot so: &#8220;\u010ce ne bi bila tako debela, bi lahko tekla&#8221; in &#8220;To je dirka ne pa sprehod&#8221;.<\/p>\n<p>Organizatorji so jo zdaj povabili, da se prihodnje leto znova udele\u017ei dirke. &#8220;Ko sem pri\u0161la v cilj, sem si mislila &#8216;nikoli ve\u010d se ne grem tega&#8217;, zdaj pa sem pripravljena poskusiti \u0161e enkrat,&#8221; je dejala Aldrigeva.<\/p>\n<p>&#8220;Pri\u010dakujem, da se bodo oglasili tisti, ki bodo rekli, da si tega ne zaslu\u017eim. Ampak jaz bom prihodnje leto na startu. Pridno bom trenirala, da doka\u017eem, da si to zaslu\u017eim,&#8221; je dodala.<\/p>\n<p>Organizatorji londonskega maratona so ob opravi\u010dilu obljubili, da bo na prihodnjih dirkah bolje poskrbljeno za najpo\u010dasnej\u0161e teka\u010de. Med drugim se bo pospravljanje na progi za\u010delo kasneje, organizatorji pa si bodo pri odrejanju pospravljanja pomagali z zabele\u017eenimi \u010dasi z okrep\u010devalnic.<\/p>\n<p>Maraton v prestolnici Velike Britanije ob bostonskem, tokijskem, berlinskem, chica\u0161kem in newyor\u0161kem velja za enega od \u0161estih najve\u010djih dirk na kraljevi razdalji na svetu.<\/p>\n<p>Letos je 42-kilometrsko razdaljo v Londonu preteklo 42.549 teka\u010dev. Najhitrej\u0161i je bil Kenijec Eliud Kipchoge, svetovni rekorder na maratonski razdalji. Ta je s \u010dasom 2:02:37 zabele\u017eil drugi najhitrej\u0161i \u010das v zgodovini \u010dlove\u0161tva, le za lastnim svetovnim rekordom 2:01:39 iz Berlina septembra lani.<\/p>\n","protected":false},"excerpt":{"rendered":"<p>Organizatorji londonskega maratona so se opravi\u010dili najpo\u010dasnej\u0161im teka\u010dem z leto\u0161nje izvedbe dirke, ker so bili tar\u010da verbalnih napadov neu\u010dakanih delavcev na progi. Vsem prizadetim teka\u010dem so izdali povabilo, da se enega od najve\u010djih svetovnih maratonov udele\u017eijo prihodnje leto, poro\u010da BBC.<\/p>\n","protected":false},"author":8,"featured_media":402029,"comment_status":"closed","ping_status":"closed","sticky":false,"template":"","format":"standard","meta":{"footnotes":""},"categories":[1179],"tags":[3317,14157],"source":[4511],"supertag":[6103],"acf":[],"yoast_head":"<!-- This site is optimized with the Yoast SEO plugin v21.3 - https:\/\/yoast.com\/wordpress\/plugins\/seo\/ -->\n<title>Organizatorji londonskega maratona so se opravi\u010dili najpo\u010dasnej\u0161im teka\u010dem - Hudo Slovenija<\/title>\n<meta name=\"robots\" content=\"index, follow, max-snippet:-1, max-image-preview:large, max-video-preview:-1\" \/>\n<link rel=\"canonical\" href=\"https:\/\/hudo.com\/si\/aktualno\/organizatorji-londonskega-maratona-se-opravicili-najpocasnejsim-tekacem\/\" \/>\n<meta property=\"og:locale\" content=\"sl_SI\" \/>\n<meta property=\"og:type\" content=\"article\" \/>\n<meta property=\"og:title\" content=\"Organizatorji londonskega maratona so se opravi\u010dili najpo\u010dasnej\u0161im teka\u010dem - Hudo Slovenija\" \/>\n<meta property=\"og:description\" content=\"Organizatorji londonskega maratona so se opravi\u010dili najpo\u010dasnej\u0161im teka\u010dem z leto\u0161nje izvedbe dirke, ker so bili tar\u010da verbalnih napadov neu\u010dakanih delavcev na progi. Vsem prizadetim teka\u010dem so izdali povabilo, da se enega od najve\u010djih svetovnih maratonov udele\u017eijo prihodnje leto, poro\u010da BBC.\" \/>\n<meta property=\"og:url\" content=\"https:\/\/hudo.com\/si\/aktualno\/organizatorji-londonskega-maratona-se-opravicili-najpocasnejsim-tekacem\/\" \/>\n<meta property=\"og:site_name\" content=\"Hudo Slovenija\" \/>\n<meta property=\"article:publisher\" content=\"https:\/\/www.facebook.com\/hudo.si\" \/>\n<meta property=\"article:published_time\" content=\"2019-07-08T09:46:11+00:00\" \/>\n<meta property=\"og:image\" content=\"https:\/\/hudo.com\/si\/wp-content\/uploads\/sites\/2\/2019\/07\/profimedia-0438896578.jpg\" \/>\n\t<meta property=\"og:image:width\" content=\"1250\" \/>\n\t<meta property=\"og:image:height\" content=\"833\" \/>\n\t<meta property=\"og:image:type\" content=\"image\/jpeg\" \/>\n<meta name=\"author\" content=\"M. N., STA\" \/>\n<meta name=\"twitter:card\" content=\"summary_large_image\" \/>\n<meta name=\"twitter:creator\" content=\"@hudo_si\" \/>\n<meta name=\"twitter:site\" content=\"@hudo_si\" \/>\n<meta name=\"twitter:label1\" content=\"Written by\" \/>\n\t<meta name=\"twitter:data1\" content=\"M. N., STA\" \/>\n\t<meta name=\"twitter:label2\" content=\"Est. reading time\" \/>\n\t<meta name=\"twitter:data2\" content=\"2 minuti\" \/>\n<script type=\"application\/ld+json\" class=\"yoast-schema-graph\">{\"@context\":\"https:\/\/schema.org\",\"@graph\":[{\"@type\":\"Article\",\"@id\":\"https:\/\/hudo.com\/si\/aktualno\/organizatorji-londonskega-maratona-se-opravicili-najpocasnejsim-tekacem\/#article\",\"isPartOf\":{\"@id\":\"https:\/\/hudo.com\/si\/aktualno\/organizatorji-londonskega-maratona-se-opravicili-najpocasnejsim-tekacem\/\"},\"author\":{\"name\":\"M. N., STA\",\"@id\":\"https:\/\/hudo.com\/si\/#\/schema\/person\/c2f10ce65d2e6ede2aeda5be2a0611fa\"},\"headline\":\"Organizatorji londonskega maratona so se opravi\u010dili najpo\u010dasnej\u0161im teka\u010dem\",\"datePublished\":\"2019-07-08T09:46:11+00:00\",\"dateModified\":\"2019-07-08T09:46:11+00:00\",\"mainEntityOfPage\":{\"@id\":\"https:\/\/hudo.com\/si\/aktualno\/organizatorji-londonskega-maratona-se-opravicili-najpocasnejsim-tekacem\/\"},\"wordCount\":380,\"publisher\":{\"@id\":\"https:\/\/hudo.com\/si\/#organization\"},\"keywords\":[\"london\",\"londonski maraton\"],\"articleSection\":[\"Aktualno\"],\"inLanguage\":\"sl-SI\"},{\"@type\":\"WebPage\",\"@id\":\"https:\/\/hudo.com\/si\/aktualno\/organizatorji-londonskega-maratona-se-opravicili-najpocasnejsim-tekacem\/\",\"url\":\"https:\/\/hudo.com\/si\/aktualno\/organizatorji-londonskega-maratona-se-opravicili-najpocasnejsim-tekacem\/\",\"name\":\"Organizatorji londonskega maratona so se opravi\u010dili najpo\u010dasnej\u0161im teka\u010dem - Hudo Slovenija\",\"isPartOf\":{\"@id\":\"https:\/\/hudo.com\/si\/#website\"},\"datePublished\":\"2019-07-08T09:46:11+00:00\",\"dateModified\":\"2019-07-08T09:46:11+00:00\",\"breadcrumb\":{\"@id\":\"https:\/\/hudo.com\/si\/aktualno\/organizatorji-londonskega-maratona-se-opravicili-najpocasnejsim-tekacem\/#breadcrumb\"},\"inLanguage\":\"sl-SI\",\"potentialAction\":[{\"@type\":\"ReadAction\",\"target\":[\"https:\/\/hudo.com\/si\/aktualno\/organizatorji-londonskega-maratona-se-opravicili-najpocasnejsim-tekacem\/\"]}]},{\"@type\":\"BreadcrumbList\",\"@id\":\"https:\/\/hudo.com\/si\/aktualno\/organizatorji-londonskega-maratona-se-opravicili-najpocasnejsim-tekacem\/#breadcrumb\",\"itemListElement\":[{\"@type\":\"ListItem\",\"position\":1,\"name\":\"Home\",\"item\":\"https:\/\/hudo.com\/si\/\"},{\"@type\":\"ListItem\",\"position\":2,\"name\":\"Organizatorji londonskega maratona so se opravi\u010dili najpo\u010dasnej\u0161im teka\u010dem\"}]},{\"@type\":\"WebSite\",\"@id\":\"https:\/\/hudo.com\/si\/#website\",\"url\":\"https:\/\/hudo.com\/si\/\",\"name\":\"Hudo Slovenija\",\"description\":\"Vse novice iz Slovenije in sveta\",\"publisher\":{\"@id\":\"https:\/\/hudo.com\/si\/#organization\"},\"potentialAction\":[{\"@type\":\"SearchAction\",\"target\":{\"@type\":\"EntryPoint\",\"urlTemplate\":\"https:\/\/hudo.com\/si\/?s={search_term_string}\"},\"query-input\":\"required name=search_term_string\"}],\"inLanguage\":\"sl-SI\"},{\"@type\":\"Organization\",\"@id\":\"https:\/\/hudo.com\/si\/#organization\",\"name\":\"VSN Media\",\"url\":\"https:\/\/hudo.com\/si\/\",\"logo\":{\"@type\":\"ImageObject\",\"inLanguage\":\"sl-SI\",\"@id\":\"https:\/\/hudo.com\/si\/#\/schema\/logo\/image\/\",\"url\":\"https:\/\/hudo.com\/si\/wp-content\/uploads\/sites\/2\/2021\/03\/hudo-app-2.png\",\"contentUrl\":\"https:\/\/hudo.com\/si\/wp-content\/uploads\/sites\/2\/2021\/03\/hudo-app-2.png\",\"width\":2185,\"height\":2167,\"caption\":\"VSN Media\"},\"image\":{\"@id\":\"https:\/\/hudo.com\/si\/#\/schema\/logo\/image\/\"},\"sameAs\":[\"https:\/\/www.facebook.com\/hudo.si\",\"https:\/\/twitter.com\/hudo_si\"]},{\"@type\":\"Person\",\"@id\":\"https:\/\/hudo.com\/si\/#\/schema\/person\/c2f10ce65d2e6ede2aeda5be2a0611fa\",\"name\":\"M. N., STA\",\"image\":{\"@type\":\"ImageObject\",\"inLanguage\":\"sl-SI\",\"@id\":\"https:\/\/hudo.com\/si\/#\/schema\/person\/image\/\",\"url\":\"https:\/\/secure.gravatar.com\/avatar\/f370d38daa10467f755c5c766a4cac20?s=96&d=mm&r=g\",\"contentUrl\":\"https:\/\/secure.gravatar.com\/avatar\/f370d38daa10467f755c5c766a4cac20?s=96&d=mm&r=g\",\"caption\":\"M. N., STA\"},\"url\":\"https:\/\/hudo.com\/si\/author\/mana\/\"}]}<\/script>\n<!-- \/ Yoast SEO plugin. -->","yoast_head_json":{"title":"Organizatorji londonskega maratona so se opravi\u010dili najpo\u010dasnej\u0161im teka\u010dem - Hudo Slovenija","robots":{"index":"index","follow":"follow","max-snippet":"max-snippet:-1","max-image-preview":"max-image-preview:large","max-video-preview":"max-video-preview:-1"},"canonical":"https:\/\/hudo.com\/si\/aktualno\/organizatorji-londonskega-maratona-se-opravicili-najpocasnejsim-tekacem\/","og_locale":"sl_SI","og_type":"article","og_title":"Organizatorji londonskega maratona so se opravi\u010dili najpo\u010dasnej\u0161im teka\u010dem - Hudo Slovenija","og_description":"Organizatorji londonskega maratona so se opravi\u010dili najpo\u010dasnej\u0161im teka\u010dem z leto\u0161nje izvedbe dirke, ker so bili tar\u010da verbalnih napadov neu\u010dakanih delavcev na progi. Vsem prizadetim teka\u010dem so izdali povabilo, da se enega od najve\u010djih svetovnih maratonov udele\u017eijo prihodnje leto, poro\u010da BBC.","og_url":"https:\/\/hudo.com\/si\/aktualno\/organizatorji-londonskega-maratona-se-opravicili-najpocasnejsim-tekacem\/","og_site_name":"Hudo Slovenija","article_publisher":"https:\/\/www.facebook.com\/hudo.si","article_published_time":"2019-07-08T09:46:11+00:00","og_image":[{"width":1250,"height":833,"url":"https:\/\/hudo.com\/si\/wp-content\/uploads\/sites\/2\/2019\/07\/profimedia-0438896578.jpg","type":"image\/jpeg"}],"author":"M. N., STA","twitter_card":"summary_large_image","twitter_creator":"@hudo_si","twitter_site":"@hudo_si","twitter_misc":{"Written by":"M. N., STA","Est. reading time":"2 minuti"},"schema":{"@context":"https:\/\/schema.org","@graph":[{"@type":"Article","@id":"https:\/\/hudo.com\/si\/aktualno\/organizatorji-londonskega-maratona-se-opravicili-najpocasnejsim-tekacem\/#article","isPartOf":{"@id":"https:\/\/hudo.com\/si\/aktualno\/organizatorji-londonskega-maratona-se-opravicili-najpocasnejsim-tekacem\/"},"author":{"name":"M. N., STA","@id":"https:\/\/hudo.com\/si\/#\/schema\/person\/c2f10ce65d2e6ede2aeda5be2a0611fa"},"headline":"Organizatorji londonskega maratona so se opravi\u010dili najpo\u010dasnej\u0161im teka\u010dem","datePublished":"2019-07-08T09:46:11+00:00","dateModified":"2019-07-08T09:46:11+00:00","mainEntityOfPage":{"@id":"https:\/\/hudo.com\/si\/aktualno\/organizatorji-londonskega-maratona-se-opravicili-najpocasnejsim-tekacem\/"},"wordCount":380,"publisher":{"@id":"https:\/\/hudo.com\/si\/#organization"},"keywords":["london","londonski maraton"],"articleSection":["Aktualno"],"inLanguage":"sl-SI"},{"@type":"WebPage","@id":"https:\/\/hudo.com\/si\/aktualno\/organizatorji-londonskega-maratona-se-opravicili-najpocasnejsim-tekacem\/","url":"https:\/\/hudo.com\/si\/aktualno\/organizatorji-londonskega-maratona-se-opravicili-najpocasnejsim-tekacem\/","name":"Organizatorji londonskega maratona so se opravi\u010dili najpo\u010dasnej\u0161im teka\u010dem - Hudo Slovenija","isPartOf":{"@id":"https:\/\/hudo.com\/si\/#website"},"datePublished":"2019-07-08T09:46:11+00:00","dateModified":"2019-07-08T09:46:11+00:00","breadcrumb":{"@id":"https:\/\/hudo.com\/si\/aktualno\/organizatorji-londonskega-maratona-se-opravicili-najpocasnejsim-tekacem\/#breadcrumb"},"inLanguage":"sl-SI","potentialAction":[{"@type":"ReadAction","target":["https:\/\/hudo.com\/si\/aktualno\/organizatorji-londonskega-maratona-se-opravicili-najpocasnejsim-tekacem\/"]}]},{"@type":"BreadcrumbList","@id":"https:\/\/hudo.com\/si\/aktualno\/organizatorji-londonskega-maratona-se-opravicili-najpocasnejsim-tekacem\/#breadcrumb","itemListElement":[{"@type":"ListItem","position":1,"name":"Home","item":"https:\/\/hudo.com\/si\/"},{"@type":"ListItem","position":2,"name":"Organizatorji londonskega maratona so se opravi\u010dili najpo\u010dasnej\u0161im teka\u010dem"}]},{"@type":"WebSite","@id":"https:\/\/hudo.com\/si\/#website","url":"https:\/\/hudo.com\/si\/","name":"Hudo Slovenija","description":"Vse novice iz Slovenije in sveta","publisher":{"@id":"https:\/\/hudo.com\/si\/#organization"},"potentialAction":[{"@type":"SearchAction","target":{"@type":"EntryPoint","urlTemplate":"https:\/\/hudo.com\/si\/?s={search_term_string}"},"query-input":"required name=search_term_string"}],"inLanguage":"sl-SI"},{"@type":"Organization","@id":"https:\/\/hudo.com\/si\/#organization","name":"VSN Media","url":"https:\/\/hudo.com\/si\/","logo":{"@type":"ImageObject","inLanguage":"sl-SI","@id":"https:\/\/hudo.com\/si\/#\/schema\/logo\/image\/","url":"https:\/\/hudo.com\/si\/wp-content\/uploads\/sites\/2\/2021\/03\/hudo-app-2.png","contentUrl":"https:\/\/hudo.com\/si\/wp-content\/uploads\/sites\/2\/2021\/03\/hudo-app-2.png","width":2185,"height":2167,"caption":"VSN Media"},"image":{"@id":"https:\/\/hudo.com\/si\/#\/schema\/logo\/image\/"},"sameAs":["https:\/\/www.facebook.com\/hudo.si","https:\/\/twitter.com\/hudo_si"]},{"@type":"Person","@id":"https:\/\/hudo.com\/si\/#\/schema\/person\/c2f10ce65d2e6ede2aeda5be2a0611fa","name":"M. N., STA","image":{"@type":"ImageObject","inLanguage":"sl-SI","@id":"https:\/\/hudo.com\/si\/#\/schema\/person\/image\/","url":"https:\/\/secure.gravatar.com\/avatar\/f370d38daa10467f755c5c766a4cac20?s=96&d=mm&r=g","contentUrl":"https:\/\/secure.gravatar.com\/avatar\/f370d38daa10467f755c5c766a4cac20?s=96&d=mm&r=g","caption":"M. N., STA"},"url":"https:\/\/hudo.com\/si\/author\/mana\/"}]}},"amp_enabled":true,"_links":{"self":[{"href":"https:\/\/hudo.com\/si\/wp-json\/wp\/v2\/posts\/402028"}],"collection":[{"href":"https:\/\/hudo.com\/si\/wp-json\/wp\/v2\/posts"}],"about":[{"href":"https:\/\/hudo.com\/si\/wp-json\/wp\/v2\/types\/post"}],"author":[{"embeddable":true,"href":"https:\/\/hudo.com\/si\/wp-json\/wp\/v2\/users\/8"}],"replies":[{"embeddable":true,"href":"https:\/\/hudo.com\/si\/wp-json\/wp\/v2\/comments?post=402028"}],"version-history":[{"count":1,"href":"https:\/\/hudo.com\/si\/wp-json\/wp\/v2\/posts\/402028\/revisions"}],"predecessor-version":[{"id":402030,"href":"https:\/\/hudo.com\/si\/wp-json\/wp\/v2\/posts\/402028\/revisions\/402030"}],"wp:featuredmedia":[{"embeddable":true,"href":"https:\/\/hudo.com\/si\/wp-json\/wp\/v2\/media\/402029"}],"wp:attachment":[{"href":"https:\/\/hudo.com\/si\/wp-json\/wp\/v2\/media?parent=402028"}],"wp:term":[{"taxonomy":"category","embeddable":true,"href":"https:\/\/hudo.com\/si\/wp-json\/wp\/v2\/categories?post=402028"},{"taxonomy":"post_tag","embeddable":true,"href":"https:\/\/hudo.com\/si\/wp-json\/wp\/v2\/tags?post=402028"},{"taxonomy":"source","embeddable":true,"href":"https:\/\/hudo.com\/si\/wp-json\/wp\/v2\/source?post=402028"},{"taxonomy":"supertag","embeddable":true,"href":"https:\/\/hudo.com\/si\/wp-json\/wp\/v2\/supertag?post=402028"}],"curies":[{"name":"wp","href":"https:\/\/api.w.org\/{rel}","templated":true}]}}