{"id":402036,"date":"2019-07-08T12:26:53","date_gmt":"2019-07-08T10:26:53","guid":{"rendered":"http:\/\/hudo.com\/si\/?p=402036"},"modified":"2019-07-08T12:26:53","modified_gmt":"2019-07-08T10:26:53","slug":"sarec-napovedal-vecjo-prisotnost-policistov-vojakov-na-meji","status":"publish","type":"post","link":"https:\/\/hudo.com\/si\/aktualno\/sarec-napovedal-vecjo-prisotnost-policistov-vojakov-na-meji\/","title":{"rendered":"\u0160arec napovedal ve\u010djo prisotnost policistov in vojakov na meji"},"content":{"rendered":"<div class=\"text\">\n<p>Predsednik vlade, ki je v Ilirsko Bistrico pri\u0161el skupaj z notranjim ministrom Bo\u0161tjanom Poklukarjem in generalno direktorico policije Tatjano Bobnar, je v izjavi po sre\u010danju poudaril, da razume pomisleke prebivalstva. &#8220;Nikoli nismo rekli, da migrantskega problema ni,&#8221; je dejal \u0160arec in dodal, da so ugotovili potrebo po okrepitvi policijske prisotnosti na obmejnem obmo\u010dju.<\/p>\n<p>\u0160tevilk \u0160arec ni mogel razkriti, je pa zato napovedal, da bodo na mejo pri\u0161li tudi dodatni vojaki, policija pa je \u017ee oz. bo nakupila dodatno tehni\u010dno opremo, kot so droni za nadzor meje ter tehni\u010dne ovire, tj. panelno ograjo tam, kjer bo to potrebno.<\/p>\n<p>Po drugi strani pa je \u0160arec poudaril, da varovanje meje poteka skladno s pri\u010dakovanji in da &#8220;ne moremo pristajati na tak\u0161na in druga\u010dna stra\u0161enja, ki so v\u010dasih motivirana tudi politi\u010dno&#8221;.<\/p>\n<p>Ilirskobistri\u0161ki \u017eupan Rojc je dana\u0161nji pogovor ocenil kot odkrit, a hkrati izpostavil, da se je od prvega obiska ministra Poklukarja do danes \u0161tevilo nezakonitih prehodov dr\u017eavne meje podvojilo, &#8220;kar za nas ni sprejemljivo&#8221;.<\/p>\n<p>\u0160arec si bo tekom dneva ogledal razmere na meji \u0161e v ob\u010dinah Kostel in \u010crnomelj.<\/p>\n<\/div>\n","protected":false},"excerpt":{"rendered":"<p>Premier Marjan \u0160arec je po sre\u010danju s predstavniki Ob\u010dine Ilirska Bistrica in civilne iniciative glede razmer na meji s Hrva\u0161ko napovedal ve\u010djo prisotnost policistov in tudi vojakov na meji. Poleg tega je policija nakupila tudi tehni\u010dno opremo, kot so droni za nadzor meje. \u017dupan Emil Rojc je opozoril, da so se ilegalni prehodi meje podvojili.<\/p>\n","protected":false},"author":5,"featured_media":180026,"comment_status":"closed","ping_status":"closed","sticky":false,"template":"","format":"standard","meta":{"footnotes":""},"categories":[1179],"tags":[7810,4776,1595],"source":[4511],"supertag":[],"acf":[],"yoast_head":"<!-- This site is optimized with the Yoast SEO plugin v21.3 - https:\/\/yoast.com\/wordpress\/plugins\/seo\/ -->\n<title>\u0160arec napovedal ve\u010djo prisotnost policistov in vojakov na meji<\/title>\n<meta name=\"description\" content=\"Premier Marjan \u0160arec je po sre\u010danju s predstavniki Ob\u010dine Ilirska Bistrica in civilne iniciative glede razmer na meji s Hrva\u0161ko napovedal ve\u010djo prisotnost policistov in tudi vojakov na meji.\" \/>\n<meta name=\"robots\" content=\"index, follow, max-snippet:-1, max-image-preview:large, max-video-preview:-1\" \/>\n<link rel=\"canonical\" href=\"https:\/\/hudo.com\/si\/aktualno\/sarec-napovedal-vecjo-prisotnost-policistov-vojakov-na-meji\/\" \/>\n<meta property=\"og:locale\" content=\"sl_SI\" \/>\n<meta property=\"og:type\" content=\"article\" \/>\n<meta property=\"og:title\" content=\"\u0160arec napovedal ve\u010djo prisotnost policistov in vojakov na meji\" \/>\n<meta property=\"og:description\" content=\"Premier Marjan \u0160arec je po sre\u010danju s predstavniki Ob\u010dine Ilirska Bistrica in civilne iniciative glede razmer na meji s Hrva\u0161ko napovedal ve\u010djo prisotnost policistov in tudi vojakov na meji.\" \/>\n<meta property=\"og:url\" content=\"https:\/\/hudo.com\/si\/aktualno\/sarec-napovedal-vecjo-prisotnost-policistov-vojakov-na-meji\/\" \/>\n<meta property=\"og:site_name\" content=\"Hudo Slovenija\" \/>\n<meta property=\"article:publisher\" content=\"https:\/\/www.facebook.com\/hudo.si\" \/>\n<meta property=\"article:published_time\" content=\"2019-07-08T10:26:53+00:00\" \/>\n<meta property=\"og:image\" content=\"https:\/\/hudo.com\/si\/wp-content\/uploads\/sites\/2\/2016\/12\/profimedia-0035352272.jpg\" \/>\n\t<meta property=\"og:image:width\" content=\"1250\" \/>\n\t<meta property=\"og:image:height\" content=\"833\" \/>\n\t<meta property=\"og:image:type\" content=\"image\/jpeg\" \/>\n<meta name=\"author\" content=\"A. G., STA\" \/>\n<meta name=\"twitter:card\" content=\"summary_large_image\" \/>\n<meta name=\"twitter:creator\" content=\"@hudo_si\" \/>\n<meta name=\"twitter:site\" content=\"@hudo_si\" \/>\n<meta name=\"twitter:label1\" content=\"Written by\" \/>\n\t<meta name=\"twitter:data1\" content=\"A. G., STA\" \/>\n\t<meta name=\"twitter:label2\" content=\"Est. reading time\" \/>\n\t<meta name=\"twitter:data2\" content=\"1 minuta\" \/>\n<script type=\"application\/ld+json\" class=\"yoast-schema-graph\">{\"@context\":\"https:\/\/schema.org\",\"@graph\":[{\"@type\":\"Article\",\"@id\":\"https:\/\/hudo.com\/si\/aktualno\/sarec-napovedal-vecjo-prisotnost-policistov-vojakov-na-meji\/#article\",\"isPartOf\":{\"@id\":\"https:\/\/hudo.com\/si\/aktualno\/sarec-napovedal-vecjo-prisotnost-policistov-vojakov-na-meji\/\"},\"author\":{\"name\":\"A. G., STA\",\"@id\":\"https:\/\/hudo.com\/si\/#\/schema\/person\/2391667a63ea075ba94f2f2dc6b77537\"},\"headline\":\"\u0160arec napovedal ve\u010djo prisotnost policistov in vojakov na meji\",\"datePublished\":\"2019-07-08T10:26:53+00:00\",\"dateModified\":\"2019-07-08T10:26:53+00:00\",\"mainEntityOfPage\":{\"@id\":\"https:\/\/hudo.com\/si\/aktualno\/sarec-napovedal-vecjo-prisotnost-policistov-vojakov-na-meji\/\"},\"wordCount\":202,\"publisher\":{\"@id\":\"https:\/\/hudo.com\/si\/#organization\"},\"keywords\":[\"Marjan \u0160arec\",\"migracije\",\"Slovenija\"],\"articleSection\":[\"Aktualno\"],\"inLanguage\":\"sl-SI\"},{\"@type\":\"WebPage\",\"@id\":\"https:\/\/hudo.com\/si\/aktualno\/sarec-napovedal-vecjo-prisotnost-policistov-vojakov-na-meji\/\",\"url\":\"https:\/\/hudo.com\/si\/aktualno\/sarec-napovedal-vecjo-prisotnost-policistov-vojakov-na-meji\/\",\"name\":\"\u0160arec napovedal ve\u010djo prisotnost policistov in vojakov na meji\",\"isPartOf\":{\"@id\":\"https:\/\/hudo.com\/si\/#website\"},\"datePublished\":\"2019-07-08T10:26:53+00:00\",\"dateModified\":\"2019-07-08T10:26:53+00:00\",\"description\":\"Premier Marjan \u0160arec je po sre\u010danju s predstavniki Ob\u010dine Ilirska Bistrica in civilne iniciative glede razmer na meji s Hrva\u0161ko napovedal ve\u010djo prisotnost policistov in tudi vojakov na meji.\",\"breadcrumb\":{\"@id\":\"https:\/\/hudo.com\/si\/aktualno\/sarec-napovedal-vecjo-prisotnost-policistov-vojakov-na-meji\/#breadcrumb\"},\"inLanguage\":\"sl-SI\",\"potentialAction\":[{\"@type\":\"ReadAction\",\"target\":[\"https:\/\/hudo.com\/si\/aktualno\/sarec-napovedal-vecjo-prisotnost-policistov-vojakov-na-meji\/\"]}]},{\"@type\":\"BreadcrumbList\",\"@id\":\"https:\/\/hudo.com\/si\/aktualno\/sarec-napovedal-vecjo-prisotnost-policistov-vojakov-na-meji\/#breadcrumb\",\"itemListElement\":[{\"@type\":\"ListItem\",\"position\":1,\"name\":\"Home\",\"item\":\"https:\/\/hudo.com\/si\/\"},{\"@type\":\"ListItem\",\"position\":2,\"name\":\"\u0160arec napovedal ve\u010djo prisotnost policistov in vojakov na meji\"}]},{\"@type\":\"WebSite\",\"@id\":\"https:\/\/hudo.com\/si\/#website\",\"url\":\"https:\/\/hudo.com\/si\/\",\"name\":\"Hudo Slovenija\",\"description\":\"Vse novice iz Slovenije in sveta\",\"publisher\":{\"@id\":\"https:\/\/hudo.com\/si\/#organization\"},\"potentialAction\":[{\"@type\":\"SearchAction\",\"target\":{\"@type\":\"EntryPoint\",\"urlTemplate\":\"https:\/\/hudo.com\/si\/?s={search_term_string}\"},\"query-input\":\"required name=search_term_string\"}],\"inLanguage\":\"sl-SI\"},{\"@type\":\"Organization\",\"@id\":\"https:\/\/hudo.com\/si\/#organization\",\"name\":\"VSN Media\",\"url\":\"https:\/\/hudo.com\/si\/\",\"logo\":{\"@type\":\"ImageObject\",\"inLanguage\":\"sl-SI\",\"@id\":\"https:\/\/hudo.com\/si\/#\/schema\/logo\/image\/\",\"url\":\"https:\/\/hudo.com\/si\/wp-content\/uploads\/sites\/2\/2021\/03\/hudo-app-2.png\",\"contentUrl\":\"https:\/\/hudo.com\/si\/wp-content\/uploads\/sites\/2\/2021\/03\/hudo-app-2.png\",\"width\":2185,\"height\":2167,\"caption\":\"VSN Media\"},\"image\":{\"@id\":\"https:\/\/hudo.com\/si\/#\/schema\/logo\/image\/\"},\"sameAs\":[\"https:\/\/www.facebook.com\/hudo.si\",\"https:\/\/twitter.com\/hudo_si\"]},{\"@type\":\"Person\",\"@id\":\"https:\/\/hudo.com\/si\/#\/schema\/person\/2391667a63ea075ba94f2f2dc6b77537\",\"name\":\"A. G., STA\",\"image\":{\"@type\":\"ImageObject\",\"inLanguage\":\"sl-SI\",\"@id\":\"https:\/\/hudo.com\/si\/#\/schema\/person\/image\/\",\"url\":\"https:\/\/secure.gravatar.com\/avatar\/e13d22ac3e442658d5025fbbe6238a79?s=96&d=mm&r=g\",\"contentUrl\":\"https:\/\/secure.gravatar.com\/avatar\/e13d22ac3e442658d5025fbbe6238a79?s=96&d=mm&r=g\",\"caption\":\"A. G., STA\"},\"url\":\"https:\/\/hudo.com\/si\/author\/alenka\/\"}]}<\/script>\n<!-- \/ Yoast SEO plugin. -->","yoast_head_json":{"title":"\u0160arec napovedal ve\u010djo prisotnost policistov in vojakov na meji","description":"Premier Marjan \u0160arec je po sre\u010danju s predstavniki Ob\u010dine Ilirska Bistrica in civilne iniciative glede razmer na meji s Hrva\u0161ko napovedal ve\u010djo prisotnost policistov in tudi vojakov na meji.","robots":{"index":"index","follow":"follow","max-snippet":"max-snippet:-1","max-image-preview":"max-image-preview:large","max-video-preview":"max-video-preview:-1"},"canonical":"https:\/\/hudo.com\/si\/aktualno\/sarec-napovedal-vecjo-prisotnost-policistov-vojakov-na-meji\/","og_locale":"sl_SI","og_type":"article","og_title":"\u0160arec napovedal ve\u010djo prisotnost policistov in vojakov na meji","og_description":"Premier Marjan \u0160arec je po sre\u010danju s predstavniki Ob\u010dine Ilirska Bistrica in civilne iniciative glede razmer na meji s Hrva\u0161ko napovedal ve\u010djo prisotnost policistov in tudi vojakov na meji.","og_url":"https:\/\/hudo.com\/si\/aktualno\/sarec-napovedal-vecjo-prisotnost-policistov-vojakov-na-meji\/","og_site_name":"Hudo Slovenija","article_publisher":"https:\/\/www.facebook.com\/hudo.si","article_published_time":"2019-07-08T10:26:53+00:00","og_image":[{"width":1250,"height":833,"url":"https:\/\/hudo.com\/si\/wp-content\/uploads\/sites\/2\/2016\/12\/profimedia-0035352272.jpg","type":"image\/jpeg"}],"author":"A. G., STA","twitter_card":"summary_large_image","twitter_creator":"@hudo_si","twitter_site":"@hudo_si","twitter_misc":{"Written by":"A. G., STA","Est. reading time":"1 minuta"},"schema":{"@context":"https:\/\/schema.org","@graph":[{"@type":"Article","@id":"https:\/\/hudo.com\/si\/aktualno\/sarec-napovedal-vecjo-prisotnost-policistov-vojakov-na-meji\/#article","isPartOf":{"@id":"https:\/\/hudo.com\/si\/aktualno\/sarec-napovedal-vecjo-prisotnost-policistov-vojakov-na-meji\/"},"author":{"name":"A. G., STA","@id":"https:\/\/hudo.com\/si\/#\/schema\/person\/2391667a63ea075ba94f2f2dc6b77537"},"headline":"\u0160arec napovedal ve\u010djo prisotnost policistov in vojakov na meji","datePublished":"2019-07-08T10:26:53+00:00","dateModified":"2019-07-08T10:26:53+00:00","mainEntityOfPage":{"@id":"https:\/\/hudo.com\/si\/aktualno\/sarec-napovedal-vecjo-prisotnost-policistov-vojakov-na-meji\/"},"wordCount":202,"publisher":{"@id":"https:\/\/hudo.com\/si\/#organization"},"keywords":["Marjan \u0160arec","migracije","Slovenija"],"articleSection":["Aktualno"],"inLanguage":"sl-SI"},{"@type":"WebPage","@id":"https:\/\/hudo.com\/si\/aktualno\/sarec-napovedal-vecjo-prisotnost-policistov-vojakov-na-meji\/","url":"https:\/\/hudo.com\/si\/aktualno\/sarec-napovedal-vecjo-prisotnost-policistov-vojakov-na-meji\/","name":"\u0160arec napovedal ve\u010djo prisotnost policistov in vojakov na meji","isPartOf":{"@id":"https:\/\/hudo.com\/si\/#website"},"datePublished":"2019-07-08T10:26:53+00:00","dateModified":"2019-07-08T10:26:53+00:00","description":"Premier Marjan \u0160arec je po sre\u010danju s predstavniki Ob\u010dine Ilirska Bistrica in civilne iniciative glede razmer na meji s Hrva\u0161ko napovedal ve\u010djo prisotnost policistov in tudi vojakov na meji.","breadcrumb":{"@id":"https:\/\/hudo.com\/si\/aktualno\/sarec-napovedal-vecjo-prisotnost-policistov-vojakov-na-meji\/#breadcrumb"},"inLanguage":"sl-SI","potentialAction":[{"@type":"ReadAction","target":["https:\/\/hudo.com\/si\/aktualno\/sarec-napovedal-vecjo-prisotnost-policistov-vojakov-na-meji\/"]}]},{"@type":"BreadcrumbList","@id":"https:\/\/hudo.com\/si\/aktualno\/sarec-napovedal-vecjo-prisotnost-policistov-vojakov-na-meji\/#breadcrumb","itemListElement":[{"@type":"ListItem","position":1,"name":"Home","item":"https:\/\/hudo.com\/si\/"},{"@type":"ListItem","position":2,"name":"\u0160arec napovedal ve\u010djo prisotnost policistov in vojakov na meji"}]},{"@type":"WebSite","@id":"https:\/\/hudo.com\/si\/#website","url":"https:\/\/hudo.com\/si\/","name":"Hudo Slovenija","description":"Vse novice iz Slovenije in sveta","publisher":{"@id":"https:\/\/hudo.com\/si\/#organization"},"potentialAction":[{"@type":"SearchAction","target":{"@type":"EntryPoint","urlTemplate":"https:\/\/hudo.com\/si\/?s={search_term_string}"},"query-input":"required name=search_term_string"}],"inLanguage":"sl-SI"},{"@type":"Organization","@id":"https:\/\/hudo.com\/si\/#organization","name":"VSN Media","url":"https:\/\/hudo.com\/si\/","logo":{"@type":"ImageObject","inLanguage":"sl-SI","@id":"https:\/\/hudo.com\/si\/#\/schema\/logo\/image\/","url":"https:\/\/hudo.com\/si\/wp-content\/uploads\/sites\/2\/2021\/03\/hudo-app-2.png","contentUrl":"https:\/\/hudo.com\/si\/wp-content\/uploads\/sites\/2\/2021\/03\/hudo-app-2.png","width":2185,"height":2167,"caption":"VSN Media"},"image":{"@id":"https:\/\/hudo.com\/si\/#\/schema\/logo\/image\/"},"sameAs":["https:\/\/www.facebook.com\/hudo.si","https:\/\/twitter.com\/hudo_si"]},{"@type":"Person","@id":"https:\/\/hudo.com\/si\/#\/schema\/person\/2391667a63ea075ba94f2f2dc6b77537","name":"A. G., STA","image":{"@type":"ImageObject","inLanguage":"sl-SI","@id":"https:\/\/hudo.com\/si\/#\/schema\/person\/image\/","url":"https:\/\/secure.gravatar.com\/avatar\/e13d22ac3e442658d5025fbbe6238a79?s=96&d=mm&r=g","contentUrl":"https:\/\/secure.gravatar.com\/avatar\/e13d22ac3e442658d5025fbbe6238a79?s=96&d=mm&r=g","caption":"A. G., STA"},"url":"https:\/\/hudo.com\/si\/author\/alenka\/"}]}},"amp_enabled":true,"_links":{"self":[{"href":"https:\/\/hudo.com\/si\/wp-json\/wp\/v2\/posts\/402036"}],"collection":[{"href":"https:\/\/hudo.com\/si\/wp-json\/wp\/v2\/posts"}],"about":[{"href":"https:\/\/hudo.com\/si\/wp-json\/wp\/v2\/types\/post"}],"author":[{"embeddable":true,"href":"https:\/\/hudo.com\/si\/wp-json\/wp\/v2\/users\/5"}],"replies":[{"embeddable":true,"href":"https:\/\/hudo.com\/si\/wp-json\/wp\/v2\/comments?post=402036"}],"version-history":[{"count":1,"href":"https:\/\/hudo.com\/si\/wp-json\/wp\/v2\/posts\/402036\/revisions"}],"predecessor-version":[{"id":402037,"href":"https:\/\/hudo.com\/si\/wp-json\/wp\/v2\/posts\/402036\/revisions\/402037"}],"wp:featuredmedia":[{"embeddable":true,"href":"https:\/\/hudo.com\/si\/wp-json\/wp\/v2\/media\/180026"}],"wp:attachment":[{"href":"https:\/\/hudo.com\/si\/wp-json\/wp\/v2\/media?parent=402036"}],"wp:term":[{"taxonomy":"category","embeddable":true,"href":"https:\/\/hudo.com\/si\/wp-json\/wp\/v2\/categories?post=402036"},{"taxonomy":"post_tag","embeddable":true,"href":"https:\/\/hudo.com\/si\/wp-json\/wp\/v2\/tags?post=402036"},{"taxonomy":"source","embeddable":true,"href":"https:\/\/hudo.com\/si\/wp-json\/wp\/v2\/source?post=402036"},{"taxonomy":"supertag","embeddable":true,"href":"https:\/\/hudo.com\/si\/wp-json\/wp\/v2\/supertag?post=402036"}],"curies":[{"name":"wp","href":"https:\/\/api.w.org\/{rel}","templated":true}]}}