{"id":402116,"date":"2019-07-09T09:22:44","date_gmt":"2019-07-09T07:22:44","guid":{"rendered":"https:\/\/hudo.com\/si\/2019\/07\/09\/zeliscna-vas-spoznajte-mladi-zeliscarki-ki-imata-cisto-svoj-poseben-caj-in-pripravljata-zanimive-zeliscne-delavnice\/"},"modified":"2019-07-09T09:22:44","modified_gmt":"2019-07-09T07:22:44","slug":"zeliscna-vas-spoznajte-mladi-zeliscarki-ki-imata-cisto-svoj-poseben-caj-in-pripravljata-zanimive-zeliscne-delavnice","status":"publish","type":"post","link":"https:\/\/hudo.com\/si\/zabava\/zeliscna-vas-spoznajte-mladi-zeliscarki-ki-imata-cisto-svoj-poseben-caj-in-pripravljata-zanimive-zeliscne-delavnice\/","title":{"rendered":"Zeli\u0161\u010dna vas: Spoznajte mladi zeli\u0161\u010darki, ki imata \u010disto svoj, poseben \u010daj in pripravljata zanimive zeli\u0161\u010dne delavnice"},"content":{"rendered":"<p><a href=\"https:\/\/zenska.hudo.com\/zanimivo\/zanimivosti\/zeliscna-vas-spoznajte-mladi-zeliscarki-ki-imata-cisto-svoj-poseben-caj-in-pripravljata-zanimive-zeliscne-delavnice\/galerija\/fb_img_1543301827641\/\" rel=\"attachment wp-att-286170\"><img loading=\"lazy\" decoding=\"async\" class=\"alignnone size-large wp-image-286170\" src=\"https:\/\/zenska.hudo.com\/files\/2019\/07\/fb_img_1543301827641-660x660.jpg\" alt=\"\" width=\"660\" height=\"660\" \/><\/a><\/p>\n<p>Sta Amanda Kladnik in Maja \u017derovnik iz <strong><a href=\"https:\/\/www.facebook.com\/Zeli%C5%A1%C4%8Dna-vas-289217365009982\/?__tn__=kC-R&amp;eid=ARBVOgzsL3tGUaRfl-l00YFCvlZ04SouABPo0R82vPbUxLHYad7brvJPMdJJSCbVDe3ywAeC7wR1veYC&amp;hc_ref=ARQnAIVTukp8EOCN4loxkZLKcCZbDIK-_-d06K3xo3QZOJzzRYAZWNSoF-sGzrkUWmQ&amp;fref=tag&amp;__xts__[0]=68.ARBihv_hDEdTEd95hQF-cfFmajWIxCd1jKrzsR2VKfLh2K6p7nGCq0SuVE9cIe3Xrm9ZkK_Z97n29SkQZQMeBJkF-qTWSvnzpL2lB8O-z0RNCrURmHj_0P-gAuGp_8kFJexrk03WxRNPGoFnvWoBx0zuRwk-hWUqDVy4f-9KY9EjVhYX-OqI78cyEIFc0sAjiEF4DLZijNXj6r2ZW7j_A0-lU674SKuS7YWE6Xdg5uilP7uKz3-s15Wte7RbE1Ws8rfBJ-77goSKmxqANfYZk7xJtt6cdJQclLkTaeiz2GcfOyDwQv9wJ1QubMXecESm6x838C1jrTxo_CyVN2vGhpA8LOmgfhyeQ1KEvuTenL7ey4DW-AuBgbs65PxBMqyTkRTSZYWshWq7RjJggzRXJ1ZGKgpvhiK5xYyoSlvqWYVR\" target=\"_blank\">Zeli\u0161\u010dne vasi <\/a><\/strong>Gornji Grad. Sta zeli\u0161\u010darki in pripovedovalki zgodb, skrbnici zeli\u0161\u010dnega vrta sv. Benedikta ob gornjegrajski katedrali ter zeli\u0161\u010darne Stara po\u0161ta na trgu v Gornjem Gradu.<\/p>\n<p>Kot pravita, pri svojem delu dajeta prednost kvaliteti pred kvantiteto, zato gre vse mogo\u010de na prvi pogled po\u010dasi. Ampak vse, kar delata, delata s pomenom in vizijo. Le malo stvari prepu\u0161\u010data naklju\u010dju. Najun prvi zeli\u0161\u010dni izdelek je \u010daj, <strong><a href=\"https:\/\/www.facebook.com\/babacaj\/\" target=\"_blank\">Baba \u010daj<\/a><\/strong>. Izvajata tudi zanimive zeli\u0161\u010dne delavnice, izobra\u017eevanja, sprehode skozi travnike in hribe, vezane na zeli\u0161\u010da, njihovo uporabo, njihove zgodbe ter njihov pomen. Njune delavnice so kot njun \u010daj. \u017divopisane, rado\u017eive in sve\u017ee. Najbolj jima je na ko\u017eo pisana \u010cajanka. Amanda se je izbra\u017eevala v Avstiji na TEH. To izobra\u017eevanjeje pod Unesco-vo za\u0161\u010dito nesnovne dedi\u0161\u010dine. Maja pa je pridobila certifikat NPK Zeli\u0161\u010darka pridelovalka.<\/p>\n<p><a href=\"https:\/\/zenska.hudo.com\/zanimivo\/zanimivosti\/zeliscna-vas-spoznajte-mladi-zeliscarki-ki-imata-cisto-svoj-poseben-caj-in-pripravljata-zanimive-zeliscne-delavnice\/galerija\/fb_img_1549472743399\/\" rel=\"attachment wp-att-286168\"><img loading=\"lazy\" decoding=\"async\" class=\"alignnone size-large wp-image-286168\" src=\"https:\/\/zenska.hudo.com\/files\/2019\/07\/fb_img_1549472743399-660x440.jpg\" alt=\"\" width=\"660\" height=\"440\" \/><\/a><\/p>\n<h2>Trudita se najti in ustvariti svoje mesto na vasi<\/h2>\n<p>Amanda in Maja sta tudi soustanoviteljici zavoda Mesto na vasi s sede\u017eem v Gornjem Gradu. In zakaj ime zavoda Mesto na vasi? Kot pravita, se pri poslu lahko podredimo trgu in njegovim instantnim potrebam ali pa prisluhnemo sebi. Onidve sta prisluhnili sebi in doma\u010demu kraju. Amando je \u017ee pred \u010dasom za\u010daral svet zeli\u0161\u010d, ljubezen pa jo je pripeljala v Gornji Grad. Za\u010dela ga je odkrivati in spoznala, da je to kraj z izjemnim, a neizkori\u0161\u010denim potencialom. Majo pa je od malih nog o\u010daral svoj doma\u010di kraj s svojo zgodbo in skritimi koti\u010dki. Ve\u010d, ko je potovala, lep\u0161e je bilo doma in bolj ga je znala ceniti. Obe sta ugotovili, da v tem kraju ne bi samo bivali, ampak da si \u017eelita tu tudi delati in ustvarjali. Da si \u017eelita v Gornjem Gradu \u017diveti. Za to pa sta si morali popolnoma sami in na novo ustvariti zdravo delovno okolje. Dobesedno sta zaorali ledino. Ustanovili sta zavod z imenom Mesto na vasi. Zato, ker je Gornji Grad pred drugo svetovno vojno celo pridobil mestne pravice ter zato, ker se trudita najti in ustvariti svoje mesto na vasi.<\/p>\n<p><a href=\"https:\/\/zenska.hudo.com\/zanimivo\/zanimivosti\/zeliscna-vas-spoznajte-mladi-zeliscarki-ki-imata-cisto-svoj-poseben-caj-in-pripravljata-zanimive-zeliscne-delavnice\/galerija\/img_20190624_181647\/\" rel=\"attachment wp-att-286165\"><img loading=\"lazy\" decoding=\"async\" class=\"alignnone size-large wp-image-286165\" src=\"https:\/\/zenska.hudo.com\/files\/2019\/07\/img_20190624_181647-660x495.jpg\" alt=\"\" width=\"660\" height=\"495\" \/><\/a><\/p>\n<h2>Vzamite si \u010das za skodelico \u010daja!<\/h2>\n<p>Zakaj vrt sv. Benedikta? Gornji Grad je mali kraj, a s pestro zgodovino. Danes rahlo zaspan. A mogo\u010dna bela baro\u010dna katedrala \u0161e danes ka\u017ee na njegovo pomembno vlogo. Neko\u010d so tu \u017eiveli Ljubljanski \u0161kofje. \u0160e pred njim pa so na tem ozemlju gospodarili benediktinci. 333-letna zgodovina \u017eivljenja menihov je danes zabrisana. Zeli\u0161\u010dni vrt je poklon temu obdobju, ki je bil pomemben za razvoj ne samo Gornjega Grada, ampak tudi celotne Zgornje Savinjske doline in \u0161e \u0161ir\u0161ega obmo\u010dja. S svojo zasnovo objame katedralo, obiskovalca pa ponese med gredice, v popolnoma drug svet. Zeli\u0161\u010da ne\u017eno \u0161epetajo zgodbe. \u010ce jim prisluhnemo jih spoznamo in s tem spoznamo sami sebe. Zakaj zeli\u0161\u010darni ime Stara po\u0161ta? Preprosto, ker je nazadnje tu res obratovala po\u0161ta.<\/p>\n<p>Zakaj BABA \u010daj? \u017de na\u0161i predniki so poznali tri duhovne stopnje razvoja mo\u0161kega ter \u017eenske. Mo\u0161ki naj bi bili sprva de\u010dki, nato bojevniki in nazadnje modreci. V domeni modrecev sta bila mo\u010d in me\u010d. \u017denske so bile sprva deklice, nato \u017eene in na najvi\u0161ji stopnji babe. V domeni bab sta bila srce in intuicija. In prav srce in intuicija bab sta bila v sodelovanju z mo\u010djo in me\u010dem modrecev odli\u010dna kombinacija za ravnovesje sveta. In to je lepa misel in popotnica skodelici doma\u010dega Baba \u010daja in tistemu, ki si zanjo vzame \u010das.<\/p>\n<p><a href=\"https:\/\/zenska.hudo.com\/zanimivo\/zanimivosti\/zeliscna-vas-spoznajte-mladi-zeliscarki-ki-imata-cisto-svoj-poseben-caj-in-pripravljata-zanimive-zeliscne-delavnice\/galerija\/fb_img_1531295972821\/\" rel=\"attachment wp-att-286169\"><img loading=\"lazy\" decoding=\"async\" class=\"alignnone size-large wp-image-286169\" src=\"https:\/\/zenska.hudo.com\/files\/2019\/07\/fb_img_1531295972821-660x442.jpg\" alt=\"\" width=\"660\" height=\"442\" \/><\/a><\/p>\n<h2>Povezava preteklosti s sedanjostjo in z mislijo na prihodnost<\/h2>\n<p>Zakaj znamka <strong><a href=\"https:\/\/www.facebook.com\/Zeli%C5%A1%C4%8Dna-vas-289217365009982\/?__tn__=kC-R&amp;eid=ARBVOgzsL3tGUaRfl-l00YFCvlZ04SouABPo0R82vPbUxLHYad7brvJPMdJJSCbVDe3ywAeC7wR1veYC&amp;hc_ref=ARQnAIVTukp8EOCN4loxkZLKcCZbDIK-_-d06K3xo3QZOJzzRYAZWNSoF-sGzrkUWmQ&amp;fref=tag&amp;__xts__[0]=68.ARBihv_hDEdTEd95hQF-cfFmajWIxCd1jKrzsR2VKfLh2K6p7nGCq0SuVE9cIe3Xrm9ZkK_Z97n29SkQZQMeBJkF-qTWSvnzpL2lB8O-z0RNCrURmHj_0P-gAuGp_8kFJexrk03WxRNPGoFnvWoBx0zuRwk-hWUqDVy4f-9KY9EjVhYX-OqI78cyEIFc0sAjiEF4DLZijNXj6r2ZW7j_A0-lU674SKuS7YWE6Xdg5uilP7uKz3-s15Wte7RbE1Ws8rfBJ-77goSKmxqANfYZk7xJtt6cdJQclLkTaeiz2GcfOyDwQv9wJ1QubMXecESm6x838C1jrTxo_CyVN2vGhpA8LOmgfhyeQ1KEvuTenL7ey4DW-AuBgbs65PxBMqyTkRTSZYWshWq7RjJggzRXJ1ZGKgpvhiK5xYyoSlvqWYVR\" target=\"_blank\">Zeli\u0161\u010dna vas<\/a><\/strong>? Majhen kraj brez zdravega jedra te\u017eje za\u017eivi, du\u0161a kraja pa smo ljudje. Ideja zeli\u0161\u010dnih vrtov temelji na medgeneracijskem spo\u0161tovanju, sodelovanju in povezovanju ter vsesplo\u0161nemu dvigu kvalitete bivanja. Gre za povezavo preteklosti s sedanjostjo in z mislijo na prihodnost. Njuna \u017eelja je, da se Gornji Grad, ta \u010daroben a zapostavljen in od mnogih pozabljen kraj v Zgornjesavinjski dolini zbudi in ponovno za\u017eivi. Da za\u017eivi v duhu Zeli\u0161\u010dne vasi. Zeli\u0161\u010da so sila preprosta in \u010darobna stvar. So izjemno izhodi\u0161\u010de za povezovanje in sodelovanje, zanimiva za razvoj produktov ter turizma ter z njih pomo\u010djo oblikovanja novih delovnih mest znotraj kraja in doline.<\/p>\n<h2>Pustite se popeljati v \u017eivopisani svet zeli\u0161\u010d<\/h2>\n<p>V prijetnem doma\u010dem okolju prav v sredi\u0161\u010du Gornjega Grada, na zadnji strani mogo\u010dne bele baro\u010dne katedrale, je Amandin in Majin vrt. Tu se lahko sprehodite med gredicami ter zeli\u0161\u010di in u\u017eivate v njihovi o\u010darljivi dru\u017ebi, se pou\u010dite o tradicionalnih zeli\u0161\u010dih, njihovemu pomenu in uporabi ter prisluhnete njihovim zgodbam. Njune delavnice so kot njun \u010daj. \u017divopisane, rado\u017eive in sve\u017ee. Primerne so za posameznike, dru\u017eine, skupine otrok, odraslih ter team buildinge. Njihova posebnost je individualni pristop ter prilagodljivost lokaciji ter skupini.<\/p>\n<p>Dekleti pripravljata tudi <strong>\u010dajanke<\/strong> in vabita k temu, da se prepustimo zeli\u0161\u010dnemu \u010daju in njegovim zgodbam, ter zeli\u0161\u010dne sprehode, med katerimi\u00a0spoznamo zeli\u0161\u010da, u\u017eitne rastline ter plevel, ki ni plevel. Pripravljata tudi delavnice z naslovom <strong>Kadila iz zakladnice narave<\/strong>, na kateri\u00a0boste spoznali katera zeli\u0161\u010da so neko\u010d uporabljali kot kadila ter njihov pomen in zgodbe, ter <strong>Zeli\u0161\u010dno do\u017eivetje<\/strong>, ki je sprehod po\u00a0zeli\u0161\u010dnih vrtovih, kjer spoznamo in se spoprijateljimo s parimi zeli\u0161\u010di in njihovimi zgodbami, \u010darovni\u0161ko rabo, njih (ne)u\u017eitnostjo ter u\u010dinkovinami. Do\u017eivetje se zaklju\u010di v zeli\u0161\u010darni Stara po\u0161ta, kjer po tradicionalnem receptu na\u0161ih prednikov ter z lokalnimi sestavinami izdelamo preprosto &#8220;\u017eaubo&#8221;. Vsak udele\u017eenec dobi svojo za domov. <strong>Kdaj:<\/strong> od maja do oktobra v vseh vremenskih prilikah in neprilikah <strong>Kje:<\/strong> zeli\u0161\u010dni vrt ob katedrali, zeli\u0161\u010darna Stara po\u0161ta <strong>Trajanje:<\/strong> 1.5 &#8211; 2h<\/p>\n<p><a href=\"https:\/\/zenska.hudo.com\/zanimivo\/zanimivosti\/zeliscna-vas-spoznajte-mladi-zeliscarki-ki-imata-cisto-svoj-poseben-caj-in-pripravljata-zanimive-zeliscne-delavnice\/galerija\/img_4630\/\" rel=\"attachment wp-att-286166\"><img loading=\"lazy\" decoding=\"async\" class=\"alignnone size-large wp-image-286166\" src=\"https:\/\/zenska.hudo.com\/files\/2019\/07\/img_4630-e1562663607224-495x660.jpg\" alt=\"\" width=\"495\" height=\"660\" \/><\/a><\/p>\n<h2>Zeli\u0161\u010dna \u010darovnija<\/h2>\n<p>Njun namig za en \u017eivopisan dan v gornjem gradu! Pestra in dolga zgodovina Gornjega Grada se \u0161e danes vidi ter ob\u010duti. V sami vasi, v hi\u0161ah ter v ljudeh. Bela baro\u010dna katedrala, muzej &#8220;\u0160tekl&#8221; ter zeli\u0161\u010dni vrt s svojo neposredno okolico pripovedujejo prav posebne zgodbe, ki vas ponesejo po prostoru in skozi \u010das. Pridru\u017eite se Amandi in Maji in jim prisluhnite. Novo v njuni ponudbi pa je Gozdno kopanje, kjer se po\u00a0kratkem uvodu v gozdno\/zeli\u0161\u010dno kopanje podamo na pot v gozd. To ni botani\u010dni\/zeli\u0161\u010dni sprehod. To je sprehod, kjer se bomo prepustili gozdu in svojim \u010dutilom. Sprehod je sestavljen iz ve\u010dih povabil za senzori\u010dne aktivnosti. Zaklju\u010di se s \u010dajnim obredom. \u010caj se ponavadi pripravi iz sestavin nabranih med samim sprehodom. <strong>Kdaj:<\/strong> preko celega leta v vseh vremenskih prilikah in neprilikah <strong>Kje:<\/strong> gozdovi okoli Gornjega Grada ali zeli\u0161\u010dni vrt ob katedrali <strong>Trajanje:<\/strong> 2.5 -3h<\/p>\n<blockquote>\n<p><strong>Za konec dekleti \u0161e sporo\u010data: Zeli\u0161\u010dna vas ni ve\u010d samo znamka. Midve \u017eiviva v njej. Postala je najin na\u010din \u017eivljenja.<\/strong><\/p>\n<\/blockquote>\n<p><strong><a href=\"https:\/\/www.facebook.com\/Zeli%C5%A1%C4%8Dna-vas-289217365009982\/?__tn__=kC-R&amp;eid=ARBVOgzsL3tGUaRfl-l00YFCvlZ04SouABPo0R82vPbUxLHYad7brvJPMdJJSCbVDe3ywAeC7wR1veYC&amp;hc_ref=ARQnAIVTukp8EOCN4loxkZLKcCZbDIK-_-d06K3xo3QZOJzzRYAZWNSoF-sGzrkUWmQ&amp;fref=tag&amp;__xts__[0]=68.ARBihv_hDEdTEd95hQF-cfFmajWIxCd1jKrzsR2VKfLh2K6p7nGCq0SuVE9cIe3Xrm9ZkK_Z97n29SkQZQMeBJkF-qTWSvnzpL2lB8O-z0RNCrURmHj_0P-gAuGp_8kFJexrk03WxRNPGoFnvWoBx0zuRwk-hWUqDVy4f-9KY9EjVhYX-OqI78cyEIFc0sAjiEF4DLZijNXj6r2ZW7j_A0-lU674SKuS7YWE6Xdg5uilP7uKz3-s15Wte7RbE1Ws8rfBJ-77goSKmxqANfYZk7xJtt6cdJQclLkTaeiz2GcfOyDwQv9wJ1QubMXecESm6x838C1jrTxo_CyVN2vGhpA8LOmgfhyeQ1KEvuTenL7ey4DW-AuBgbs65PxBMqyTkRTSZYWshWq7RjJggzRXJ1ZGKgpvhiK5xYyoSlvqWYVR\" target=\"_blank\">Vse informacije najdete na facebook strani Zeli\u0161\u010da vas!<\/a><\/strong><\/p>\n","protected":false},"excerpt":{"rendered":"<p>Nekaj \u010darobnega in misti\u010dnega je v zeli\u0161\u010dih. S svojo raznolikostjo po\u017eivijo in obogatijo vsak gozdin travnik. Mimobe\u017eni popotnik jih z lahkoto spregleda. A tisti, ki ve in prepozna, jih ceni.<\/p>\n","protected":false},"author":1,"featured_media":0,"comment_status":"closed","ping_status":"closed","sticky":false,"template":"","format":"standard","meta":{"footnotes":""},"categories":[1095],"tags":[14174,14175,5532,14176,14177,12529,2535,14178],"source":[1351,1466,1334],"supertag":[],"acf":[],"yoast_head":"<!-- This site is optimized with the Yoast SEO plugin v21.3 - https:\/\/yoast.com\/wordpress\/plugins\/seo\/ -->\n<title>Zeli\u0161\u010dna vas: Spoznajte mladi zeli\u0161\u010darki, ki imata \u010disto svoj, poseben \u010daj in pripravljata zanimive zeli\u0161\u010dne delavnice - Hudo Slovenija<\/title>\n<meta name=\"robots\" content=\"index, follow, max-snippet:-1, max-image-preview:large, max-video-preview:-1\" \/>\n<link rel=\"canonical\" href=\"https:\/\/hudo.com\/si\/zabava\/zeliscna-vas-spoznajte-mladi-zeliscarki-ki-imata-cisto-svoj-poseben-caj-in-pripravljata-zanimive-zeliscne-delavnice\/\" \/>\n<meta property=\"og:locale\" content=\"sl_SI\" \/>\n<meta property=\"og:type\" content=\"article\" \/>\n<meta property=\"og:title\" content=\"Zeli\u0161\u010dna vas: Spoznajte mladi zeli\u0161\u010darki, ki imata \u010disto svoj, poseben \u010daj in pripravljata zanimive zeli\u0161\u010dne delavnice - Hudo Slovenija\" \/>\n<meta property=\"og:description\" content=\"Nekaj \u010darobnega in misti\u010dnega je v zeli\u0161\u010dih. S svojo raznolikostjo po\u017eivijo in obogatijo vsak gozdin travnik. Mimobe\u017eni popotnik jih z lahkoto spregleda. A tisti, ki ve in prepozna, jih ceni.\" \/>\n<meta property=\"og:url\" content=\"https:\/\/hudo.com\/si\/zabava\/zeliscna-vas-spoznajte-mladi-zeliscarki-ki-imata-cisto-svoj-poseben-caj-in-pripravljata-zanimive-zeliscne-delavnice\/\" \/>\n<meta property=\"og:site_name\" content=\"Hudo Slovenija\" \/>\n<meta property=\"article:publisher\" content=\"https:\/\/www.facebook.com\/hudo.si\" \/>\n<meta property=\"article:published_time\" content=\"2019-07-09T07:22:44+00:00\" \/>\n<meta property=\"og:image\" content=\"https:\/\/hudo.com\/si\/wp-content\/uploads\/sites\/2\/2019\/07\/fb_img_1558284590656.jpg\" \/>\n\t<meta property=\"og:image:width\" content=\"1137\" \/>\n\t<meta property=\"og:image:height\" content=\"640\" \/>\n\t<meta property=\"og:image:type\" content=\"image\/jpeg\" \/>\n<meta name=\"author\" content=\"hudo\" \/>\n<meta name=\"twitter:card\" content=\"summary_large_image\" \/>\n<meta name=\"twitter:creator\" content=\"@hudo_si\" \/>\n<meta name=\"twitter:site\" content=\"@hudo_si\" \/>\n<meta name=\"twitter:label1\" content=\"Written by\" \/>\n\t<meta name=\"twitter:data1\" content=\"hudo\" \/>\n\t<meta name=\"twitter:label2\" content=\"Est. reading time\" \/>\n\t<meta name=\"twitter:data2\" content=\"6 minut\" \/>\n<script type=\"application\/ld+json\" class=\"yoast-schema-graph\">{\"@context\":\"https:\/\/schema.org\",\"@graph\":[{\"@type\":\"Article\",\"@id\":\"https:\/\/hudo.com\/si\/zabava\/zeliscna-vas-spoznajte-mladi-zeliscarki-ki-imata-cisto-svoj-poseben-caj-in-pripravljata-zanimive-zeliscne-delavnice\/#article\",\"isPartOf\":{\"@id\":\"https:\/\/hudo.com\/si\/zabava\/zeliscna-vas-spoznajte-mladi-zeliscarki-ki-imata-cisto-svoj-poseben-caj-in-pripravljata-zanimive-zeliscne-delavnice\/\"},\"author\":{\"name\":\"hudo\",\"@id\":\"https:\/\/hudo.com\/si\/#\/schema\/person\/601cf3379633985b20f7e50f2bb47707\"},\"headline\":\"Zeli\u0161\u010dna vas: Spoznajte mladi zeli\u0161\u010darki, ki imata \u010disto svoj, poseben \u010daj in pripravljata zanimive zeli\u0161\u010dne delavnice\",\"datePublished\":\"2019-07-09T07:22:44+00:00\",\"dateModified\":\"2019-07-09T07:22:44+00:00\",\"mainEntityOfPage\":{\"@id\":\"https:\/\/hudo.com\/si\/zabava\/zeliscna-vas-spoznajte-mladi-zeliscarki-ki-imata-cisto-svoj-poseben-caj-in-pripravljata-zanimive-zeliscne-delavnice\/\"},\"wordCount\":1181,\"publisher\":{\"@id\":\"https:\/\/hudo.com\/si\/#organization\"},\"keywords\":[\"Amanda Kladnik\",\"Baba \u010daj\",\"\u010daj\",\"Gornji Grad\",\"Maja \u017derovnik\",\"slovenski izdelki\",\"zeli\u0161\u010da\",\"Zeli\u0161\u010dna vas\"],\"articleSection\":[\"Zabava\"],\"inLanguage\":\"sl-SI\"},{\"@type\":\"WebPage\",\"@id\":\"https:\/\/hudo.com\/si\/zabava\/zeliscna-vas-spoznajte-mladi-zeliscarki-ki-imata-cisto-svoj-poseben-caj-in-pripravljata-zanimive-zeliscne-delavnice\/\",\"url\":\"https:\/\/hudo.com\/si\/zabava\/zeliscna-vas-spoznajte-mladi-zeliscarki-ki-imata-cisto-svoj-poseben-caj-in-pripravljata-zanimive-zeliscne-delavnice\/\",\"name\":\"Zeli\u0161\u010dna vas: Spoznajte mladi zeli\u0161\u010darki, ki imata \u010disto svoj, poseben \u010daj in pripravljata zanimive zeli\u0161\u010dne delavnice - Hudo Slovenija\",\"isPartOf\":{\"@id\":\"https:\/\/hudo.com\/si\/#website\"},\"datePublished\":\"2019-07-09T07:22:44+00:00\",\"dateModified\":\"2019-07-09T07:22:44+00:00\",\"breadcrumb\":{\"@id\":\"https:\/\/hudo.com\/si\/zabava\/zeliscna-vas-spoznajte-mladi-zeliscarki-ki-imata-cisto-svoj-poseben-caj-in-pripravljata-zanimive-zeliscne-delavnice\/#breadcrumb\"},\"inLanguage\":\"sl-SI\",\"potentialAction\":[{\"@type\":\"ReadAction\",\"target\":[\"https:\/\/hudo.com\/si\/zabava\/zeliscna-vas-spoznajte-mladi-zeliscarki-ki-imata-cisto-svoj-poseben-caj-in-pripravljata-zanimive-zeliscne-delavnice\/\"]}]},{\"@type\":\"BreadcrumbList\",\"@id\":\"https:\/\/hudo.com\/si\/zabava\/zeliscna-vas-spoznajte-mladi-zeliscarki-ki-imata-cisto-svoj-poseben-caj-in-pripravljata-zanimive-zeliscne-delavnice\/#breadcrumb\",\"itemListElement\":[{\"@type\":\"ListItem\",\"position\":1,\"name\":\"Home\",\"item\":\"https:\/\/hudo.com\/si\/\"},{\"@type\":\"ListItem\",\"position\":2,\"name\":\"Zeli\u0161\u010dna vas: Spoznajte mladi zeli\u0161\u010darki, ki imata \u010disto svoj, poseben \u010daj in pripravljata zanimive zeli\u0161\u010dne delavnice\"}]},{\"@type\":\"WebSite\",\"@id\":\"https:\/\/hudo.com\/si\/#website\",\"url\":\"https:\/\/hudo.com\/si\/\",\"name\":\"Hudo Slovenija\",\"description\":\"Vse novice iz Slovenije in sveta\",\"publisher\":{\"@id\":\"https:\/\/hudo.com\/si\/#organization\"},\"potentialAction\":[{\"@type\":\"SearchAction\",\"target\":{\"@type\":\"EntryPoint\",\"urlTemplate\":\"https:\/\/hudo.com\/si\/?s={search_term_string}\"},\"query-input\":\"required name=search_term_string\"}],\"inLanguage\":\"sl-SI\"},{\"@type\":\"Organization\",\"@id\":\"https:\/\/hudo.com\/si\/#organization\",\"name\":\"VSN Media\",\"url\":\"https:\/\/hudo.com\/si\/\",\"logo\":{\"@type\":\"ImageObject\",\"inLanguage\":\"sl-SI\",\"@id\":\"https:\/\/hudo.com\/si\/#\/schema\/logo\/image\/\",\"url\":\"https:\/\/hudo.com\/si\/wp-content\/uploads\/sites\/2\/2021\/03\/hudo-app-2.png\",\"contentUrl\":\"https:\/\/hudo.com\/si\/wp-content\/uploads\/sites\/2\/2021\/03\/hudo-app-2.png\",\"width\":2185,\"height\":2167,\"caption\":\"VSN Media\"},\"image\":{\"@id\":\"https:\/\/hudo.com\/si\/#\/schema\/logo\/image\/\"},\"sameAs\":[\"https:\/\/www.facebook.com\/hudo.si\",\"https:\/\/twitter.com\/hudo_si\"]},{\"@type\":\"Person\",\"@id\":\"https:\/\/hudo.com\/si\/#\/schema\/person\/601cf3379633985b20f7e50f2bb47707\",\"name\":\"hudo\",\"image\":{\"@type\":\"ImageObject\",\"inLanguage\":\"sl-SI\",\"@id\":\"https:\/\/hudo.com\/si\/#\/schema\/person\/image\/\",\"url\":\"https:\/\/secure.gravatar.com\/avatar\/c4ca25fa72cace7a696b52ff5db9e095?s=96&d=mm&r=g\",\"contentUrl\":\"https:\/\/secure.gravatar.com\/avatar\/c4ca25fa72cace7a696b52ff5db9e095?s=96&d=mm&r=g\",\"caption\":\"hudo\"},\"url\":\"https:\/\/hudo.com\/si\/author\/hudo\/\"}]}<\/script>\n<!-- \/ Yoast SEO plugin. -->","yoast_head_json":{"title":"Zeli\u0161\u010dna vas: Spoznajte mladi zeli\u0161\u010darki, ki imata \u010disto svoj, poseben \u010daj in pripravljata zanimive zeli\u0161\u010dne delavnice - Hudo Slovenija","robots":{"index":"index","follow":"follow","max-snippet":"max-snippet:-1","max-image-preview":"max-image-preview:large","max-video-preview":"max-video-preview:-1"},"canonical":"https:\/\/hudo.com\/si\/zabava\/zeliscna-vas-spoznajte-mladi-zeliscarki-ki-imata-cisto-svoj-poseben-caj-in-pripravljata-zanimive-zeliscne-delavnice\/","og_locale":"sl_SI","og_type":"article","og_title":"Zeli\u0161\u010dna vas: Spoznajte mladi zeli\u0161\u010darki, ki imata \u010disto svoj, poseben \u010daj in pripravljata zanimive zeli\u0161\u010dne delavnice - Hudo Slovenija","og_description":"Nekaj \u010darobnega in misti\u010dnega je v zeli\u0161\u010dih. S svojo raznolikostjo po\u017eivijo in obogatijo vsak gozdin travnik. Mimobe\u017eni popotnik jih z lahkoto spregleda. A tisti, ki ve in prepozna, jih ceni.","og_url":"https:\/\/hudo.com\/si\/zabava\/zeliscna-vas-spoznajte-mladi-zeliscarki-ki-imata-cisto-svoj-poseben-caj-in-pripravljata-zanimive-zeliscne-delavnice\/","og_site_name":"Hudo Slovenija","article_publisher":"https:\/\/www.facebook.com\/hudo.si","article_published_time":"2019-07-09T07:22:44+00:00","og_image":[{"width":1137,"height":640,"url":"https:\/\/hudo.com\/si\/wp-content\/uploads\/sites\/2\/2019\/07\/fb_img_1558284590656.jpg","type":"image\/jpeg"}],"author":"hudo","twitter_card":"summary_large_image","twitter_creator":"@hudo_si","twitter_site":"@hudo_si","twitter_misc":{"Written by":"hudo","Est. reading time":"6 minut"},"schema":{"@context":"https:\/\/schema.org","@graph":[{"@type":"Article","@id":"https:\/\/hudo.com\/si\/zabava\/zeliscna-vas-spoznajte-mladi-zeliscarki-ki-imata-cisto-svoj-poseben-caj-in-pripravljata-zanimive-zeliscne-delavnice\/#article","isPartOf":{"@id":"https:\/\/hudo.com\/si\/zabava\/zeliscna-vas-spoznajte-mladi-zeliscarki-ki-imata-cisto-svoj-poseben-caj-in-pripravljata-zanimive-zeliscne-delavnice\/"},"author":{"name":"hudo","@id":"https:\/\/hudo.com\/si\/#\/schema\/person\/601cf3379633985b20f7e50f2bb47707"},"headline":"Zeli\u0161\u010dna vas: Spoznajte mladi zeli\u0161\u010darki, ki imata \u010disto svoj, poseben \u010daj in pripravljata zanimive zeli\u0161\u010dne delavnice","datePublished":"2019-07-09T07:22:44+00:00","dateModified":"2019-07-09T07:22:44+00:00","mainEntityOfPage":{"@id":"https:\/\/hudo.com\/si\/zabava\/zeliscna-vas-spoznajte-mladi-zeliscarki-ki-imata-cisto-svoj-poseben-caj-in-pripravljata-zanimive-zeliscne-delavnice\/"},"wordCount":1181,"publisher":{"@id":"https:\/\/hudo.com\/si\/#organization"},"keywords":["Amanda Kladnik","Baba \u010daj","\u010daj","Gornji Grad","Maja \u017derovnik","slovenski izdelki","zeli\u0161\u010da","Zeli\u0161\u010dna vas"],"articleSection":["Zabava"],"inLanguage":"sl-SI"},{"@type":"WebPage","@id":"https:\/\/hudo.com\/si\/zabava\/zeliscna-vas-spoznajte-mladi-zeliscarki-ki-imata-cisto-svoj-poseben-caj-in-pripravljata-zanimive-zeliscne-delavnice\/","url":"https:\/\/hudo.com\/si\/zabava\/zeliscna-vas-spoznajte-mladi-zeliscarki-ki-imata-cisto-svoj-poseben-caj-in-pripravljata-zanimive-zeliscne-delavnice\/","name":"Zeli\u0161\u010dna vas: Spoznajte mladi zeli\u0161\u010darki, ki imata \u010disto svoj, poseben \u010daj in pripravljata zanimive zeli\u0161\u010dne delavnice - Hudo Slovenija","isPartOf":{"@id":"https:\/\/hudo.com\/si\/#website"},"datePublished":"2019-07-09T07:22:44+00:00","dateModified":"2019-07-09T07:22:44+00:00","breadcrumb":{"@id":"https:\/\/hudo.com\/si\/zabava\/zeliscna-vas-spoznajte-mladi-zeliscarki-ki-imata-cisto-svoj-poseben-caj-in-pripravljata-zanimive-zeliscne-delavnice\/#breadcrumb"},"inLanguage":"sl-SI","potentialAction":[{"@type":"ReadAction","target":["https:\/\/hudo.com\/si\/zabava\/zeliscna-vas-spoznajte-mladi-zeliscarki-ki-imata-cisto-svoj-poseben-caj-in-pripravljata-zanimive-zeliscne-delavnice\/"]}]},{"@type":"BreadcrumbList","@id":"https:\/\/hudo.com\/si\/zabava\/zeliscna-vas-spoznajte-mladi-zeliscarki-ki-imata-cisto-svoj-poseben-caj-in-pripravljata-zanimive-zeliscne-delavnice\/#breadcrumb","itemListElement":[{"@type":"ListItem","position":1,"name":"Home","item":"https:\/\/hudo.com\/si\/"},{"@type":"ListItem","position":2,"name":"Zeli\u0161\u010dna vas: Spoznajte mladi zeli\u0161\u010darki, ki imata \u010disto svoj, poseben \u010daj in pripravljata zanimive zeli\u0161\u010dne delavnice"}]},{"@type":"WebSite","@id":"https:\/\/hudo.com\/si\/#website","url":"https:\/\/hudo.com\/si\/","name":"Hudo Slovenija","description":"Vse novice iz Slovenije in sveta","publisher":{"@id":"https:\/\/hudo.com\/si\/#organization"},"potentialAction":[{"@type":"SearchAction","target":{"@type":"EntryPoint","urlTemplate":"https:\/\/hudo.com\/si\/?s={search_term_string}"},"query-input":"required name=search_term_string"}],"inLanguage":"sl-SI"},{"@type":"Organization","@id":"https:\/\/hudo.com\/si\/#organization","name":"VSN Media","url":"https:\/\/hudo.com\/si\/","logo":{"@type":"ImageObject","inLanguage":"sl-SI","@id":"https:\/\/hudo.com\/si\/#\/schema\/logo\/image\/","url":"https:\/\/hudo.com\/si\/wp-content\/uploads\/sites\/2\/2021\/03\/hudo-app-2.png","contentUrl":"https:\/\/hudo.com\/si\/wp-content\/uploads\/sites\/2\/2021\/03\/hudo-app-2.png","width":2185,"height":2167,"caption":"VSN Media"},"image":{"@id":"https:\/\/hudo.com\/si\/#\/schema\/logo\/image\/"},"sameAs":["https:\/\/www.facebook.com\/hudo.si","https:\/\/twitter.com\/hudo_si"]},{"@type":"Person","@id":"https:\/\/hudo.com\/si\/#\/schema\/person\/601cf3379633985b20f7e50f2bb47707","name":"hudo","image":{"@type":"ImageObject","inLanguage":"sl-SI","@id":"https:\/\/hudo.com\/si\/#\/schema\/person\/image\/","url":"https:\/\/secure.gravatar.com\/avatar\/c4ca25fa72cace7a696b52ff5db9e095?s=96&d=mm&r=g","contentUrl":"https:\/\/secure.gravatar.com\/avatar\/c4ca25fa72cace7a696b52ff5db9e095?s=96&d=mm&r=g","caption":"hudo"},"url":"https:\/\/hudo.com\/si\/author\/hudo\/"}]}},"amp_enabled":true,"_links":{"self":[{"href":"https:\/\/hudo.com\/si\/wp-json\/wp\/v2\/posts\/402116"}],"collection":[{"href":"https:\/\/hudo.com\/si\/wp-json\/wp\/v2\/posts"}],"about":[{"href":"https:\/\/hudo.com\/si\/wp-json\/wp\/v2\/types\/post"}],"author":[{"embeddable":true,"href":"https:\/\/hudo.com\/si\/wp-json\/wp\/v2\/users\/1"}],"replies":[{"embeddable":true,"href":"https:\/\/hudo.com\/si\/wp-json\/wp\/v2\/comments?post=402116"}],"version-history":[{"count":0,"href":"https:\/\/hudo.com\/si\/wp-json\/wp\/v2\/posts\/402116\/revisions"}],"wp:attachment":[{"href":"https:\/\/hudo.com\/si\/wp-json\/wp\/v2\/media?parent=402116"}],"wp:term":[{"taxonomy":"category","embeddable":true,"href":"https:\/\/hudo.com\/si\/wp-json\/wp\/v2\/categories?post=402116"},{"taxonomy":"post_tag","embeddable":true,"href":"https:\/\/hudo.com\/si\/wp-json\/wp\/v2\/tags?post=402116"},{"taxonomy":"source","embeddable":true,"href":"https:\/\/hudo.com\/si\/wp-json\/wp\/v2\/source?post=402116"},{"taxonomy":"supertag","embeddable":true,"href":"https:\/\/hudo.com\/si\/wp-json\/wp\/v2\/supertag?post=402116"}],"curies":[{"name":"wp","href":"https:\/\/api.w.org\/{rel}","templated":true}]}}