{"id":402162,"date":"2019-07-10T11:08:45","date_gmt":"2019-07-10T09:08:45","guid":{"rendered":"http:\/\/hudo.com\/si\/?p=402162"},"modified":"2019-07-10T11:08:45","modified_gmt":"2019-07-10T09:08:45","slug":"avstralija-nacrtuje-referendum-o-priznanju-aboriginov-v-ustavi","status":"publish","type":"post","link":"https:\/\/hudo.com\/si\/aktualno\/avstralija-nacrtuje-referendum-o-priznanju-aboriginov-v-ustavi\/","title":{"rendered":"Avstralija na\u010drtuje referendum o priznanju aboriginov v ustavi"},"content":{"rendered":"<p>Canberra se sku\u0161a spraviti s potomci prvih \u010dlove\u0161kih naseljencev Avstralije, ki so na to celino prispeli okoli 65.000 let pred Britanci, a v avstralski ustavi niso priznani. Od okoli 23 milijonov prebivalcev Avstralije se jih 3,3 odstotka izreka za domorodce, poro\u010da britanski BBC.<\/p>\n<p>Po vseh dru\u017ebeno-ekonomskih kazalnikih \u017eivijo slab\u0161e od preostalih prebivalcev, med njimi je vi\u0161ja stopnja samomorilnosti, alkoholizma in dru\u017einskega nasilja. V primerjavi z ostalimi prebivalci imajo deset let kraj\u0161o \u017eivljenjsko dobo, predstavljajo tudi 27 odstotkov vseh zapornikov, pi\u0161e Reuters.<\/p>\n<p>Priznanje domorodnih prebivalcev v ustavi je trenutno v Avstraliji ena izmed ve\u010djih tem. Minister Wyatt je verjetno tudi v tej lu\u010di danes v televizijskem nagovoru sporo\u010dil, da bo pripravil in predlo\u017eil soglasni predlog za ustavno priznanje domorodnih prebivalcev, o katerem bo referendum potekal \u0161e v mandatu tega parlamenta.<\/p>\n<p>&#8220;Ustavno priznanje je preve\u010d pomembno, da bi pri njem smelo iti kaj narobe in da bi z njim hiteli,&#8221; je dodal minister, pristojen za domorodna vpra\u0161anja. Kot je \u0161e povedal, se je po nasvete \u017ee obrnil k svetu domorodnih voditeljev, govoriti pa namerava tudi s poslanci, in to vseh politi\u010dnih prepri\u010danj.<\/p>\n<p>Tudi vlada je po njegovih besedah zavezana priznanju domorodnih Avstralcev v ustavi. Za referendum je \u017ee namenila 160 milijonov avstralskih dolarjev. Podrobnosti o predlogu za spremembo ustave ali referendumu pa minister ni razkril, poro\u010da nem\u0161ka tiskovna agencija dpa.<\/p>\n<p>Referendume v Avstraliji izvajajo le redko. Od 44 referendumov, kolikor so jih v de\u017eeli tam spodaj izvedli od leta 1901, jih je bilo uspe\u0161nih le osem.<\/p>\n<p>Wyatt se namerava pri novem referendumu zgledovati po tistem iz leta 1967, na katerem so dr\u017eavljani izglasovali ustavno dopolnilo, na podlagi katerega so domorodne Avstralce vklju\u010dili v popis prebivalstva. Ti pred tem niso imeli volilne pravice.<\/p>\n<p>Wyatt je leta 2017 kot prvi aborigin zasedel polo\u017eaj avstralskega zveznega ministra. Tedaj je bil pristojen za oskrbo starej\u0161ih. Maja letos pa je postal prvi domorodni Avstralec, ki je postal minister za domorodne zadeve.<\/p>\n<p>Po njegovem mnenju morajo biti aborigini vklju\u010deni v politi\u010dno odlo\u010danje v dr\u017eavi, sploh ob dejstvu, da tudi sodobne politike, navkljub najbolj\u0161im namenom, \u0161e vedno temeljijo predvsem na pristopu od zgoraj navzdol oz. odlo\u010daj in nadziraj. &#8220;Kot da aboriginski prebivalci ne bi vedeli, kaj potrebujejo ali \u017eelijo,&#8221; je ob\u017ealoval.<\/p>\n<p>Ve\u010d kot 250 voditeljev domorodnih prebivalcev se je \u017ee leta 2017 se\u0161lo na zgodovinskem sre\u010danju, na katerem so terjali priznanje. Pri tem so pozvali tudi k oblikovanju v ustavi zapisanega svetovalnega organa oz. &#8220;glasu&#8221; v parlamentu.<\/p>\n<p>Ob tem so izrazili dvom, da bi lahko samo priznanje domorodnih ljudstev v ustavi v praksi prineslo kake prave u\u010dinke. Tedanja vlada je njihov predlog o svetovalnem organu zavrnila, \u010de\u0161 da bi to dejansko vodilo v oblikovanje tretjega doma parlamenta. Zaradi tega je bila tar\u010da kritik, pi\u0161e BBC.<\/p>\n","protected":false},"excerpt":{"rendered":"<p>Avstralija bo v prihodnjih treh letih izvedla referendum o spremembi ustave, tako da bi v njej lahko priznali domorodne prebivalce, je danes napovedal pristojni minister Ken Wyatt, ki je tudi prvi aborigin na tem polo\u017eaju. Za spremembo ustave je v Avstraliji potreben referendum.<\/p>\n","protected":false},"author":7,"featured_media":402163,"comment_status":"closed","ping_status":"closed","sticky":false,"template":"","format":"standard","meta":{"footnotes":""},"categories":[1179],"tags":[1906],"source":[4511],"supertag":[],"acf":[],"yoast_head":"<!-- This site is optimized with the Yoast SEO plugin v21.3 - https:\/\/yoast.com\/wordpress\/plugins\/seo\/ -->\n<title>Avstralija na\u010drtuje referendum o priznanju aboriginov v ustavi - Hudo Slovenija<\/title>\n<meta name=\"robots\" content=\"index, follow, max-snippet:-1, max-image-preview:large, max-video-preview:-1\" \/>\n<link rel=\"canonical\" href=\"https:\/\/hudo.com\/si\/aktualno\/avstralija-nacrtuje-referendum-o-priznanju-aboriginov-v-ustavi\/\" \/>\n<meta property=\"og:locale\" content=\"sl_SI\" \/>\n<meta property=\"og:type\" content=\"article\" \/>\n<meta property=\"og:title\" content=\"Avstralija na\u010drtuje referendum o priznanju aboriginov v ustavi - Hudo Slovenija\" \/>\n<meta property=\"og:description\" content=\"Avstralija bo v prihodnjih treh letih izvedla referendum o spremembi ustave, tako da bi v njej lahko priznali domorodne prebivalce, je danes napovedal pristojni minister Ken Wyatt, ki je tudi prvi aborigin na tem polo\u017eaju. Za spremembo ustave je v Avstraliji potreben referendum.\" \/>\n<meta property=\"og:url\" content=\"https:\/\/hudo.com\/si\/aktualno\/avstralija-nacrtuje-referendum-o-priznanju-aboriginov-v-ustavi\/\" \/>\n<meta property=\"og:site_name\" content=\"Hudo Slovenija\" \/>\n<meta property=\"article:publisher\" content=\"https:\/\/www.facebook.com\/hudo.si\" \/>\n<meta property=\"article:published_time\" content=\"2019-07-10T09:08:45+00:00\" \/>\n<meta property=\"og:image\" content=\"https:\/\/hudo.com\/si\/wp-content\/uploads\/sites\/2\/2019\/07\/profimedia-0353915799.jpg\" \/>\n\t<meta property=\"og:image:width\" content=\"1250\" \/>\n\t<meta property=\"og:image:height\" content=\"937\" \/>\n\t<meta property=\"og:image:type\" content=\"image\/jpeg\" \/>\n<meta name=\"author\" content=\"A. P., STA\" \/>\n<meta name=\"twitter:card\" content=\"summary_large_image\" \/>\n<meta name=\"twitter:creator\" content=\"@hudo_si\" \/>\n<meta name=\"twitter:site\" content=\"@hudo_si\" \/>\n<meta name=\"twitter:label1\" content=\"Written by\" \/>\n\t<meta name=\"twitter:data1\" content=\"A. P., STA\" \/>\n\t<meta name=\"twitter:label2\" content=\"Est. reading time\" \/>\n\t<meta name=\"twitter:data2\" content=\"2 minuti\" \/>\n<script type=\"application\/ld+json\" class=\"yoast-schema-graph\">{\"@context\":\"https:\/\/schema.org\",\"@graph\":[{\"@type\":\"Article\",\"@id\":\"https:\/\/hudo.com\/si\/aktualno\/avstralija-nacrtuje-referendum-o-priznanju-aboriginov-v-ustavi\/#article\",\"isPartOf\":{\"@id\":\"https:\/\/hudo.com\/si\/aktualno\/avstralija-nacrtuje-referendum-o-priznanju-aboriginov-v-ustavi\/\"},\"author\":{\"name\":\"A. P., STA\",\"@id\":\"https:\/\/hudo.com\/si\/#\/schema\/person\/18f09c02475ba9e606e941a565b80cff\"},\"headline\":\"Avstralija na\u010drtuje referendum o priznanju aboriginov v ustavi\",\"datePublished\":\"2019-07-10T09:08:45+00:00\",\"dateModified\":\"2019-07-10T09:08:45+00:00\",\"mainEntityOfPage\":{\"@id\":\"https:\/\/hudo.com\/si\/aktualno\/avstralija-nacrtuje-referendum-o-priznanju-aboriginov-v-ustavi\/\"},\"wordCount\":480,\"publisher\":{\"@id\":\"https:\/\/hudo.com\/si\/#organization\"},\"keywords\":[\"avstralija\"],\"articleSection\":[\"Aktualno\"],\"inLanguage\":\"sl-SI\"},{\"@type\":\"WebPage\",\"@id\":\"https:\/\/hudo.com\/si\/aktualno\/avstralija-nacrtuje-referendum-o-priznanju-aboriginov-v-ustavi\/\",\"url\":\"https:\/\/hudo.com\/si\/aktualno\/avstralija-nacrtuje-referendum-o-priznanju-aboriginov-v-ustavi\/\",\"name\":\"Avstralija na\u010drtuje referendum o priznanju aboriginov v ustavi - Hudo Slovenija\",\"isPartOf\":{\"@id\":\"https:\/\/hudo.com\/si\/#website\"},\"datePublished\":\"2019-07-10T09:08:45+00:00\",\"dateModified\":\"2019-07-10T09:08:45+00:00\",\"breadcrumb\":{\"@id\":\"https:\/\/hudo.com\/si\/aktualno\/avstralija-nacrtuje-referendum-o-priznanju-aboriginov-v-ustavi\/#breadcrumb\"},\"inLanguage\":\"sl-SI\",\"potentialAction\":[{\"@type\":\"ReadAction\",\"target\":[\"https:\/\/hudo.com\/si\/aktualno\/avstralija-nacrtuje-referendum-o-priznanju-aboriginov-v-ustavi\/\"]}]},{\"@type\":\"BreadcrumbList\",\"@id\":\"https:\/\/hudo.com\/si\/aktualno\/avstralija-nacrtuje-referendum-o-priznanju-aboriginov-v-ustavi\/#breadcrumb\",\"itemListElement\":[{\"@type\":\"ListItem\",\"position\":1,\"name\":\"Home\",\"item\":\"https:\/\/hudo.com\/si\/\"},{\"@type\":\"ListItem\",\"position\":2,\"name\":\"Avstralija na\u010drtuje referendum o priznanju aboriginov v ustavi\"}]},{\"@type\":\"WebSite\",\"@id\":\"https:\/\/hudo.com\/si\/#website\",\"url\":\"https:\/\/hudo.com\/si\/\",\"name\":\"Hudo Slovenija\",\"description\":\"Vse novice iz Slovenije in sveta\",\"publisher\":{\"@id\":\"https:\/\/hudo.com\/si\/#organization\"},\"potentialAction\":[{\"@type\":\"SearchAction\",\"target\":{\"@type\":\"EntryPoint\",\"urlTemplate\":\"https:\/\/hudo.com\/si\/?s={search_term_string}\"},\"query-input\":\"required name=search_term_string\"}],\"inLanguage\":\"sl-SI\"},{\"@type\":\"Organization\",\"@id\":\"https:\/\/hudo.com\/si\/#organization\",\"name\":\"VSN Media\",\"url\":\"https:\/\/hudo.com\/si\/\",\"logo\":{\"@type\":\"ImageObject\",\"inLanguage\":\"sl-SI\",\"@id\":\"https:\/\/hudo.com\/si\/#\/schema\/logo\/image\/\",\"url\":\"https:\/\/hudo.com\/si\/wp-content\/uploads\/sites\/2\/2021\/03\/hudo-app-2.png\",\"contentUrl\":\"https:\/\/hudo.com\/si\/wp-content\/uploads\/sites\/2\/2021\/03\/hudo-app-2.png\",\"width\":2185,\"height\":2167,\"caption\":\"VSN Media\"},\"image\":{\"@id\":\"https:\/\/hudo.com\/si\/#\/schema\/logo\/image\/\"},\"sameAs\":[\"https:\/\/www.facebook.com\/hudo.si\",\"https:\/\/twitter.com\/hudo_si\"]},{\"@type\":\"Person\",\"@id\":\"https:\/\/hudo.com\/si\/#\/schema\/person\/18f09c02475ba9e606e941a565b80cff\",\"name\":\"A. P., STA\",\"image\":{\"@type\":\"ImageObject\",\"inLanguage\":\"sl-SI\",\"@id\":\"https:\/\/hudo.com\/si\/#\/schema\/person\/image\/\",\"url\":\"https:\/\/secure.gravatar.com\/avatar\/03eac8e609f5f04383125d80eaeaaf3e?s=96&d=mm&r=g\",\"contentUrl\":\"https:\/\/secure.gravatar.com\/avatar\/03eac8e609f5f04383125d80eaeaaf3e?s=96&d=mm&r=g\",\"caption\":\"A. P., STA\"},\"url\":\"https:\/\/hudo.com\/si\/author\/lubu\/\"}]}<\/script>\n<!-- \/ Yoast SEO plugin. -->","yoast_head_json":{"title":"Avstralija na\u010drtuje referendum o priznanju aboriginov v ustavi - Hudo Slovenija","robots":{"index":"index","follow":"follow","max-snippet":"max-snippet:-1","max-image-preview":"max-image-preview:large","max-video-preview":"max-video-preview:-1"},"canonical":"https:\/\/hudo.com\/si\/aktualno\/avstralija-nacrtuje-referendum-o-priznanju-aboriginov-v-ustavi\/","og_locale":"sl_SI","og_type":"article","og_title":"Avstralija na\u010drtuje referendum o priznanju aboriginov v ustavi - Hudo Slovenija","og_description":"Avstralija bo v prihodnjih treh letih izvedla referendum o spremembi ustave, tako da bi v njej lahko priznali domorodne prebivalce, je danes napovedal pristojni minister Ken Wyatt, ki je tudi prvi aborigin na tem polo\u017eaju. Za spremembo ustave je v Avstraliji potreben referendum.","og_url":"https:\/\/hudo.com\/si\/aktualno\/avstralija-nacrtuje-referendum-o-priznanju-aboriginov-v-ustavi\/","og_site_name":"Hudo Slovenija","article_publisher":"https:\/\/www.facebook.com\/hudo.si","article_published_time":"2019-07-10T09:08:45+00:00","og_image":[{"width":1250,"height":937,"url":"https:\/\/hudo.com\/si\/wp-content\/uploads\/sites\/2\/2019\/07\/profimedia-0353915799.jpg","type":"image\/jpeg"}],"author":"A. P., STA","twitter_card":"summary_large_image","twitter_creator":"@hudo_si","twitter_site":"@hudo_si","twitter_misc":{"Written by":"A. P., STA","Est. reading time":"2 minuti"},"schema":{"@context":"https:\/\/schema.org","@graph":[{"@type":"Article","@id":"https:\/\/hudo.com\/si\/aktualno\/avstralija-nacrtuje-referendum-o-priznanju-aboriginov-v-ustavi\/#article","isPartOf":{"@id":"https:\/\/hudo.com\/si\/aktualno\/avstralija-nacrtuje-referendum-o-priznanju-aboriginov-v-ustavi\/"},"author":{"name":"A. P., STA","@id":"https:\/\/hudo.com\/si\/#\/schema\/person\/18f09c02475ba9e606e941a565b80cff"},"headline":"Avstralija na\u010drtuje referendum o priznanju aboriginov v ustavi","datePublished":"2019-07-10T09:08:45+00:00","dateModified":"2019-07-10T09:08:45+00:00","mainEntityOfPage":{"@id":"https:\/\/hudo.com\/si\/aktualno\/avstralija-nacrtuje-referendum-o-priznanju-aboriginov-v-ustavi\/"},"wordCount":480,"publisher":{"@id":"https:\/\/hudo.com\/si\/#organization"},"keywords":["avstralija"],"articleSection":["Aktualno"],"inLanguage":"sl-SI"},{"@type":"WebPage","@id":"https:\/\/hudo.com\/si\/aktualno\/avstralija-nacrtuje-referendum-o-priznanju-aboriginov-v-ustavi\/","url":"https:\/\/hudo.com\/si\/aktualno\/avstralija-nacrtuje-referendum-o-priznanju-aboriginov-v-ustavi\/","name":"Avstralija na\u010drtuje referendum o priznanju aboriginov v ustavi - Hudo Slovenija","isPartOf":{"@id":"https:\/\/hudo.com\/si\/#website"},"datePublished":"2019-07-10T09:08:45+00:00","dateModified":"2019-07-10T09:08:45+00:00","breadcrumb":{"@id":"https:\/\/hudo.com\/si\/aktualno\/avstralija-nacrtuje-referendum-o-priznanju-aboriginov-v-ustavi\/#breadcrumb"},"inLanguage":"sl-SI","potentialAction":[{"@type":"ReadAction","target":["https:\/\/hudo.com\/si\/aktualno\/avstralija-nacrtuje-referendum-o-priznanju-aboriginov-v-ustavi\/"]}]},{"@type":"BreadcrumbList","@id":"https:\/\/hudo.com\/si\/aktualno\/avstralija-nacrtuje-referendum-o-priznanju-aboriginov-v-ustavi\/#breadcrumb","itemListElement":[{"@type":"ListItem","position":1,"name":"Home","item":"https:\/\/hudo.com\/si\/"},{"@type":"ListItem","position":2,"name":"Avstralija na\u010drtuje referendum o priznanju aboriginov v ustavi"}]},{"@type":"WebSite","@id":"https:\/\/hudo.com\/si\/#website","url":"https:\/\/hudo.com\/si\/","name":"Hudo Slovenija","description":"Vse novice iz Slovenije in sveta","publisher":{"@id":"https:\/\/hudo.com\/si\/#organization"},"potentialAction":[{"@type":"SearchAction","target":{"@type":"EntryPoint","urlTemplate":"https:\/\/hudo.com\/si\/?s={search_term_string}"},"query-input":"required name=search_term_string"}],"inLanguage":"sl-SI"},{"@type":"Organization","@id":"https:\/\/hudo.com\/si\/#organization","name":"VSN Media","url":"https:\/\/hudo.com\/si\/","logo":{"@type":"ImageObject","inLanguage":"sl-SI","@id":"https:\/\/hudo.com\/si\/#\/schema\/logo\/image\/","url":"https:\/\/hudo.com\/si\/wp-content\/uploads\/sites\/2\/2021\/03\/hudo-app-2.png","contentUrl":"https:\/\/hudo.com\/si\/wp-content\/uploads\/sites\/2\/2021\/03\/hudo-app-2.png","width":2185,"height":2167,"caption":"VSN Media"},"image":{"@id":"https:\/\/hudo.com\/si\/#\/schema\/logo\/image\/"},"sameAs":["https:\/\/www.facebook.com\/hudo.si","https:\/\/twitter.com\/hudo_si"]},{"@type":"Person","@id":"https:\/\/hudo.com\/si\/#\/schema\/person\/18f09c02475ba9e606e941a565b80cff","name":"A. P., STA","image":{"@type":"ImageObject","inLanguage":"sl-SI","@id":"https:\/\/hudo.com\/si\/#\/schema\/person\/image\/","url":"https:\/\/secure.gravatar.com\/avatar\/03eac8e609f5f04383125d80eaeaaf3e?s=96&d=mm&r=g","contentUrl":"https:\/\/secure.gravatar.com\/avatar\/03eac8e609f5f04383125d80eaeaaf3e?s=96&d=mm&r=g","caption":"A. P., STA"},"url":"https:\/\/hudo.com\/si\/author\/lubu\/"}]}},"amp_enabled":true,"_links":{"self":[{"href":"https:\/\/hudo.com\/si\/wp-json\/wp\/v2\/posts\/402162"}],"collection":[{"href":"https:\/\/hudo.com\/si\/wp-json\/wp\/v2\/posts"}],"about":[{"href":"https:\/\/hudo.com\/si\/wp-json\/wp\/v2\/types\/post"}],"author":[{"embeddable":true,"href":"https:\/\/hudo.com\/si\/wp-json\/wp\/v2\/users\/7"}],"replies":[{"embeddable":true,"href":"https:\/\/hudo.com\/si\/wp-json\/wp\/v2\/comments?post=402162"}],"version-history":[{"count":1,"href":"https:\/\/hudo.com\/si\/wp-json\/wp\/v2\/posts\/402162\/revisions"}],"predecessor-version":[{"id":402164,"href":"https:\/\/hudo.com\/si\/wp-json\/wp\/v2\/posts\/402162\/revisions\/402164"}],"wp:featuredmedia":[{"embeddable":true,"href":"https:\/\/hudo.com\/si\/wp-json\/wp\/v2\/media\/402163"}],"wp:attachment":[{"href":"https:\/\/hudo.com\/si\/wp-json\/wp\/v2\/media?parent=402162"}],"wp:term":[{"taxonomy":"category","embeddable":true,"href":"https:\/\/hudo.com\/si\/wp-json\/wp\/v2\/categories?post=402162"},{"taxonomy":"post_tag","embeddable":true,"href":"https:\/\/hudo.com\/si\/wp-json\/wp\/v2\/tags?post=402162"},{"taxonomy":"source","embeddable":true,"href":"https:\/\/hudo.com\/si\/wp-json\/wp\/v2\/source?post=402162"},{"taxonomy":"supertag","embeddable":true,"href":"https:\/\/hudo.com\/si\/wp-json\/wp\/v2\/supertag?post=402162"}],"curies":[{"name":"wp","href":"https:\/\/api.w.org\/{rel}","templated":true}]}}