{"id":402326,"date":"2019-07-13T10:54:22","date_gmt":"2019-07-13T08:54:22","guid":{"rendered":"https:\/\/hudo.com\/si\/2019\/07\/13\/wethepeoplestyle-blogerka-ki-nas-navdusuje-s-svojim-kul-poletnim-stilom\/"},"modified":"2019-07-13T10:54:22","modified_gmt":"2019-07-13T08:54:22","slug":"wethepeoplestyle-blogerka-ki-nas-navdusuje-s-svojim-kul-poletnim-stilom","status":"publish","type":"post","link":"https:\/\/hudo.com\/si\/lifestyle\/wethepeoplestyle-blogerka-ki-nas-navdusuje-s-svojim-kul-poletnim-stilom\/","title":{"rendered":"Wethepeoplestyle: Blogerka, ki nas navdu\u0161uje s svojim kul poletnim stilom"},"content":{"rendered":"<blockquote class=\"instagram-media\">\n<div style=\"padding:16px\"> <a href=\"https:\/\/www.instagram.com\/p\/BzD3498naF6\/\" style=\"background:#FFFFFF;line-height:0;padding:0 0;text-align:center;text-decoration:none;width:100%\" target=\"_blank\"> <\/p>\n<div>\n<div style=\"background-color: #F4F4F4;height: 40px;margin-right: 14px;width: 40px\"><\/div>\n<div>\n<div style=\"background-color: #F4F4F4;height: 14px;margin-bottom: 6px;width: 100px\"><\/div>\n<div style=\"background-color: #F4F4F4;height: 14px;width: 60px\"><\/div>\n<\/div>\n<\/div>\n<div style=\"padding: 19% 0\"><\/div>\n<div style=\"height:50px;margin:0 auto 12px;width:50px\"><\/div>\n<div style=\"padding-top: 8px\">\n<div style=\"color:#3897f0;font-family:Arial,sans-serif;font-size:14px;font-style:normal;font-weight:550;line-height:18px\"> View this post on Instagram<\/div>\n<\/div>\n<div style=\"padding: 12.5% 0\"><\/div>\n<div style=\"margin-bottom: 14px\">\n<div>\n<div><\/div>\n<div><\/div>\n<div><\/div>\n<\/div>\n<div style=\"margin-left: 8px\">\n<div style=\"background-color: #F4F4F4;height: 20px;width: 20px\"><\/div>\n<div><\/div>\n<\/div>\n<div style=\"margin-left: auto\">\n<div><\/div>\n<div><\/div>\n<div><\/div>\n<\/div>\n<\/div>\n<p><\/a> <\/p>\n<p style=\"margin:8px 0 0 0;padding:0 4px\"> <a href=\"https:\/\/www.instagram.com\/p\/BzD3498naF6\/\" style=\"color:#000;font-family:Arial,sans-serif;font-size:14px;font-style:normal;font-weight:normal;line-height:17px;text-decoration:none\" target=\"_blank\">Beach bound and bloody excited about it.<\/a><\/p>\n<p style=\"color:#c9c8cd;font-family:Arial,sans-serif;font-size:14px;line-height:17px;margin-bottom:0;margin-top:8px;overflow:hidden;padding:8px 0 7px;text-align:center\">A post shared by <a href=\"https:\/\/www.instagram.com\/wethepeoplestyle\/\" style=\"color:#c9c8cd;font-family:Arial,sans-serif;font-size:14px;font-style:normal;font-weight:normal;line-height:17px\" target=\"_blank\"> Jessie Bush<\/a> (@wethepeoplestyle) on Jun 23, 2019 at 10:23am PDT<\/p>\n<\/div>\n<\/blockquote>\n<p>Jessie je namre\u010d ena tistih modnih navdu\u0161enk, ki ji uspe z enostavnimi kosi pri\u010darati pravo modno pravljico. Na njej kratke hla\u010dke iz d\u017einsa ne izpadejo ceneno, ampak nadvse \u0161ik, predimenzionirana poletna obleka je ne &#8216;poje&#8217;, v cvetli\u010dni obleki pa ne izgleda kot kme\u010dko dekle. Njena skrivnost je v prefinjenem kombiniranju enostavnih kosov z elegantnej\u0161imi in upo\u0161tevanje pravila manj je ve\u010d. V galeriji preverite o \u010dem govorimo in ta teden posnemajte vsaj enega izmed njenih top poletnih outfitov. Veliko veselja pri kombiniranju vam \u017eelimo!<\/p>\n<blockquote class=\"instagram-media\">\n<div style=\"padding:16px\"> <a href=\"https:\/\/www.instagram.com\/p\/Bzvp1PqoCNO\/\" style=\"background:#FFFFFF;line-height:0;padding:0 0;text-align:center;text-decoration:none;width:100%\" target=\"_blank\"> <\/p>\n<div>\n<div style=\"background-color: #F4F4F4;height: 40px;margin-right: 14px;width: 40px\"><\/div>\n<div>\n<div style=\"background-color: #F4F4F4;height: 14px;margin-bottom: 6px;width: 100px\"><\/div>\n<div style=\"background-color: #F4F4F4;height: 14px;width: 60px\"><\/div>\n<\/div>\n<\/div>\n<div style=\"padding: 19% 0\"><\/div>\n<div style=\"height:50px;margin:0 auto 12px;width:50px\"><\/div>\n<div style=\"padding-top: 8px\">\n<div style=\"color:#3897f0;font-family:Arial,sans-serif;font-size:14px;font-style:normal;font-weight:550;line-height:18px\"> View this post on Instagram<\/div>\n<\/div>\n<div style=\"padding: 12.5% 0\"><\/div>\n<div style=\"margin-bottom: 14px\">\n<div>\n<div><\/div>\n<div><\/div>\n<div><\/div>\n<\/div>\n<div style=\"margin-left: 8px\">\n<div style=\"background-color: #F4F4F4;height: 20px;width: 20px\"><\/div>\n<div><\/div>\n<\/div>\n<div style=\"margin-left: auto\">\n<div><\/div>\n<div><\/div>\n<div><\/div>\n<\/div>\n<\/div>\n<p><\/a> <\/p>\n<p style=\"margin:8px 0 0 0;padding:0 4px\"> <a href=\"https:\/\/www.instagram.com\/p\/Bzvp1PqoCNO\/\" style=\"color:#000;font-family:Arial,sans-serif;font-size:14px;font-style:normal;font-weight:normal;line-height:17px;text-decoration:none\" target=\"_blank\">Dressed like a mechanic (but make it fashion) for the World Premiere of the #MINIElectric &#8211; the first all-electric @mini #Emobility #ChargedWithPassion #MINI #ad . . . . . . MINI Cooper SE*: Energy consumption in kWh\/100 km combined: 13.2\/15.0, Fuel consumption in l\/100 km combined: 0, CO2 emissions in g\/km combined: 0. The driving range depends on a variety of factors, especially: personal driving behaviour, selected route, weather conditions, usage of heating\/cooling and preconditioning. *These figures are preliminary values and have not yet been confirmed. Subject to change.<\/a><\/p>\n<p style=\"color:#c9c8cd;font-family:Arial,sans-serif;font-size:14px;line-height:17px;margin-bottom:0;margin-top:8px;overflow:hidden;padding:8px 0 7px;text-align:center\">A post shared by <a href=\"https:\/\/www.instagram.com\/wethepeoplestyle\/\" style=\"color:#c9c8cd;font-family:Arial,sans-serif;font-size:14px;font-style:normal;font-weight:normal;line-height:17px\" target=\"_blank\"> Jessie Bush<\/a> (@wethepeoplestyle) on Jul 10, 2019 at 10:27am PDT<\/p>\n<\/div>\n<\/blockquote>\n<blockquote class=\"instagram-media\">\n<div style=\"padding:16px\"> <a href=\"https:\/\/www.instagram.com\/p\/Bzfadt9IoMP\/\" style=\"background:#FFFFFF;line-height:0;padding:0 0;text-align:center;text-decoration:none;width:100%\" target=\"_blank\"> <\/p>\n<div>\n<div style=\"background-color: #F4F4F4;height: 40px;margin-right: 14px;width: 40px\"><\/div>\n<div>\n<div style=\"background-color: #F4F4F4;height: 14px;margin-bottom: 6px;width: 100px\"><\/div>\n<div style=\"background-color: #F4F4F4;height: 14px;width: 60px\"><\/div>\n<\/div>\n<\/div>\n<div style=\"padding: 19% 0\"><\/div>\n<div style=\"height:50px;margin:0 auto 12px;width:50px\"><\/div>\n<div style=\"padding-top: 8px\">\n<div style=\"color:#3897f0;font-family:Arial,sans-serif;font-size:14px;font-style:normal;font-weight:550;line-height:18px\"> View this post on Instagram<\/div>\n<\/div>\n<div style=\"padding: 12.5% 0\"><\/div>\n<div style=\"margin-bottom: 14px\">\n<div>\n<div><\/div>\n<div><\/div>\n<div><\/div>\n<\/div>\n<div style=\"margin-left: 8px\">\n<div style=\"background-color: #F4F4F4;height: 20px;width: 20px\"><\/div>\n<div><\/div>\n<\/div>\n<div style=\"margin-left: auto\">\n<div><\/div>\n<div><\/div>\n<div><\/div>\n<\/div>\n<\/div>\n<p><\/a> <\/p>\n<p style=\"margin:8px 0 0 0;padding:0 4px\"> <a href=\"https:\/\/www.instagram.com\/p\/Bzfadt9IoMP\/\" style=\"color:#000;font-family:Arial,sans-serif;font-size:14px;font-style:normal;font-weight:normal;line-height:17px;text-decoration:none\" target=\"_blank\">90% moved in @sezane #ad<\/a><\/p>\n<p style=\"color:#c9c8cd;font-family:Arial,sans-serif;font-size:14px;line-height:17px;margin-bottom:0;margin-top:8px;overflow:hidden;padding:8px 0 7px;text-align:center\">A post shared by <a href=\"https:\/\/www.instagram.com\/wethepeoplestyle\/\" style=\"color:#c9c8cd;font-family:Arial,sans-serif;font-size:14px;font-style:normal;font-weight:normal;line-height:17px\" target=\"_blank\"> Jessie Bush<\/a> (@wethepeoplestyle) on Jul 4, 2019 at 3:05am PDT<\/p>\n<\/div>\n<\/blockquote>\n<blockquote class=\"instagram-media\">\n<div style=\"padding:16px\"> <a href=\"https:\/\/www.instagram.com\/p\/BxcvvsloRGI\/\" style=\"background:#FFFFFF;line-height:0;padding:0 0;text-align:center;text-decoration:none;width:100%\" target=\"_blank\"> <\/p>\n<div>\n<div style=\"background-color: #F4F4F4;height: 40px;margin-right: 14px;width: 40px\"><\/div>\n<div>\n<div style=\"background-color: #F4F4F4;height: 14px;margin-bottom: 6px;width: 100px\"><\/div>\n<div style=\"background-color: #F4F4F4;height: 14px;width: 60px\"><\/div>\n<\/div>\n<\/div>\n<div style=\"padding: 19% 0\"><\/div>\n<div style=\"height:50px;margin:0 auto 12px;width:50px\"><\/div>\n<div style=\"padding-top: 8px\">\n<div style=\"color:#3897f0;font-family:Arial,sans-serif;font-size:14px;font-style:normal;font-weight:550;line-height:18px\"> View this post on Instagram<\/div>\n<\/div>\n<div style=\"padding: 12.5% 0\"><\/div>\n<div style=\"margin-bottom: 14px\">\n<div>\n<div><\/div>\n<div><\/div>\n<div><\/div>\n<\/div>\n<div style=\"margin-left: 8px\">\n<div style=\"background-color: #F4F4F4;height: 20px;width: 20px\"><\/div>\n<div><\/div>\n<\/div>\n<div style=\"margin-left: auto\">\n<div><\/div>\n<div><\/div>\n<div><\/div>\n<\/div>\n<\/div>\n<p><\/a> <\/p>\n<p style=\"margin:8px 0 0 0;padding:0 4px\"> <a href=\"https:\/\/www.instagram.com\/p\/BxcvvsloRGI\/\" style=\"color:#000;font-family:Arial,sans-serif;font-size:14px;font-style:normal;font-weight:normal;line-height:17px;text-decoration:none\" target=\"_blank\">Summer is coming. Over on the blog: what to pack for your next vacation, no excess baggage fees required with @mytheresa. Link in bio #ad #mytheresa<\/a><\/p>\n<p style=\"color:#c9c8cd;font-family:Arial,sans-serif;font-size:14px;line-height:17px;margin-bottom:0;margin-top:8px;overflow:hidden;padding:8px 0 7px;text-align:center\">A post shared by <a href=\"https:\/\/www.instagram.com\/wethepeoplestyle\/\" style=\"color:#c9c8cd;font-family:Arial,sans-serif;font-size:14px;font-style:normal;font-weight:normal;line-height:17px\" target=\"_blank\"> Jessie Bush<\/a> (@wethepeoplestyle) on May 14, 2019 at 9:10am PDT<\/p>\n<\/div>\n<\/blockquote>\n<blockquote class=\"instagram-media\">\n<div style=\"padding:16px\"> <a href=\"https:\/\/www.instagram.com\/p\/BxZxjQOnrmK\/\" style=\"background:#FFFFFF;line-height:0;padding:0 0;text-align:center;text-decoration:none;width:100%\" target=\"_blank\"> <\/p>\n<div>\n<div style=\"background-color: #F4F4F4;height: 40px;margin-right: 14px;width: 40px\"><\/div>\n<div>\n<div style=\"background-color: #F4F4F4;height: 14px;margin-bottom: 6px;width: 100px\"><\/div>\n<div style=\"background-color: #F4F4F4;height: 14px;width: 60px\"><\/div>\n<\/div>\n<\/div>\n<div style=\"padding: 19% 0\"><\/div>\n<div style=\"height:50px;margin:0 auto 12px;width:50px\"><\/div>\n<div style=\"padding-top: 8px\">\n<div style=\"color:#3897f0;font-family:Arial,sans-serif;font-size:14px;font-style:normal;font-weight:550;line-height:18px\"> View this post on Instagram<\/div>\n<\/div>\n<div style=\"padding: 12.5% 0\"><\/div>\n<div style=\"margin-bottom: 14px\">\n<div>\n<div><\/div>\n<div><\/div>\n<div><\/div>\n<\/div>\n<div style=\"margin-left: 8px\">\n<div style=\"background-color: #F4F4F4;height: 20px;width: 20px\"><\/div>\n<div><\/div>\n<\/div>\n<div style=\"margin-left: auto\">\n<div><\/div>\n<div><\/div>\n<div><\/div>\n<\/div>\n<\/div>\n<p><\/a> <\/p>\n<p style=\"margin:8px 0 0 0;padding:0 4px\"> <a href=\"https:\/\/www.instagram.com\/p\/BxZxjQOnrmK\/\" style=\"color:#000;font-family:Arial,sans-serif;font-size:14px;font-style:normal;font-weight:normal;line-height:17px;text-decoration:none\" target=\"_blank\">On the red carpet last night at the BAFTA TV Awards with @sanpellegrino_official, geeking out over legends like Louis Theroux (who was standing to my left, I really should have awkwardly edged closer so he was in the pic).<\/a><\/p>\n<p style=\"color:#c9c8cd;font-family:Arial,sans-serif;font-size:14px;line-height:17px;margin-bottom:0;margin-top:8px;overflow:hidden;padding:8px 0 7px;text-align:center\">A post shared by <a href=\"https:\/\/www.instagram.com\/wethepeoplestyle\/\" style=\"color:#c9c8cd;font-family:Arial,sans-serif;font-size:14px;font-style:normal;font-weight:normal;line-height:17px\" target=\"_blank\"> Jessie Bush<\/a> (@wethepeoplestyle) on May 13, 2019 at 5:28am PDT<\/p>\n<\/div>\n<\/blockquote>\n<blockquote class=\"instagram-media\">\n<div style=\"padding:16px\"> <a href=\"https:\/\/www.instagram.com\/p\/Bw2GSPMhJOx\/\" style=\"background:#FFFFFF;line-height:0;padding:0 0;text-align:center;text-decoration:none;width:100%\" target=\"_blank\"> <\/p>\n<div>\n<div style=\"background-color: #F4F4F4;height: 40px;margin-right: 14px;width: 40px\"><\/div>\n<div>\n<div style=\"background-color: #F4F4F4;height: 14px;margin-bottom: 6px;width: 100px\"><\/div>\n<div style=\"background-color: #F4F4F4;height: 14px;width: 60px\"><\/div>\n<\/div>\n<\/div>\n<div style=\"padding: 19% 0\"><\/div>\n<div style=\"height:50px;margin:0 auto 12px;width:50px\"><\/div>\n<div style=\"padding-top: 8px\">\n<div style=\"color:#3897f0;font-family:Arial,sans-serif;font-size:14px;font-style:normal;font-weight:550;line-height:18px\"> View this post on Instagram<\/div>\n<\/div>\n<div style=\"padding: 12.5% 0\"><\/div>\n<div style=\"margin-bottom: 14px\">\n<div>\n<div><\/div>\n<div><\/div>\n<div><\/div>\n<\/div>\n<div style=\"margin-left: 8px\">\n<div style=\"background-color: #F4F4F4;height: 20px;width: 20px\"><\/div>\n<div><\/div>\n<\/div>\n<div style=\"margin-left: auto\">\n<div><\/div>\n<div><\/div>\n<div><\/div>\n<\/div>\n<\/div>\n<p><\/a> <\/p>\n<p style=\"margin:8px 0 0 0;padding:0 4px\"> <a href=\"https:\/\/www.instagram.com\/p\/Bw2GSPMhJOx\/\" style=\"color:#000;font-family:Arial,sans-serif;font-size:14px;font-style:normal;font-weight:normal;line-height:17px;text-decoration:none\" target=\"_blank\">Gingham style @kitristudio #kitrigirls<\/a><\/p>\n<p style=\"color:#c9c8cd;font-family:Arial,sans-serif;font-size:14px;line-height:17px;margin-bottom:0;margin-top:8px;overflow:hidden;padding:8px 0 7px;text-align:center\">A post shared by <a href=\"https:\/\/www.instagram.com\/wethepeoplestyle\/\" style=\"color:#c9c8cd;font-family:Arial,sans-serif;font-size:14px;font-style:normal;font-weight:normal;line-height:17px\" target=\"_blank\"> Jessie Bush<\/a> (@wethepeoplestyle) on Apr 29, 2019 at 8:57am PDT<\/p>\n<\/div>\n<\/blockquote>\n<blockquote class=\"instagram-media\">\n<div style=\"padding:16px\"> <a href=\"https:\/\/www.instagram.com\/p\/BtOMa__h0g1\/\" style=\"background:#FFFFFF;line-height:0;padding:0 0;text-align:center;text-decoration:none;width:100%\" target=\"_blank\"> <\/p>\n<div>\n<div style=\"background-color: #F4F4F4;height: 40px;margin-right: 14px;width: 40px\"><\/div>\n<div>\n<div style=\"background-color: #F4F4F4;height: 14px;margin-bottom: 6px;width: 100px\"><\/div>\n<div style=\"background-color: #F4F4F4;height: 14px;width: 60px\"><\/div>\n<\/div>\n<\/div>\n<div style=\"padding: 19% 0\"><\/div>\n<div style=\"height:50px;margin:0 auto 12px;width:50px\"><\/div>\n<div style=\"padding-top: 8px\">\n<div style=\"color:#3897f0;font-family:Arial,sans-serif;font-size:14px;font-style:normal;font-weight:550;line-height:18px\"> View this post on Instagram<\/div>\n<\/div>\n<div style=\"padding: 12.5% 0\"><\/div>\n<div style=\"margin-bottom: 14px\">\n<div>\n<div><\/div>\n<div><\/div>\n<div><\/div>\n<\/div>\n<div style=\"margin-left: 8px\">\n<div style=\"background-color: #F4F4F4;height: 20px;width: 20px\"><\/div>\n<div><\/div>\n<\/div>\n<div style=\"margin-left: auto\">\n<div><\/div>\n<div><\/div>\n<div><\/div>\n<\/div>\n<\/div>\n<p><\/a> <\/p>\n<p style=\"margin:8px 0 0 0;padding:0 4px\"> <a href=\"https:\/\/www.instagram.com\/p\/BtOMa__h0g1\/\" style=\"color:#000;font-family:Arial,sans-serif;font-size:14px;font-style:normal;font-weight:normal;line-height:17px;text-decoration:none\" target=\"_blank\">In-case you\u2019re in need of some January escapism, my guide to Mauritius with @saltresorts is now up on the blog. Hit the link in my bio for dreamy beaches, lush hikes, authentic curries and endless turquoise waters.<\/a><\/p>\n<p style=\"color:#c9c8cd;font-family:Arial,sans-serif;font-size:14px;line-height:17px;margin-bottom:0;margin-top:8px;overflow:hidden;padding:8px 0 7px;text-align:center\">A post shared by <a href=\"https:\/\/www.instagram.com\/wethepeoplestyle\/\" style=\"color:#c9c8cd;font-family:Arial,sans-serif;font-size:14px;font-style:normal;font-weight:normal;line-height:17px\" target=\"_blank\"> Jessie Bush<\/a> (@wethepeoplestyle) on Jan 29, 2019 at 6:26am PST<\/p>\n<\/div>\n<\/blockquote>\n<blockquote class=\"instagram-media\">\n<div style=\"padding:16px\"> <a href=\"https:\/\/www.instagram.com\/p\/BxK7MRfh3AK\/\" style=\"background:#FFFFFF;line-height:0;padding:0 0;text-align:center;text-decoration:none;width:100%\" target=\"_blank\"> <\/p>\n<div>\n<div style=\"background-color: #F4F4F4;height: 40px;margin-right: 14px;width: 40px\"><\/div>\n<div>\n<div style=\"background-color: #F4F4F4;height: 14px;margin-bottom: 6px;width: 100px\"><\/div>\n<div style=\"background-color: #F4F4F4;height: 14px;width: 60px\"><\/div>\n<\/div>\n<\/div>\n<div style=\"padding: 19% 0\"><\/div>\n<div style=\"height:50px;margin:0 auto 12px;width:50px\"><\/div>\n<div style=\"padding-top: 8px\">\n<div style=\"color:#3897f0;font-family:Arial,sans-serif;font-size:14px;font-style:normal;font-weight:550;line-height:18px\"> View this post on Instagram<\/div>\n<\/div>\n<div style=\"padding: 12.5% 0\"><\/div>\n<div style=\"margin-bottom: 14px\">\n<div>\n<div><\/div>\n<div><\/div>\n<div><\/div>\n<\/div>\n<div style=\"margin-left: 8px\">\n<div style=\"background-color: #F4F4F4;height: 20px;width: 20px\"><\/div>\n<div><\/div>\n<\/div>\n<div style=\"margin-left: auto\">\n<div><\/div>\n<div><\/div>\n<div><\/div>\n<\/div>\n<\/div>\n<p><\/a> <\/p>\n<p style=\"margin:8px 0 0 0;padding:0 4px\"> <a href=\"https:\/\/www.instagram.com\/p\/BxK7MRfh3AK\/\" style=\"color:#000;font-family:Arial,sans-serif;font-size:14px;font-style:normal;font-weight:normal;line-height:17px;text-decoration:none\" target=\"_blank\">Cr\u00e8me fra\u00eeche @chloe #chloegirls<\/a><\/p>\n<p style=\"color:#c9c8cd;font-family:Arial,sans-serif;font-size:14px;line-height:17px;margin-bottom:0;margin-top:8px;overflow:hidden;padding:8px 0 7px;text-align:center\">A post shared by <a href=\"https:\/\/www.instagram.com\/wethepeoplestyle\/\" style=\"color:#c9c8cd;font-family:Arial,sans-serif;font-size:14px;font-style:normal;font-weight:normal;line-height:17px\" target=\"_blank\"> Jessie Bush<\/a> (@wethepeoplestyle) on May 7, 2019 at 11:04am PDT<\/p>\n<\/div>\n<\/blockquote>\n<p>V. J.<\/p>\n","protected":false},"excerpt":{"rendered":"<p>Jessie Bush je modna blogerka in fotografinja, ki ima svoje stalno prebivali\u0161\u010de v Londonu. Kljub temu se tam re redko nahaja, saj je tako kot vse uspe\u0161ne blogerke nenehno na poti. Tokratno objavo smo ji posvetili zato, ker nas navdu\u0161uje s svojim lahkotnim poletnim stilom.<\/p>\n","protected":false},"author":1,"featured_media":0,"comment_status":"closed","ping_status":"closed","sticky":false,"template":"","format":"standard","meta":{"footnotes":""},"categories":[1091],"tags":[13573,14209],"source":[1341,1428,1334],"supertag":[],"acf":[],"yoast_head":"<!-- This site is optimized with the Yoast SEO plugin v21.3 - https:\/\/yoast.com\/wordpress\/plugins\/seo\/ -->\n<title>Wethepeoplestyle: Blogerka, ki nas navdu\u0161uje s svojim kul poletnim stilom - Hudo Slovenija<\/title>\n<meta name=\"robots\" content=\"index, follow, max-snippet:-1, max-image-preview:large, max-video-preview:-1\" \/>\n<link rel=\"canonical\" href=\"https:\/\/hudo.com\/si\/lifestyle\/wethepeoplestyle-blogerka-ki-nas-navdusuje-s-svojim-kul-poletnim-stilom\/\" \/>\n<meta property=\"og:locale\" content=\"sl_SI\" \/>\n<meta property=\"og:type\" content=\"article\" \/>\n<meta property=\"og:title\" content=\"Wethepeoplestyle: Blogerka, ki nas navdu\u0161uje s svojim kul poletnim stilom - Hudo Slovenija\" \/>\n<meta property=\"og:description\" content=\"Jessie Bush je modna blogerka in fotografinja, ki ima svoje stalno prebivali\u0161\u010de v Londonu. Kljub temu se tam re redko nahaja, saj je tako kot vse uspe\u0161ne blogerke nenehno na poti. Tokratno objavo smo ji posvetili zato, ker nas navdu\u0161uje s svojim lahkotnim poletnim stilom.\" \/>\n<meta property=\"og:url\" content=\"https:\/\/hudo.com\/si\/lifestyle\/wethepeoplestyle-blogerka-ki-nas-navdusuje-s-svojim-kul-poletnim-stilom\/\" \/>\n<meta property=\"og:site_name\" content=\"Hudo Slovenija\" \/>\n<meta property=\"article:publisher\" content=\"https:\/\/www.facebook.com\/hudo.si\" \/>\n<meta property=\"article:published_time\" content=\"2019-07-13T08:54:22+00:00\" \/>\n<meta property=\"og:image\" content=\"https:\/\/hudo.com\/si\/wp-content\/uploads\/sites\/2\/2019\/07\/profimedia-0299399637.jpg\" \/>\n\t<meta property=\"og:image:width\" content=\"1250\" \/>\n\t<meta property=\"og:image:height\" content=\"833\" \/>\n\t<meta property=\"og:image:type\" content=\"image\/jpeg\" \/>\n<meta name=\"author\" content=\"hudo\" \/>\n<meta name=\"twitter:card\" content=\"summary_large_image\" \/>\n<meta name=\"twitter:creator\" content=\"@hudo_si\" \/>\n<meta name=\"twitter:site\" content=\"@hudo_si\" \/>\n<meta name=\"twitter:label1\" content=\"Written by\" \/>\n\t<meta name=\"twitter:data1\" content=\"hudo\" \/>\n\t<meta name=\"twitter:label2\" content=\"Est. reading time\" \/>\n\t<meta name=\"twitter:data2\" content=\"2 minuti\" \/>\n<script type=\"application\/ld+json\" class=\"yoast-schema-graph\">{\"@context\":\"https:\/\/schema.org\",\"@graph\":[{\"@type\":\"Article\",\"@id\":\"https:\/\/hudo.com\/si\/lifestyle\/wethepeoplestyle-blogerka-ki-nas-navdusuje-s-svojim-kul-poletnim-stilom\/#article\",\"isPartOf\":{\"@id\":\"https:\/\/hudo.com\/si\/lifestyle\/wethepeoplestyle-blogerka-ki-nas-navdusuje-s-svojim-kul-poletnim-stilom\/\"},\"author\":{\"name\":\"hudo\",\"@id\":\"https:\/\/hudo.com\/si\/#\/schema\/person\/601cf3379633985b20f7e50f2bb47707\"},\"headline\":\"Wethepeoplestyle: Blogerka, ki nas navdu\u0161uje s svojim kul poletnim stilom\",\"datePublished\":\"2019-07-13T08:54:22+00:00\",\"dateModified\":\"2019-07-13T08:54:22+00:00\",\"mainEntityOfPage\":{\"@id\":\"https:\/\/hudo.com\/si\/lifestyle\/wethepeoplestyle-blogerka-ki-nas-navdusuje-s-svojim-kul-poletnim-stilom\/\"},\"wordCount\":446,\"publisher\":{\"@id\":\"https:\/\/hudo.com\/si\/#organization\"},\"keywords\":[\"moda poletje 2019\",\"Wethepeoplestyle\"],\"articleSection\":[\"Lifestyle\"],\"inLanguage\":\"sl-SI\"},{\"@type\":\"WebPage\",\"@id\":\"https:\/\/hudo.com\/si\/lifestyle\/wethepeoplestyle-blogerka-ki-nas-navdusuje-s-svojim-kul-poletnim-stilom\/\",\"url\":\"https:\/\/hudo.com\/si\/lifestyle\/wethepeoplestyle-blogerka-ki-nas-navdusuje-s-svojim-kul-poletnim-stilom\/\",\"name\":\"Wethepeoplestyle: Blogerka, ki nas navdu\u0161uje s svojim kul poletnim stilom - Hudo Slovenija\",\"isPartOf\":{\"@id\":\"https:\/\/hudo.com\/si\/#website\"},\"datePublished\":\"2019-07-13T08:54:22+00:00\",\"dateModified\":\"2019-07-13T08:54:22+00:00\",\"breadcrumb\":{\"@id\":\"https:\/\/hudo.com\/si\/lifestyle\/wethepeoplestyle-blogerka-ki-nas-navdusuje-s-svojim-kul-poletnim-stilom\/#breadcrumb\"},\"inLanguage\":\"sl-SI\",\"potentialAction\":[{\"@type\":\"ReadAction\",\"target\":[\"https:\/\/hudo.com\/si\/lifestyle\/wethepeoplestyle-blogerka-ki-nas-navdusuje-s-svojim-kul-poletnim-stilom\/\"]}]},{\"@type\":\"BreadcrumbList\",\"@id\":\"https:\/\/hudo.com\/si\/lifestyle\/wethepeoplestyle-blogerka-ki-nas-navdusuje-s-svojim-kul-poletnim-stilom\/#breadcrumb\",\"itemListElement\":[{\"@type\":\"ListItem\",\"position\":1,\"name\":\"Home\",\"item\":\"https:\/\/hudo.com\/si\/\"},{\"@type\":\"ListItem\",\"position\":2,\"name\":\"Wethepeoplestyle: Blogerka, ki nas navdu\u0161uje s svojim kul poletnim stilom\"}]},{\"@type\":\"WebSite\",\"@id\":\"https:\/\/hudo.com\/si\/#website\",\"url\":\"https:\/\/hudo.com\/si\/\",\"name\":\"Hudo Slovenija\",\"description\":\"Vse novice iz Slovenije in sveta\",\"publisher\":{\"@id\":\"https:\/\/hudo.com\/si\/#organization\"},\"potentialAction\":[{\"@type\":\"SearchAction\",\"target\":{\"@type\":\"EntryPoint\",\"urlTemplate\":\"https:\/\/hudo.com\/si\/?s={search_term_string}\"},\"query-input\":\"required name=search_term_string\"}],\"inLanguage\":\"sl-SI\"},{\"@type\":\"Organization\",\"@id\":\"https:\/\/hudo.com\/si\/#organization\",\"name\":\"VSN Media\",\"url\":\"https:\/\/hudo.com\/si\/\",\"logo\":{\"@type\":\"ImageObject\",\"inLanguage\":\"sl-SI\",\"@id\":\"https:\/\/hudo.com\/si\/#\/schema\/logo\/image\/\",\"url\":\"https:\/\/hudo.com\/si\/wp-content\/uploads\/sites\/2\/2021\/03\/hudo-app-2.png\",\"contentUrl\":\"https:\/\/hudo.com\/si\/wp-content\/uploads\/sites\/2\/2021\/03\/hudo-app-2.png\",\"width\":2185,\"height\":2167,\"caption\":\"VSN Media\"},\"image\":{\"@id\":\"https:\/\/hudo.com\/si\/#\/schema\/logo\/image\/\"},\"sameAs\":[\"https:\/\/www.facebook.com\/hudo.si\",\"https:\/\/twitter.com\/hudo_si\"]},{\"@type\":\"Person\",\"@id\":\"https:\/\/hudo.com\/si\/#\/schema\/person\/601cf3379633985b20f7e50f2bb47707\",\"name\":\"hudo\",\"image\":{\"@type\":\"ImageObject\",\"inLanguage\":\"sl-SI\",\"@id\":\"https:\/\/hudo.com\/si\/#\/schema\/person\/image\/\",\"url\":\"https:\/\/secure.gravatar.com\/avatar\/c4ca25fa72cace7a696b52ff5db9e095?s=96&d=mm&r=g\",\"contentUrl\":\"https:\/\/secure.gravatar.com\/avatar\/c4ca25fa72cace7a696b52ff5db9e095?s=96&d=mm&r=g\",\"caption\":\"hudo\"},\"url\":\"https:\/\/hudo.com\/si\/author\/hudo\/\"}]}<\/script>\n<!-- \/ Yoast SEO plugin. -->","yoast_head_json":{"title":"Wethepeoplestyle: Blogerka, ki nas navdu\u0161uje s svojim kul poletnim stilom - Hudo Slovenija","robots":{"index":"index","follow":"follow","max-snippet":"max-snippet:-1","max-image-preview":"max-image-preview:large","max-video-preview":"max-video-preview:-1"},"canonical":"https:\/\/hudo.com\/si\/lifestyle\/wethepeoplestyle-blogerka-ki-nas-navdusuje-s-svojim-kul-poletnim-stilom\/","og_locale":"sl_SI","og_type":"article","og_title":"Wethepeoplestyle: Blogerka, ki nas navdu\u0161uje s svojim kul poletnim stilom - Hudo Slovenija","og_description":"Jessie Bush je modna blogerka in fotografinja, ki ima svoje stalno prebivali\u0161\u010de v Londonu. Kljub temu se tam re redko nahaja, saj je tako kot vse uspe\u0161ne blogerke nenehno na poti. Tokratno objavo smo ji posvetili zato, ker nas navdu\u0161uje s svojim lahkotnim poletnim stilom.","og_url":"https:\/\/hudo.com\/si\/lifestyle\/wethepeoplestyle-blogerka-ki-nas-navdusuje-s-svojim-kul-poletnim-stilom\/","og_site_name":"Hudo Slovenija","article_publisher":"https:\/\/www.facebook.com\/hudo.si","article_published_time":"2019-07-13T08:54:22+00:00","og_image":[{"width":1250,"height":833,"url":"https:\/\/hudo.com\/si\/wp-content\/uploads\/sites\/2\/2019\/07\/profimedia-0299399637.jpg","type":"image\/jpeg"}],"author":"hudo","twitter_card":"summary_large_image","twitter_creator":"@hudo_si","twitter_site":"@hudo_si","twitter_misc":{"Written by":"hudo","Est. reading time":"2 minuti"},"schema":{"@context":"https:\/\/schema.org","@graph":[{"@type":"Article","@id":"https:\/\/hudo.com\/si\/lifestyle\/wethepeoplestyle-blogerka-ki-nas-navdusuje-s-svojim-kul-poletnim-stilom\/#article","isPartOf":{"@id":"https:\/\/hudo.com\/si\/lifestyle\/wethepeoplestyle-blogerka-ki-nas-navdusuje-s-svojim-kul-poletnim-stilom\/"},"author":{"name":"hudo","@id":"https:\/\/hudo.com\/si\/#\/schema\/person\/601cf3379633985b20f7e50f2bb47707"},"headline":"Wethepeoplestyle: Blogerka, ki nas navdu\u0161uje s svojim kul poletnim stilom","datePublished":"2019-07-13T08:54:22+00:00","dateModified":"2019-07-13T08:54:22+00:00","mainEntityOfPage":{"@id":"https:\/\/hudo.com\/si\/lifestyle\/wethepeoplestyle-blogerka-ki-nas-navdusuje-s-svojim-kul-poletnim-stilom\/"},"wordCount":446,"publisher":{"@id":"https:\/\/hudo.com\/si\/#organization"},"keywords":["moda poletje 2019","Wethepeoplestyle"],"articleSection":["Lifestyle"],"inLanguage":"sl-SI"},{"@type":"WebPage","@id":"https:\/\/hudo.com\/si\/lifestyle\/wethepeoplestyle-blogerka-ki-nas-navdusuje-s-svojim-kul-poletnim-stilom\/","url":"https:\/\/hudo.com\/si\/lifestyle\/wethepeoplestyle-blogerka-ki-nas-navdusuje-s-svojim-kul-poletnim-stilom\/","name":"Wethepeoplestyle: Blogerka, ki nas navdu\u0161uje s svojim kul poletnim stilom - Hudo Slovenija","isPartOf":{"@id":"https:\/\/hudo.com\/si\/#website"},"datePublished":"2019-07-13T08:54:22+00:00","dateModified":"2019-07-13T08:54:22+00:00","breadcrumb":{"@id":"https:\/\/hudo.com\/si\/lifestyle\/wethepeoplestyle-blogerka-ki-nas-navdusuje-s-svojim-kul-poletnim-stilom\/#breadcrumb"},"inLanguage":"sl-SI","potentialAction":[{"@type":"ReadAction","target":["https:\/\/hudo.com\/si\/lifestyle\/wethepeoplestyle-blogerka-ki-nas-navdusuje-s-svojim-kul-poletnim-stilom\/"]}]},{"@type":"BreadcrumbList","@id":"https:\/\/hudo.com\/si\/lifestyle\/wethepeoplestyle-blogerka-ki-nas-navdusuje-s-svojim-kul-poletnim-stilom\/#breadcrumb","itemListElement":[{"@type":"ListItem","position":1,"name":"Home","item":"https:\/\/hudo.com\/si\/"},{"@type":"ListItem","position":2,"name":"Wethepeoplestyle: Blogerka, ki nas navdu\u0161uje s svojim kul poletnim stilom"}]},{"@type":"WebSite","@id":"https:\/\/hudo.com\/si\/#website","url":"https:\/\/hudo.com\/si\/","name":"Hudo Slovenija","description":"Vse novice iz Slovenije in sveta","publisher":{"@id":"https:\/\/hudo.com\/si\/#organization"},"potentialAction":[{"@type":"SearchAction","target":{"@type":"EntryPoint","urlTemplate":"https:\/\/hudo.com\/si\/?s={search_term_string}"},"query-input":"required name=search_term_string"}],"inLanguage":"sl-SI"},{"@type":"Organization","@id":"https:\/\/hudo.com\/si\/#organization","name":"VSN Media","url":"https:\/\/hudo.com\/si\/","logo":{"@type":"ImageObject","inLanguage":"sl-SI","@id":"https:\/\/hudo.com\/si\/#\/schema\/logo\/image\/","url":"https:\/\/hudo.com\/si\/wp-content\/uploads\/sites\/2\/2021\/03\/hudo-app-2.png","contentUrl":"https:\/\/hudo.com\/si\/wp-content\/uploads\/sites\/2\/2021\/03\/hudo-app-2.png","width":2185,"height":2167,"caption":"VSN Media"},"image":{"@id":"https:\/\/hudo.com\/si\/#\/schema\/logo\/image\/"},"sameAs":["https:\/\/www.facebook.com\/hudo.si","https:\/\/twitter.com\/hudo_si"]},{"@type":"Person","@id":"https:\/\/hudo.com\/si\/#\/schema\/person\/601cf3379633985b20f7e50f2bb47707","name":"hudo","image":{"@type":"ImageObject","inLanguage":"sl-SI","@id":"https:\/\/hudo.com\/si\/#\/schema\/person\/image\/","url":"https:\/\/secure.gravatar.com\/avatar\/c4ca25fa72cace7a696b52ff5db9e095?s=96&d=mm&r=g","contentUrl":"https:\/\/secure.gravatar.com\/avatar\/c4ca25fa72cace7a696b52ff5db9e095?s=96&d=mm&r=g","caption":"hudo"},"url":"https:\/\/hudo.com\/si\/author\/hudo\/"}]}},"amp_enabled":true,"_links":{"self":[{"href":"https:\/\/hudo.com\/si\/wp-json\/wp\/v2\/posts\/402326"}],"collection":[{"href":"https:\/\/hudo.com\/si\/wp-json\/wp\/v2\/posts"}],"about":[{"href":"https:\/\/hudo.com\/si\/wp-json\/wp\/v2\/types\/post"}],"author":[{"embeddable":true,"href":"https:\/\/hudo.com\/si\/wp-json\/wp\/v2\/users\/1"}],"replies":[{"embeddable":true,"href":"https:\/\/hudo.com\/si\/wp-json\/wp\/v2\/comments?post=402326"}],"version-history":[{"count":0,"href":"https:\/\/hudo.com\/si\/wp-json\/wp\/v2\/posts\/402326\/revisions"}],"wp:attachment":[{"href":"https:\/\/hudo.com\/si\/wp-json\/wp\/v2\/media?parent=402326"}],"wp:term":[{"taxonomy":"category","embeddable":true,"href":"https:\/\/hudo.com\/si\/wp-json\/wp\/v2\/categories?post=402326"},{"taxonomy":"post_tag","embeddable":true,"href":"https:\/\/hudo.com\/si\/wp-json\/wp\/v2\/tags?post=402326"},{"taxonomy":"source","embeddable":true,"href":"https:\/\/hudo.com\/si\/wp-json\/wp\/v2\/source?post=402326"},{"taxonomy":"supertag","embeddable":true,"href":"https:\/\/hudo.com\/si\/wp-json\/wp\/v2\/supertag?post=402326"}],"curies":[{"name":"wp","href":"https:\/\/api.w.org\/{rel}","templated":true}]}}