{"id":402446,"date":"2019-07-15T19:37:03","date_gmt":"2019-07-15T17:37:03","guid":{"rendered":"http:\/\/hudo.com\/si\/?p=402446"},"modified":"2019-07-15T19:37:03","modified_gmt":"2019-07-15T17:37:03","slug":"drzavni-svet-izglasoval-odlozilni-veto-na-novelo-zakona-ki-spreminja-nacin-financiranja-zasebnih-osnovnih-sol","status":"publish","type":"post","link":"https:\/\/hudo.com\/si\/aktualno\/drzavni-svet-izglasoval-odlozilni-veto-na-novelo-zakona-ki-spreminja-nacin-financiranja-zasebnih-osnovnih-sol\/","title":{"rendered":"Dr\u017eavni svet izglasoval odlo\u017eilni veto na novelo zakona, ki spreminja na\u010din financiranja zasebnih osnovnih \u0161ol"},"content":{"rendered":"<p>Predlog odlo\u017eilnega veta na novelo zakona o organizaciji in financiranju vzgoje in izobra\u017eevanja je vlo\u017eila skupina dr\u017eavnih svetnikov s prvopodpisanim Bogomirjem Vnu\u010dcem. Predlagatelji so ocenili, da je zakon, ki ga je DZ sprejel v sredo, v neskladju z odlo\u010dbo ustavnega sodi\u0161\u010da, saj uvaja razlikovanje med javno veljavnimi programi in programi, ki so pridobili javno veljavnost.<\/p>\n<p>Uvedba razlikovanja po navedbah predlagatelja odlo\u017eilnega veta v praksi predstavlja temelj za razlikovanje oziroma omejitev vi\u0161ine sofinanciranja osnovno\u0161olskega programa zasebnih \u0161ol, kar pa je v neposrednem nasprotju z odlo\u010dbo ustavnega sodi\u0161\u010da.<\/p>\n<p>Po predlogu ministrstva za izobra\u017eevanje bi dr\u017eava po novem namre\u010d obvezni del javnega programa v zasebnih osnovnih \u0161olah financirala 100-odstotno, raz\u0161irjenega dela javnega programa pa ne bi ve\u010d financirala.<\/p>\n<p>Minister za izobra\u017eevanje, znanost in \u0161port Jernej Pikalo je na izredni seji DS dejal, da z novelo sku\u0161ajo urediti financiranje zasebnih osnovnih \u0161ol v skladu z odlo\u010dbo ustavnega sodi\u0161\u010da.<\/p>\n<p>Mednarodni dokumenti so po njegovem opozorilu jasni. V skladu z njimi mora dr\u017eava omogo\u010diti star\u0161em, da vzgajajo otroke v skladu s svojim svetovnim nazorom, ni pa tega dol\u017ena financirati, je opozoril. Gre torej za pravico do izbire, ne pa tudi za pravico do financiranja, je dodal.<\/p>\n<p>Novela po njegovih besedah dela red na obravnavanem podro\u010dju, ker zdaj obstajajo razli\u010dna mnenja o tem, kaj je obvezno in kaj ne. &#8220;A razvoj v tako majhni skupnosti, kot je slovenska, lahko temelji le na tem, da na nikogar ne pozabimo, ampak da v vsakemu poi\u0161\u010demo njegove talente,&#8221; je opozoril.<\/p>\n<p>Predsednik komisije DS za kulturo, znanost, \u0161olstvo in \u0161port Branimir \u0160trukelj je sporo\u010dil odlo\u010ditev komisije, ki se je sestala pred izredno sejo. Vetu je bil naklonjen le en \u010dlan komisije, medtem ko jih je bilo \u0161est proti.<\/p>\n<p>V razpravi je \u0160trukelj kot predstavnik delojemalcev menil, da gre v zasebnem \u0161olstvu za segregacijo, saj na zasebne \u0161ole lahko hodijo le tisti, katerih star\u0161i to finan\u010dno zmorejo. Tudi predstavnik lokalnih interesov Davorin Ter\u010don je menil, da je nujno razvijati javno \u0161olstvo, saj je bila tak\u0161na odlo\u010ditev sprejeta s konsenzom.<\/p>\n<p>Predsednik DS Alojz Kov\u0161ca je po drugi strani ocenil, da gre za politi\u010dno in ideolo\u0161ko vpra\u0161anje. Zavrnil je tudi o\u010ditke nasprotnikov predloga za veto, da gre v zasebnem \u0161olstvu za segregacijo. Predstavnik lokalnih interesov Samer Khalil pa je opozoril, da v Beli krajini star\u0161i ne morejo izbirati, ali otroka vpisati v zasebno ali v javno \u0161olo, ker tam zasebne \u0161ole ni.<\/p>\n<p>Kov\u0161ca je v izjavi po izglasovanem vetu dejal, da se je skozi razpravo izkazalo tisto, kar je tudi sam povzel &#8211; da gre namre\u010d za vpra\u0161anje, kam bo slovenska dru\u017eba krenila. &#8220;Ali si \u017eelimo, da nas dr\u017eava v dr\u017eavni instituciji rodi, da nas dr\u017eava v vrtcu vzgaja, iz\u0161ola, zaposli, pre\u017eivlja v pokoju in \u0161e pokoplje skozi dr\u017eavno podjetje,&#8221; je ponazoril.<\/p>\n<p>Po njegovem mnenju taka smer razvoja za Slovenijo ni primerna, \u0161e zlasti, \u010de se ozre na uspe\u0161ne dr\u017eave EU, kjer je javno in zasebno mo\u017eno v obliki partnerstva. &#8220;Ne vidimo vzroka, da bi tako dvomili v zasebno in za 0,2 odstotka otrok, ki se \u0161olajo v zasebnih \u0161olah, ne izena\u010dili pogojev s tistimi, ki se \u0161olajo v javnih,&#8221; je dejal.<\/p>\n<p>Odzval se je tudi na besede ministra, da je rezultat glasovanja DS rezultat razmerja sil v DS, ter ministra vpra\u0161al, ali ni tudi rezultat v DZ rezultat razmerja sil.<\/p>\n<p>&#8220;Nekdo nekomu lomi roko, ker to lahko. Gre pa za 0,2 odstotka otrok, ki se \u0161olajo v zasebnih \u0161olah, in 99,8 odstotka otrok, ki se \u0161olajo v javnem \u0161olstvu. \u010ce so zasebne \u0161ole tako stra\u0161na konkurenca, da je proti njim treba biti tak\u0161en boj, je nekaj narobe z nami,&#8221; je prepri\u010dan Kov\u0161ca.<\/p>\n<p>Novelo je DZ na seji minuli teden sprejel z 42 glasovi za in 36 proti. Podprle so jo LM\u0160, SD, DeSUS in SAB, poslanca manj\u0161in ter Levica, SMC je bila vzdr\u017eana. V SDS, NSi in SNS so bili proti.<\/p>\n<p>Glede na to, da stranke napovedujejo vztrajanje pri svojih stali\u0161\u010dih, pa je ponovno glasovanje za novelo lahko usodno, saj je za njen uspeh to pot potrebnih najmanj 46 glasov. \u010ce pa bo znova potrjena, se ji obeta nova bitka na ustavnem sodi\u0161\u010du.<\/p>\n","protected":false},"excerpt":{"rendered":"<p>Dr\u017eavni svetniki so s 17 glasovi za in 13 proti izglasovali odlo\u017eilni veto na novelo zakona o organizaciji in financiranju vzgoje in izobra\u017eevanja, ki spreminja na\u010din financiranja zasebnih osnovnih \u0161ol. Poslanci bodo o noveli ponovno odlo\u010dali predvidoma v \u010detrtek, za njeno potrditev pa bo potrebnih najmanj 46 glasov.<\/p>\n","protected":false},"author":8,"featured_media":174597,"comment_status":"closed","ping_status":"closed","sticky":false,"template":"","format":"standard","meta":{"footnotes":""},"categories":[1179],"tags":[6506,5413,1595],"source":[4511],"supertag":[],"acf":[],"yoast_head":"<!-- This site is optimized with the Yoast SEO plugin v21.3 - https:\/\/yoast.com\/wordpress\/plugins\/seo\/ -->\n<title>Dr\u017eavni svet izglasoval odlo\u017eilni veto na novelo zakona, ki spreminja na\u010din financiranja zasebnih osnovnih \u0161ol - Hudo Slovenija<\/title>\n<meta name=\"robots\" content=\"index, follow, max-snippet:-1, max-image-preview:large, max-video-preview:-1\" \/>\n<link rel=\"canonical\" href=\"https:\/\/hudo.com\/si\/aktualno\/drzavni-svet-izglasoval-odlozilni-veto-na-novelo-zakona-ki-spreminja-nacin-financiranja-zasebnih-osnovnih-sol\/\" \/>\n<meta property=\"og:locale\" content=\"sl_SI\" \/>\n<meta property=\"og:type\" content=\"article\" \/>\n<meta property=\"og:title\" content=\"Dr\u017eavni svet izglasoval odlo\u017eilni veto na novelo zakona, ki spreminja na\u010din financiranja zasebnih osnovnih \u0161ol - Hudo Slovenija\" \/>\n<meta property=\"og:description\" content=\"Dr\u017eavni svetniki so s 17 glasovi za in 13 proti izglasovali odlo\u017eilni veto na novelo zakona o organizaciji in financiranju vzgoje in izobra\u017eevanja, ki spreminja na\u010din financiranja zasebnih osnovnih \u0161ol. Poslanci bodo o noveli ponovno odlo\u010dali predvidoma v \u010detrtek, za njeno potrditev pa bo potrebnih najmanj 46 glasov.\" \/>\n<meta property=\"og:url\" content=\"https:\/\/hudo.com\/si\/aktualno\/drzavni-svet-izglasoval-odlozilni-veto-na-novelo-zakona-ki-spreminja-nacin-financiranja-zasebnih-osnovnih-sol\/\" \/>\n<meta property=\"og:site_name\" content=\"Hudo Slovenija\" \/>\n<meta property=\"article:publisher\" content=\"https:\/\/www.facebook.com\/hudo.si\" \/>\n<meta property=\"article:published_time\" content=\"2019-07-15T17:37:03+00:00\" \/>\n<meta property=\"og:image\" content=\"https:\/\/hudo.com\/si\/wp-content\/uploads\/sites\/2\/2016\/11\/profimedia-0004770752.jpg\" \/>\n\t<meta property=\"og:image:width\" content=\"1250\" \/>\n\t<meta property=\"og:image:height\" content=\"803\" \/>\n\t<meta property=\"og:image:type\" content=\"image\/jpeg\" \/>\n<meta name=\"author\" content=\"M. N., STA\" \/>\n<meta name=\"twitter:card\" content=\"summary_large_image\" \/>\n<meta name=\"twitter:creator\" content=\"@hudo_si\" \/>\n<meta name=\"twitter:site\" content=\"@hudo_si\" \/>\n<meta name=\"twitter:label1\" content=\"Written by\" \/>\n\t<meta name=\"twitter:data1\" content=\"M. N., STA\" \/>\n\t<meta name=\"twitter:label2\" content=\"Est. reading time\" \/>\n\t<meta name=\"twitter:data2\" content=\"4 minute\" \/>\n<script type=\"application\/ld+json\" class=\"yoast-schema-graph\">{\"@context\":\"https:\/\/schema.org\",\"@graph\":[{\"@type\":\"Article\",\"@id\":\"https:\/\/hudo.com\/si\/aktualno\/drzavni-svet-izglasoval-odlozilni-veto-na-novelo-zakona-ki-spreminja-nacin-financiranja-zasebnih-osnovnih-sol\/#article\",\"isPartOf\":{\"@id\":\"https:\/\/hudo.com\/si\/aktualno\/drzavni-svet-izglasoval-odlozilni-veto-na-novelo-zakona-ki-spreminja-nacin-financiranja-zasebnih-osnovnih-sol\/\"},\"author\":{\"name\":\"M. N., STA\",\"@id\":\"https:\/\/hudo.com\/si\/#\/schema\/person\/c2f10ce65d2e6ede2aeda5be2a0611fa\"},\"headline\":\"Dr\u017eavni svet izglasoval odlo\u017eilni veto na novelo zakona, ki spreminja na\u010din financiranja zasebnih osnovnih \u0161ol\",\"datePublished\":\"2019-07-15T17:37:03+00:00\",\"dateModified\":\"2019-07-15T17:37:03+00:00\",\"mainEntityOfPage\":{\"@id\":\"https:\/\/hudo.com\/si\/aktualno\/drzavni-svet-izglasoval-odlozilni-veto-na-novelo-zakona-ki-spreminja-nacin-financiranja-zasebnih-osnovnih-sol\/\"},\"wordCount\":743,\"publisher\":{\"@id\":\"https:\/\/hudo.com\/si\/#organization\"},\"keywords\":[\"dr\u017eavni svet\",\"izobra\u017eevanje\",\"Slovenija\"],\"articleSection\":[\"Aktualno\"],\"inLanguage\":\"sl-SI\"},{\"@type\":\"WebPage\",\"@id\":\"https:\/\/hudo.com\/si\/aktualno\/drzavni-svet-izglasoval-odlozilni-veto-na-novelo-zakona-ki-spreminja-nacin-financiranja-zasebnih-osnovnih-sol\/\",\"url\":\"https:\/\/hudo.com\/si\/aktualno\/drzavni-svet-izglasoval-odlozilni-veto-na-novelo-zakona-ki-spreminja-nacin-financiranja-zasebnih-osnovnih-sol\/\",\"name\":\"Dr\u017eavni svet izglasoval odlo\u017eilni veto na novelo zakona, ki spreminja na\u010din financiranja zasebnih osnovnih \u0161ol - Hudo Slovenija\",\"isPartOf\":{\"@id\":\"https:\/\/hudo.com\/si\/#website\"},\"datePublished\":\"2019-07-15T17:37:03+00:00\",\"dateModified\":\"2019-07-15T17:37:03+00:00\",\"breadcrumb\":{\"@id\":\"https:\/\/hudo.com\/si\/aktualno\/drzavni-svet-izglasoval-odlozilni-veto-na-novelo-zakona-ki-spreminja-nacin-financiranja-zasebnih-osnovnih-sol\/#breadcrumb\"},\"inLanguage\":\"sl-SI\",\"potentialAction\":[{\"@type\":\"ReadAction\",\"target\":[\"https:\/\/hudo.com\/si\/aktualno\/drzavni-svet-izglasoval-odlozilni-veto-na-novelo-zakona-ki-spreminja-nacin-financiranja-zasebnih-osnovnih-sol\/\"]}]},{\"@type\":\"BreadcrumbList\",\"@id\":\"https:\/\/hudo.com\/si\/aktualno\/drzavni-svet-izglasoval-odlozilni-veto-na-novelo-zakona-ki-spreminja-nacin-financiranja-zasebnih-osnovnih-sol\/#breadcrumb\",\"itemListElement\":[{\"@type\":\"ListItem\",\"position\":1,\"name\":\"Home\",\"item\":\"https:\/\/hudo.com\/si\/\"},{\"@type\":\"ListItem\",\"position\":2,\"name\":\"Dr\u017eavni svet izglasoval odlo\u017eilni veto na novelo zakona, ki spreminja na\u010din financiranja zasebnih osnovnih \u0161ol\"}]},{\"@type\":\"WebSite\",\"@id\":\"https:\/\/hudo.com\/si\/#website\",\"url\":\"https:\/\/hudo.com\/si\/\",\"name\":\"Hudo Slovenija\",\"description\":\"Vse novice iz Slovenije in sveta\",\"publisher\":{\"@id\":\"https:\/\/hudo.com\/si\/#organization\"},\"potentialAction\":[{\"@type\":\"SearchAction\",\"target\":{\"@type\":\"EntryPoint\",\"urlTemplate\":\"https:\/\/hudo.com\/si\/?s={search_term_string}\"},\"query-input\":\"required name=search_term_string\"}],\"inLanguage\":\"sl-SI\"},{\"@type\":\"Organization\",\"@id\":\"https:\/\/hudo.com\/si\/#organization\",\"name\":\"VSN Media\",\"url\":\"https:\/\/hudo.com\/si\/\",\"logo\":{\"@type\":\"ImageObject\",\"inLanguage\":\"sl-SI\",\"@id\":\"https:\/\/hudo.com\/si\/#\/schema\/logo\/image\/\",\"url\":\"https:\/\/hudo.com\/si\/wp-content\/uploads\/sites\/2\/2021\/03\/hudo-app-2.png\",\"contentUrl\":\"https:\/\/hudo.com\/si\/wp-content\/uploads\/sites\/2\/2021\/03\/hudo-app-2.png\",\"width\":2185,\"height\":2167,\"caption\":\"VSN Media\"},\"image\":{\"@id\":\"https:\/\/hudo.com\/si\/#\/schema\/logo\/image\/\"},\"sameAs\":[\"https:\/\/www.facebook.com\/hudo.si\",\"https:\/\/twitter.com\/hudo_si\"]},{\"@type\":\"Person\",\"@id\":\"https:\/\/hudo.com\/si\/#\/schema\/person\/c2f10ce65d2e6ede2aeda5be2a0611fa\",\"name\":\"M. N., STA\",\"image\":{\"@type\":\"ImageObject\",\"inLanguage\":\"sl-SI\",\"@id\":\"https:\/\/hudo.com\/si\/#\/schema\/person\/image\/\",\"url\":\"https:\/\/secure.gravatar.com\/avatar\/f370d38daa10467f755c5c766a4cac20?s=96&d=mm&r=g\",\"contentUrl\":\"https:\/\/secure.gravatar.com\/avatar\/f370d38daa10467f755c5c766a4cac20?s=96&d=mm&r=g\",\"caption\":\"M. N., STA\"},\"url\":\"https:\/\/hudo.com\/si\/author\/mana\/\"}]}<\/script>\n<!-- \/ Yoast SEO plugin. -->","yoast_head_json":{"title":"Dr\u017eavni svet izglasoval odlo\u017eilni veto na novelo zakona, ki spreminja na\u010din financiranja zasebnih osnovnih \u0161ol - Hudo Slovenija","robots":{"index":"index","follow":"follow","max-snippet":"max-snippet:-1","max-image-preview":"max-image-preview:large","max-video-preview":"max-video-preview:-1"},"canonical":"https:\/\/hudo.com\/si\/aktualno\/drzavni-svet-izglasoval-odlozilni-veto-na-novelo-zakona-ki-spreminja-nacin-financiranja-zasebnih-osnovnih-sol\/","og_locale":"sl_SI","og_type":"article","og_title":"Dr\u017eavni svet izglasoval odlo\u017eilni veto na novelo zakona, ki spreminja na\u010din financiranja zasebnih osnovnih \u0161ol - Hudo Slovenija","og_description":"Dr\u017eavni svetniki so s 17 glasovi za in 13 proti izglasovali odlo\u017eilni veto na novelo zakona o organizaciji in financiranju vzgoje in izobra\u017eevanja, ki spreminja na\u010din financiranja zasebnih osnovnih \u0161ol. Poslanci bodo o noveli ponovno odlo\u010dali predvidoma v \u010detrtek, za njeno potrditev pa bo potrebnih najmanj 46 glasov.","og_url":"https:\/\/hudo.com\/si\/aktualno\/drzavni-svet-izglasoval-odlozilni-veto-na-novelo-zakona-ki-spreminja-nacin-financiranja-zasebnih-osnovnih-sol\/","og_site_name":"Hudo Slovenija","article_publisher":"https:\/\/www.facebook.com\/hudo.si","article_published_time":"2019-07-15T17:37:03+00:00","og_image":[{"width":1250,"height":803,"url":"https:\/\/hudo.com\/si\/wp-content\/uploads\/sites\/2\/2016\/11\/profimedia-0004770752.jpg","type":"image\/jpeg"}],"author":"M. N., STA","twitter_card":"summary_large_image","twitter_creator":"@hudo_si","twitter_site":"@hudo_si","twitter_misc":{"Written by":"M. N., STA","Est. reading time":"4 minute"},"schema":{"@context":"https:\/\/schema.org","@graph":[{"@type":"Article","@id":"https:\/\/hudo.com\/si\/aktualno\/drzavni-svet-izglasoval-odlozilni-veto-na-novelo-zakona-ki-spreminja-nacin-financiranja-zasebnih-osnovnih-sol\/#article","isPartOf":{"@id":"https:\/\/hudo.com\/si\/aktualno\/drzavni-svet-izglasoval-odlozilni-veto-na-novelo-zakona-ki-spreminja-nacin-financiranja-zasebnih-osnovnih-sol\/"},"author":{"name":"M. N., STA","@id":"https:\/\/hudo.com\/si\/#\/schema\/person\/c2f10ce65d2e6ede2aeda5be2a0611fa"},"headline":"Dr\u017eavni svet izglasoval odlo\u017eilni veto na novelo zakona, ki spreminja na\u010din financiranja zasebnih osnovnih \u0161ol","datePublished":"2019-07-15T17:37:03+00:00","dateModified":"2019-07-15T17:37:03+00:00","mainEntityOfPage":{"@id":"https:\/\/hudo.com\/si\/aktualno\/drzavni-svet-izglasoval-odlozilni-veto-na-novelo-zakona-ki-spreminja-nacin-financiranja-zasebnih-osnovnih-sol\/"},"wordCount":743,"publisher":{"@id":"https:\/\/hudo.com\/si\/#organization"},"keywords":["dr\u017eavni svet","izobra\u017eevanje","Slovenija"],"articleSection":["Aktualno"],"inLanguage":"sl-SI"},{"@type":"WebPage","@id":"https:\/\/hudo.com\/si\/aktualno\/drzavni-svet-izglasoval-odlozilni-veto-na-novelo-zakona-ki-spreminja-nacin-financiranja-zasebnih-osnovnih-sol\/","url":"https:\/\/hudo.com\/si\/aktualno\/drzavni-svet-izglasoval-odlozilni-veto-na-novelo-zakona-ki-spreminja-nacin-financiranja-zasebnih-osnovnih-sol\/","name":"Dr\u017eavni svet izglasoval odlo\u017eilni veto na novelo zakona, ki spreminja na\u010din financiranja zasebnih osnovnih \u0161ol - Hudo Slovenija","isPartOf":{"@id":"https:\/\/hudo.com\/si\/#website"},"datePublished":"2019-07-15T17:37:03+00:00","dateModified":"2019-07-15T17:37:03+00:00","breadcrumb":{"@id":"https:\/\/hudo.com\/si\/aktualno\/drzavni-svet-izglasoval-odlozilni-veto-na-novelo-zakona-ki-spreminja-nacin-financiranja-zasebnih-osnovnih-sol\/#breadcrumb"},"inLanguage":"sl-SI","potentialAction":[{"@type":"ReadAction","target":["https:\/\/hudo.com\/si\/aktualno\/drzavni-svet-izglasoval-odlozilni-veto-na-novelo-zakona-ki-spreminja-nacin-financiranja-zasebnih-osnovnih-sol\/"]}]},{"@type":"BreadcrumbList","@id":"https:\/\/hudo.com\/si\/aktualno\/drzavni-svet-izglasoval-odlozilni-veto-na-novelo-zakona-ki-spreminja-nacin-financiranja-zasebnih-osnovnih-sol\/#breadcrumb","itemListElement":[{"@type":"ListItem","position":1,"name":"Home","item":"https:\/\/hudo.com\/si\/"},{"@type":"ListItem","position":2,"name":"Dr\u017eavni svet izglasoval odlo\u017eilni veto na novelo zakona, ki spreminja na\u010din financiranja zasebnih osnovnih \u0161ol"}]},{"@type":"WebSite","@id":"https:\/\/hudo.com\/si\/#website","url":"https:\/\/hudo.com\/si\/","name":"Hudo Slovenija","description":"Vse novice iz Slovenije in sveta","publisher":{"@id":"https:\/\/hudo.com\/si\/#organization"},"potentialAction":[{"@type":"SearchAction","target":{"@type":"EntryPoint","urlTemplate":"https:\/\/hudo.com\/si\/?s={search_term_string}"},"query-input":"required name=search_term_string"}],"inLanguage":"sl-SI"},{"@type":"Organization","@id":"https:\/\/hudo.com\/si\/#organization","name":"VSN Media","url":"https:\/\/hudo.com\/si\/","logo":{"@type":"ImageObject","inLanguage":"sl-SI","@id":"https:\/\/hudo.com\/si\/#\/schema\/logo\/image\/","url":"https:\/\/hudo.com\/si\/wp-content\/uploads\/sites\/2\/2021\/03\/hudo-app-2.png","contentUrl":"https:\/\/hudo.com\/si\/wp-content\/uploads\/sites\/2\/2021\/03\/hudo-app-2.png","width":2185,"height":2167,"caption":"VSN Media"},"image":{"@id":"https:\/\/hudo.com\/si\/#\/schema\/logo\/image\/"},"sameAs":["https:\/\/www.facebook.com\/hudo.si","https:\/\/twitter.com\/hudo_si"]},{"@type":"Person","@id":"https:\/\/hudo.com\/si\/#\/schema\/person\/c2f10ce65d2e6ede2aeda5be2a0611fa","name":"M. N., STA","image":{"@type":"ImageObject","inLanguage":"sl-SI","@id":"https:\/\/hudo.com\/si\/#\/schema\/person\/image\/","url":"https:\/\/secure.gravatar.com\/avatar\/f370d38daa10467f755c5c766a4cac20?s=96&d=mm&r=g","contentUrl":"https:\/\/secure.gravatar.com\/avatar\/f370d38daa10467f755c5c766a4cac20?s=96&d=mm&r=g","caption":"M. N., STA"},"url":"https:\/\/hudo.com\/si\/author\/mana\/"}]}},"amp_enabled":true,"_links":{"self":[{"href":"https:\/\/hudo.com\/si\/wp-json\/wp\/v2\/posts\/402446"}],"collection":[{"href":"https:\/\/hudo.com\/si\/wp-json\/wp\/v2\/posts"}],"about":[{"href":"https:\/\/hudo.com\/si\/wp-json\/wp\/v2\/types\/post"}],"author":[{"embeddable":true,"href":"https:\/\/hudo.com\/si\/wp-json\/wp\/v2\/users\/8"}],"replies":[{"embeddable":true,"href":"https:\/\/hudo.com\/si\/wp-json\/wp\/v2\/comments?post=402446"}],"version-history":[{"count":1,"href":"https:\/\/hudo.com\/si\/wp-json\/wp\/v2\/posts\/402446\/revisions"}],"predecessor-version":[{"id":402447,"href":"https:\/\/hudo.com\/si\/wp-json\/wp\/v2\/posts\/402446\/revisions\/402447"}],"wp:featuredmedia":[{"embeddable":true,"href":"https:\/\/hudo.com\/si\/wp-json\/wp\/v2\/media\/174597"}],"wp:attachment":[{"href":"https:\/\/hudo.com\/si\/wp-json\/wp\/v2\/media?parent=402446"}],"wp:term":[{"taxonomy":"category","embeddable":true,"href":"https:\/\/hudo.com\/si\/wp-json\/wp\/v2\/categories?post=402446"},{"taxonomy":"post_tag","embeddable":true,"href":"https:\/\/hudo.com\/si\/wp-json\/wp\/v2\/tags?post=402446"},{"taxonomy":"source","embeddable":true,"href":"https:\/\/hudo.com\/si\/wp-json\/wp\/v2\/source?post=402446"},{"taxonomy":"supertag","embeddable":true,"href":"https:\/\/hudo.com\/si\/wp-json\/wp\/v2\/supertag?post=402446"}],"curies":[{"name":"wp","href":"https:\/\/api.w.org\/{rel}","templated":true}]}}