{"id":40264,"date":"2016-04-27T06:45:00","date_gmt":"2016-04-27T04:45:00","guid":{"rendered":"http:\/\/hudo.com\/si\/2016\/04\/27\/finale-nogometne-lige-prvakov-z-alicia-keys\/"},"modified":"2016-04-28T13:26:29","modified_gmt":"2016-04-28T11:26:29","slug":"finale-nogometne-lige-prvakov-z-alicia-keys","status":"publish","type":"post","link":"https:\/\/hudo.com\/si\/aktualno\/finale-nogometne-lige-prvakov-z-alicia-keys\/","title":{"rendered":"Finale nogometne lige prvakov z Alicia Keys"},"content":{"rendered":"<p>Dobitnica grammyja, ameri\u0161ka pevka Alicia Keys, bo konec maja v okviru leto\u0161njega finala nogometne lige prvakov v Milanu predstavila svoje pesmi z novega albuma. Novico je v torek zve\u010der potrdila kar 35-letna pevka sama. Liga prvakov bo s tem do\u017eivela kar dve premieri. Nove ne bodo le pesmi, prvi\u010d v zgodovini lige bo v okviru odprtja dogodka v \u017eivo nastopil tudi pevec. &#8220;To bo veli\u010dasten trenutek v zgodovini, ki bo pokazal duh skupnega, ki si ga delimo. Pri tem ni pomembno, kje \u017eivimo in kdo smo,&#8221; je dejala Keysova in dodala: &#8220;Po\u010da\u0161\u010dena sem, da bom del tako priljubljenega dogodka.&#8221; Finale lige prvakov bo 28. maja na milanskem stadionu Giuseppe Meazza. Za finale se \u0161e vedno borilo FC Bayern M\u00fcnchen, Real Madrid, Manchester City in Atletico Madrid s Slovencem Janom Oblakom.\u0160port<\/p>\n","protected":false},"excerpt":{"rendered":"<p>Dobitnica grammyja, ameri\u0161ka pevka Alicia Keys, bo konec maja v okviru leto\u0161njega finala nogometne lige prvakov v Milanu predstavila svoje pesmi z novega albuma. Novico je v torek zve\u010der potrdila kar 35-letna pevka sama. Liga prvakov bo s tem do\u017eivela kar dve premieri. Nove ne bodo le pesmi, prvi\u010d v zgodovini lige bo v okviru odprtja dogodka v \u017eivo nastopil tudi pevec. &#8220;To bo veli\u010dasten trenutek v zgodovini, ki bo pokazal duh skupnega, ki si ga delimo. Pri tem ni pomembno, kje \u017eivimo in kdo smo,&#8221; je dejala Keysova in dodala: &#8220;Po\u010da\u0161\u010dena sem, da bom del tako priljubljenega dogodka.&#8221; Finale lige prvakov bo 28. maja na milanskem stadionu Giuseppe Meazza. Za finale se \u0161e vedno borilo FC Bayern M\u00fcnchen, Real Madrid, Manchester City in Atletico Madrid s Slovencem Janom Oblakom.\u0160port<\/p>\n","protected":false},"author":1,"featured_media":0,"comment_status":"closed","ping_status":"closed","sticky":false,"template":"","format":"standard","meta":{"footnotes":""},"categories":[1179],"tags":[],"source":[1711],"supertag":[],"acf":[],"yoast_head":"<!-- This site is optimized with the Yoast SEO plugin v21.3 - https:\/\/yoast.com\/wordpress\/plugins\/seo\/ -->\n<title>Finale nogometne lige prvakov z Alicia Keys - Hudo Slovenija<\/title>\n<meta name=\"robots\" content=\"index, follow, max-snippet:-1, max-image-preview:large, max-video-preview:-1\" \/>\n<link rel=\"canonical\" href=\"https:\/\/hudo.com\/si\/aktualno\/finale-nogometne-lige-prvakov-z-alicia-keys\/\" \/>\n<meta property=\"og:locale\" content=\"sl_SI\" \/>\n<meta property=\"og:type\" content=\"article\" \/>\n<meta property=\"og:title\" content=\"Finale nogometne lige prvakov z Alicia Keys - Hudo Slovenija\" \/>\n<meta property=\"og:description\" content=\"Dobitnica grammyja, ameri\u0161ka pevka Alicia Keys, bo konec maja v okviru leto\u0161njega finala nogometne lige prvakov v Milanu predstavila svoje pesmi z novega albuma. Novico je v torek zve\u010der potrdila kar 35-letna pevka sama. Liga prvakov bo s tem do\u017eivela kar dve premieri. Nove ne bodo le pesmi, prvi\u010d v zgodovini lige bo v okviru odprtja dogodka v \u017eivo nastopil tudi pevec. &quot;To bo veli\u010dasten trenutek v zgodovini, ki bo pokazal duh skupnega, ki si ga delimo. Pri tem ni pomembno, kje \u017eivimo in kdo smo,&quot; je dejala Keysova in dodala: &quot;Po\u010da\u0161\u010dena sem, da bom del tako priljubljenega dogodka.&quot; Finale lige prvakov bo 28. maja na milanskem stadionu Giuseppe Meazza. Za finale se \u0161e vedno borilo FC Bayern M\u00fcnchen, Real Madrid, Manchester City in Atletico Madrid s Slovencem Janom Oblakom.\u0160port\" \/>\n<meta property=\"og:url\" content=\"https:\/\/hudo.com\/si\/aktualno\/finale-nogometne-lige-prvakov-z-alicia-keys\/\" \/>\n<meta property=\"og:site_name\" content=\"Hudo Slovenija\" \/>\n<meta property=\"article:publisher\" content=\"https:\/\/www.facebook.com\/hudo.si\" \/>\n<meta property=\"article:published_time\" content=\"2016-04-27T04:45:00+00:00\" \/>\n<meta property=\"article:modified_time\" content=\"2016-04-28T11:26:29+00:00\" \/>\n<meta property=\"og:image\" content=\"https:\/\/hudo.com\/si\/wp-content\/uploads\/sites\/2\/2016\/04\/01033396F-300.jpg\" \/>\n\t<meta property=\"og:image:width\" content=\"450\" \/>\n\t<meta property=\"og:image:height\" content=\"322\" \/>\n\t<meta property=\"og:image:type\" content=\"image\/jpeg\" \/>\n<meta name=\"author\" content=\"hudo\" \/>\n<meta name=\"twitter:card\" content=\"summary_large_image\" \/>\n<meta name=\"twitter:creator\" content=\"@hudo_si\" \/>\n<meta name=\"twitter:site\" content=\"@hudo_si\" \/>\n<meta name=\"twitter:label1\" content=\"Written by\" \/>\n\t<meta name=\"twitter:data1\" content=\"hudo\" \/>\n\t<meta name=\"twitter:label2\" content=\"Est. reading time\" \/>\n\t<meta name=\"twitter:data2\" content=\"1 minuta\" \/>\n<script type=\"application\/ld+json\" class=\"yoast-schema-graph\">{\"@context\":\"https:\/\/schema.org\",\"@graph\":[{\"@type\":\"Article\",\"@id\":\"https:\/\/hudo.com\/si\/aktualno\/finale-nogometne-lige-prvakov-z-alicia-keys\/#article\",\"isPartOf\":{\"@id\":\"https:\/\/hudo.com\/si\/aktualno\/finale-nogometne-lige-prvakov-z-alicia-keys\/\"},\"author\":{\"name\":\"hudo\",\"@id\":\"https:\/\/hudo.com\/si\/#\/schema\/person\/601cf3379633985b20f7e50f2bb47707\"},\"headline\":\"Finale nogometne lige prvakov z Alicia Keys\",\"datePublished\":\"2016-04-27T04:45:00+00:00\",\"dateModified\":\"2016-04-28T11:26:29+00:00\",\"mainEntityOfPage\":{\"@id\":\"https:\/\/hudo.com\/si\/aktualno\/finale-nogometne-lige-prvakov-z-alicia-keys\/\"},\"wordCount\":145,\"publisher\":{\"@id\":\"https:\/\/hudo.com\/si\/#organization\"},\"articleSection\":[\"Aktualno\"],\"inLanguage\":\"sl-SI\"},{\"@type\":\"WebPage\",\"@id\":\"https:\/\/hudo.com\/si\/aktualno\/finale-nogometne-lige-prvakov-z-alicia-keys\/\",\"url\":\"https:\/\/hudo.com\/si\/aktualno\/finale-nogometne-lige-prvakov-z-alicia-keys\/\",\"name\":\"Finale nogometne lige prvakov z Alicia Keys - Hudo Slovenija\",\"isPartOf\":{\"@id\":\"https:\/\/hudo.com\/si\/#website\"},\"datePublished\":\"2016-04-27T04:45:00+00:00\",\"dateModified\":\"2016-04-28T11:26:29+00:00\",\"breadcrumb\":{\"@id\":\"https:\/\/hudo.com\/si\/aktualno\/finale-nogometne-lige-prvakov-z-alicia-keys\/#breadcrumb\"},\"inLanguage\":\"sl-SI\",\"potentialAction\":[{\"@type\":\"ReadAction\",\"target\":[\"https:\/\/hudo.com\/si\/aktualno\/finale-nogometne-lige-prvakov-z-alicia-keys\/\"]}]},{\"@type\":\"BreadcrumbList\",\"@id\":\"https:\/\/hudo.com\/si\/aktualno\/finale-nogometne-lige-prvakov-z-alicia-keys\/#breadcrumb\",\"itemListElement\":[{\"@type\":\"ListItem\",\"position\":1,\"name\":\"Home\",\"item\":\"https:\/\/hudo.com\/si\/\"},{\"@type\":\"ListItem\",\"position\":2,\"name\":\"Finale nogometne lige prvakov z Alicia Keys\"}]},{\"@type\":\"WebSite\",\"@id\":\"https:\/\/hudo.com\/si\/#website\",\"url\":\"https:\/\/hudo.com\/si\/\",\"name\":\"Hudo Slovenija\",\"description\":\"Vse novice iz Slovenije in sveta\",\"publisher\":{\"@id\":\"https:\/\/hudo.com\/si\/#organization\"},\"potentialAction\":[{\"@type\":\"SearchAction\",\"target\":{\"@type\":\"EntryPoint\",\"urlTemplate\":\"https:\/\/hudo.com\/si\/?s={search_term_string}\"},\"query-input\":\"required name=search_term_string\"}],\"inLanguage\":\"sl-SI\"},{\"@type\":\"Organization\",\"@id\":\"https:\/\/hudo.com\/si\/#organization\",\"name\":\"VSN Media\",\"url\":\"https:\/\/hudo.com\/si\/\",\"logo\":{\"@type\":\"ImageObject\",\"inLanguage\":\"sl-SI\",\"@id\":\"https:\/\/hudo.com\/si\/#\/schema\/logo\/image\/\",\"url\":\"https:\/\/hudo.com\/si\/wp-content\/uploads\/sites\/2\/2021\/03\/hudo-app-2.png\",\"contentUrl\":\"https:\/\/hudo.com\/si\/wp-content\/uploads\/sites\/2\/2021\/03\/hudo-app-2.png\",\"width\":2185,\"height\":2167,\"caption\":\"VSN Media\"},\"image\":{\"@id\":\"https:\/\/hudo.com\/si\/#\/schema\/logo\/image\/\"},\"sameAs\":[\"https:\/\/www.facebook.com\/hudo.si\",\"https:\/\/twitter.com\/hudo_si\"]},{\"@type\":\"Person\",\"@id\":\"https:\/\/hudo.com\/si\/#\/schema\/person\/601cf3379633985b20f7e50f2bb47707\",\"name\":\"hudo\",\"image\":{\"@type\":\"ImageObject\",\"inLanguage\":\"sl-SI\",\"@id\":\"https:\/\/hudo.com\/si\/#\/schema\/person\/image\/\",\"url\":\"https:\/\/secure.gravatar.com\/avatar\/c4ca25fa72cace7a696b52ff5db9e095?s=96&d=mm&r=g\",\"contentUrl\":\"https:\/\/secure.gravatar.com\/avatar\/c4ca25fa72cace7a696b52ff5db9e095?s=96&d=mm&r=g\",\"caption\":\"hudo\"},\"url\":\"https:\/\/hudo.com\/si\/author\/hudo\/\"}]}<\/script>\n<!-- \/ Yoast SEO plugin. -->","yoast_head_json":{"title":"Finale nogometne lige prvakov z Alicia Keys - Hudo Slovenija","robots":{"index":"index","follow":"follow","max-snippet":"max-snippet:-1","max-image-preview":"max-image-preview:large","max-video-preview":"max-video-preview:-1"},"canonical":"https:\/\/hudo.com\/si\/aktualno\/finale-nogometne-lige-prvakov-z-alicia-keys\/","og_locale":"sl_SI","og_type":"article","og_title":"Finale nogometne lige prvakov z Alicia Keys - Hudo Slovenija","og_description":"Dobitnica grammyja, ameri\u0161ka pevka Alicia Keys, bo konec maja v okviru leto\u0161njega finala nogometne lige prvakov v Milanu predstavila svoje pesmi z novega albuma. Novico je v torek zve\u010der potrdila kar 35-letna pevka sama. Liga prvakov bo s tem do\u017eivela kar dve premieri. Nove ne bodo le pesmi, prvi\u010d v zgodovini lige bo v okviru odprtja dogodka v \u017eivo nastopil tudi pevec. \"To bo veli\u010dasten trenutek v zgodovini, ki bo pokazal duh skupnega, ki si ga delimo. Pri tem ni pomembno, kje \u017eivimo in kdo smo,\" je dejala Keysova in dodala: \"Po\u010da\u0161\u010dena sem, da bom del tako priljubljenega dogodka.\" Finale lige prvakov bo 28. maja na milanskem stadionu Giuseppe Meazza. Za finale se \u0161e vedno borilo FC Bayern M\u00fcnchen, Real Madrid, Manchester City in Atletico Madrid s Slovencem Janom Oblakom.\u0160port","og_url":"https:\/\/hudo.com\/si\/aktualno\/finale-nogometne-lige-prvakov-z-alicia-keys\/","og_site_name":"Hudo Slovenija","article_publisher":"https:\/\/www.facebook.com\/hudo.si","article_published_time":"2016-04-27T04:45:00+00:00","article_modified_time":"2016-04-28T11:26:29+00:00","og_image":[{"width":450,"height":322,"url":"https:\/\/hudo.com\/si\/wp-content\/uploads\/sites\/2\/2016\/04\/01033396F-300.jpg","type":"image\/jpeg"}],"author":"hudo","twitter_card":"summary_large_image","twitter_creator":"@hudo_si","twitter_site":"@hudo_si","twitter_misc":{"Written by":"hudo","Est. reading time":"1 minuta"},"schema":{"@context":"https:\/\/schema.org","@graph":[{"@type":"Article","@id":"https:\/\/hudo.com\/si\/aktualno\/finale-nogometne-lige-prvakov-z-alicia-keys\/#article","isPartOf":{"@id":"https:\/\/hudo.com\/si\/aktualno\/finale-nogometne-lige-prvakov-z-alicia-keys\/"},"author":{"name":"hudo","@id":"https:\/\/hudo.com\/si\/#\/schema\/person\/601cf3379633985b20f7e50f2bb47707"},"headline":"Finale nogometne lige prvakov z Alicia Keys","datePublished":"2016-04-27T04:45:00+00:00","dateModified":"2016-04-28T11:26:29+00:00","mainEntityOfPage":{"@id":"https:\/\/hudo.com\/si\/aktualno\/finale-nogometne-lige-prvakov-z-alicia-keys\/"},"wordCount":145,"publisher":{"@id":"https:\/\/hudo.com\/si\/#organization"},"articleSection":["Aktualno"],"inLanguage":"sl-SI"},{"@type":"WebPage","@id":"https:\/\/hudo.com\/si\/aktualno\/finale-nogometne-lige-prvakov-z-alicia-keys\/","url":"https:\/\/hudo.com\/si\/aktualno\/finale-nogometne-lige-prvakov-z-alicia-keys\/","name":"Finale nogometne lige prvakov z Alicia Keys - Hudo Slovenija","isPartOf":{"@id":"https:\/\/hudo.com\/si\/#website"},"datePublished":"2016-04-27T04:45:00+00:00","dateModified":"2016-04-28T11:26:29+00:00","breadcrumb":{"@id":"https:\/\/hudo.com\/si\/aktualno\/finale-nogometne-lige-prvakov-z-alicia-keys\/#breadcrumb"},"inLanguage":"sl-SI","potentialAction":[{"@type":"ReadAction","target":["https:\/\/hudo.com\/si\/aktualno\/finale-nogometne-lige-prvakov-z-alicia-keys\/"]}]},{"@type":"BreadcrumbList","@id":"https:\/\/hudo.com\/si\/aktualno\/finale-nogometne-lige-prvakov-z-alicia-keys\/#breadcrumb","itemListElement":[{"@type":"ListItem","position":1,"name":"Home","item":"https:\/\/hudo.com\/si\/"},{"@type":"ListItem","position":2,"name":"Finale nogometne lige prvakov z Alicia Keys"}]},{"@type":"WebSite","@id":"https:\/\/hudo.com\/si\/#website","url":"https:\/\/hudo.com\/si\/","name":"Hudo Slovenija","description":"Vse novice iz Slovenije in sveta","publisher":{"@id":"https:\/\/hudo.com\/si\/#organization"},"potentialAction":[{"@type":"SearchAction","target":{"@type":"EntryPoint","urlTemplate":"https:\/\/hudo.com\/si\/?s={search_term_string}"},"query-input":"required name=search_term_string"}],"inLanguage":"sl-SI"},{"@type":"Organization","@id":"https:\/\/hudo.com\/si\/#organization","name":"VSN Media","url":"https:\/\/hudo.com\/si\/","logo":{"@type":"ImageObject","inLanguage":"sl-SI","@id":"https:\/\/hudo.com\/si\/#\/schema\/logo\/image\/","url":"https:\/\/hudo.com\/si\/wp-content\/uploads\/sites\/2\/2021\/03\/hudo-app-2.png","contentUrl":"https:\/\/hudo.com\/si\/wp-content\/uploads\/sites\/2\/2021\/03\/hudo-app-2.png","width":2185,"height":2167,"caption":"VSN Media"},"image":{"@id":"https:\/\/hudo.com\/si\/#\/schema\/logo\/image\/"},"sameAs":["https:\/\/www.facebook.com\/hudo.si","https:\/\/twitter.com\/hudo_si"]},{"@type":"Person","@id":"https:\/\/hudo.com\/si\/#\/schema\/person\/601cf3379633985b20f7e50f2bb47707","name":"hudo","image":{"@type":"ImageObject","inLanguage":"sl-SI","@id":"https:\/\/hudo.com\/si\/#\/schema\/person\/image\/","url":"https:\/\/secure.gravatar.com\/avatar\/c4ca25fa72cace7a696b52ff5db9e095?s=96&d=mm&r=g","contentUrl":"https:\/\/secure.gravatar.com\/avatar\/c4ca25fa72cace7a696b52ff5db9e095?s=96&d=mm&r=g","caption":"hudo"},"url":"https:\/\/hudo.com\/si\/author\/hudo\/"}]}},"amp_enabled":true,"_links":{"self":[{"href":"https:\/\/hudo.com\/si\/wp-json\/wp\/v2\/posts\/40264"}],"collection":[{"href":"https:\/\/hudo.com\/si\/wp-json\/wp\/v2\/posts"}],"about":[{"href":"https:\/\/hudo.com\/si\/wp-json\/wp\/v2\/types\/post"}],"author":[{"embeddable":true,"href":"https:\/\/hudo.com\/si\/wp-json\/wp\/v2\/users\/1"}],"replies":[{"embeddable":true,"href":"https:\/\/hudo.com\/si\/wp-json\/wp\/v2\/comments?post=40264"}],"version-history":[{"count":1,"href":"https:\/\/hudo.com\/si\/wp-json\/wp\/v2\/posts\/40264\/revisions"}],"predecessor-version":[{"id":40300,"href":"https:\/\/hudo.com\/si\/wp-json\/wp\/v2\/posts\/40264\/revisions\/40300"}],"wp:attachment":[{"href":"https:\/\/hudo.com\/si\/wp-json\/wp\/v2\/media?parent=40264"}],"wp:term":[{"taxonomy":"category","embeddable":true,"href":"https:\/\/hudo.com\/si\/wp-json\/wp\/v2\/categories?post=40264"},{"taxonomy":"post_tag","embeddable":true,"href":"https:\/\/hudo.com\/si\/wp-json\/wp\/v2\/tags?post=40264"},{"taxonomy":"source","embeddable":true,"href":"https:\/\/hudo.com\/si\/wp-json\/wp\/v2\/source?post=40264"},{"taxonomy":"supertag","embeddable":true,"href":"https:\/\/hudo.com\/si\/wp-json\/wp\/v2\/supertag?post=40264"}],"curies":[{"name":"wp","href":"https:\/\/api.w.org\/{rel}","templated":true}]}}