{"id":402754,"date":"2019-07-21T11:44:57","date_gmt":"2019-07-21T09:44:57","guid":{"rendered":"http:\/\/hudo.com\/si\/?p=402754"},"modified":"2019-07-21T11:44:57","modified_gmt":"2019-07-21T09:44:57","slug":"nasa-se-je-poklonila-prvim-korakom-na-luni-pred-50-leti","status":"publish","type":"post","link":"https:\/\/hudo.com\/si\/aktualno\/nasa-se-je-poklonila-prvim-korakom-na-luni-pred-50-leti\/","title":{"rendered":"Nasa se je poklonila prvim korakom na Luni pred 50 leti"},"content":{"rendered":"<p>Ameri\u0161ki astronavt Neil Armstrong je 21. junija 1969 ob 3.56 po srednjeevropskem \u010dasu kot prvi \u010dlovek stopil na Luno, s \u010dimer se je vpisal v zgodovino. Pribli\u017eno 20 minut za njim je na Mesec stopil \u0161e Edwin Buzz Aldrin.<\/p>\n<p>Nasa je med drugim ponovno predvajala slaven posnetek, ko sta astronavta 20. julija 1969 v posebnem modulu Orel kot prva \u010dloveka pristala na Luni. &#8220;Houston, tukaj baza v Morju ti\u0161ine. Orel je pristal,&#8221; je takrat dejal Armstrong.<\/p>\n<p>Obiskovalci v Nasinem centru pa so na velikih zaslonih spremljali tudi posnetke zgodovinskih trenutkov na Luni, zatem je nebo razsvetlil ognjemet.<\/p>\n<p>Pred slavnim jubilejem je v soboto podpredsednik ZDA Mike Pence nagovoril zbrane v Cape Canaveralu, s koder so trije astronavti pred 50 leti poleteli proti Luni. &#8220;Apollo 11 je edini dogodek 20. stoletja, ki ima mo\u017enost, da se ga bodo dobro spominjali tudi v 30. stoletju,&#8221; je dejal.<\/p>\n<p>Posadka Apolla 11, ki jo je poleg Armstronga in Aldrina sestavljal \u0161e Michael Collins, je na raketi Saturn 5 v vesolje poletela 16. julija 1969 iz Kennedyjevega vesoljskega sredi\u0161\u010da na Floridi. V Lunino orbito so se utirili tri dni po vzletu.<\/p>\n<p>20. julija 1969 oziroma 21. julija po srednjeevropskem \u010dasu sta Armstrong in Aldrin v posebnem modulu Orel kot prva \u010dloveka pristala na Zemljinem naravnem satelitu. Prvi je na Lunino povr\u0161je ob 3.56 po srednjeevropskem \u010dasu stopil Armstrong in izrekel slavne besede o \u010dloveku in \u010dlove\u0161tvu: &#8220;To je majhen korak za \u010dloveka, a velik skok za \u010dlove\u0161tvo.&#8221;<\/p>\n<p>Pribli\u017eno dvajset minut zatem se mu je pridru\u017eil Aldrin. Na Luninem povr\u0161ju sta zapi\u010dila ameri\u0161ko zastavo, opravila razli\u010dne meritve ter zbrala lunarno kamenje in prah.<\/p>\n<p>Tretji \u010dlan odprave Collins je, medtem ko sta Armstrong in Aldrin hodila po Luni, kro\u017eil v plovilu okoli Meseca.<\/p>\n<p>Na Zemljo se je misija vrnila 24. julija. Po pristanku v Tihem oceanu so jih za tri tedne poslali v karanteno, 13. avgusta pa so se prvi\u010d pojavili v javnosti in bili nemudoma sprejeti kot narodni junaki.<\/p>\n<p>Dogodek, za katerega je ve\u010dina vse do takrat menila, da sploh ni mo\u017een, so milijoni ljudi po vsem svetu, tudi v Sloveniji, spremljali prek televizijskih zaslonov.<\/p>\n","protected":false},"excerpt":{"rendered":"<p>Ameri\u0161ka vesoljska agencija Nasa se je v soboto po lokalnem \u010dasu poklonila prvim \u010dlove\u0161kim korakom na Luni. \u0160tevilni navdu\u0161enci nad vesoljem so se 50 let po pristanku na edinem Zemljinem naravnem satelitu zbrali v centru za obiskovalce v prostorih Nase in od\u0161tevali sekunde do jubileja, poro\u010da francoska tiskovna agencija AFP.<\/p>\n","protected":false},"author":4,"featured_media":402706,"comment_status":"closed","ping_status":"closed","sticky":false,"template":"","format":"standard","meta":{"footnotes":""},"categories":[1179],"tags":[6677,4195,9112],"source":[4511],"supertag":[6103],"acf":[],"yoast_head":"<!-- This site is optimized with the Yoast SEO plugin v21.3 - https:\/\/yoast.com\/wordpress\/plugins\/seo\/ -->\n<title>Nasa se je poklonila prvim korakom na Luni pred 50 leti - Hudo Slovenija<\/title>\n<meta name=\"robots\" content=\"index, follow, max-snippet:-1, max-image-preview:large, max-video-preview:-1\" \/>\n<link rel=\"canonical\" href=\"https:\/\/hudo.com\/si\/aktualno\/nasa-se-je-poklonila-prvim-korakom-na-luni-pred-50-leti\/\" \/>\n<meta property=\"og:locale\" content=\"sl_SI\" \/>\n<meta property=\"og:type\" content=\"article\" \/>\n<meta property=\"og:title\" content=\"Nasa se je poklonila prvim korakom na Luni pred 50 leti - Hudo Slovenija\" \/>\n<meta property=\"og:description\" content=\"Ameri\u0161ka vesoljska agencija Nasa se je v soboto po lokalnem \u010dasu poklonila prvim \u010dlove\u0161kim korakom na Luni. \u0160tevilni navdu\u0161enci nad vesoljem so se 50 let po pristanku na edinem Zemljinem naravnem satelitu zbrali v centru za obiskovalce v prostorih Nase in od\u0161tevali sekunde do jubileja, poro\u010da francoska tiskovna agencija AFP.\" \/>\n<meta property=\"og:url\" content=\"https:\/\/hudo.com\/si\/aktualno\/nasa-se-je-poklonila-prvim-korakom-na-luni-pred-50-leti\/\" \/>\n<meta property=\"og:site_name\" content=\"Hudo Slovenija\" \/>\n<meta property=\"article:publisher\" content=\"https:\/\/www.facebook.com\/hudo.si\" \/>\n<meta property=\"article:published_time\" content=\"2019-07-21T09:44:57+00:00\" \/>\n<meta property=\"og:image\" content=\"https:\/\/hudo.com\/si\/wp-content\/uploads\/sites\/2\/2019\/07\/profimedia-0156449196.jpg\" \/>\n\t<meta property=\"og:image:width\" content=\"1250\" \/>\n\t<meta property=\"og:image:height\" content=\"940\" \/>\n\t<meta property=\"og:image:type\" content=\"image\/jpeg\" \/>\n<meta name=\"author\" content=\"sabina\" \/>\n<meta name=\"twitter:card\" content=\"summary_large_image\" \/>\n<meta name=\"twitter:creator\" content=\"@hudo_si\" \/>\n<meta name=\"twitter:site\" content=\"@hudo_si\" \/>\n<meta name=\"twitter:label1\" content=\"Written by\" \/>\n\t<meta name=\"twitter:data1\" content=\"sabina\" \/>\n\t<meta name=\"twitter:label2\" content=\"Est. reading time\" \/>\n\t<meta name=\"twitter:data2\" content=\"2 minuti\" \/>\n<script type=\"application\/ld+json\" class=\"yoast-schema-graph\">{\"@context\":\"https:\/\/schema.org\",\"@graph\":[{\"@type\":\"Article\",\"@id\":\"https:\/\/hudo.com\/si\/aktualno\/nasa-se-je-poklonila-prvim-korakom-na-luni-pred-50-leti\/#article\",\"isPartOf\":{\"@id\":\"https:\/\/hudo.com\/si\/aktualno\/nasa-se-je-poklonila-prvim-korakom-na-luni-pred-50-leti\/\"},\"author\":{\"name\":\"sabina\",\"@id\":\"https:\/\/hudo.com\/si\/#\/schema\/person\/84c7fb414b1cd57255bce1dd0673a4a6\"},\"headline\":\"Nasa se je poklonila prvim korakom na Luni pred 50 leti\",\"datePublished\":\"2019-07-21T09:44:57+00:00\",\"dateModified\":\"2019-07-21T09:44:57+00:00\",\"mainEntityOfPage\":{\"@id\":\"https:\/\/hudo.com\/si\/aktualno\/nasa-se-je-poklonila-prvim-korakom-na-luni-pred-50-leti\/\"},\"wordCount\":356,\"publisher\":{\"@id\":\"https:\/\/hudo.com\/si\/#organization\"},\"keywords\":[\"Luna\",\"nasa\",\"Neil Armstrong\"],\"articleSection\":[\"Aktualno\"],\"inLanguage\":\"sl-SI\"},{\"@type\":\"WebPage\",\"@id\":\"https:\/\/hudo.com\/si\/aktualno\/nasa-se-je-poklonila-prvim-korakom-na-luni-pred-50-leti\/\",\"url\":\"https:\/\/hudo.com\/si\/aktualno\/nasa-se-je-poklonila-prvim-korakom-na-luni-pred-50-leti\/\",\"name\":\"Nasa se je poklonila prvim korakom na Luni pred 50 leti - Hudo Slovenija\",\"isPartOf\":{\"@id\":\"https:\/\/hudo.com\/si\/#website\"},\"datePublished\":\"2019-07-21T09:44:57+00:00\",\"dateModified\":\"2019-07-21T09:44:57+00:00\",\"breadcrumb\":{\"@id\":\"https:\/\/hudo.com\/si\/aktualno\/nasa-se-je-poklonila-prvim-korakom-na-luni-pred-50-leti\/#breadcrumb\"},\"inLanguage\":\"sl-SI\",\"potentialAction\":[{\"@type\":\"ReadAction\",\"target\":[\"https:\/\/hudo.com\/si\/aktualno\/nasa-se-je-poklonila-prvim-korakom-na-luni-pred-50-leti\/\"]}]},{\"@type\":\"BreadcrumbList\",\"@id\":\"https:\/\/hudo.com\/si\/aktualno\/nasa-se-je-poklonila-prvim-korakom-na-luni-pred-50-leti\/#breadcrumb\",\"itemListElement\":[{\"@type\":\"ListItem\",\"position\":1,\"name\":\"Home\",\"item\":\"https:\/\/hudo.com\/si\/\"},{\"@type\":\"ListItem\",\"position\":2,\"name\":\"Nasa se je poklonila prvim korakom na Luni pred 50 leti\"}]},{\"@type\":\"WebSite\",\"@id\":\"https:\/\/hudo.com\/si\/#website\",\"url\":\"https:\/\/hudo.com\/si\/\",\"name\":\"Hudo Slovenija\",\"description\":\"Vse novice iz Slovenije in sveta\",\"publisher\":{\"@id\":\"https:\/\/hudo.com\/si\/#organization\"},\"potentialAction\":[{\"@type\":\"SearchAction\",\"target\":{\"@type\":\"EntryPoint\",\"urlTemplate\":\"https:\/\/hudo.com\/si\/?s={search_term_string}\"},\"query-input\":\"required name=search_term_string\"}],\"inLanguage\":\"sl-SI\"},{\"@type\":\"Organization\",\"@id\":\"https:\/\/hudo.com\/si\/#organization\",\"name\":\"VSN Media\",\"url\":\"https:\/\/hudo.com\/si\/\",\"logo\":{\"@type\":\"ImageObject\",\"inLanguage\":\"sl-SI\",\"@id\":\"https:\/\/hudo.com\/si\/#\/schema\/logo\/image\/\",\"url\":\"https:\/\/hudo.com\/si\/wp-content\/uploads\/sites\/2\/2021\/03\/hudo-app-2.png\",\"contentUrl\":\"https:\/\/hudo.com\/si\/wp-content\/uploads\/sites\/2\/2021\/03\/hudo-app-2.png\",\"width\":2185,\"height\":2167,\"caption\":\"VSN Media\"},\"image\":{\"@id\":\"https:\/\/hudo.com\/si\/#\/schema\/logo\/image\/\"},\"sameAs\":[\"https:\/\/www.facebook.com\/hudo.si\",\"https:\/\/twitter.com\/hudo_si\"]},{\"@type\":\"Person\",\"@id\":\"https:\/\/hudo.com\/si\/#\/schema\/person\/84c7fb414b1cd57255bce1dd0673a4a6\",\"name\":\"sabina\",\"image\":{\"@type\":\"ImageObject\",\"inLanguage\":\"sl-SI\",\"@id\":\"https:\/\/hudo.com\/si\/#\/schema\/person\/image\/\",\"url\":\"https:\/\/secure.gravatar.com\/avatar\/d26b530b785e7e230c648fb636fefc8e?s=96&d=mm&r=g\",\"contentUrl\":\"https:\/\/secure.gravatar.com\/avatar\/d26b530b785e7e230c648fb636fefc8e?s=96&d=mm&r=g\",\"caption\":\"sabina\"},\"url\":\"https:\/\/hudo.com\/si\/author\/sabina\/\"}]}<\/script>\n<!-- \/ Yoast SEO plugin. -->","yoast_head_json":{"title":"Nasa se je poklonila prvim korakom na Luni pred 50 leti - Hudo Slovenija","robots":{"index":"index","follow":"follow","max-snippet":"max-snippet:-1","max-image-preview":"max-image-preview:large","max-video-preview":"max-video-preview:-1"},"canonical":"https:\/\/hudo.com\/si\/aktualno\/nasa-se-je-poklonila-prvim-korakom-na-luni-pred-50-leti\/","og_locale":"sl_SI","og_type":"article","og_title":"Nasa se je poklonila prvim korakom na Luni pred 50 leti - Hudo Slovenija","og_description":"Ameri\u0161ka vesoljska agencija Nasa se je v soboto po lokalnem \u010dasu poklonila prvim \u010dlove\u0161kim korakom na Luni. \u0160tevilni navdu\u0161enci nad vesoljem so se 50 let po pristanku na edinem Zemljinem naravnem satelitu zbrali v centru za obiskovalce v prostorih Nase in od\u0161tevali sekunde do jubileja, poro\u010da francoska tiskovna agencija AFP.","og_url":"https:\/\/hudo.com\/si\/aktualno\/nasa-se-je-poklonila-prvim-korakom-na-luni-pred-50-leti\/","og_site_name":"Hudo Slovenija","article_publisher":"https:\/\/www.facebook.com\/hudo.si","article_published_time":"2019-07-21T09:44:57+00:00","og_image":[{"width":1250,"height":940,"url":"https:\/\/hudo.com\/si\/wp-content\/uploads\/sites\/2\/2019\/07\/profimedia-0156449196.jpg","type":"image\/jpeg"}],"author":"sabina","twitter_card":"summary_large_image","twitter_creator":"@hudo_si","twitter_site":"@hudo_si","twitter_misc":{"Written by":"sabina","Est. reading time":"2 minuti"},"schema":{"@context":"https:\/\/schema.org","@graph":[{"@type":"Article","@id":"https:\/\/hudo.com\/si\/aktualno\/nasa-se-je-poklonila-prvim-korakom-na-luni-pred-50-leti\/#article","isPartOf":{"@id":"https:\/\/hudo.com\/si\/aktualno\/nasa-se-je-poklonila-prvim-korakom-na-luni-pred-50-leti\/"},"author":{"name":"sabina","@id":"https:\/\/hudo.com\/si\/#\/schema\/person\/84c7fb414b1cd57255bce1dd0673a4a6"},"headline":"Nasa se je poklonila prvim korakom na Luni pred 50 leti","datePublished":"2019-07-21T09:44:57+00:00","dateModified":"2019-07-21T09:44:57+00:00","mainEntityOfPage":{"@id":"https:\/\/hudo.com\/si\/aktualno\/nasa-se-je-poklonila-prvim-korakom-na-luni-pred-50-leti\/"},"wordCount":356,"publisher":{"@id":"https:\/\/hudo.com\/si\/#organization"},"keywords":["Luna","nasa","Neil Armstrong"],"articleSection":["Aktualno"],"inLanguage":"sl-SI"},{"@type":"WebPage","@id":"https:\/\/hudo.com\/si\/aktualno\/nasa-se-je-poklonila-prvim-korakom-na-luni-pred-50-leti\/","url":"https:\/\/hudo.com\/si\/aktualno\/nasa-se-je-poklonila-prvim-korakom-na-luni-pred-50-leti\/","name":"Nasa se je poklonila prvim korakom na Luni pred 50 leti - Hudo Slovenija","isPartOf":{"@id":"https:\/\/hudo.com\/si\/#website"},"datePublished":"2019-07-21T09:44:57+00:00","dateModified":"2019-07-21T09:44:57+00:00","breadcrumb":{"@id":"https:\/\/hudo.com\/si\/aktualno\/nasa-se-je-poklonila-prvim-korakom-na-luni-pred-50-leti\/#breadcrumb"},"inLanguage":"sl-SI","potentialAction":[{"@type":"ReadAction","target":["https:\/\/hudo.com\/si\/aktualno\/nasa-se-je-poklonila-prvim-korakom-na-luni-pred-50-leti\/"]}]},{"@type":"BreadcrumbList","@id":"https:\/\/hudo.com\/si\/aktualno\/nasa-se-je-poklonila-prvim-korakom-na-luni-pred-50-leti\/#breadcrumb","itemListElement":[{"@type":"ListItem","position":1,"name":"Home","item":"https:\/\/hudo.com\/si\/"},{"@type":"ListItem","position":2,"name":"Nasa se je poklonila prvim korakom na Luni pred 50 leti"}]},{"@type":"WebSite","@id":"https:\/\/hudo.com\/si\/#website","url":"https:\/\/hudo.com\/si\/","name":"Hudo Slovenija","description":"Vse novice iz Slovenije in sveta","publisher":{"@id":"https:\/\/hudo.com\/si\/#organization"},"potentialAction":[{"@type":"SearchAction","target":{"@type":"EntryPoint","urlTemplate":"https:\/\/hudo.com\/si\/?s={search_term_string}"},"query-input":"required name=search_term_string"}],"inLanguage":"sl-SI"},{"@type":"Organization","@id":"https:\/\/hudo.com\/si\/#organization","name":"VSN Media","url":"https:\/\/hudo.com\/si\/","logo":{"@type":"ImageObject","inLanguage":"sl-SI","@id":"https:\/\/hudo.com\/si\/#\/schema\/logo\/image\/","url":"https:\/\/hudo.com\/si\/wp-content\/uploads\/sites\/2\/2021\/03\/hudo-app-2.png","contentUrl":"https:\/\/hudo.com\/si\/wp-content\/uploads\/sites\/2\/2021\/03\/hudo-app-2.png","width":2185,"height":2167,"caption":"VSN Media"},"image":{"@id":"https:\/\/hudo.com\/si\/#\/schema\/logo\/image\/"},"sameAs":["https:\/\/www.facebook.com\/hudo.si","https:\/\/twitter.com\/hudo_si"]},{"@type":"Person","@id":"https:\/\/hudo.com\/si\/#\/schema\/person\/84c7fb414b1cd57255bce1dd0673a4a6","name":"sabina","image":{"@type":"ImageObject","inLanguage":"sl-SI","@id":"https:\/\/hudo.com\/si\/#\/schema\/person\/image\/","url":"https:\/\/secure.gravatar.com\/avatar\/d26b530b785e7e230c648fb636fefc8e?s=96&d=mm&r=g","contentUrl":"https:\/\/secure.gravatar.com\/avatar\/d26b530b785e7e230c648fb636fefc8e?s=96&d=mm&r=g","caption":"sabina"},"url":"https:\/\/hudo.com\/si\/author\/sabina\/"}]}},"amp_enabled":true,"_links":{"self":[{"href":"https:\/\/hudo.com\/si\/wp-json\/wp\/v2\/posts\/402754"}],"collection":[{"href":"https:\/\/hudo.com\/si\/wp-json\/wp\/v2\/posts"}],"about":[{"href":"https:\/\/hudo.com\/si\/wp-json\/wp\/v2\/types\/post"}],"author":[{"embeddable":true,"href":"https:\/\/hudo.com\/si\/wp-json\/wp\/v2\/users\/4"}],"replies":[{"embeddable":true,"href":"https:\/\/hudo.com\/si\/wp-json\/wp\/v2\/comments?post=402754"}],"version-history":[{"count":1,"href":"https:\/\/hudo.com\/si\/wp-json\/wp\/v2\/posts\/402754\/revisions"}],"predecessor-version":[{"id":402755,"href":"https:\/\/hudo.com\/si\/wp-json\/wp\/v2\/posts\/402754\/revisions\/402755"}],"wp:featuredmedia":[{"embeddable":true,"href":"https:\/\/hudo.com\/si\/wp-json\/wp\/v2\/media\/402706"}],"wp:attachment":[{"href":"https:\/\/hudo.com\/si\/wp-json\/wp\/v2\/media?parent=402754"}],"wp:term":[{"taxonomy":"category","embeddable":true,"href":"https:\/\/hudo.com\/si\/wp-json\/wp\/v2\/categories?post=402754"},{"taxonomy":"post_tag","embeddable":true,"href":"https:\/\/hudo.com\/si\/wp-json\/wp\/v2\/tags?post=402754"},{"taxonomy":"source","embeddable":true,"href":"https:\/\/hudo.com\/si\/wp-json\/wp\/v2\/source?post=402754"},{"taxonomy":"supertag","embeddable":true,"href":"https:\/\/hudo.com\/si\/wp-json\/wp\/v2\/supertag?post=402754"}],"curies":[{"name":"wp","href":"https:\/\/api.w.org\/{rel}","templated":true}]}}