{"id":402995,"date":"2019-07-24T18:04:11","date_gmt":"2019-07-24T16:04:11","guid":{"rendered":"http:\/\/hudo.com\/si\/?p=402995"},"modified":"2019-07-24T18:04:11","modified_gmt":"2019-07-24T16:04:11","slug":"vreme-ponoci-v-cetrtek-bo-pretezno-jasno-vroce","status":"publish","type":"post","link":"https:\/\/hudo.com\/si\/aktualno\/vreme-ponoci-v-cetrtek-bo-pretezno-jasno-vroce\/","title":{"rendered":"Vreme: Pono\u010di in v \u010detrtek bo prete\u017eno jasno in vro\u010de"},"content":{"rendered":"<p>Opozorilo: Predvsem na Primorskem in po ni\u017einah osrednje Slovenije bo do petka sredi dneva in popoldne velika toplotna obremenitev.<\/p>\n<p>Obeti: V petek bo \u0161e son\u010dno in vro\u010de, popoldne bo nastalo nekaj neviht. V soboto bo spremenljivo obla\u010dno s plohami in nevihtami. Vro\u010dina bo nekoliko popustila.<\/p>\n<p>Vremenska slika: Od Sredozemlja prek dela zahodne in osrednje Evrope proti Skandinaviji se razteza obse\u017eno obmo\u010dje visokega zra\u010dnega tlaka. Nad na\u0161e kraje s \u0161ibkimi severnimi vetrovi priteka suh in zelo topel zrak.<\/p>\n<p>Napoved za sosednje pokrajine: Pono\u010di bo prete\u017eno jasno. V \u010detrtek bo prevladovalo son\u010dno vreme. Popoldne bo na obmo\u010dju Alp nastalo nekaj ploh in neviht.<\/p>\n","protected":false},"excerpt":{"rendered":"<p>\u010cetrtek bo son\u010den, popoldne lahko v hribovitih krajih zahodne Slovenije nastane kak\u0161na nevihta. Najni\u017eje jutranje temperature bodo od 15 do 22, najvi\u0161je dnevne od 31 do 34, na Gori\u0161kem do 36 stopinj Celzija, je zapisano na spletnih straneh Agencije RS za okolje.<\/p>\n","protected":false},"author":7,"featured_media":375212,"comment_status":"closed","ping_status":"closed","sticky":false,"template":"","format":"standard","meta":{"footnotes":""},"categories":[1179],"tags":[1595,2149,7416],"source":[4511],"supertag":[],"acf":[],"yoast_head":"<!-- This site is optimized with the Yoast SEO plugin v21.3 - https:\/\/yoast.com\/wordpress\/plugins\/seo\/ -->\n<title>Vreme: Pono\u010di in v \u010detrtek bo prete\u017eno jasno in vro\u010de - Hudo Slovenija<\/title>\n<meta name=\"robots\" content=\"index, follow, max-snippet:-1, max-image-preview:large, max-video-preview:-1\" \/>\n<link rel=\"canonical\" href=\"https:\/\/hudo.com\/si\/aktualno\/vreme-ponoci-v-cetrtek-bo-pretezno-jasno-vroce\/\" \/>\n<meta property=\"og:locale\" content=\"sl_SI\" \/>\n<meta property=\"og:type\" content=\"article\" \/>\n<meta property=\"og:title\" content=\"Vreme: Pono\u010di in v \u010detrtek bo prete\u017eno jasno in vro\u010de - Hudo Slovenija\" \/>\n<meta property=\"og:description\" content=\"\u010cetrtek bo son\u010den, popoldne lahko v hribovitih krajih zahodne Slovenije nastane kak\u0161na nevihta. Najni\u017eje jutranje temperature bodo od 15 do 22, najvi\u0161je dnevne od 31 do 34, na Gori\u0161kem do 36 stopinj Celzija, je zapisano na spletnih straneh Agencije RS za okolje.\" \/>\n<meta property=\"og:url\" content=\"https:\/\/hudo.com\/si\/aktualno\/vreme-ponoci-v-cetrtek-bo-pretezno-jasno-vroce\/\" \/>\n<meta property=\"og:site_name\" content=\"Hudo Slovenija\" \/>\n<meta property=\"article:publisher\" content=\"https:\/\/www.facebook.com\/hudo.si\" \/>\n<meta property=\"article:published_time\" content=\"2019-07-24T16:04:11+00:00\" \/>\n<meta property=\"og:image\" content=\"https:\/\/hudo.com\/si\/wp-content\/uploads\/sites\/2\/2018\/08\/profimedia-0381083588.jpg\" \/>\n\t<meta property=\"og:image:width\" content=\"1250\" \/>\n\t<meta property=\"og:image:height\" content=\"833\" \/>\n\t<meta property=\"og:image:type\" content=\"image\/jpeg\" \/>\n<meta name=\"author\" content=\"A. P., STA\" \/>\n<meta name=\"twitter:card\" content=\"summary_large_image\" \/>\n<meta name=\"twitter:creator\" content=\"@hudo_si\" \/>\n<meta name=\"twitter:site\" content=\"@hudo_si\" \/>\n<meta name=\"twitter:label1\" content=\"Written by\" \/>\n\t<meta name=\"twitter:data1\" content=\"A. P., STA\" \/>\n\t<meta name=\"twitter:label2\" content=\"Est. reading time\" \/>\n\t<meta name=\"twitter:data2\" content=\"1 minuta\" \/>\n<script type=\"application\/ld+json\" class=\"yoast-schema-graph\">{\"@context\":\"https:\/\/schema.org\",\"@graph\":[{\"@type\":\"Article\",\"@id\":\"https:\/\/hudo.com\/si\/aktualno\/vreme-ponoci-v-cetrtek-bo-pretezno-jasno-vroce\/#article\",\"isPartOf\":{\"@id\":\"https:\/\/hudo.com\/si\/aktualno\/vreme-ponoci-v-cetrtek-bo-pretezno-jasno-vroce\/\"},\"author\":{\"name\":\"A. P., STA\",\"@id\":\"https:\/\/hudo.com\/si\/#\/schema\/person\/18f09c02475ba9e606e941a565b80cff\"},\"headline\":\"Vreme: Pono\u010di in v \u010detrtek bo prete\u017eno jasno in vro\u010de\",\"datePublished\":\"2019-07-24T16:04:11+00:00\",\"dateModified\":\"2019-07-24T16:04:11+00:00\",\"mainEntityOfPage\":{\"@id\":\"https:\/\/hudo.com\/si\/aktualno\/vreme-ponoci-v-cetrtek-bo-pretezno-jasno-vroce\/\"},\"wordCount\":127,\"publisher\":{\"@id\":\"https:\/\/hudo.com\/si\/#organization\"},\"keywords\":[\"Slovenija\",\"vreme\",\"vremenska napoved\"],\"articleSection\":[\"Aktualno\"],\"inLanguage\":\"sl-SI\"},{\"@type\":\"WebPage\",\"@id\":\"https:\/\/hudo.com\/si\/aktualno\/vreme-ponoci-v-cetrtek-bo-pretezno-jasno-vroce\/\",\"url\":\"https:\/\/hudo.com\/si\/aktualno\/vreme-ponoci-v-cetrtek-bo-pretezno-jasno-vroce\/\",\"name\":\"Vreme: Pono\u010di in v \u010detrtek bo prete\u017eno jasno in vro\u010de - Hudo Slovenija\",\"isPartOf\":{\"@id\":\"https:\/\/hudo.com\/si\/#website\"},\"datePublished\":\"2019-07-24T16:04:11+00:00\",\"dateModified\":\"2019-07-24T16:04:11+00:00\",\"breadcrumb\":{\"@id\":\"https:\/\/hudo.com\/si\/aktualno\/vreme-ponoci-v-cetrtek-bo-pretezno-jasno-vroce\/#breadcrumb\"},\"inLanguage\":\"sl-SI\",\"potentialAction\":[{\"@type\":\"ReadAction\",\"target\":[\"https:\/\/hudo.com\/si\/aktualno\/vreme-ponoci-v-cetrtek-bo-pretezno-jasno-vroce\/\"]}]},{\"@type\":\"BreadcrumbList\",\"@id\":\"https:\/\/hudo.com\/si\/aktualno\/vreme-ponoci-v-cetrtek-bo-pretezno-jasno-vroce\/#breadcrumb\",\"itemListElement\":[{\"@type\":\"ListItem\",\"position\":1,\"name\":\"Home\",\"item\":\"https:\/\/hudo.com\/si\/\"},{\"@type\":\"ListItem\",\"position\":2,\"name\":\"Vreme: Pono\u010di in v \u010detrtek bo prete\u017eno jasno in vro\u010de\"}]},{\"@type\":\"WebSite\",\"@id\":\"https:\/\/hudo.com\/si\/#website\",\"url\":\"https:\/\/hudo.com\/si\/\",\"name\":\"Hudo Slovenija\",\"description\":\"Vse novice iz Slovenije in sveta\",\"publisher\":{\"@id\":\"https:\/\/hudo.com\/si\/#organization\"},\"potentialAction\":[{\"@type\":\"SearchAction\",\"target\":{\"@type\":\"EntryPoint\",\"urlTemplate\":\"https:\/\/hudo.com\/si\/?s={search_term_string}\"},\"query-input\":\"required name=search_term_string\"}],\"inLanguage\":\"sl-SI\"},{\"@type\":\"Organization\",\"@id\":\"https:\/\/hudo.com\/si\/#organization\",\"name\":\"VSN Media\",\"url\":\"https:\/\/hudo.com\/si\/\",\"logo\":{\"@type\":\"ImageObject\",\"inLanguage\":\"sl-SI\",\"@id\":\"https:\/\/hudo.com\/si\/#\/schema\/logo\/image\/\",\"url\":\"https:\/\/hudo.com\/si\/wp-content\/uploads\/sites\/2\/2021\/03\/hudo-app-2.png\",\"contentUrl\":\"https:\/\/hudo.com\/si\/wp-content\/uploads\/sites\/2\/2021\/03\/hudo-app-2.png\",\"width\":2185,\"height\":2167,\"caption\":\"VSN Media\"},\"image\":{\"@id\":\"https:\/\/hudo.com\/si\/#\/schema\/logo\/image\/\"},\"sameAs\":[\"https:\/\/www.facebook.com\/hudo.si\",\"https:\/\/twitter.com\/hudo_si\"]},{\"@type\":\"Person\",\"@id\":\"https:\/\/hudo.com\/si\/#\/schema\/person\/18f09c02475ba9e606e941a565b80cff\",\"name\":\"A. P., STA\",\"image\":{\"@type\":\"ImageObject\",\"inLanguage\":\"sl-SI\",\"@id\":\"https:\/\/hudo.com\/si\/#\/schema\/person\/image\/\",\"url\":\"https:\/\/secure.gravatar.com\/avatar\/03eac8e609f5f04383125d80eaeaaf3e?s=96&d=mm&r=g\",\"contentUrl\":\"https:\/\/secure.gravatar.com\/avatar\/03eac8e609f5f04383125d80eaeaaf3e?s=96&d=mm&r=g\",\"caption\":\"A. P., STA\"},\"url\":\"https:\/\/hudo.com\/si\/author\/lubu\/\"}]}<\/script>\n<!-- \/ Yoast SEO plugin. -->","yoast_head_json":{"title":"Vreme: Pono\u010di in v \u010detrtek bo prete\u017eno jasno in vro\u010de - Hudo Slovenija","robots":{"index":"index","follow":"follow","max-snippet":"max-snippet:-1","max-image-preview":"max-image-preview:large","max-video-preview":"max-video-preview:-1"},"canonical":"https:\/\/hudo.com\/si\/aktualno\/vreme-ponoci-v-cetrtek-bo-pretezno-jasno-vroce\/","og_locale":"sl_SI","og_type":"article","og_title":"Vreme: Pono\u010di in v \u010detrtek bo prete\u017eno jasno in vro\u010de - Hudo Slovenija","og_description":"\u010cetrtek bo son\u010den, popoldne lahko v hribovitih krajih zahodne Slovenije nastane kak\u0161na nevihta. Najni\u017eje jutranje temperature bodo od 15 do 22, najvi\u0161je dnevne od 31 do 34, na Gori\u0161kem do 36 stopinj Celzija, je zapisano na spletnih straneh Agencije RS za okolje.","og_url":"https:\/\/hudo.com\/si\/aktualno\/vreme-ponoci-v-cetrtek-bo-pretezno-jasno-vroce\/","og_site_name":"Hudo Slovenija","article_publisher":"https:\/\/www.facebook.com\/hudo.si","article_published_time":"2019-07-24T16:04:11+00:00","og_image":[{"width":1250,"height":833,"url":"https:\/\/hudo.com\/si\/wp-content\/uploads\/sites\/2\/2018\/08\/profimedia-0381083588.jpg","type":"image\/jpeg"}],"author":"A. P., STA","twitter_card":"summary_large_image","twitter_creator":"@hudo_si","twitter_site":"@hudo_si","twitter_misc":{"Written by":"A. P., STA","Est. reading time":"1 minuta"},"schema":{"@context":"https:\/\/schema.org","@graph":[{"@type":"Article","@id":"https:\/\/hudo.com\/si\/aktualno\/vreme-ponoci-v-cetrtek-bo-pretezno-jasno-vroce\/#article","isPartOf":{"@id":"https:\/\/hudo.com\/si\/aktualno\/vreme-ponoci-v-cetrtek-bo-pretezno-jasno-vroce\/"},"author":{"name":"A. P., STA","@id":"https:\/\/hudo.com\/si\/#\/schema\/person\/18f09c02475ba9e606e941a565b80cff"},"headline":"Vreme: Pono\u010di in v \u010detrtek bo prete\u017eno jasno in vro\u010de","datePublished":"2019-07-24T16:04:11+00:00","dateModified":"2019-07-24T16:04:11+00:00","mainEntityOfPage":{"@id":"https:\/\/hudo.com\/si\/aktualno\/vreme-ponoci-v-cetrtek-bo-pretezno-jasno-vroce\/"},"wordCount":127,"publisher":{"@id":"https:\/\/hudo.com\/si\/#organization"},"keywords":["Slovenija","vreme","vremenska napoved"],"articleSection":["Aktualno"],"inLanguage":"sl-SI"},{"@type":"WebPage","@id":"https:\/\/hudo.com\/si\/aktualno\/vreme-ponoci-v-cetrtek-bo-pretezno-jasno-vroce\/","url":"https:\/\/hudo.com\/si\/aktualno\/vreme-ponoci-v-cetrtek-bo-pretezno-jasno-vroce\/","name":"Vreme: Pono\u010di in v \u010detrtek bo prete\u017eno jasno in vro\u010de - Hudo Slovenija","isPartOf":{"@id":"https:\/\/hudo.com\/si\/#website"},"datePublished":"2019-07-24T16:04:11+00:00","dateModified":"2019-07-24T16:04:11+00:00","breadcrumb":{"@id":"https:\/\/hudo.com\/si\/aktualno\/vreme-ponoci-v-cetrtek-bo-pretezno-jasno-vroce\/#breadcrumb"},"inLanguage":"sl-SI","potentialAction":[{"@type":"ReadAction","target":["https:\/\/hudo.com\/si\/aktualno\/vreme-ponoci-v-cetrtek-bo-pretezno-jasno-vroce\/"]}]},{"@type":"BreadcrumbList","@id":"https:\/\/hudo.com\/si\/aktualno\/vreme-ponoci-v-cetrtek-bo-pretezno-jasno-vroce\/#breadcrumb","itemListElement":[{"@type":"ListItem","position":1,"name":"Home","item":"https:\/\/hudo.com\/si\/"},{"@type":"ListItem","position":2,"name":"Vreme: Pono\u010di in v \u010detrtek bo prete\u017eno jasno in vro\u010de"}]},{"@type":"WebSite","@id":"https:\/\/hudo.com\/si\/#website","url":"https:\/\/hudo.com\/si\/","name":"Hudo Slovenija","description":"Vse novice iz Slovenije in sveta","publisher":{"@id":"https:\/\/hudo.com\/si\/#organization"},"potentialAction":[{"@type":"SearchAction","target":{"@type":"EntryPoint","urlTemplate":"https:\/\/hudo.com\/si\/?s={search_term_string}"},"query-input":"required name=search_term_string"}],"inLanguage":"sl-SI"},{"@type":"Organization","@id":"https:\/\/hudo.com\/si\/#organization","name":"VSN Media","url":"https:\/\/hudo.com\/si\/","logo":{"@type":"ImageObject","inLanguage":"sl-SI","@id":"https:\/\/hudo.com\/si\/#\/schema\/logo\/image\/","url":"https:\/\/hudo.com\/si\/wp-content\/uploads\/sites\/2\/2021\/03\/hudo-app-2.png","contentUrl":"https:\/\/hudo.com\/si\/wp-content\/uploads\/sites\/2\/2021\/03\/hudo-app-2.png","width":2185,"height":2167,"caption":"VSN Media"},"image":{"@id":"https:\/\/hudo.com\/si\/#\/schema\/logo\/image\/"},"sameAs":["https:\/\/www.facebook.com\/hudo.si","https:\/\/twitter.com\/hudo_si"]},{"@type":"Person","@id":"https:\/\/hudo.com\/si\/#\/schema\/person\/18f09c02475ba9e606e941a565b80cff","name":"A. P., STA","image":{"@type":"ImageObject","inLanguage":"sl-SI","@id":"https:\/\/hudo.com\/si\/#\/schema\/person\/image\/","url":"https:\/\/secure.gravatar.com\/avatar\/03eac8e609f5f04383125d80eaeaaf3e?s=96&d=mm&r=g","contentUrl":"https:\/\/secure.gravatar.com\/avatar\/03eac8e609f5f04383125d80eaeaaf3e?s=96&d=mm&r=g","caption":"A. P., STA"},"url":"https:\/\/hudo.com\/si\/author\/lubu\/"}]}},"amp_enabled":true,"_links":{"self":[{"href":"https:\/\/hudo.com\/si\/wp-json\/wp\/v2\/posts\/402995"}],"collection":[{"href":"https:\/\/hudo.com\/si\/wp-json\/wp\/v2\/posts"}],"about":[{"href":"https:\/\/hudo.com\/si\/wp-json\/wp\/v2\/types\/post"}],"author":[{"embeddable":true,"href":"https:\/\/hudo.com\/si\/wp-json\/wp\/v2\/users\/7"}],"replies":[{"embeddable":true,"href":"https:\/\/hudo.com\/si\/wp-json\/wp\/v2\/comments?post=402995"}],"version-history":[{"count":1,"href":"https:\/\/hudo.com\/si\/wp-json\/wp\/v2\/posts\/402995\/revisions"}],"predecessor-version":[{"id":402996,"href":"https:\/\/hudo.com\/si\/wp-json\/wp\/v2\/posts\/402995\/revisions\/402996"}],"wp:featuredmedia":[{"embeddable":true,"href":"https:\/\/hudo.com\/si\/wp-json\/wp\/v2\/media\/375212"}],"wp:attachment":[{"href":"https:\/\/hudo.com\/si\/wp-json\/wp\/v2\/media?parent=402995"}],"wp:term":[{"taxonomy":"category","embeddable":true,"href":"https:\/\/hudo.com\/si\/wp-json\/wp\/v2\/categories?post=402995"},{"taxonomy":"post_tag","embeddable":true,"href":"https:\/\/hudo.com\/si\/wp-json\/wp\/v2\/tags?post=402995"},{"taxonomy":"source","embeddable":true,"href":"https:\/\/hudo.com\/si\/wp-json\/wp\/v2\/source?post=402995"},{"taxonomy":"supertag","embeddable":true,"href":"https:\/\/hudo.com\/si\/wp-json\/wp\/v2\/supertag?post=402995"}],"curies":[{"name":"wp","href":"https:\/\/api.w.org\/{rel}","templated":true}]}}