{"id":403059,"date":"2019-07-25T15:18:44","date_gmt":"2019-07-25T13:18:44","guid":{"rendered":"http:\/\/hudo.com\/si\/?p=403059"},"modified":"2019-07-25T15:18:44","modified_gmt":"2019-07-25T13:18:44","slug":"v-novi-gorici-presezena-opozorilna-vrednost-ozona","status":"publish","type":"post","link":"https:\/\/hudo.com\/si\/aktualno\/v-novi-gorici-presezena-opozorilna-vrednost-ozona\/","title":{"rendered":"V Novi Gorici prese\u017eena opozorilna vrednost ozona"},"content":{"rendered":"<p>Glede na vremensko napoved lahko po navedbah Agencije RS za okolje (Arso) pri\u010dakujemo prese\u017eeno opozorilno vrednost ozona \u0161e vse popoldne, v ve\u010dernih urah pa naj bi raven padla. O visokih vrednostih ozona v vi\u0161jih predelih Primorske so sicer v zadnjih dneh \u017ee poro\u010dali.<\/p>\n<p>Vrednosti ozona, ki presegajo opozorilno vrednost, dra\u017eijo sluznico in dihala. Zato ljudem s kroni\u010dnimi boleznimi dihal in krvnega obtoka priporo\u010dajo, da v tem \u010dasu ostanejo v zaprtih prostorih, kjer je raven ozona ni\u017eja. V \u010dasu trajanja visokih vrednosti ozona pa tudi zdravim ljudem svetujejo, da se izogibajo naporov.<\/p>\n","protected":false},"excerpt":{"rendered":"<p>Na merilnem mestu Nova Gorica je urna vrednost ozona danes ob 14. uri presegla opozorilno vrednost 180 mikrogramov na kubi\u010dni meter. Urna vrednost ozona je bila ob tem \u010dasu 181 mikrogramov na kubi\u010dni meter, povpre\u010dna osemurna pa 104 mikrogramov na kubi\u010dni meter. Podatki veljajo za \u0161ir\u0161o okolico.<\/p>\n","protected":false},"author":8,"featured_media":403060,"comment_status":"closed","ping_status":"closed","sticky":false,"template":"","format":"standard","meta":{"footnotes":""},"categories":[1179],"tags":[6270,1595,14267,2149],"source":[4511],"supertag":[],"acf":[],"yoast_head":"<!-- This site is optimized with the Yoast SEO plugin v21.3 - https:\/\/yoast.com\/wordpress\/plugins\/seo\/ -->\n<title>V Novi Gorici prese\u017eena opozorilna vrednost ozona - Hudo Slovenija<\/title>\n<meta name=\"robots\" content=\"index, follow, max-snippet:-1, max-image-preview:large, max-video-preview:-1\" \/>\n<link rel=\"canonical\" href=\"https:\/\/hudo.com\/si\/aktualno\/v-novi-gorici-presezena-opozorilna-vrednost-ozona\/\" \/>\n<meta property=\"og:locale\" content=\"sl_SI\" \/>\n<meta property=\"og:type\" content=\"article\" \/>\n<meta property=\"og:title\" content=\"V Novi Gorici prese\u017eena opozorilna vrednost ozona - Hudo Slovenija\" \/>\n<meta property=\"og:description\" content=\"Na merilnem mestu Nova Gorica je urna vrednost ozona danes ob 14. uri presegla opozorilno vrednost 180 mikrogramov na kubi\u010dni meter. Urna vrednost ozona je bila ob tem \u010dasu 181 mikrogramov na kubi\u010dni meter, povpre\u010dna osemurna pa 104 mikrogramov na kubi\u010dni meter. Podatki veljajo za \u0161ir\u0161o okolico.\" \/>\n<meta property=\"og:url\" content=\"https:\/\/hudo.com\/si\/aktualno\/v-novi-gorici-presezena-opozorilna-vrednost-ozona\/\" \/>\n<meta property=\"og:site_name\" content=\"Hudo Slovenija\" \/>\n<meta property=\"article:publisher\" content=\"https:\/\/www.facebook.com\/hudo.si\" \/>\n<meta property=\"article:published_time\" content=\"2019-07-25T13:18:44+00:00\" \/>\n<meta property=\"og:image\" content=\"https:\/\/hudo.com\/si\/wp-content\/uploads\/sites\/2\/2019\/07\/profimedia-0128589273.jpg\" \/>\n\t<meta property=\"og:image:width\" content=\"1250\" \/>\n\t<meta property=\"og:image:height\" content=\"830\" \/>\n\t<meta property=\"og:image:type\" content=\"image\/jpeg\" \/>\n<meta name=\"author\" content=\"M. N., STA\" \/>\n<meta name=\"twitter:card\" content=\"summary_large_image\" \/>\n<meta name=\"twitter:creator\" content=\"@hudo_si\" \/>\n<meta name=\"twitter:site\" content=\"@hudo_si\" \/>\n<meta name=\"twitter:label1\" content=\"Written by\" \/>\n\t<meta name=\"twitter:data1\" content=\"M. N., STA\" \/>\n\t<meta name=\"twitter:label2\" content=\"Est. reading time\" \/>\n\t<meta name=\"twitter:data2\" content=\"1 minuta\" \/>\n<script type=\"application\/ld+json\" class=\"yoast-schema-graph\">{\"@context\":\"https:\/\/schema.org\",\"@graph\":[{\"@type\":\"Article\",\"@id\":\"https:\/\/hudo.com\/si\/aktualno\/v-novi-gorici-presezena-opozorilna-vrednost-ozona\/#article\",\"isPartOf\":{\"@id\":\"https:\/\/hudo.com\/si\/aktualno\/v-novi-gorici-presezena-opozorilna-vrednost-ozona\/\"},\"author\":{\"name\":\"M. N., STA\",\"@id\":\"https:\/\/hudo.com\/si\/#\/schema\/person\/c2f10ce65d2e6ede2aeda5be2a0611fa\"},\"headline\":\"V Novi Gorici prese\u017eena opozorilna vrednost ozona\",\"datePublished\":\"2019-07-25T13:18:44+00:00\",\"dateModified\":\"2019-07-25T13:18:44+00:00\",\"mainEntityOfPage\":{\"@id\":\"https:\/\/hudo.com\/si\/aktualno\/v-novi-gorici-presezena-opozorilna-vrednost-ozona\/\"},\"wordCount\":108,\"publisher\":{\"@id\":\"https:\/\/hudo.com\/si\/#organization\"},\"keywords\":[\"nova gorica\",\"Slovenija\",\"vrednost ozona\",\"vreme\"],\"articleSection\":[\"Aktualno\"],\"inLanguage\":\"sl-SI\"},{\"@type\":\"WebPage\",\"@id\":\"https:\/\/hudo.com\/si\/aktualno\/v-novi-gorici-presezena-opozorilna-vrednost-ozona\/\",\"url\":\"https:\/\/hudo.com\/si\/aktualno\/v-novi-gorici-presezena-opozorilna-vrednost-ozona\/\",\"name\":\"V Novi Gorici prese\u017eena opozorilna vrednost ozona - Hudo Slovenija\",\"isPartOf\":{\"@id\":\"https:\/\/hudo.com\/si\/#website\"},\"datePublished\":\"2019-07-25T13:18:44+00:00\",\"dateModified\":\"2019-07-25T13:18:44+00:00\",\"breadcrumb\":{\"@id\":\"https:\/\/hudo.com\/si\/aktualno\/v-novi-gorici-presezena-opozorilna-vrednost-ozona\/#breadcrumb\"},\"inLanguage\":\"sl-SI\",\"potentialAction\":[{\"@type\":\"ReadAction\",\"target\":[\"https:\/\/hudo.com\/si\/aktualno\/v-novi-gorici-presezena-opozorilna-vrednost-ozona\/\"]}]},{\"@type\":\"BreadcrumbList\",\"@id\":\"https:\/\/hudo.com\/si\/aktualno\/v-novi-gorici-presezena-opozorilna-vrednost-ozona\/#breadcrumb\",\"itemListElement\":[{\"@type\":\"ListItem\",\"position\":1,\"name\":\"Home\",\"item\":\"https:\/\/hudo.com\/si\/\"},{\"@type\":\"ListItem\",\"position\":2,\"name\":\"V Novi Gorici prese\u017eena opozorilna vrednost ozona\"}]},{\"@type\":\"WebSite\",\"@id\":\"https:\/\/hudo.com\/si\/#website\",\"url\":\"https:\/\/hudo.com\/si\/\",\"name\":\"Hudo Slovenija\",\"description\":\"Vse novice iz Slovenije in sveta\",\"publisher\":{\"@id\":\"https:\/\/hudo.com\/si\/#organization\"},\"potentialAction\":[{\"@type\":\"SearchAction\",\"target\":{\"@type\":\"EntryPoint\",\"urlTemplate\":\"https:\/\/hudo.com\/si\/?s={search_term_string}\"},\"query-input\":\"required name=search_term_string\"}],\"inLanguage\":\"sl-SI\"},{\"@type\":\"Organization\",\"@id\":\"https:\/\/hudo.com\/si\/#organization\",\"name\":\"VSN Media\",\"url\":\"https:\/\/hudo.com\/si\/\",\"logo\":{\"@type\":\"ImageObject\",\"inLanguage\":\"sl-SI\",\"@id\":\"https:\/\/hudo.com\/si\/#\/schema\/logo\/image\/\",\"url\":\"https:\/\/hudo.com\/si\/wp-content\/uploads\/sites\/2\/2021\/03\/hudo-app-2.png\",\"contentUrl\":\"https:\/\/hudo.com\/si\/wp-content\/uploads\/sites\/2\/2021\/03\/hudo-app-2.png\",\"width\":2185,\"height\":2167,\"caption\":\"VSN Media\"},\"image\":{\"@id\":\"https:\/\/hudo.com\/si\/#\/schema\/logo\/image\/\"},\"sameAs\":[\"https:\/\/www.facebook.com\/hudo.si\",\"https:\/\/twitter.com\/hudo_si\"]},{\"@type\":\"Person\",\"@id\":\"https:\/\/hudo.com\/si\/#\/schema\/person\/c2f10ce65d2e6ede2aeda5be2a0611fa\",\"name\":\"M. N., STA\",\"image\":{\"@type\":\"ImageObject\",\"inLanguage\":\"sl-SI\",\"@id\":\"https:\/\/hudo.com\/si\/#\/schema\/person\/image\/\",\"url\":\"https:\/\/secure.gravatar.com\/avatar\/f370d38daa10467f755c5c766a4cac20?s=96&d=mm&r=g\",\"contentUrl\":\"https:\/\/secure.gravatar.com\/avatar\/f370d38daa10467f755c5c766a4cac20?s=96&d=mm&r=g\",\"caption\":\"M. N., STA\"},\"url\":\"https:\/\/hudo.com\/si\/author\/mana\/\"}]}<\/script>\n<!-- \/ Yoast SEO plugin. -->","yoast_head_json":{"title":"V Novi Gorici prese\u017eena opozorilna vrednost ozona - Hudo Slovenija","robots":{"index":"index","follow":"follow","max-snippet":"max-snippet:-1","max-image-preview":"max-image-preview:large","max-video-preview":"max-video-preview:-1"},"canonical":"https:\/\/hudo.com\/si\/aktualno\/v-novi-gorici-presezena-opozorilna-vrednost-ozona\/","og_locale":"sl_SI","og_type":"article","og_title":"V Novi Gorici prese\u017eena opozorilna vrednost ozona - Hudo Slovenija","og_description":"Na merilnem mestu Nova Gorica je urna vrednost ozona danes ob 14. uri presegla opozorilno vrednost 180 mikrogramov na kubi\u010dni meter. Urna vrednost ozona je bila ob tem \u010dasu 181 mikrogramov na kubi\u010dni meter, povpre\u010dna osemurna pa 104 mikrogramov na kubi\u010dni meter. Podatki veljajo za \u0161ir\u0161o okolico.","og_url":"https:\/\/hudo.com\/si\/aktualno\/v-novi-gorici-presezena-opozorilna-vrednost-ozona\/","og_site_name":"Hudo Slovenija","article_publisher":"https:\/\/www.facebook.com\/hudo.si","article_published_time":"2019-07-25T13:18:44+00:00","og_image":[{"width":1250,"height":830,"url":"https:\/\/hudo.com\/si\/wp-content\/uploads\/sites\/2\/2019\/07\/profimedia-0128589273.jpg","type":"image\/jpeg"}],"author":"M. N., STA","twitter_card":"summary_large_image","twitter_creator":"@hudo_si","twitter_site":"@hudo_si","twitter_misc":{"Written by":"M. N., STA","Est. reading time":"1 minuta"},"schema":{"@context":"https:\/\/schema.org","@graph":[{"@type":"Article","@id":"https:\/\/hudo.com\/si\/aktualno\/v-novi-gorici-presezena-opozorilna-vrednost-ozona\/#article","isPartOf":{"@id":"https:\/\/hudo.com\/si\/aktualno\/v-novi-gorici-presezena-opozorilna-vrednost-ozona\/"},"author":{"name":"M. N., STA","@id":"https:\/\/hudo.com\/si\/#\/schema\/person\/c2f10ce65d2e6ede2aeda5be2a0611fa"},"headline":"V Novi Gorici prese\u017eena opozorilna vrednost ozona","datePublished":"2019-07-25T13:18:44+00:00","dateModified":"2019-07-25T13:18:44+00:00","mainEntityOfPage":{"@id":"https:\/\/hudo.com\/si\/aktualno\/v-novi-gorici-presezena-opozorilna-vrednost-ozona\/"},"wordCount":108,"publisher":{"@id":"https:\/\/hudo.com\/si\/#organization"},"keywords":["nova gorica","Slovenija","vrednost ozona","vreme"],"articleSection":["Aktualno"],"inLanguage":"sl-SI"},{"@type":"WebPage","@id":"https:\/\/hudo.com\/si\/aktualno\/v-novi-gorici-presezena-opozorilna-vrednost-ozona\/","url":"https:\/\/hudo.com\/si\/aktualno\/v-novi-gorici-presezena-opozorilna-vrednost-ozona\/","name":"V Novi Gorici prese\u017eena opozorilna vrednost ozona - Hudo Slovenija","isPartOf":{"@id":"https:\/\/hudo.com\/si\/#website"},"datePublished":"2019-07-25T13:18:44+00:00","dateModified":"2019-07-25T13:18:44+00:00","breadcrumb":{"@id":"https:\/\/hudo.com\/si\/aktualno\/v-novi-gorici-presezena-opozorilna-vrednost-ozona\/#breadcrumb"},"inLanguage":"sl-SI","potentialAction":[{"@type":"ReadAction","target":["https:\/\/hudo.com\/si\/aktualno\/v-novi-gorici-presezena-opozorilna-vrednost-ozona\/"]}]},{"@type":"BreadcrumbList","@id":"https:\/\/hudo.com\/si\/aktualno\/v-novi-gorici-presezena-opozorilna-vrednost-ozona\/#breadcrumb","itemListElement":[{"@type":"ListItem","position":1,"name":"Home","item":"https:\/\/hudo.com\/si\/"},{"@type":"ListItem","position":2,"name":"V Novi Gorici prese\u017eena opozorilna vrednost ozona"}]},{"@type":"WebSite","@id":"https:\/\/hudo.com\/si\/#website","url":"https:\/\/hudo.com\/si\/","name":"Hudo Slovenija","description":"Vse novice iz Slovenije in sveta","publisher":{"@id":"https:\/\/hudo.com\/si\/#organization"},"potentialAction":[{"@type":"SearchAction","target":{"@type":"EntryPoint","urlTemplate":"https:\/\/hudo.com\/si\/?s={search_term_string}"},"query-input":"required name=search_term_string"}],"inLanguage":"sl-SI"},{"@type":"Organization","@id":"https:\/\/hudo.com\/si\/#organization","name":"VSN Media","url":"https:\/\/hudo.com\/si\/","logo":{"@type":"ImageObject","inLanguage":"sl-SI","@id":"https:\/\/hudo.com\/si\/#\/schema\/logo\/image\/","url":"https:\/\/hudo.com\/si\/wp-content\/uploads\/sites\/2\/2021\/03\/hudo-app-2.png","contentUrl":"https:\/\/hudo.com\/si\/wp-content\/uploads\/sites\/2\/2021\/03\/hudo-app-2.png","width":2185,"height":2167,"caption":"VSN Media"},"image":{"@id":"https:\/\/hudo.com\/si\/#\/schema\/logo\/image\/"},"sameAs":["https:\/\/www.facebook.com\/hudo.si","https:\/\/twitter.com\/hudo_si"]},{"@type":"Person","@id":"https:\/\/hudo.com\/si\/#\/schema\/person\/c2f10ce65d2e6ede2aeda5be2a0611fa","name":"M. N., STA","image":{"@type":"ImageObject","inLanguage":"sl-SI","@id":"https:\/\/hudo.com\/si\/#\/schema\/person\/image\/","url":"https:\/\/secure.gravatar.com\/avatar\/f370d38daa10467f755c5c766a4cac20?s=96&d=mm&r=g","contentUrl":"https:\/\/secure.gravatar.com\/avatar\/f370d38daa10467f755c5c766a4cac20?s=96&d=mm&r=g","caption":"M. N., STA"},"url":"https:\/\/hudo.com\/si\/author\/mana\/"}]}},"amp_enabled":true,"_links":{"self":[{"href":"https:\/\/hudo.com\/si\/wp-json\/wp\/v2\/posts\/403059"}],"collection":[{"href":"https:\/\/hudo.com\/si\/wp-json\/wp\/v2\/posts"}],"about":[{"href":"https:\/\/hudo.com\/si\/wp-json\/wp\/v2\/types\/post"}],"author":[{"embeddable":true,"href":"https:\/\/hudo.com\/si\/wp-json\/wp\/v2\/users\/8"}],"replies":[{"embeddable":true,"href":"https:\/\/hudo.com\/si\/wp-json\/wp\/v2\/comments?post=403059"}],"version-history":[{"count":1,"href":"https:\/\/hudo.com\/si\/wp-json\/wp\/v2\/posts\/403059\/revisions"}],"predecessor-version":[{"id":403061,"href":"https:\/\/hudo.com\/si\/wp-json\/wp\/v2\/posts\/403059\/revisions\/403061"}],"wp:featuredmedia":[{"embeddable":true,"href":"https:\/\/hudo.com\/si\/wp-json\/wp\/v2\/media\/403060"}],"wp:attachment":[{"href":"https:\/\/hudo.com\/si\/wp-json\/wp\/v2\/media?parent=403059"}],"wp:term":[{"taxonomy":"category","embeddable":true,"href":"https:\/\/hudo.com\/si\/wp-json\/wp\/v2\/categories?post=403059"},{"taxonomy":"post_tag","embeddable":true,"href":"https:\/\/hudo.com\/si\/wp-json\/wp\/v2\/tags?post=403059"},{"taxonomy":"source","embeddable":true,"href":"https:\/\/hudo.com\/si\/wp-json\/wp\/v2\/source?post=403059"},{"taxonomy":"supertag","embeddable":true,"href":"https:\/\/hudo.com\/si\/wp-json\/wp\/v2\/supertag?post=403059"}],"curies":[{"name":"wp","href":"https:\/\/api.w.org\/{rel}","templated":true}]}}