{"id":40317,"date":"2016-04-27T08:14:00","date_gmt":"2016-04-27T06:14:00","guid":{"rendered":"http:\/\/hudo.com\/si\/2016\/04\/27\/nemske-subvencije-za-elektricna-vozila\/"},"modified":"2016-04-27T12:11:35","modified_gmt":"2016-04-27T10:11:35","slug":"nemske-subvencije-za-elektricna-vozila","status":"publish","type":"post","link":"https:\/\/hudo.com\/si\/aktualno\/nemske-subvencije-za-elektricna-vozila\/","title":{"rendered":"Nem\u0161ke subvencije za elektri\u010dna vozila"},"content":{"rendered":"<p>Kategorija: Evropa Wed, 27 Apr 2016 10:14:00 +0200  Berlin &#8211; Nem\u0161ka vlada in voditelji avtomobilske industrije se dogovarjajo o subvencijah za elektri\u010dne in hibridne avtomobile. Po posvetovanjih v kanclerski pala\u010di pozno v torkovo no\u010d Deutschlandfunk poro\u010da o 4000 evrih subvencij za nakup popolnoma elektri\u010dnega avtomobila in 3000 za priklju\u010dnega hibridnega, stro\u0161ke naj bi si v enaki meri delili dr\u017eava in proizvajalci. Podrobnosti bodo znane \u017ee po enajsti uri, ko minister za promet Alexander Dobrindt, finan\u010dni minister Wolfgang Sch\u00e4uble in gospodarski minister Sigmar Gabriel napovedujejo tiskovno konferenco. Kritiki obto\u017eujejo, da gre za nove subvencije avtomobilski industriji, katere del se je zaradi goljufij pri navajanju dizelskih izpuhov zna\u0161el v te\u017eavah. Zeleni poleg tega zahtevajo ve\u010dji poudarek na \u010distih virih elektri\u010dne energije, saj \u010de ho\u010demo izbolj\u0161ati ozra\u010dje, dizla ne bi smeli zamenjati s premogom, ampak bi morali energijo pridobivati iz obnovljivih virov. Organizacije\u00a0&#8230;<\/p>\n","protected":false},"excerpt":{"rendered":"<p>Kategorija: Evropa Wed, 27 Apr 2016 10:14:00 +0200  Berlin &#8211; Nem\u0161ka vlada in voditelji avtomobilske industrije se dogovarjajo o subvencijah za elektri\u010dne in hibridne avtomobile. Po posvetovanjih v kanclerski pala\u010di pozno v torkovo no\u010d Deutschlandfunk poro\u010da o 4000 evrih subvencij za nakup popolnoma elektri\u010dnega avtomobila in 3000 za priklju\u010dnega hibridnega, stro\u0161ke naj bi si v enaki meri delili dr\u017eava in proizvajalci. Podrobnosti bodo znane \u017ee po enajsti uri, ko minister za promet Alexander Dobrindt, finan\u010dni minister Wolfgang Sch\u00e4uble in gospodarski minister Sigmar Gabriel napovedujejo tiskovno konferenco. Kritiki obto\u017eujejo, da gre za nove subvencije avtomobilski industriji, katere del se je zaradi goljufij pri navajanju dizelskih izpuhov zna\u0161el v te\u017eavah. Zeleni poleg tega zahtevajo ve\u010dji poudarek na \u010distih virih elektri\u010dne energije, saj \u010de ho\u010demo izbolj\u0161ati ozra\u010dje, dizla ne bi smeli zamenjati s premogom, ampak bi morali energijo pridobivati iz obnovljivih virov. Organizacije\u00a0&#8230;<\/p>\n","protected":false},"author":1,"featured_media":0,"comment_status":"closed","ping_status":"closed","sticky":false,"template":"","format":"standard","meta":{"footnotes":""},"categories":[1179],"tags":[],"source":[4511],"supertag":[],"acf":[],"yoast_head":"<!-- This site is optimized with the Yoast SEO plugin v21.3 - https:\/\/yoast.com\/wordpress\/plugins\/seo\/ -->\n<title>Nem\u0161ke subvencije za elektri\u010dna vozila - Hudo Slovenija<\/title>\n<meta name=\"robots\" content=\"index, follow, max-snippet:-1, max-image-preview:large, max-video-preview:-1\" \/>\n<link rel=\"canonical\" href=\"https:\/\/hudo.com\/si\/aktualno\/nemske-subvencije-za-elektricna-vozila\/\" \/>\n<meta property=\"og:locale\" content=\"sl_SI\" \/>\n<meta property=\"og:type\" content=\"article\" \/>\n<meta property=\"og:title\" content=\"Nem\u0161ke subvencije za elektri\u010dna vozila - Hudo Slovenija\" \/>\n<meta property=\"og:description\" content=\"Kategorija: Evropa Wed, 27 Apr 2016 10:14:00 +0200 Berlin - Nem\u0161ka vlada in voditelji avtomobilske industrije se dogovarjajo o subvencijah za elektri\u010dne in hibridne avtomobile. Po posvetovanjih v kanclerski pala\u010di pozno v torkovo no\u010d Deutschlandfunk poro\u010da o 4000 evrih subvencij za nakup popolnoma elektri\u010dnega avtomobila in 3000 za priklju\u010dnega hibridnega, stro\u0161ke naj bi si v enaki meri delili dr\u017eava in proizvajalci. Podrobnosti bodo znane \u017ee po enajsti uri, ko minister za promet Alexander Dobrindt, finan\u010dni minister Wolfgang Sch\u00e4uble in gospodarski minister Sigmar Gabriel napovedujejo tiskovno konferenco. Kritiki obto\u017eujejo, da gre za nove subvencije avtomobilski industriji, katere del se je zaradi goljufij pri navajanju dizelskih izpuhov zna\u0161el v te\u017eavah. Zeleni poleg tega zahtevajo ve\u010dji poudarek na \u010distih virih elektri\u010dne energije, saj \u010de ho\u010demo izbolj\u0161ati ozra\u010dje, dizla ne bi smeli zamenjati s premogom, ampak bi morali energijo pridobivati iz obnovljivih virov. Organizacije\u00a0...\" \/>\n<meta property=\"og:url\" content=\"https:\/\/hudo.com\/si\/aktualno\/nemske-subvencije-za-elektricna-vozila\/\" \/>\n<meta property=\"og:site_name\" content=\"Hudo Slovenija\" \/>\n<meta property=\"article:publisher\" content=\"https:\/\/www.facebook.com\/hudo.si\" \/>\n<meta property=\"article:published_time\" content=\"2016-04-27T06:14:00+00:00\" \/>\n<meta property=\"article:modified_time\" content=\"2016-04-27T10:11:35+00:00\" \/>\n<meta property=\"og:image\" content=\"https:\/\/hudo.com\/si\/wp-content\/uploads\/sites\/2\/2016\/04\/480x290_djvu_2295859_pavlinb_gbo-mercedes-e.jpeg\" \/>\n\t<meta property=\"og:image:width\" content=\"480\" \/>\n\t<meta property=\"og:image:height\" content=\"290\" \/>\n\t<meta property=\"og:image:type\" content=\"image\/jpeg\" \/>\n<meta name=\"author\" content=\"hudo\" \/>\n<meta name=\"twitter:card\" content=\"summary_large_image\" \/>\n<meta name=\"twitter:creator\" content=\"@hudo_si\" \/>\n<meta name=\"twitter:site\" content=\"@hudo_si\" \/>\n<meta name=\"twitter:label1\" content=\"Written by\" \/>\n\t<meta name=\"twitter:data1\" content=\"hudo\" \/>\n\t<meta name=\"twitter:label2\" content=\"Est. reading time\" \/>\n\t<meta name=\"twitter:data2\" content=\"1 minuta\" \/>\n<script type=\"application\/ld+json\" class=\"yoast-schema-graph\">{\"@context\":\"https:\/\/schema.org\",\"@graph\":[{\"@type\":\"Article\",\"@id\":\"https:\/\/hudo.com\/si\/aktualno\/nemske-subvencije-za-elektricna-vozila\/#article\",\"isPartOf\":{\"@id\":\"https:\/\/hudo.com\/si\/aktualno\/nemske-subvencije-za-elektricna-vozila\/\"},\"author\":{\"name\":\"hudo\",\"@id\":\"https:\/\/hudo.com\/si\/#\/schema\/person\/601cf3379633985b20f7e50f2bb47707\"},\"headline\":\"Nem\u0161ke subvencije za elektri\u010dna vozila\",\"datePublished\":\"2016-04-27T06:14:00+00:00\",\"dateModified\":\"2016-04-27T10:11:35+00:00\",\"mainEntityOfPage\":{\"@id\":\"https:\/\/hudo.com\/si\/aktualno\/nemske-subvencije-za-elektricna-vozila\/\"},\"wordCount\":159,\"publisher\":{\"@id\":\"https:\/\/hudo.com\/si\/#organization\"},\"articleSection\":[\"Aktualno\"],\"inLanguage\":\"sl-SI\"},{\"@type\":\"WebPage\",\"@id\":\"https:\/\/hudo.com\/si\/aktualno\/nemske-subvencije-za-elektricna-vozila\/\",\"url\":\"https:\/\/hudo.com\/si\/aktualno\/nemske-subvencije-za-elektricna-vozila\/\",\"name\":\"Nem\u0161ke subvencije za elektri\u010dna vozila - Hudo Slovenija\",\"isPartOf\":{\"@id\":\"https:\/\/hudo.com\/si\/#website\"},\"datePublished\":\"2016-04-27T06:14:00+00:00\",\"dateModified\":\"2016-04-27T10:11:35+00:00\",\"breadcrumb\":{\"@id\":\"https:\/\/hudo.com\/si\/aktualno\/nemske-subvencije-za-elektricna-vozila\/#breadcrumb\"},\"inLanguage\":\"sl-SI\",\"potentialAction\":[{\"@type\":\"ReadAction\",\"target\":[\"https:\/\/hudo.com\/si\/aktualno\/nemske-subvencije-za-elektricna-vozila\/\"]}]},{\"@type\":\"BreadcrumbList\",\"@id\":\"https:\/\/hudo.com\/si\/aktualno\/nemske-subvencije-za-elektricna-vozila\/#breadcrumb\",\"itemListElement\":[{\"@type\":\"ListItem\",\"position\":1,\"name\":\"Home\",\"item\":\"https:\/\/hudo.com\/si\/\"},{\"@type\":\"ListItem\",\"position\":2,\"name\":\"Nem\u0161ke subvencije za elektri\u010dna vozila\"}]},{\"@type\":\"WebSite\",\"@id\":\"https:\/\/hudo.com\/si\/#website\",\"url\":\"https:\/\/hudo.com\/si\/\",\"name\":\"Hudo Slovenija\",\"description\":\"Vse novice iz Slovenije in sveta\",\"publisher\":{\"@id\":\"https:\/\/hudo.com\/si\/#organization\"},\"potentialAction\":[{\"@type\":\"SearchAction\",\"target\":{\"@type\":\"EntryPoint\",\"urlTemplate\":\"https:\/\/hudo.com\/si\/?s={search_term_string}\"},\"query-input\":\"required name=search_term_string\"}],\"inLanguage\":\"sl-SI\"},{\"@type\":\"Organization\",\"@id\":\"https:\/\/hudo.com\/si\/#organization\",\"name\":\"VSN Media\",\"url\":\"https:\/\/hudo.com\/si\/\",\"logo\":{\"@type\":\"ImageObject\",\"inLanguage\":\"sl-SI\",\"@id\":\"https:\/\/hudo.com\/si\/#\/schema\/logo\/image\/\",\"url\":\"https:\/\/hudo.com\/si\/wp-content\/uploads\/sites\/2\/2021\/03\/hudo-app-2.png\",\"contentUrl\":\"https:\/\/hudo.com\/si\/wp-content\/uploads\/sites\/2\/2021\/03\/hudo-app-2.png\",\"width\":2185,\"height\":2167,\"caption\":\"VSN Media\"},\"image\":{\"@id\":\"https:\/\/hudo.com\/si\/#\/schema\/logo\/image\/\"},\"sameAs\":[\"https:\/\/www.facebook.com\/hudo.si\",\"https:\/\/twitter.com\/hudo_si\"]},{\"@type\":\"Person\",\"@id\":\"https:\/\/hudo.com\/si\/#\/schema\/person\/601cf3379633985b20f7e50f2bb47707\",\"name\":\"hudo\",\"image\":{\"@type\":\"ImageObject\",\"inLanguage\":\"sl-SI\",\"@id\":\"https:\/\/hudo.com\/si\/#\/schema\/person\/image\/\",\"url\":\"https:\/\/secure.gravatar.com\/avatar\/c4ca25fa72cace7a696b52ff5db9e095?s=96&d=mm&r=g\",\"contentUrl\":\"https:\/\/secure.gravatar.com\/avatar\/c4ca25fa72cace7a696b52ff5db9e095?s=96&d=mm&r=g\",\"caption\":\"hudo\"},\"url\":\"https:\/\/hudo.com\/si\/author\/hudo\/\"}]}<\/script>\n<!-- \/ Yoast SEO plugin. -->","yoast_head_json":{"title":"Nem\u0161ke subvencije za elektri\u010dna vozila - Hudo Slovenija","robots":{"index":"index","follow":"follow","max-snippet":"max-snippet:-1","max-image-preview":"max-image-preview:large","max-video-preview":"max-video-preview:-1"},"canonical":"https:\/\/hudo.com\/si\/aktualno\/nemske-subvencije-za-elektricna-vozila\/","og_locale":"sl_SI","og_type":"article","og_title":"Nem\u0161ke subvencije za elektri\u010dna vozila - Hudo Slovenija","og_description":"Kategorija: Evropa Wed, 27 Apr 2016 10:14:00 +0200 Berlin - Nem\u0161ka vlada in voditelji avtomobilske industrije se dogovarjajo o subvencijah za elektri\u010dne in hibridne avtomobile. Po posvetovanjih v kanclerski pala\u010di pozno v torkovo no\u010d Deutschlandfunk poro\u010da o 4000 evrih subvencij za nakup popolnoma elektri\u010dnega avtomobila in 3000 za priklju\u010dnega hibridnega, stro\u0161ke naj bi si v enaki meri delili dr\u017eava in proizvajalci. Podrobnosti bodo znane \u017ee po enajsti uri, ko minister za promet Alexander Dobrindt, finan\u010dni minister Wolfgang Sch\u00e4uble in gospodarski minister Sigmar Gabriel napovedujejo tiskovno konferenco. Kritiki obto\u017eujejo, da gre za nove subvencije avtomobilski industriji, katere del se je zaradi goljufij pri navajanju dizelskih izpuhov zna\u0161el v te\u017eavah. Zeleni poleg tega zahtevajo ve\u010dji poudarek na \u010distih virih elektri\u010dne energije, saj \u010de ho\u010demo izbolj\u0161ati ozra\u010dje, dizla ne bi smeli zamenjati s premogom, ampak bi morali energijo pridobivati iz obnovljivih virov. Organizacije\u00a0...","og_url":"https:\/\/hudo.com\/si\/aktualno\/nemske-subvencije-za-elektricna-vozila\/","og_site_name":"Hudo Slovenija","article_publisher":"https:\/\/www.facebook.com\/hudo.si","article_published_time":"2016-04-27T06:14:00+00:00","article_modified_time":"2016-04-27T10:11:35+00:00","og_image":[{"width":480,"height":290,"url":"https:\/\/hudo.com\/si\/wp-content\/uploads\/sites\/2\/2016\/04\/480x290_djvu_2295859_pavlinb_gbo-mercedes-e.jpeg","type":"image\/jpeg"}],"author":"hudo","twitter_card":"summary_large_image","twitter_creator":"@hudo_si","twitter_site":"@hudo_si","twitter_misc":{"Written by":"hudo","Est. reading time":"1 minuta"},"schema":{"@context":"https:\/\/schema.org","@graph":[{"@type":"Article","@id":"https:\/\/hudo.com\/si\/aktualno\/nemske-subvencije-za-elektricna-vozila\/#article","isPartOf":{"@id":"https:\/\/hudo.com\/si\/aktualno\/nemske-subvencije-za-elektricna-vozila\/"},"author":{"name":"hudo","@id":"https:\/\/hudo.com\/si\/#\/schema\/person\/601cf3379633985b20f7e50f2bb47707"},"headline":"Nem\u0161ke subvencije za elektri\u010dna vozila","datePublished":"2016-04-27T06:14:00+00:00","dateModified":"2016-04-27T10:11:35+00:00","mainEntityOfPage":{"@id":"https:\/\/hudo.com\/si\/aktualno\/nemske-subvencije-za-elektricna-vozila\/"},"wordCount":159,"publisher":{"@id":"https:\/\/hudo.com\/si\/#organization"},"articleSection":["Aktualno"],"inLanguage":"sl-SI"},{"@type":"WebPage","@id":"https:\/\/hudo.com\/si\/aktualno\/nemske-subvencije-za-elektricna-vozila\/","url":"https:\/\/hudo.com\/si\/aktualno\/nemske-subvencije-za-elektricna-vozila\/","name":"Nem\u0161ke subvencije za elektri\u010dna vozila - Hudo Slovenija","isPartOf":{"@id":"https:\/\/hudo.com\/si\/#website"},"datePublished":"2016-04-27T06:14:00+00:00","dateModified":"2016-04-27T10:11:35+00:00","breadcrumb":{"@id":"https:\/\/hudo.com\/si\/aktualno\/nemske-subvencije-za-elektricna-vozila\/#breadcrumb"},"inLanguage":"sl-SI","potentialAction":[{"@type":"ReadAction","target":["https:\/\/hudo.com\/si\/aktualno\/nemske-subvencije-za-elektricna-vozila\/"]}]},{"@type":"BreadcrumbList","@id":"https:\/\/hudo.com\/si\/aktualno\/nemske-subvencije-za-elektricna-vozila\/#breadcrumb","itemListElement":[{"@type":"ListItem","position":1,"name":"Home","item":"https:\/\/hudo.com\/si\/"},{"@type":"ListItem","position":2,"name":"Nem\u0161ke subvencije za elektri\u010dna vozila"}]},{"@type":"WebSite","@id":"https:\/\/hudo.com\/si\/#website","url":"https:\/\/hudo.com\/si\/","name":"Hudo Slovenija","description":"Vse novice iz Slovenije in sveta","publisher":{"@id":"https:\/\/hudo.com\/si\/#organization"},"potentialAction":[{"@type":"SearchAction","target":{"@type":"EntryPoint","urlTemplate":"https:\/\/hudo.com\/si\/?s={search_term_string}"},"query-input":"required name=search_term_string"}],"inLanguage":"sl-SI"},{"@type":"Organization","@id":"https:\/\/hudo.com\/si\/#organization","name":"VSN Media","url":"https:\/\/hudo.com\/si\/","logo":{"@type":"ImageObject","inLanguage":"sl-SI","@id":"https:\/\/hudo.com\/si\/#\/schema\/logo\/image\/","url":"https:\/\/hudo.com\/si\/wp-content\/uploads\/sites\/2\/2021\/03\/hudo-app-2.png","contentUrl":"https:\/\/hudo.com\/si\/wp-content\/uploads\/sites\/2\/2021\/03\/hudo-app-2.png","width":2185,"height":2167,"caption":"VSN Media"},"image":{"@id":"https:\/\/hudo.com\/si\/#\/schema\/logo\/image\/"},"sameAs":["https:\/\/www.facebook.com\/hudo.si","https:\/\/twitter.com\/hudo_si"]},{"@type":"Person","@id":"https:\/\/hudo.com\/si\/#\/schema\/person\/601cf3379633985b20f7e50f2bb47707","name":"hudo","image":{"@type":"ImageObject","inLanguage":"sl-SI","@id":"https:\/\/hudo.com\/si\/#\/schema\/person\/image\/","url":"https:\/\/secure.gravatar.com\/avatar\/c4ca25fa72cace7a696b52ff5db9e095?s=96&d=mm&r=g","contentUrl":"https:\/\/secure.gravatar.com\/avatar\/c4ca25fa72cace7a696b52ff5db9e095?s=96&d=mm&r=g","caption":"hudo"},"url":"https:\/\/hudo.com\/si\/author\/hudo\/"}]}},"amp_enabled":true,"_links":{"self":[{"href":"https:\/\/hudo.com\/si\/wp-json\/wp\/v2\/posts\/40317"}],"collection":[{"href":"https:\/\/hudo.com\/si\/wp-json\/wp\/v2\/posts"}],"about":[{"href":"https:\/\/hudo.com\/si\/wp-json\/wp\/v2\/types\/post"}],"author":[{"embeddable":true,"href":"https:\/\/hudo.com\/si\/wp-json\/wp\/v2\/users\/1"}],"replies":[{"embeddable":true,"href":"https:\/\/hudo.com\/si\/wp-json\/wp\/v2\/comments?post=40317"}],"version-history":[{"count":1,"href":"https:\/\/hudo.com\/si\/wp-json\/wp\/v2\/posts\/40317\/revisions"}],"predecessor-version":[{"id":40350,"href":"https:\/\/hudo.com\/si\/wp-json\/wp\/v2\/posts\/40317\/revisions\/40350"}],"wp:attachment":[{"href":"https:\/\/hudo.com\/si\/wp-json\/wp\/v2\/media?parent=40317"}],"wp:term":[{"taxonomy":"category","embeddable":true,"href":"https:\/\/hudo.com\/si\/wp-json\/wp\/v2\/categories?post=40317"},{"taxonomy":"post_tag","embeddable":true,"href":"https:\/\/hudo.com\/si\/wp-json\/wp\/v2\/tags?post=40317"},{"taxonomy":"source","embeddable":true,"href":"https:\/\/hudo.com\/si\/wp-json\/wp\/v2\/source?post=40317"},{"taxonomy":"supertag","embeddable":true,"href":"https:\/\/hudo.com\/si\/wp-json\/wp\/v2\/supertag?post=40317"}],"curies":[{"name":"wp","href":"https:\/\/api.w.org\/{rel}","templated":true}]}}