{"id":40336,"date":"2016-04-27T09:15:00","date_gmt":"2016-04-27T07:15:00","guid":{"rendered":"http:\/\/hudo.com\/si\/2016\/04\/27\/vec-deset-tisoc-ljudi-ostalo-na-letaliscu-v-frankfurtu\/"},"modified":"2016-04-28T07:12:10","modified_gmt":"2016-04-28T05:12:10","slug":"vec-deset-tisoc-ljudi-ostalo-na-letaliscu-v-frankfurtu","status":"publish","type":"post","link":"https:\/\/hudo.com\/si\/aktualno\/vec-deset-tisoc-ljudi-ostalo-na-letaliscu-v-frankfurtu\/","title":{"rendered":"Ve\u010d deset tiso\u010d ljudi ostalo na letali\u0161\u010du v Frankfurtu"},"content":{"rendered":"<p>Ve\u010d deset tiso\u010d potnikov se je zaradi stavke letali\u0161kega osebja na najve\u010djih nem\u0161kih letali\u0161\u010dih danes zjutraj zna\u0161lo v te\u017eavah. V Frankfurtu, najve\u010djem nem\u0161kem vozli\u0161\u010du, so po navedbah sindikata Verdi doslej odpovedali 392 letov, stavka pa je skupaj prizadela osem mest. Zamude v Frankfurtu so sicer zmerne. V K\u00f6lnu so zaenkrat odpovedali 103 od 276 na\u010drtovanih letov, v D\u00fcsseldorfu 48 od 590 letov, za letali\u0161\u010de v M\u00fcnchnu pa natan\u010dnej\u0161i podatki \u0161e niso znani. Na letali\u0161\u010dih v Hannovru in Bremnu je odpadlo 25 letov, v Hamburgu pa so \u010drtali 31 vzletov in 31 pristankov. Na berlinskih letali\u0161\u010dih Tegel in Sch\u00f6nefeld so skupaj odpovedali 99 letov. Re\u0161itve ni prinesel niti \u017eelezni\u0161ki promet, saj so na nekaterih delih prog, kjer lahko vlaki dose\u017eejo visoke hitrosti, za zamude poskrbela gradbena dela. Sindikat Verdi, eden najve\u010djih nem\u0161kih sindikatov, \u017eeli s stavko dodatno pritisniti na zvezne in lokalne oblasti, s katerimi se \u017ee dolgo pogaja o dvigu pla\u010d. &#8220;Upam, da bodo razumeli ta signal in da bomo v tretjem krogu pogajanj v \u010detrtek in petek dosegli dogovor,&#8221; je dejal vodja Verdija Frank Bsirski. V slovenskem letalskem prevozniku Adria Airways so v torek povedali, da bodo vsi njihovi dana\u0161nji leti potekali v skladu s predvidenim voznim redom. Te\u017eav Nemcem danes ne povzro\u010dajo le stavkajo\u010di na letali\u0161\u010dih. V Berlinu in nekaterih drugih mestih stavkajo tudi zaposleni v podjetjih, ki skrbijo za \u010disto\u010do v mestih, vodo in kopali\u0161\u010da.Slovenija<\/p>\n","protected":false},"excerpt":{"rendered":"<p>Ve\u010d deset tiso\u010d potnikov se je zaradi stavke letali\u0161kega osebja na najve\u010djih nem\u0161kih letali\u0161\u010dih danes zjutraj zna\u0161lo v te\u017eavah. V Frankfurtu, najve\u010djem nem\u0161kem vozli\u0161\u010du, so po navedbah sindikata Verdi doslej odpovedali 392 letov, stavka pa je skupaj prizadela osem mest. Zamude v Frankfurtu so sicer zmerne. V K\u00f6lnu so zaenkrat odpovedali 103 od 276 na\u010drtovanih letov, v D\u00fcsseldorfu 48 od 590 letov, za letali\u0161\u010de v M\u00fcnchnu pa natan\u010dnej\u0161i podatki \u0161e niso znani. Na letali\u0161\u010dih v Hannovru in Bremnu je odpadlo 25 letov, v Hamburgu pa so \u010drtali 31 vzletov in 31 pristankov. Na berlinskih letali\u0161\u010dih Tegel in Sch\u00f6nefeld so skupaj odpovedali 99 letov. Re\u0161itve ni prinesel niti \u017eelezni\u0161ki promet, saj so na nekaterih delih prog, kjer lahko vlaki dose\u017eejo visoke hitrosti, za zamude poskrbela gradbena dela. Sindikat Verdi, eden najve\u010djih nem\u0161kih sindikatov, \u017eeli s stavko dodatno pritisniti na zvezne in lokalne oblasti, s katerimi se \u017ee dolgo pogaja o dvigu pla\u010d. &#8220;Upam, da bodo razumeli ta signal in da bomo v tretjem krogu pogajanj v \u010detrtek in petek dosegli dogovor,&#8221; je dejal vodja Verdija Frank Bsirski. V slovenskem letalskem prevozniku Adria Airways so v torek povedali, da bodo vsi njihovi dana\u0161nji leti potekali v skladu s predvidenim voznim redom. Te\u017eav Nemcem danes ne povzro\u010dajo le stavkajo\u010di na letali\u0161\u010dih. V Berlinu in nekaterih drugih mestih stavkajo tudi zaposleni v podjetjih, ki skrbijo za \u010disto\u010do v mestih, vodo in kopali\u0161\u010da.Slovenija<\/p>\n","protected":false},"author":1,"featured_media":0,"comment_status":"closed","ping_status":"closed","sticky":false,"template":"","format":"standard","meta":{"footnotes":""},"categories":[1179],"tags":[],"source":[1711],"supertag":[],"acf":[],"yoast_head":"<!-- This site is optimized with the Yoast SEO plugin v21.3 - https:\/\/yoast.com\/wordpress\/plugins\/seo\/ -->\n<title>Ve\u010d deset tiso\u010d ljudi ostalo na letali\u0161\u010du v Frankfurtu - Hudo Slovenija<\/title>\n<meta name=\"robots\" content=\"index, follow, max-snippet:-1, max-image-preview:large, max-video-preview:-1\" \/>\n<link rel=\"canonical\" href=\"https:\/\/hudo.com\/si\/aktualno\/vec-deset-tisoc-ljudi-ostalo-na-letaliscu-v-frankfurtu\/\" \/>\n<meta property=\"og:locale\" content=\"sl_SI\" \/>\n<meta property=\"og:type\" content=\"article\" \/>\n<meta property=\"og:title\" content=\"Ve\u010d deset tiso\u010d ljudi ostalo na letali\u0161\u010du v Frankfurtu - Hudo Slovenija\" \/>\n<meta property=\"og:description\" content=\"Ve\u010d deset tiso\u010d potnikov se je zaradi stavke letali\u0161kega osebja na najve\u010djih nem\u0161kih letali\u0161\u010dih danes zjutraj zna\u0161lo v te\u017eavah. V Frankfurtu, najve\u010djem nem\u0161kem vozli\u0161\u010du, so po navedbah sindikata Verdi doslej odpovedali 392 letov, stavka pa je skupaj prizadela osem mest. Zamude v Frankfurtu so sicer zmerne. V K\u00f6lnu so zaenkrat odpovedali 103 od 276 na\u010drtovanih letov, v D\u00fcsseldorfu 48 od 590 letov, za letali\u0161\u010de v M\u00fcnchnu pa natan\u010dnej\u0161i podatki \u0161e niso znani. Na letali\u0161\u010dih v Hannovru in Bremnu je odpadlo 25 letov, v Hamburgu pa so \u010drtali 31 vzletov in 31 pristankov. Na berlinskih letali\u0161\u010dih Tegel in Sch\u00f6nefeld so skupaj odpovedali 99 letov. Re\u0161itve ni prinesel niti \u017eelezni\u0161ki promet, saj so na nekaterih delih prog, kjer lahko vlaki dose\u017eejo visoke hitrosti, za zamude poskrbela gradbena dela. Sindikat Verdi, eden najve\u010djih nem\u0161kih sindikatov, \u017eeli s stavko dodatno pritisniti na zvezne in lokalne oblasti, s katerimi se \u017ee dolgo pogaja o dvigu pla\u010d. &quot;Upam, da bodo razumeli ta signal in da bomo v tretjem krogu pogajanj v \u010detrtek in petek dosegli dogovor,&quot; je dejal vodja Verdija Frank Bsirski. V slovenskem letalskem prevozniku Adria Airways so v torek povedali, da bodo vsi njihovi dana\u0161nji leti potekali v skladu s predvidenim voznim redom. Te\u017eav Nemcem danes ne povzro\u010dajo le stavkajo\u010di na letali\u0161\u010dih. V Berlinu in nekaterih drugih mestih stavkajo tudi zaposleni v podjetjih, ki skrbijo za \u010disto\u010do v mestih, vodo in kopali\u0161\u010da.Slovenija\" \/>\n<meta property=\"og:url\" content=\"https:\/\/hudo.com\/si\/aktualno\/vec-deset-tisoc-ljudi-ostalo-na-letaliscu-v-frankfurtu\/\" \/>\n<meta property=\"og:site_name\" content=\"Hudo Slovenija\" \/>\n<meta property=\"article:publisher\" content=\"https:\/\/www.facebook.com\/hudo.si\" \/>\n<meta property=\"article:published_time\" content=\"2016-04-27T07:15:00+00:00\" \/>\n<meta property=\"article:modified_time\" content=\"2016-04-28T05:12:10+00:00\" \/>\n<meta property=\"og:image\" content=\"https:\/\/hudo.com\/si\/wp-content\/uploads\/sites\/2\/2016\/04\/MDF28004-300.jpg\" \/>\n\t<meta property=\"og:image:width\" content=\"450\" \/>\n\t<meta property=\"og:image:height\" content=\"300\" \/>\n\t<meta property=\"og:image:type\" content=\"image\/jpeg\" \/>\n<meta name=\"author\" content=\"hudo\" \/>\n<meta name=\"twitter:card\" content=\"summary_large_image\" \/>\n<meta name=\"twitter:creator\" content=\"@hudo_si\" \/>\n<meta name=\"twitter:site\" content=\"@hudo_si\" \/>\n<meta name=\"twitter:label1\" content=\"Written by\" \/>\n\t<meta name=\"twitter:data1\" content=\"hudo\" \/>\n\t<meta name=\"twitter:label2\" content=\"Est. reading time\" \/>\n\t<meta name=\"twitter:data2\" content=\"1 minuta\" \/>\n<script type=\"application\/ld+json\" class=\"yoast-schema-graph\">{\"@context\":\"https:\/\/schema.org\",\"@graph\":[{\"@type\":\"Article\",\"@id\":\"https:\/\/hudo.com\/si\/aktualno\/vec-deset-tisoc-ljudi-ostalo-na-letaliscu-v-frankfurtu\/#article\",\"isPartOf\":{\"@id\":\"https:\/\/hudo.com\/si\/aktualno\/vec-deset-tisoc-ljudi-ostalo-na-letaliscu-v-frankfurtu\/\"},\"author\":{\"name\":\"hudo\",\"@id\":\"https:\/\/hudo.com\/si\/#\/schema\/person\/601cf3379633985b20f7e50f2bb47707\"},\"headline\":\"Ve\u010d deset tiso\u010d ljudi ostalo na letali\u0161\u010du v Frankfurtu\",\"datePublished\":\"2016-04-27T07:15:00+00:00\",\"dateModified\":\"2016-04-28T05:12:10+00:00\",\"mainEntityOfPage\":{\"@id\":\"https:\/\/hudo.com\/si\/aktualno\/vec-deset-tisoc-ljudi-ostalo-na-letaliscu-v-frankfurtu\/\"},\"wordCount\":261,\"publisher\":{\"@id\":\"https:\/\/hudo.com\/si\/#organization\"},\"articleSection\":[\"Aktualno\"],\"inLanguage\":\"sl-SI\"},{\"@type\":\"WebPage\",\"@id\":\"https:\/\/hudo.com\/si\/aktualno\/vec-deset-tisoc-ljudi-ostalo-na-letaliscu-v-frankfurtu\/\",\"url\":\"https:\/\/hudo.com\/si\/aktualno\/vec-deset-tisoc-ljudi-ostalo-na-letaliscu-v-frankfurtu\/\",\"name\":\"Ve\u010d deset tiso\u010d ljudi ostalo na letali\u0161\u010du v Frankfurtu - Hudo Slovenija\",\"isPartOf\":{\"@id\":\"https:\/\/hudo.com\/si\/#website\"},\"datePublished\":\"2016-04-27T07:15:00+00:00\",\"dateModified\":\"2016-04-28T05:12:10+00:00\",\"breadcrumb\":{\"@id\":\"https:\/\/hudo.com\/si\/aktualno\/vec-deset-tisoc-ljudi-ostalo-na-letaliscu-v-frankfurtu\/#breadcrumb\"},\"inLanguage\":\"sl-SI\",\"potentialAction\":[{\"@type\":\"ReadAction\",\"target\":[\"https:\/\/hudo.com\/si\/aktualno\/vec-deset-tisoc-ljudi-ostalo-na-letaliscu-v-frankfurtu\/\"]}]},{\"@type\":\"BreadcrumbList\",\"@id\":\"https:\/\/hudo.com\/si\/aktualno\/vec-deset-tisoc-ljudi-ostalo-na-letaliscu-v-frankfurtu\/#breadcrumb\",\"itemListElement\":[{\"@type\":\"ListItem\",\"position\":1,\"name\":\"Home\",\"item\":\"https:\/\/hudo.com\/si\/\"},{\"@type\":\"ListItem\",\"position\":2,\"name\":\"Ve\u010d deset tiso\u010d ljudi ostalo na letali\u0161\u010du v Frankfurtu\"}]},{\"@type\":\"WebSite\",\"@id\":\"https:\/\/hudo.com\/si\/#website\",\"url\":\"https:\/\/hudo.com\/si\/\",\"name\":\"Hudo Slovenija\",\"description\":\"Vse novice iz Slovenije in sveta\",\"publisher\":{\"@id\":\"https:\/\/hudo.com\/si\/#organization\"},\"potentialAction\":[{\"@type\":\"SearchAction\",\"target\":{\"@type\":\"EntryPoint\",\"urlTemplate\":\"https:\/\/hudo.com\/si\/?s={search_term_string}\"},\"query-input\":\"required name=search_term_string\"}],\"inLanguage\":\"sl-SI\"},{\"@type\":\"Organization\",\"@id\":\"https:\/\/hudo.com\/si\/#organization\",\"name\":\"VSN Media\",\"url\":\"https:\/\/hudo.com\/si\/\",\"logo\":{\"@type\":\"ImageObject\",\"inLanguage\":\"sl-SI\",\"@id\":\"https:\/\/hudo.com\/si\/#\/schema\/logo\/image\/\",\"url\":\"https:\/\/hudo.com\/si\/wp-content\/uploads\/sites\/2\/2021\/03\/hudo-app-2.png\",\"contentUrl\":\"https:\/\/hudo.com\/si\/wp-content\/uploads\/sites\/2\/2021\/03\/hudo-app-2.png\",\"width\":2185,\"height\":2167,\"caption\":\"VSN Media\"},\"image\":{\"@id\":\"https:\/\/hudo.com\/si\/#\/schema\/logo\/image\/\"},\"sameAs\":[\"https:\/\/www.facebook.com\/hudo.si\",\"https:\/\/twitter.com\/hudo_si\"]},{\"@type\":\"Person\",\"@id\":\"https:\/\/hudo.com\/si\/#\/schema\/person\/601cf3379633985b20f7e50f2bb47707\",\"name\":\"hudo\",\"image\":{\"@type\":\"ImageObject\",\"inLanguage\":\"sl-SI\",\"@id\":\"https:\/\/hudo.com\/si\/#\/schema\/person\/image\/\",\"url\":\"https:\/\/secure.gravatar.com\/avatar\/c4ca25fa72cace7a696b52ff5db9e095?s=96&d=mm&r=g\",\"contentUrl\":\"https:\/\/secure.gravatar.com\/avatar\/c4ca25fa72cace7a696b52ff5db9e095?s=96&d=mm&r=g\",\"caption\":\"hudo\"},\"url\":\"https:\/\/hudo.com\/si\/author\/hudo\/\"}]}<\/script>\n<!-- \/ Yoast SEO plugin. -->","yoast_head_json":{"title":"Ve\u010d deset tiso\u010d ljudi ostalo na letali\u0161\u010du v Frankfurtu - Hudo Slovenija","robots":{"index":"index","follow":"follow","max-snippet":"max-snippet:-1","max-image-preview":"max-image-preview:large","max-video-preview":"max-video-preview:-1"},"canonical":"https:\/\/hudo.com\/si\/aktualno\/vec-deset-tisoc-ljudi-ostalo-na-letaliscu-v-frankfurtu\/","og_locale":"sl_SI","og_type":"article","og_title":"Ve\u010d deset tiso\u010d ljudi ostalo na letali\u0161\u010du v Frankfurtu - Hudo Slovenija","og_description":"Ve\u010d deset tiso\u010d potnikov se je zaradi stavke letali\u0161kega osebja na najve\u010djih nem\u0161kih letali\u0161\u010dih danes zjutraj zna\u0161lo v te\u017eavah. V Frankfurtu, najve\u010djem nem\u0161kem vozli\u0161\u010du, so po navedbah sindikata Verdi doslej odpovedali 392 letov, stavka pa je skupaj prizadela osem mest. Zamude v Frankfurtu so sicer zmerne. V K\u00f6lnu so zaenkrat odpovedali 103 od 276 na\u010drtovanih letov, v D\u00fcsseldorfu 48 od 590 letov, za letali\u0161\u010de v M\u00fcnchnu pa natan\u010dnej\u0161i podatki \u0161e niso znani. Na letali\u0161\u010dih v Hannovru in Bremnu je odpadlo 25 letov, v Hamburgu pa so \u010drtali 31 vzletov in 31 pristankov. Na berlinskih letali\u0161\u010dih Tegel in Sch\u00f6nefeld so skupaj odpovedali 99 letov. Re\u0161itve ni prinesel niti \u017eelezni\u0161ki promet, saj so na nekaterih delih prog, kjer lahko vlaki dose\u017eejo visoke hitrosti, za zamude poskrbela gradbena dela. Sindikat Verdi, eden najve\u010djih nem\u0161kih sindikatov, \u017eeli s stavko dodatno pritisniti na zvezne in lokalne oblasti, s katerimi se \u017ee dolgo pogaja o dvigu pla\u010d. \"Upam, da bodo razumeli ta signal in da bomo v tretjem krogu pogajanj v \u010detrtek in petek dosegli dogovor,\" je dejal vodja Verdija Frank Bsirski. V slovenskem letalskem prevozniku Adria Airways so v torek povedali, da bodo vsi njihovi dana\u0161nji leti potekali v skladu s predvidenim voznim redom. Te\u017eav Nemcem danes ne povzro\u010dajo le stavkajo\u010di na letali\u0161\u010dih. V Berlinu in nekaterih drugih mestih stavkajo tudi zaposleni v podjetjih, ki skrbijo za \u010disto\u010do v mestih, vodo in kopali\u0161\u010da.Slovenija","og_url":"https:\/\/hudo.com\/si\/aktualno\/vec-deset-tisoc-ljudi-ostalo-na-letaliscu-v-frankfurtu\/","og_site_name":"Hudo Slovenija","article_publisher":"https:\/\/www.facebook.com\/hudo.si","article_published_time":"2016-04-27T07:15:00+00:00","article_modified_time":"2016-04-28T05:12:10+00:00","og_image":[{"width":450,"height":300,"url":"https:\/\/hudo.com\/si\/wp-content\/uploads\/sites\/2\/2016\/04\/MDF28004-300.jpg","type":"image\/jpeg"}],"author":"hudo","twitter_card":"summary_large_image","twitter_creator":"@hudo_si","twitter_site":"@hudo_si","twitter_misc":{"Written by":"hudo","Est. reading time":"1 minuta"},"schema":{"@context":"https:\/\/schema.org","@graph":[{"@type":"Article","@id":"https:\/\/hudo.com\/si\/aktualno\/vec-deset-tisoc-ljudi-ostalo-na-letaliscu-v-frankfurtu\/#article","isPartOf":{"@id":"https:\/\/hudo.com\/si\/aktualno\/vec-deset-tisoc-ljudi-ostalo-na-letaliscu-v-frankfurtu\/"},"author":{"name":"hudo","@id":"https:\/\/hudo.com\/si\/#\/schema\/person\/601cf3379633985b20f7e50f2bb47707"},"headline":"Ve\u010d deset tiso\u010d ljudi ostalo na letali\u0161\u010du v Frankfurtu","datePublished":"2016-04-27T07:15:00+00:00","dateModified":"2016-04-28T05:12:10+00:00","mainEntityOfPage":{"@id":"https:\/\/hudo.com\/si\/aktualno\/vec-deset-tisoc-ljudi-ostalo-na-letaliscu-v-frankfurtu\/"},"wordCount":261,"publisher":{"@id":"https:\/\/hudo.com\/si\/#organization"},"articleSection":["Aktualno"],"inLanguage":"sl-SI"},{"@type":"WebPage","@id":"https:\/\/hudo.com\/si\/aktualno\/vec-deset-tisoc-ljudi-ostalo-na-letaliscu-v-frankfurtu\/","url":"https:\/\/hudo.com\/si\/aktualno\/vec-deset-tisoc-ljudi-ostalo-na-letaliscu-v-frankfurtu\/","name":"Ve\u010d deset tiso\u010d ljudi ostalo na letali\u0161\u010du v Frankfurtu - Hudo Slovenija","isPartOf":{"@id":"https:\/\/hudo.com\/si\/#website"},"datePublished":"2016-04-27T07:15:00+00:00","dateModified":"2016-04-28T05:12:10+00:00","breadcrumb":{"@id":"https:\/\/hudo.com\/si\/aktualno\/vec-deset-tisoc-ljudi-ostalo-na-letaliscu-v-frankfurtu\/#breadcrumb"},"inLanguage":"sl-SI","potentialAction":[{"@type":"ReadAction","target":["https:\/\/hudo.com\/si\/aktualno\/vec-deset-tisoc-ljudi-ostalo-na-letaliscu-v-frankfurtu\/"]}]},{"@type":"BreadcrumbList","@id":"https:\/\/hudo.com\/si\/aktualno\/vec-deset-tisoc-ljudi-ostalo-na-letaliscu-v-frankfurtu\/#breadcrumb","itemListElement":[{"@type":"ListItem","position":1,"name":"Home","item":"https:\/\/hudo.com\/si\/"},{"@type":"ListItem","position":2,"name":"Ve\u010d deset tiso\u010d ljudi ostalo na letali\u0161\u010du v Frankfurtu"}]},{"@type":"WebSite","@id":"https:\/\/hudo.com\/si\/#website","url":"https:\/\/hudo.com\/si\/","name":"Hudo Slovenija","description":"Vse novice iz Slovenije in sveta","publisher":{"@id":"https:\/\/hudo.com\/si\/#organization"},"potentialAction":[{"@type":"SearchAction","target":{"@type":"EntryPoint","urlTemplate":"https:\/\/hudo.com\/si\/?s={search_term_string}"},"query-input":"required name=search_term_string"}],"inLanguage":"sl-SI"},{"@type":"Organization","@id":"https:\/\/hudo.com\/si\/#organization","name":"VSN Media","url":"https:\/\/hudo.com\/si\/","logo":{"@type":"ImageObject","inLanguage":"sl-SI","@id":"https:\/\/hudo.com\/si\/#\/schema\/logo\/image\/","url":"https:\/\/hudo.com\/si\/wp-content\/uploads\/sites\/2\/2021\/03\/hudo-app-2.png","contentUrl":"https:\/\/hudo.com\/si\/wp-content\/uploads\/sites\/2\/2021\/03\/hudo-app-2.png","width":2185,"height":2167,"caption":"VSN Media"},"image":{"@id":"https:\/\/hudo.com\/si\/#\/schema\/logo\/image\/"},"sameAs":["https:\/\/www.facebook.com\/hudo.si","https:\/\/twitter.com\/hudo_si"]},{"@type":"Person","@id":"https:\/\/hudo.com\/si\/#\/schema\/person\/601cf3379633985b20f7e50f2bb47707","name":"hudo","image":{"@type":"ImageObject","inLanguage":"sl-SI","@id":"https:\/\/hudo.com\/si\/#\/schema\/person\/image\/","url":"https:\/\/secure.gravatar.com\/avatar\/c4ca25fa72cace7a696b52ff5db9e095?s=96&d=mm&r=g","contentUrl":"https:\/\/secure.gravatar.com\/avatar\/c4ca25fa72cace7a696b52ff5db9e095?s=96&d=mm&r=g","caption":"hudo"},"url":"https:\/\/hudo.com\/si\/author\/hudo\/"}]}},"amp_enabled":true,"_links":{"self":[{"href":"https:\/\/hudo.com\/si\/wp-json\/wp\/v2\/posts\/40336"}],"collection":[{"href":"https:\/\/hudo.com\/si\/wp-json\/wp\/v2\/posts"}],"about":[{"href":"https:\/\/hudo.com\/si\/wp-json\/wp\/v2\/types\/post"}],"author":[{"embeddable":true,"href":"https:\/\/hudo.com\/si\/wp-json\/wp\/v2\/users\/1"}],"replies":[{"embeddable":true,"href":"https:\/\/hudo.com\/si\/wp-json\/wp\/v2\/comments?post=40336"}],"version-history":[{"count":1,"href":"https:\/\/hudo.com\/si\/wp-json\/wp\/v2\/posts\/40336\/revisions"}],"predecessor-version":[{"id":40381,"href":"https:\/\/hudo.com\/si\/wp-json\/wp\/v2\/posts\/40336\/revisions\/40381"}],"wp:attachment":[{"href":"https:\/\/hudo.com\/si\/wp-json\/wp\/v2\/media?parent=40336"}],"wp:term":[{"taxonomy":"category","embeddable":true,"href":"https:\/\/hudo.com\/si\/wp-json\/wp\/v2\/categories?post=40336"},{"taxonomy":"post_tag","embeddable":true,"href":"https:\/\/hudo.com\/si\/wp-json\/wp\/v2\/tags?post=40336"},{"taxonomy":"source","embeddable":true,"href":"https:\/\/hudo.com\/si\/wp-json\/wp\/v2\/source?post=40336"},{"taxonomy":"supertag","embeddable":true,"href":"https:\/\/hudo.com\/si\/wp-json\/wp\/v2\/supertag?post=40336"}],"curies":[{"name":"wp","href":"https:\/\/api.w.org\/{rel}","templated":true}]}}