{"id":40344,"date":"2016-04-27T08:36:28","date_gmt":"2016-04-27T06:36:28","guid":{"rendered":"http:\/\/hudo.com\/si\/2016\/04\/27\/apple-razocaral-se-bo-iphone-podrazil\/"},"modified":"2016-04-27T14:16:30","modified_gmt":"2016-04-27T12:16:30","slug":"apple-razocaral-se-bo-iphone-podrazil","status":"publish","type":"post","link":"https:\/\/hudo.com\/si\/aktualno\/apple-razocaral-se-bo-iphone-podrazil\/","title":{"rendered":"Apple razo\u010daral. Se bo iPhone podra\u017eil?"},"content":{"rendered":"<p>Ameri\u0161ki tehnolo\u0161ki velikan Apple je zabele\u017eil prvi padec prodaje paradnega konca &#8211; iPhonov. S poslovnimi rezultati v prvih treh mesecih leto\u0161njega leta je podjetje mo\u010dno razo\u010daralo analitike. Ti so sicer pri\u010dakovali padec dobi\u010dka in prihodkov, vendar ne tako velikega.\u00a0 Delnice dru\u017ebe, ki je zabele\u017eila prvi padec prodaje iPhonov, so se v podalj\u0161anem borznem trgovanju zato<\/p>\n","protected":false},"excerpt":{"rendered":"<p>Ameri\u0161ki tehnolo\u0161ki velikan Apple je zabele\u017eil prvi padec prodaje paradnega konca &#8211; iPhonov. S poslovnimi rezultati v prvih treh mesecih leto\u0161njega leta je podjetje mo\u010dno razo\u010daralo analitike. Ti so sicer pri\u010dakovali padec dobi\u010dka in prihodkov, vendar ne tako velikega.\u00a0 Delnice dru\u017ebe, ki je zabele\u017eila prvi padec prodaje iPhonov, so se v podalj\u0161anem borznem trgovanju zato<\/p>\n","protected":false},"author":1,"featured_media":0,"comment_status":"closed","ping_status":"closed","sticky":false,"template":"","format":"standard","meta":{"footnotes":""},"categories":[1179],"tags":[],"source":[1710],"supertag":[],"acf":[],"yoast_head":"<!-- This site is optimized with the Yoast SEO plugin v21.3 - https:\/\/yoast.com\/wordpress\/plugins\/seo\/ -->\n<title>Apple razo\u010daral. Se bo iPhone podra\u017eil? - Hudo Slovenija<\/title>\n<meta name=\"robots\" content=\"index, follow, max-snippet:-1, max-image-preview:large, max-video-preview:-1\" \/>\n<link rel=\"canonical\" href=\"https:\/\/hudo.com\/si\/aktualno\/apple-razocaral-se-bo-iphone-podrazil\/\" \/>\n<meta property=\"og:locale\" content=\"sl_SI\" \/>\n<meta property=\"og:type\" content=\"article\" \/>\n<meta property=\"og:title\" content=\"Apple razo\u010daral. Se bo iPhone podra\u017eil? - Hudo Slovenija\" \/>\n<meta property=\"og:description\" content=\"Ameri\u0161ki tehnolo\u0161ki velikan Apple je zabele\u017eil prvi padec prodaje paradnega konca &#8211; iPhonov. S poslovnimi rezultati v prvih treh mesecih leto\u0161njega leta je podjetje mo\u010dno razo\u010daralo analitike. Ti so sicer pri\u010dakovali padec dobi\u010dka in prihodkov, vendar ne tako velikega.\u00a0 Delnice dru\u017ebe, ki je zabele\u017eila prvi padec prodaje iPhonov, so se v podalj\u0161anem borznem trgovanju zato\" \/>\n<meta property=\"og:url\" content=\"https:\/\/hudo.com\/si\/aktualno\/apple-razocaral-se-bo-iphone-podrazil\/\" \/>\n<meta property=\"og:site_name\" content=\"Hudo Slovenija\" \/>\n<meta property=\"article:publisher\" content=\"https:\/\/www.facebook.com\/hudo.si\" \/>\n<meta property=\"article:published_time\" content=\"2016-04-27T06:36:28+00:00\" \/>\n<meta property=\"article:modified_time\" content=\"2016-04-27T12:16:30+00:00\" \/>\n<meta property=\"og:image\" content=\"https:\/\/hudo.com\/si\/wp-content\/uploads\/sites\/2\/2016\/04\/apple-mocno-razocaral-analitike-se-obetajo-drazji-telefoni-01-1024x683.jpg\" \/>\n\t<meta property=\"og:image:width\" content=\"1024\" \/>\n\t<meta property=\"og:image:height\" content=\"683\" \/>\n\t<meta property=\"og:image:type\" content=\"image\/jpeg\" \/>\n<meta name=\"author\" content=\"hudo\" \/>\n<meta name=\"twitter:card\" content=\"summary_large_image\" \/>\n<meta name=\"twitter:creator\" content=\"@hudo_si\" \/>\n<meta name=\"twitter:site\" content=\"@hudo_si\" \/>\n<meta name=\"twitter:label1\" content=\"Written by\" \/>\n\t<meta name=\"twitter:data1\" content=\"hudo\" \/>\n<script type=\"application\/ld+json\" class=\"yoast-schema-graph\">{\"@context\":\"https:\/\/schema.org\",\"@graph\":[{\"@type\":\"Article\",\"@id\":\"https:\/\/hudo.com\/si\/aktualno\/apple-razocaral-se-bo-iphone-podrazil\/#article\",\"isPartOf\":{\"@id\":\"https:\/\/hudo.com\/si\/aktualno\/apple-razocaral-se-bo-iphone-podrazil\/\"},\"author\":{\"name\":\"hudo\",\"@id\":\"https:\/\/hudo.com\/si\/#\/schema\/person\/601cf3379633985b20f7e50f2bb47707\"},\"headline\":\"Apple razo\u010daral. Se bo iPhone podra\u017eil?\",\"datePublished\":\"2016-04-27T06:36:28+00:00\",\"dateModified\":\"2016-04-27T12:16:30+00:00\",\"mainEntityOfPage\":{\"@id\":\"https:\/\/hudo.com\/si\/aktualno\/apple-razocaral-se-bo-iphone-podrazil\/\"},\"wordCount\":73,\"publisher\":{\"@id\":\"https:\/\/hudo.com\/si\/#organization\"},\"articleSection\":[\"Aktualno\"],\"inLanguage\":\"sl-SI\"},{\"@type\":\"WebPage\",\"@id\":\"https:\/\/hudo.com\/si\/aktualno\/apple-razocaral-se-bo-iphone-podrazil\/\",\"url\":\"https:\/\/hudo.com\/si\/aktualno\/apple-razocaral-se-bo-iphone-podrazil\/\",\"name\":\"Apple razo\u010daral. Se bo iPhone podra\u017eil? - Hudo Slovenija\",\"isPartOf\":{\"@id\":\"https:\/\/hudo.com\/si\/#website\"},\"datePublished\":\"2016-04-27T06:36:28+00:00\",\"dateModified\":\"2016-04-27T12:16:30+00:00\",\"breadcrumb\":{\"@id\":\"https:\/\/hudo.com\/si\/aktualno\/apple-razocaral-se-bo-iphone-podrazil\/#breadcrumb\"},\"inLanguage\":\"sl-SI\",\"potentialAction\":[{\"@type\":\"ReadAction\",\"target\":[\"https:\/\/hudo.com\/si\/aktualno\/apple-razocaral-se-bo-iphone-podrazil\/\"]}]},{\"@type\":\"BreadcrumbList\",\"@id\":\"https:\/\/hudo.com\/si\/aktualno\/apple-razocaral-se-bo-iphone-podrazil\/#breadcrumb\",\"itemListElement\":[{\"@type\":\"ListItem\",\"position\":1,\"name\":\"Home\",\"item\":\"https:\/\/hudo.com\/si\/\"},{\"@type\":\"ListItem\",\"position\":2,\"name\":\"Apple razo\u010daral. Se bo iPhone podra\u017eil?\"}]},{\"@type\":\"WebSite\",\"@id\":\"https:\/\/hudo.com\/si\/#website\",\"url\":\"https:\/\/hudo.com\/si\/\",\"name\":\"Hudo Slovenija\",\"description\":\"Vse novice iz Slovenije in sveta\",\"publisher\":{\"@id\":\"https:\/\/hudo.com\/si\/#organization\"},\"potentialAction\":[{\"@type\":\"SearchAction\",\"target\":{\"@type\":\"EntryPoint\",\"urlTemplate\":\"https:\/\/hudo.com\/si\/?s={search_term_string}\"},\"query-input\":\"required name=search_term_string\"}],\"inLanguage\":\"sl-SI\"},{\"@type\":\"Organization\",\"@id\":\"https:\/\/hudo.com\/si\/#organization\",\"name\":\"VSN Media\",\"url\":\"https:\/\/hudo.com\/si\/\",\"logo\":{\"@type\":\"ImageObject\",\"inLanguage\":\"sl-SI\",\"@id\":\"https:\/\/hudo.com\/si\/#\/schema\/logo\/image\/\",\"url\":\"https:\/\/hudo.com\/si\/wp-content\/uploads\/sites\/2\/2021\/03\/hudo-app-2.png\",\"contentUrl\":\"https:\/\/hudo.com\/si\/wp-content\/uploads\/sites\/2\/2021\/03\/hudo-app-2.png\",\"width\":2185,\"height\":2167,\"caption\":\"VSN Media\"},\"image\":{\"@id\":\"https:\/\/hudo.com\/si\/#\/schema\/logo\/image\/\"},\"sameAs\":[\"https:\/\/www.facebook.com\/hudo.si\",\"https:\/\/twitter.com\/hudo_si\"]},{\"@type\":\"Person\",\"@id\":\"https:\/\/hudo.com\/si\/#\/schema\/person\/601cf3379633985b20f7e50f2bb47707\",\"name\":\"hudo\",\"image\":{\"@type\":\"ImageObject\",\"inLanguage\":\"sl-SI\",\"@id\":\"https:\/\/hudo.com\/si\/#\/schema\/person\/image\/\",\"url\":\"https:\/\/secure.gravatar.com\/avatar\/c4ca25fa72cace7a696b52ff5db9e095?s=96&d=mm&r=g\",\"contentUrl\":\"https:\/\/secure.gravatar.com\/avatar\/c4ca25fa72cace7a696b52ff5db9e095?s=96&d=mm&r=g\",\"caption\":\"hudo\"},\"url\":\"https:\/\/hudo.com\/si\/author\/hudo\/\"}]}<\/script>\n<!-- \/ Yoast SEO plugin. -->","yoast_head_json":{"title":"Apple razo\u010daral. Se bo iPhone podra\u017eil? - Hudo Slovenija","robots":{"index":"index","follow":"follow","max-snippet":"max-snippet:-1","max-image-preview":"max-image-preview:large","max-video-preview":"max-video-preview:-1"},"canonical":"https:\/\/hudo.com\/si\/aktualno\/apple-razocaral-se-bo-iphone-podrazil\/","og_locale":"sl_SI","og_type":"article","og_title":"Apple razo\u010daral. Se bo iPhone podra\u017eil? - Hudo Slovenija","og_description":"Ameri\u0161ki tehnolo\u0161ki velikan Apple je zabele\u017eil prvi padec prodaje paradnega konca &#8211; iPhonov. S poslovnimi rezultati v prvih treh mesecih leto\u0161njega leta je podjetje mo\u010dno razo\u010daralo analitike. Ti so sicer pri\u010dakovali padec dobi\u010dka in prihodkov, vendar ne tako velikega.\u00a0 Delnice dru\u017ebe, ki je zabele\u017eila prvi padec prodaje iPhonov, so se v podalj\u0161anem borznem trgovanju zato","og_url":"https:\/\/hudo.com\/si\/aktualno\/apple-razocaral-se-bo-iphone-podrazil\/","og_site_name":"Hudo Slovenija","article_publisher":"https:\/\/www.facebook.com\/hudo.si","article_published_time":"2016-04-27T06:36:28+00:00","article_modified_time":"2016-04-27T12:16:30+00:00","og_image":[{"width":1024,"height":683,"url":"https:\/\/hudo.com\/si\/wp-content\/uploads\/sites\/2\/2016\/04\/apple-mocno-razocaral-analitike-se-obetajo-drazji-telefoni-01-1024x683.jpg","type":"image\/jpeg"}],"author":"hudo","twitter_card":"summary_large_image","twitter_creator":"@hudo_si","twitter_site":"@hudo_si","twitter_misc":{"Written by":"hudo"},"schema":{"@context":"https:\/\/schema.org","@graph":[{"@type":"Article","@id":"https:\/\/hudo.com\/si\/aktualno\/apple-razocaral-se-bo-iphone-podrazil\/#article","isPartOf":{"@id":"https:\/\/hudo.com\/si\/aktualno\/apple-razocaral-se-bo-iphone-podrazil\/"},"author":{"name":"hudo","@id":"https:\/\/hudo.com\/si\/#\/schema\/person\/601cf3379633985b20f7e50f2bb47707"},"headline":"Apple razo\u010daral. Se bo iPhone podra\u017eil?","datePublished":"2016-04-27T06:36:28+00:00","dateModified":"2016-04-27T12:16:30+00:00","mainEntityOfPage":{"@id":"https:\/\/hudo.com\/si\/aktualno\/apple-razocaral-se-bo-iphone-podrazil\/"},"wordCount":73,"publisher":{"@id":"https:\/\/hudo.com\/si\/#organization"},"articleSection":["Aktualno"],"inLanguage":"sl-SI"},{"@type":"WebPage","@id":"https:\/\/hudo.com\/si\/aktualno\/apple-razocaral-se-bo-iphone-podrazil\/","url":"https:\/\/hudo.com\/si\/aktualno\/apple-razocaral-se-bo-iphone-podrazil\/","name":"Apple razo\u010daral. Se bo iPhone podra\u017eil? - Hudo Slovenija","isPartOf":{"@id":"https:\/\/hudo.com\/si\/#website"},"datePublished":"2016-04-27T06:36:28+00:00","dateModified":"2016-04-27T12:16:30+00:00","breadcrumb":{"@id":"https:\/\/hudo.com\/si\/aktualno\/apple-razocaral-se-bo-iphone-podrazil\/#breadcrumb"},"inLanguage":"sl-SI","potentialAction":[{"@type":"ReadAction","target":["https:\/\/hudo.com\/si\/aktualno\/apple-razocaral-se-bo-iphone-podrazil\/"]}]},{"@type":"BreadcrumbList","@id":"https:\/\/hudo.com\/si\/aktualno\/apple-razocaral-se-bo-iphone-podrazil\/#breadcrumb","itemListElement":[{"@type":"ListItem","position":1,"name":"Home","item":"https:\/\/hudo.com\/si\/"},{"@type":"ListItem","position":2,"name":"Apple razo\u010daral. Se bo iPhone podra\u017eil?"}]},{"@type":"WebSite","@id":"https:\/\/hudo.com\/si\/#website","url":"https:\/\/hudo.com\/si\/","name":"Hudo Slovenija","description":"Vse novice iz Slovenije in sveta","publisher":{"@id":"https:\/\/hudo.com\/si\/#organization"},"potentialAction":[{"@type":"SearchAction","target":{"@type":"EntryPoint","urlTemplate":"https:\/\/hudo.com\/si\/?s={search_term_string}"},"query-input":"required name=search_term_string"}],"inLanguage":"sl-SI"},{"@type":"Organization","@id":"https:\/\/hudo.com\/si\/#organization","name":"VSN Media","url":"https:\/\/hudo.com\/si\/","logo":{"@type":"ImageObject","inLanguage":"sl-SI","@id":"https:\/\/hudo.com\/si\/#\/schema\/logo\/image\/","url":"https:\/\/hudo.com\/si\/wp-content\/uploads\/sites\/2\/2021\/03\/hudo-app-2.png","contentUrl":"https:\/\/hudo.com\/si\/wp-content\/uploads\/sites\/2\/2021\/03\/hudo-app-2.png","width":2185,"height":2167,"caption":"VSN Media"},"image":{"@id":"https:\/\/hudo.com\/si\/#\/schema\/logo\/image\/"},"sameAs":["https:\/\/www.facebook.com\/hudo.si","https:\/\/twitter.com\/hudo_si"]},{"@type":"Person","@id":"https:\/\/hudo.com\/si\/#\/schema\/person\/601cf3379633985b20f7e50f2bb47707","name":"hudo","image":{"@type":"ImageObject","inLanguage":"sl-SI","@id":"https:\/\/hudo.com\/si\/#\/schema\/person\/image\/","url":"https:\/\/secure.gravatar.com\/avatar\/c4ca25fa72cace7a696b52ff5db9e095?s=96&d=mm&r=g","contentUrl":"https:\/\/secure.gravatar.com\/avatar\/c4ca25fa72cace7a696b52ff5db9e095?s=96&d=mm&r=g","caption":"hudo"},"url":"https:\/\/hudo.com\/si\/author\/hudo\/"}]}},"amp_enabled":true,"_links":{"self":[{"href":"https:\/\/hudo.com\/si\/wp-json\/wp\/v2\/posts\/40344"}],"collection":[{"href":"https:\/\/hudo.com\/si\/wp-json\/wp\/v2\/posts"}],"about":[{"href":"https:\/\/hudo.com\/si\/wp-json\/wp\/v2\/types\/post"}],"author":[{"embeddable":true,"href":"https:\/\/hudo.com\/si\/wp-json\/wp\/v2\/users\/1"}],"replies":[{"embeddable":true,"href":"https:\/\/hudo.com\/si\/wp-json\/wp\/v2\/comments?post=40344"}],"version-history":[{"count":1,"href":"https:\/\/hudo.com\/si\/wp-json\/wp\/v2\/posts\/40344\/revisions"}],"predecessor-version":[{"id":40385,"href":"https:\/\/hudo.com\/si\/wp-json\/wp\/v2\/posts\/40344\/revisions\/40385"}],"wp:attachment":[{"href":"https:\/\/hudo.com\/si\/wp-json\/wp\/v2\/media?parent=40344"}],"wp:term":[{"taxonomy":"category","embeddable":true,"href":"https:\/\/hudo.com\/si\/wp-json\/wp\/v2\/categories?post=40344"},{"taxonomy":"post_tag","embeddable":true,"href":"https:\/\/hudo.com\/si\/wp-json\/wp\/v2\/tags?post=40344"},{"taxonomy":"source","embeddable":true,"href":"https:\/\/hudo.com\/si\/wp-json\/wp\/v2\/source?post=40344"},{"taxonomy":"supertag","embeddable":true,"href":"https:\/\/hudo.com\/si\/wp-json\/wp\/v2\/supertag?post=40344"}],"curies":[{"name":"wp","href":"https:\/\/api.w.org\/{rel}","templated":true}]}}