{"id":40346,"date":"2016-04-27T08:26:00","date_gmt":"2016-04-27T06:26:00","guid":{"rendered":"http:\/\/hudo.com\/si\/2016\/04\/27\/belgija-franciji-izrocila-osumljenca-za-napade-v-parizu\/"},"modified":"2016-04-27T08:26:00","modified_gmt":"2016-04-27T06:26:00","slug":"belgija-franciji-izrocila-osumljenca-za-napade-v-parizu","status":"publish","type":"post","link":"https:\/\/hudo.com\/si\/aktualno\/belgija-franciji-izrocila-osumljenca-za-napade-v-parizu\/","title":{"rendered":"Belgija Franciji izro\u010dila osumljenca za napade v Parizu"},"content":{"rendered":"<p>Kategorija: Evropa Wed, 27 Apr 2016 10:26:00 +0200  Bruselj &#8211; Belgija je Franciji izro\u010dila glavnega osumljenca za krvave teroristi\u010dne napade v Parizu novembra lani, v katerih je bilo ubitih 130 ljudi, je danes po poro\u010danju tujih tiskovnih agencij potrdilo belgijsko to\u017eilstvo. Belgijsko to\u017eilstvo je sporo\u010dilo, da so Salaha Abdeslama Franciji izro\u010dili danes zjutraj, poro\u010da francoska tiskovna agencija AFP. Po domnevah preiskovalcev je Abdeslam zadnji pre\u017eiveli \u010dlan teroristi\u010dne celice, ki je v francoski prestolnici 13. novembra lani v usklajenih napadih pobila 130 ljudi. Abdeslam je belgijskim oblastem priznal, da je bil 13. novembra lani v Parizu, kjer se je nameraval razstreliti pri stadionu Stade de France, a si je premislil. Po pari\u0161kih napadih je Abdeslamu uspelo pobegniti v Belgijo, pred roko pravice pa se je skrival kar \u0161tiri mesece. Nato so ga sredi marca v policijski akciji v bruseljski \u010detrti Molenbeek le\u00a0&#8230;<\/p>\n","protected":false},"excerpt":{"rendered":"<p>Kategorija: Evropa Wed, 27 Apr 2016 10:26:00 +0200  Bruselj &#8211; Belgija je Franciji izro\u010dila glavnega osumljenca za krvave teroristi\u010dne napade v Parizu novembra lani, v katerih je bilo ubitih 130 ljudi, je danes po poro\u010danju tujih tiskovnih agencij potrdilo belgijsko to\u017eilstvo. Belgijsko to\u017eilstvo je sporo\u010dilo, da so Salaha Abdeslama Franciji izro\u010dili danes zjutraj, poro\u010da francoska tiskovna agencija AFP. Po domnevah preiskovalcev je Abdeslam zadnji pre\u017eiveli \u010dlan teroristi\u010dne celice, ki je v francoski prestolnici 13. novembra lani v usklajenih napadih pobila 130 ljudi. Abdeslam je belgijskim oblastem priznal, da je bil 13. novembra lani v Parizu, kjer se je nameraval razstreliti pri stadionu Stade de France, a si je premislil. Po pari\u0161kih napadih je Abdeslamu uspelo pobegniti v Belgijo, pred roko pravice pa se je skrival kar \u0161tiri mesece. Nato so ga sredi marca v policijski akciji v bruseljski \u010detrti Molenbeek le\u00a0&#8230;<\/p>\n","protected":false},"author":1,"featured_media":0,"comment_status":"closed","ping_status":"closed","sticky":false,"template":"","format":"standard","meta":{"footnotes":""},"categories":[1179],"tags":[],"source":[4511],"supertag":[],"acf":[],"yoast_head":"<!-- This site is optimized with the Yoast SEO plugin v21.3 - https:\/\/yoast.com\/wordpress\/plugins\/seo\/ -->\n<title>Belgija Franciji izro\u010dila osumljenca za napade v Parizu - Hudo Slovenija<\/title>\n<meta name=\"robots\" content=\"index, follow, max-snippet:-1, max-image-preview:large, max-video-preview:-1\" \/>\n<link rel=\"canonical\" href=\"https:\/\/hudo.com\/si\/aktualno\/belgija-franciji-izrocila-osumljenca-za-napade-v-parizu\/\" \/>\n<meta property=\"og:locale\" content=\"sl_SI\" \/>\n<meta property=\"og:type\" content=\"article\" \/>\n<meta property=\"og:title\" content=\"Belgija Franciji izro\u010dila osumljenca za napade v Parizu - Hudo Slovenija\" \/>\n<meta property=\"og:description\" content=\"Kategorija: Evropa Wed, 27 Apr 2016 10:26:00 +0200 Bruselj - Belgija je Franciji izro\u010dila glavnega osumljenca za krvave teroristi\u010dne napade v Parizu novembra lani, v katerih je bilo ubitih 130 ljudi, je danes po poro\u010danju tujih tiskovnih agencij potrdilo belgijsko to\u017eilstvo. Belgijsko to\u017eilstvo je sporo\u010dilo, da so Salaha Abdeslama Franciji izro\u010dili danes zjutraj, poro\u010da francoska tiskovna agencija AFP. Po domnevah preiskovalcev je Abdeslam zadnji pre\u017eiveli \u010dlan teroristi\u010dne celice, ki je v francoski prestolnici 13. novembra lani v usklajenih napadih pobila 130 ljudi. Abdeslam je belgijskim oblastem priznal, da je bil 13. novembra lani v Parizu, kjer se je nameraval razstreliti pri stadionu Stade de France, a si je premislil. Po pari\u0161kih napadih je Abdeslamu uspelo pobegniti v Belgijo, pred roko pravice pa se je skrival kar \u0161tiri mesece. Nato so ga sredi marca v policijski akciji v bruseljski \u010detrti Molenbeek le\u00a0...\" \/>\n<meta property=\"og:url\" content=\"https:\/\/hudo.com\/si\/aktualno\/belgija-franciji-izrocila-osumljenca-za-napade-v-parizu\/\" \/>\n<meta property=\"og:site_name\" content=\"Hudo Slovenija\" \/>\n<meta property=\"article:publisher\" content=\"https:\/\/www.facebook.com\/hudo.si\" \/>\n<meta property=\"article:published_time\" content=\"2016-04-27T06:26:00+00:00\" \/>\n<meta property=\"og:image\" content=\"https:\/\/hudo.com\/si\/wp-content\/uploads\/sites\/2\/2016\/04\/480x290_djvu_2221855_pavlinb_reut-FRANCE-SHOOTING.jpeg\" \/>\n\t<meta property=\"og:image:width\" content=\"480\" \/>\n\t<meta property=\"og:image:height\" content=\"290\" \/>\n\t<meta property=\"og:image:type\" content=\"image\/jpeg\" \/>\n<meta name=\"author\" content=\"hudo\" \/>\n<meta name=\"twitter:card\" content=\"summary_large_image\" \/>\n<meta name=\"twitter:creator\" content=\"@hudo_si\" \/>\n<meta name=\"twitter:site\" content=\"@hudo_si\" \/>\n<meta name=\"twitter:label1\" content=\"Written by\" \/>\n\t<meta name=\"twitter:data1\" content=\"hudo\" \/>\n\t<meta name=\"twitter:label2\" content=\"Est. reading time\" \/>\n\t<meta name=\"twitter:data2\" content=\"1 minuta\" \/>\n<script type=\"application\/ld+json\" class=\"yoast-schema-graph\">{\"@context\":\"https:\/\/schema.org\",\"@graph\":[{\"@type\":\"Article\",\"@id\":\"https:\/\/hudo.com\/si\/aktualno\/belgija-franciji-izrocila-osumljenca-za-napade-v-parizu\/#article\",\"isPartOf\":{\"@id\":\"https:\/\/hudo.com\/si\/aktualno\/belgija-franciji-izrocila-osumljenca-za-napade-v-parizu\/\"},\"author\":{\"name\":\"hudo\",\"@id\":\"https:\/\/hudo.com\/si\/#\/schema\/person\/601cf3379633985b20f7e50f2bb47707\"},\"headline\":\"Belgija Franciji izro\u010dila osumljenca za napade v Parizu\",\"datePublished\":\"2016-04-27T06:26:00+00:00\",\"dateModified\":\"2016-04-27T06:26:00+00:00\",\"mainEntityOfPage\":{\"@id\":\"https:\/\/hudo.com\/si\/aktualno\/belgija-franciji-izrocila-osumljenca-za-napade-v-parizu\/\"},\"wordCount\":153,\"publisher\":{\"@id\":\"https:\/\/hudo.com\/si\/#organization\"},\"articleSection\":[\"Aktualno\"],\"inLanguage\":\"sl-SI\"},{\"@type\":\"WebPage\",\"@id\":\"https:\/\/hudo.com\/si\/aktualno\/belgija-franciji-izrocila-osumljenca-za-napade-v-parizu\/\",\"url\":\"https:\/\/hudo.com\/si\/aktualno\/belgija-franciji-izrocila-osumljenca-za-napade-v-parizu\/\",\"name\":\"Belgija Franciji izro\u010dila osumljenca za napade v Parizu - Hudo Slovenija\",\"isPartOf\":{\"@id\":\"https:\/\/hudo.com\/si\/#website\"},\"datePublished\":\"2016-04-27T06:26:00+00:00\",\"dateModified\":\"2016-04-27T06:26:00+00:00\",\"breadcrumb\":{\"@id\":\"https:\/\/hudo.com\/si\/aktualno\/belgija-franciji-izrocila-osumljenca-za-napade-v-parizu\/#breadcrumb\"},\"inLanguage\":\"sl-SI\",\"potentialAction\":[{\"@type\":\"ReadAction\",\"target\":[\"https:\/\/hudo.com\/si\/aktualno\/belgija-franciji-izrocila-osumljenca-za-napade-v-parizu\/\"]}]},{\"@type\":\"BreadcrumbList\",\"@id\":\"https:\/\/hudo.com\/si\/aktualno\/belgija-franciji-izrocila-osumljenca-za-napade-v-parizu\/#breadcrumb\",\"itemListElement\":[{\"@type\":\"ListItem\",\"position\":1,\"name\":\"Home\",\"item\":\"https:\/\/hudo.com\/si\/\"},{\"@type\":\"ListItem\",\"position\":2,\"name\":\"Belgija Franciji izro\u010dila osumljenca za napade v Parizu\"}]},{\"@type\":\"WebSite\",\"@id\":\"https:\/\/hudo.com\/si\/#website\",\"url\":\"https:\/\/hudo.com\/si\/\",\"name\":\"Hudo Slovenija\",\"description\":\"Vse novice iz Slovenije in sveta\",\"publisher\":{\"@id\":\"https:\/\/hudo.com\/si\/#organization\"},\"potentialAction\":[{\"@type\":\"SearchAction\",\"target\":{\"@type\":\"EntryPoint\",\"urlTemplate\":\"https:\/\/hudo.com\/si\/?s={search_term_string}\"},\"query-input\":\"required name=search_term_string\"}],\"inLanguage\":\"sl-SI\"},{\"@type\":\"Organization\",\"@id\":\"https:\/\/hudo.com\/si\/#organization\",\"name\":\"VSN Media\",\"url\":\"https:\/\/hudo.com\/si\/\",\"logo\":{\"@type\":\"ImageObject\",\"inLanguage\":\"sl-SI\",\"@id\":\"https:\/\/hudo.com\/si\/#\/schema\/logo\/image\/\",\"url\":\"https:\/\/hudo.com\/si\/wp-content\/uploads\/sites\/2\/2021\/03\/hudo-app-2.png\",\"contentUrl\":\"https:\/\/hudo.com\/si\/wp-content\/uploads\/sites\/2\/2021\/03\/hudo-app-2.png\",\"width\":2185,\"height\":2167,\"caption\":\"VSN Media\"},\"image\":{\"@id\":\"https:\/\/hudo.com\/si\/#\/schema\/logo\/image\/\"},\"sameAs\":[\"https:\/\/www.facebook.com\/hudo.si\",\"https:\/\/twitter.com\/hudo_si\"]},{\"@type\":\"Person\",\"@id\":\"https:\/\/hudo.com\/si\/#\/schema\/person\/601cf3379633985b20f7e50f2bb47707\",\"name\":\"hudo\",\"image\":{\"@type\":\"ImageObject\",\"inLanguage\":\"sl-SI\",\"@id\":\"https:\/\/hudo.com\/si\/#\/schema\/person\/image\/\",\"url\":\"https:\/\/secure.gravatar.com\/avatar\/c4ca25fa72cace7a696b52ff5db9e095?s=96&d=mm&r=g\",\"contentUrl\":\"https:\/\/secure.gravatar.com\/avatar\/c4ca25fa72cace7a696b52ff5db9e095?s=96&d=mm&r=g\",\"caption\":\"hudo\"},\"url\":\"https:\/\/hudo.com\/si\/author\/hudo\/\"}]}<\/script>\n<!-- \/ Yoast SEO plugin. -->","yoast_head_json":{"title":"Belgija Franciji izro\u010dila osumljenca za napade v Parizu - Hudo Slovenija","robots":{"index":"index","follow":"follow","max-snippet":"max-snippet:-1","max-image-preview":"max-image-preview:large","max-video-preview":"max-video-preview:-1"},"canonical":"https:\/\/hudo.com\/si\/aktualno\/belgija-franciji-izrocila-osumljenca-za-napade-v-parizu\/","og_locale":"sl_SI","og_type":"article","og_title":"Belgija Franciji izro\u010dila osumljenca za napade v Parizu - Hudo Slovenija","og_description":"Kategorija: Evropa Wed, 27 Apr 2016 10:26:00 +0200 Bruselj - Belgija je Franciji izro\u010dila glavnega osumljenca za krvave teroristi\u010dne napade v Parizu novembra lani, v katerih je bilo ubitih 130 ljudi, je danes po poro\u010danju tujih tiskovnih agencij potrdilo belgijsko to\u017eilstvo. Belgijsko to\u017eilstvo je sporo\u010dilo, da so Salaha Abdeslama Franciji izro\u010dili danes zjutraj, poro\u010da francoska tiskovna agencija AFP. Po domnevah preiskovalcev je Abdeslam zadnji pre\u017eiveli \u010dlan teroristi\u010dne celice, ki je v francoski prestolnici 13. novembra lani v usklajenih napadih pobila 130 ljudi. Abdeslam je belgijskim oblastem priznal, da je bil 13. novembra lani v Parizu, kjer se je nameraval razstreliti pri stadionu Stade de France, a si je premislil. Po pari\u0161kih napadih je Abdeslamu uspelo pobegniti v Belgijo, pred roko pravice pa se je skrival kar \u0161tiri mesece. Nato so ga sredi marca v policijski akciji v bruseljski \u010detrti Molenbeek le\u00a0...","og_url":"https:\/\/hudo.com\/si\/aktualno\/belgija-franciji-izrocila-osumljenca-za-napade-v-parizu\/","og_site_name":"Hudo Slovenija","article_publisher":"https:\/\/www.facebook.com\/hudo.si","article_published_time":"2016-04-27T06:26:00+00:00","og_image":[{"width":480,"height":290,"url":"https:\/\/hudo.com\/si\/wp-content\/uploads\/sites\/2\/2016\/04\/480x290_djvu_2221855_pavlinb_reut-FRANCE-SHOOTING.jpeg","type":"image\/jpeg"}],"author":"hudo","twitter_card":"summary_large_image","twitter_creator":"@hudo_si","twitter_site":"@hudo_si","twitter_misc":{"Written by":"hudo","Est. reading time":"1 minuta"},"schema":{"@context":"https:\/\/schema.org","@graph":[{"@type":"Article","@id":"https:\/\/hudo.com\/si\/aktualno\/belgija-franciji-izrocila-osumljenca-za-napade-v-parizu\/#article","isPartOf":{"@id":"https:\/\/hudo.com\/si\/aktualno\/belgija-franciji-izrocila-osumljenca-za-napade-v-parizu\/"},"author":{"name":"hudo","@id":"https:\/\/hudo.com\/si\/#\/schema\/person\/601cf3379633985b20f7e50f2bb47707"},"headline":"Belgija Franciji izro\u010dila osumljenca za napade v Parizu","datePublished":"2016-04-27T06:26:00+00:00","dateModified":"2016-04-27T06:26:00+00:00","mainEntityOfPage":{"@id":"https:\/\/hudo.com\/si\/aktualno\/belgija-franciji-izrocila-osumljenca-za-napade-v-parizu\/"},"wordCount":153,"publisher":{"@id":"https:\/\/hudo.com\/si\/#organization"},"articleSection":["Aktualno"],"inLanguage":"sl-SI"},{"@type":"WebPage","@id":"https:\/\/hudo.com\/si\/aktualno\/belgija-franciji-izrocila-osumljenca-za-napade-v-parizu\/","url":"https:\/\/hudo.com\/si\/aktualno\/belgija-franciji-izrocila-osumljenca-za-napade-v-parizu\/","name":"Belgija Franciji izro\u010dila osumljenca za napade v Parizu - Hudo Slovenija","isPartOf":{"@id":"https:\/\/hudo.com\/si\/#website"},"datePublished":"2016-04-27T06:26:00+00:00","dateModified":"2016-04-27T06:26:00+00:00","breadcrumb":{"@id":"https:\/\/hudo.com\/si\/aktualno\/belgija-franciji-izrocila-osumljenca-za-napade-v-parizu\/#breadcrumb"},"inLanguage":"sl-SI","potentialAction":[{"@type":"ReadAction","target":["https:\/\/hudo.com\/si\/aktualno\/belgija-franciji-izrocila-osumljenca-za-napade-v-parizu\/"]}]},{"@type":"BreadcrumbList","@id":"https:\/\/hudo.com\/si\/aktualno\/belgija-franciji-izrocila-osumljenca-za-napade-v-parizu\/#breadcrumb","itemListElement":[{"@type":"ListItem","position":1,"name":"Home","item":"https:\/\/hudo.com\/si\/"},{"@type":"ListItem","position":2,"name":"Belgija Franciji izro\u010dila osumljenca za napade v Parizu"}]},{"@type":"WebSite","@id":"https:\/\/hudo.com\/si\/#website","url":"https:\/\/hudo.com\/si\/","name":"Hudo Slovenija","description":"Vse novice iz Slovenije in sveta","publisher":{"@id":"https:\/\/hudo.com\/si\/#organization"},"potentialAction":[{"@type":"SearchAction","target":{"@type":"EntryPoint","urlTemplate":"https:\/\/hudo.com\/si\/?s={search_term_string}"},"query-input":"required name=search_term_string"}],"inLanguage":"sl-SI"},{"@type":"Organization","@id":"https:\/\/hudo.com\/si\/#organization","name":"VSN Media","url":"https:\/\/hudo.com\/si\/","logo":{"@type":"ImageObject","inLanguage":"sl-SI","@id":"https:\/\/hudo.com\/si\/#\/schema\/logo\/image\/","url":"https:\/\/hudo.com\/si\/wp-content\/uploads\/sites\/2\/2021\/03\/hudo-app-2.png","contentUrl":"https:\/\/hudo.com\/si\/wp-content\/uploads\/sites\/2\/2021\/03\/hudo-app-2.png","width":2185,"height":2167,"caption":"VSN Media"},"image":{"@id":"https:\/\/hudo.com\/si\/#\/schema\/logo\/image\/"},"sameAs":["https:\/\/www.facebook.com\/hudo.si","https:\/\/twitter.com\/hudo_si"]},{"@type":"Person","@id":"https:\/\/hudo.com\/si\/#\/schema\/person\/601cf3379633985b20f7e50f2bb47707","name":"hudo","image":{"@type":"ImageObject","inLanguage":"sl-SI","@id":"https:\/\/hudo.com\/si\/#\/schema\/person\/image\/","url":"https:\/\/secure.gravatar.com\/avatar\/c4ca25fa72cace7a696b52ff5db9e095?s=96&d=mm&r=g","contentUrl":"https:\/\/secure.gravatar.com\/avatar\/c4ca25fa72cace7a696b52ff5db9e095?s=96&d=mm&r=g","caption":"hudo"},"url":"https:\/\/hudo.com\/si\/author\/hudo\/"}]}},"amp_enabled":true,"_links":{"self":[{"href":"https:\/\/hudo.com\/si\/wp-json\/wp\/v2\/posts\/40346"}],"collection":[{"href":"https:\/\/hudo.com\/si\/wp-json\/wp\/v2\/posts"}],"about":[{"href":"https:\/\/hudo.com\/si\/wp-json\/wp\/v2\/types\/post"}],"author":[{"embeddable":true,"href":"https:\/\/hudo.com\/si\/wp-json\/wp\/v2\/users\/1"}],"replies":[{"embeddable":true,"href":"https:\/\/hudo.com\/si\/wp-json\/wp\/v2\/comments?post=40346"}],"version-history":[{"count":0,"href":"https:\/\/hudo.com\/si\/wp-json\/wp\/v2\/posts\/40346\/revisions"}],"wp:attachment":[{"href":"https:\/\/hudo.com\/si\/wp-json\/wp\/v2\/media?parent=40346"}],"wp:term":[{"taxonomy":"category","embeddable":true,"href":"https:\/\/hudo.com\/si\/wp-json\/wp\/v2\/categories?post=40346"},{"taxonomy":"post_tag","embeddable":true,"href":"https:\/\/hudo.com\/si\/wp-json\/wp\/v2\/tags?post=40346"},{"taxonomy":"source","embeddable":true,"href":"https:\/\/hudo.com\/si\/wp-json\/wp\/v2\/source?post=40346"},{"taxonomy":"supertag","embeddable":true,"href":"https:\/\/hudo.com\/si\/wp-json\/wp\/v2\/supertag?post=40346"}],"curies":[{"name":"wp","href":"https:\/\/api.w.org\/{rel}","templated":true}]}}