{"id":403476,"date":"2019-08-01T10:55:36","date_gmt":"2019-08-01T08:55:36","guid":{"rendered":"https:\/\/hudo.com\/si\/2019\/08\/01\/smaragdna-ogrlica-ljubljane-kmalu-na-unescovem-seznamu\/"},"modified":"2019-08-01T10:55:36","modified_gmt":"2019-08-01T08:55:36","slug":"smaragdna-ogrlica-ljubljane-kmalu-na-unescovem-seznamu","status":"publish","type":"post","link":"https:\/\/hudo.com\/si\/lifestyle\/smaragdna-ogrlica-ljubljane-kmalu-na-unescovem-seznamu\/","title":{"rendered":"&#8216;Smaragdna ogrlica Ljubljane&#8217; kmalu na Unescovem seznamu"},"content":{"rendered":"<figure>\n\t\t\t\t\t<img loading=\"lazy\" decoding=\"async\" width=\"660\" height=\"320\" src=\"image\/gif;base64,R0lGODlhAQABAAAAACH5BAEKAAEALAAAAAABAAEAAAICTAEAOw==\" class=\"lazyload\" \/><figcaption>foto:Profimedia<\/figcaption><\/figure>\n<h2>Reka pomembna za \u0161ir\u0161o regijo<\/h2>\n<p>Nadzemni tok reke Ljubljanice med Vrhniko in Ljubljano je tudi del obmo\u010dja Natura 2000, Ljubljanica in Bistra ter vsi glavni kra\u0161ki izviri pa so zavarovani kot naravne vrednote dr\u017eavnega pomena. Kot je za STA povedala Irena \u0160inkovec iz Muzeja in galerij mesta Ljubljane, pomen reke v kontekstu kulturne in naravne dedi\u0161\u010dine presega nacionalne okvire in si zaslu\u017ei \u0161ir\u0161o, mednarodno prepoznavnost, tako z vidika \u0161irjenja dostopnosti do dedi\u0161\u010dine kot tudi njenega varovanja in ohranjanja.<\/p>\n<p>Poleg \u0161tevilnih arheolo\u0161kih najdb, ki segajo od prazgodovine pa vse do sodobnega \u010dasa, posebno vrednoto predstavljajo edinstvene najdbe iz degradiranih organskih materialov, ki se ohranijo le v mokrih okoljih, med katerimi je po njenih besedah potrebno izpostaviti danes dokumentiranih ve\u010d kot 70 ostankov plovil in vesel iz struge reke in Ljubljanskega barja. Dodala je, da je pomen Ljubljanice v posameznih kronolo\u0161kih obdobjih specifi\u010den. Tako imamo denimo namerno odlaganje dragocenih predmetov v reko v obdobju pozne bronaste in mlaj\u0161e \u017eelezne dobe v kontekstu ritualnih obredov, pomen reke pri voja\u0161kem osvajanju in utrjevanju rimske nadvlade, pomen v obdobju srednjeve\u0161ke poselitve, bila je tudi pomembna prometna \u017eila v obdobju pred izgradnjo Ju\u017ene \u017eeleznice.<\/p>\n<p>Nominacija na Unescov seznam bi bila po njenih besedah primarno usmerjena v arheolo\u0161ki fenomen Ljubljanice, celovitost vpisa pa bi dopolnili z naravnimi vrednotami. Hkrati bi z nominacijo povezali dva \u017ee vpisana spomenika &#8211; koli\u0161\u010da na Ljubljanskem barju in Idrijski rudnik \u017eivega srebra, katerega skladi\u0161\u010de stoji tik ob Ljubljanici na Vrhniki, in bi na ta na\u010din zaokro\u017eili pomen in prepoznavnost \u0161ir\u0161ega obmo\u010dja dedi\u0161\u010dine.<\/p>\n<p>Razmislek gre tudi v smeri nominacije celotnega pore\u010dja Ljubljanice &#8211; kra\u0161ki podzemni del in Ljubljansko barje. Univerzalne vrednote so v tej lu\u010di vezane predvsem na celovitost in ve\u010dplastnost spomenika, povezovanje naravne in kulturne dedi\u0161\u010dine, izpostavljena bi bila arheolo\u0161ka podvodna dedi\u0161\u010dina. Ker podobnega primera v svetu ni, je samostojna nominacija edina smiselna, je poudarila Irena \u0160inkovec.<\/p>\n<p>Vpis na Unescov seznam bi po njenih besedah prinesel bistveno ve\u010djo prepoznavnost spomenika in posledi\u010dno ve\u010djo ozave\u0161\u010denost javnosti ter za\u0161\u010dito spomenika, tudi v lu\u010di nezakonitih posegov. Dolgoro\u010dno pa bi z revitalizacijo degradiranih obmo\u010dij, ki \u0161kodljivo vplivajo na spomenik, prispevali h kakovostnej\u0161emu \u017eivljenju prebivalcev ob reki in trajnostnemu razvoju \u0161ir\u0161ega obmo\u010dja.<\/p>\n<h2><b>Rezultati projekta Ljubljanica podlaga za pripravo dosjeja za Unescov seznam<\/b><\/h2>\n<p>Projekt Ljubljanica, ki je vklju\u010deval za\u0161\u010ditne podvodne raziskave, konservacijo in prezentacijo deblaka iz 2. stoletja pr. n. \u0161t., sanacijo re\u010dnih bre\u017ein, monitoringe, analize in dokumentiranje re\u010dnega dna in depozitorija za moker les ter vzpostavitev razstavi\u0161\u010da Moja Ljubljanica na Vrhniki, je junija pridobil Unescov znak najbolj\u0161ih praks za podvodno kulturno dedi\u0161\u010dino. Projekt, ki ga je zasnovala in strokovno vodila Irena \u0160inkovec, je sofinanciral Finan\u010dni mehanizem EGP in je v letih 2014-2016 potekal v partnerstvu z Ob\u010dino Vrhnika in Biotehni\u0161ko fakulteto Univerze v Ljubljani ter v sodelovanju z nevladnim Zavodom za podvodno arheologijo in doma\u010dimi ter mednarodnimi strokovnjaki.<\/p>\n<p>Na ministrstvu za kulturo so za STA pojasnili, da je bil eden od ciljev projekta tudi vzpostavitev znanstvene in strokovne platforme kot izhodi\u0161\u010da za pripravo dosjeja za kandidaturo na Unescov seznam. \u017de vzpostavljena infrastruktura, predvsem razstavi\u0161\u010de Moja Ljubljanica na Vrhniki, pa je del predpriprave za vpis na Unescov seznam.<\/p>\n<p>&#8220;Rezultati projekta Ljubljanica so torej podlaga za pripravo dosjeja, ki bo predvidoma potekala v naslednjih petih letih. Z Unescovim znakom najbolj\u0161ih praks za podvodno dedi\u0161\u010dino, s katerim je pomen spomenika \u017ee prepoznan na svetovnem nivoju, se upravi\u010denost kandidature potrjuje,&#8221; so zapisali.<\/p>\n<p>Arheolog Andrej Gaspari je ob tem za STA povedal, da Ljubljanica, \u010de pogledamo parametre po protokolu vrednotenja Unesca, izpolnjuje prakti\u010dno vse kriterije in merila. &#8220;Gre za edinstven fenomen in \u010deprav zaradi njihove gostote Unesco nekoliko demotivira nominacije iz Evrope, glede Ljubljanice ni nobenega dvoma, da lahko uspemo&#8221; je dodal. Dr\u017eava je po njegovih besedah veliko naredila \u017ee z razglasitvijo za spomenik dr\u017eavnega pomena, \u0161e bolj\u0161a okoli\u0161\u010dina pa je, da je znaten del pore\u010dja v lasti dr\u017eave. &#8220;Obi\u010dajno so s tem te\u017eave, tu pa bi se \u0161lo le v dodatne odkupe zemlji\u0161\u010d, ki niti nimajo posebno velike vrednosti,&#8221; je sklenil.<\/p>\n","protected":false},"excerpt":{"rendered":"<p>Struga reke Ljubljanice med Vrhniko in Ljubljano sodi med najpomembnej\u0161a in najbolj ogro\u017eena arheolo\u0161ka najdi\u0161\u010da v Sloveniji. Od leta 2003 je razgla\u0161ena za kulturni spomenik dr\u017eavnega pomena, v na\u010drtu je tudi njena kandidatura za vpis na Unescov seznam naravne in kulturne dedi\u0161\u010dine. Priprava dosjeja bo predvidoma potekala v naslednjih petih letih.<\/p>\n","protected":false},"author":1,"featured_media":0,"comment_status":"closed","ping_status":"closed","sticky":false,"template":"","format":"standard","meta":{"footnotes":""},"categories":[1091],"tags":[4266,1633,1595,6743,1624],"source":[1522,1518,1552],"supertag":[],"acf":[],"yoast_head":"<!-- This site is optimized with the Yoast SEO plugin v21.3 - https:\/\/yoast.com\/wordpress\/plugins\/seo\/ -->\n<title>&#8216;Smaragdna ogrlica Ljubljane&#8217; kmalu na Unescovem seznamu - Hudo Slovenija<\/title>\n<meta name=\"robots\" content=\"index, follow, max-snippet:-1, max-image-preview:large, max-video-preview:-1\" \/>\n<link rel=\"canonical\" href=\"https:\/\/hudo.com\/si\/lifestyle\/smaragdna-ogrlica-ljubljane-kmalu-na-unescovem-seznamu\/\" \/>\n<meta property=\"og:locale\" content=\"sl_SI\" \/>\n<meta property=\"og:type\" content=\"article\" \/>\n<meta property=\"og:title\" content=\"&#8216;Smaragdna ogrlica Ljubljane&#8217; kmalu na Unescovem seznamu - Hudo Slovenija\" \/>\n<meta property=\"og:description\" content=\"Struga reke Ljubljanice med Vrhniko in Ljubljano sodi med najpomembnej\u0161a in najbolj ogro\u017eena arheolo\u0161ka najdi\u0161\u010da v Sloveniji. Od leta 2003 je razgla\u0161ena za kulturni spomenik dr\u017eavnega pomena, v na\u010drtu je tudi njena kandidatura za vpis na Unescov seznam naravne in kulturne dedi\u0161\u010dine. Priprava dosjeja bo predvidoma potekala v naslednjih petih letih.\" \/>\n<meta property=\"og:url\" content=\"https:\/\/hudo.com\/si\/lifestyle\/smaragdna-ogrlica-ljubljane-kmalu-na-unescovem-seznamu\/\" \/>\n<meta property=\"og:site_name\" content=\"Hudo Slovenija\" \/>\n<meta property=\"article:publisher\" content=\"https:\/\/www.facebook.com\/hudo.si\" \/>\n<meta property=\"article:published_time\" content=\"2019-08-01T08:55:36+00:00\" \/>\n<meta property=\"og:image\" content=\"https:\/\/hudo.com\/si\/wp-content\/uploads\/sites\/2\/2019\/08\/profimedia-0346947608.jpg\" \/>\n\t<meta property=\"og:image:width\" content=\"1250\" \/>\n\t<meta property=\"og:image:height\" content=\"834\" \/>\n\t<meta property=\"og:image:type\" content=\"image\/jpeg\" \/>\n<meta name=\"author\" content=\"hudo\" \/>\n<meta name=\"twitter:card\" content=\"summary_large_image\" \/>\n<meta name=\"twitter:creator\" content=\"@hudo_si\" \/>\n<meta name=\"twitter:site\" content=\"@hudo_si\" \/>\n<meta name=\"twitter:label1\" content=\"Written by\" \/>\n\t<meta name=\"twitter:data1\" content=\"hudo\" \/>\n\t<meta name=\"twitter:label2\" content=\"Est. reading time\" \/>\n\t<meta name=\"twitter:data2\" content=\"4 minute\" \/>\n<script type=\"application\/ld+json\" class=\"yoast-schema-graph\">{\"@context\":\"https:\/\/schema.org\",\"@graph\":[{\"@type\":\"Article\",\"@id\":\"https:\/\/hudo.com\/si\/lifestyle\/smaragdna-ogrlica-ljubljane-kmalu-na-unescovem-seznamu\/#article\",\"isPartOf\":{\"@id\":\"https:\/\/hudo.com\/si\/lifestyle\/smaragdna-ogrlica-ljubljane-kmalu-na-unescovem-seznamu\/\"},\"author\":{\"name\":\"hudo\",\"@id\":\"https:\/\/hudo.com\/si\/#\/schema\/person\/601cf3379633985b20f7e50f2bb47707\"},\"headline\":\"&#8216;Smaragdna ogrlica Ljubljane&#8217; kmalu na Unescovem seznamu\",\"datePublished\":\"2019-08-01T08:55:36+00:00\",\"dateModified\":\"2019-08-01T08:55:36+00:00\",\"mainEntityOfPage\":{\"@id\":\"https:\/\/hudo.com\/si\/lifestyle\/smaragdna-ogrlica-ljubljane-kmalu-na-unescovem-seznamu\/\"},\"wordCount\":721,\"publisher\":{\"@id\":\"https:\/\/hudo.com\/si\/#organization\"},\"keywords\":[\"arheologija\",\"Ljubljana\",\"Slovenija\",\"unesco\",\"zgodovinske zanimivosti\"],\"articleSection\":[\"Lifestyle\"],\"inLanguage\":\"sl-SI\"},{\"@type\":\"WebPage\",\"@id\":\"https:\/\/hudo.com\/si\/lifestyle\/smaragdna-ogrlica-ljubljane-kmalu-na-unescovem-seznamu\/\",\"url\":\"https:\/\/hudo.com\/si\/lifestyle\/smaragdna-ogrlica-ljubljane-kmalu-na-unescovem-seznamu\/\",\"name\":\"&#8216;Smaragdna ogrlica Ljubljane&#8217; kmalu na Unescovem seznamu - Hudo Slovenija\",\"isPartOf\":{\"@id\":\"https:\/\/hudo.com\/si\/#website\"},\"datePublished\":\"2019-08-01T08:55:36+00:00\",\"dateModified\":\"2019-08-01T08:55:36+00:00\",\"breadcrumb\":{\"@id\":\"https:\/\/hudo.com\/si\/lifestyle\/smaragdna-ogrlica-ljubljane-kmalu-na-unescovem-seznamu\/#breadcrumb\"},\"inLanguage\":\"sl-SI\",\"potentialAction\":[{\"@type\":\"ReadAction\",\"target\":[\"https:\/\/hudo.com\/si\/lifestyle\/smaragdna-ogrlica-ljubljane-kmalu-na-unescovem-seznamu\/\"]}]},{\"@type\":\"BreadcrumbList\",\"@id\":\"https:\/\/hudo.com\/si\/lifestyle\/smaragdna-ogrlica-ljubljane-kmalu-na-unescovem-seznamu\/#breadcrumb\",\"itemListElement\":[{\"@type\":\"ListItem\",\"position\":1,\"name\":\"Home\",\"item\":\"https:\/\/hudo.com\/si\/\"},{\"@type\":\"ListItem\",\"position\":2,\"name\":\"&#8216;Smaragdna ogrlica Ljubljane&#8217; kmalu na Unescovem seznamu\"}]},{\"@type\":\"WebSite\",\"@id\":\"https:\/\/hudo.com\/si\/#website\",\"url\":\"https:\/\/hudo.com\/si\/\",\"name\":\"Hudo Slovenija\",\"description\":\"Vse novice iz Slovenije in sveta\",\"publisher\":{\"@id\":\"https:\/\/hudo.com\/si\/#organization\"},\"potentialAction\":[{\"@type\":\"SearchAction\",\"target\":{\"@type\":\"EntryPoint\",\"urlTemplate\":\"https:\/\/hudo.com\/si\/?s={search_term_string}\"},\"query-input\":\"required name=search_term_string\"}],\"inLanguage\":\"sl-SI\"},{\"@type\":\"Organization\",\"@id\":\"https:\/\/hudo.com\/si\/#organization\",\"name\":\"VSN Media\",\"url\":\"https:\/\/hudo.com\/si\/\",\"logo\":{\"@type\":\"ImageObject\",\"inLanguage\":\"sl-SI\",\"@id\":\"https:\/\/hudo.com\/si\/#\/schema\/logo\/image\/\",\"url\":\"https:\/\/hudo.com\/si\/wp-content\/uploads\/sites\/2\/2021\/03\/hudo-app-2.png\",\"contentUrl\":\"https:\/\/hudo.com\/si\/wp-content\/uploads\/sites\/2\/2021\/03\/hudo-app-2.png\",\"width\":2185,\"height\":2167,\"caption\":\"VSN Media\"},\"image\":{\"@id\":\"https:\/\/hudo.com\/si\/#\/schema\/logo\/image\/\"},\"sameAs\":[\"https:\/\/www.facebook.com\/hudo.si\",\"https:\/\/twitter.com\/hudo_si\"]},{\"@type\":\"Person\",\"@id\":\"https:\/\/hudo.com\/si\/#\/schema\/person\/601cf3379633985b20f7e50f2bb47707\",\"name\":\"hudo\",\"image\":{\"@type\":\"ImageObject\",\"inLanguage\":\"sl-SI\",\"@id\":\"https:\/\/hudo.com\/si\/#\/schema\/person\/image\/\",\"url\":\"https:\/\/secure.gravatar.com\/avatar\/c4ca25fa72cace7a696b52ff5db9e095?s=96&d=mm&r=g\",\"contentUrl\":\"https:\/\/secure.gravatar.com\/avatar\/c4ca25fa72cace7a696b52ff5db9e095?s=96&d=mm&r=g\",\"caption\":\"hudo\"},\"url\":\"https:\/\/hudo.com\/si\/author\/hudo\/\"}]}<\/script>\n<!-- \/ Yoast SEO plugin. -->","yoast_head_json":{"title":"&#8216;Smaragdna ogrlica Ljubljane&#8217; kmalu na Unescovem seznamu - Hudo Slovenija","robots":{"index":"index","follow":"follow","max-snippet":"max-snippet:-1","max-image-preview":"max-image-preview:large","max-video-preview":"max-video-preview:-1"},"canonical":"https:\/\/hudo.com\/si\/lifestyle\/smaragdna-ogrlica-ljubljane-kmalu-na-unescovem-seznamu\/","og_locale":"sl_SI","og_type":"article","og_title":"&#8216;Smaragdna ogrlica Ljubljane&#8217; kmalu na Unescovem seznamu - Hudo Slovenija","og_description":"Struga reke Ljubljanice med Vrhniko in Ljubljano sodi med najpomembnej\u0161a in najbolj ogro\u017eena arheolo\u0161ka najdi\u0161\u010da v Sloveniji. Od leta 2003 je razgla\u0161ena za kulturni spomenik dr\u017eavnega pomena, v na\u010drtu je tudi njena kandidatura za vpis na Unescov seznam naravne in kulturne dedi\u0161\u010dine. Priprava dosjeja bo predvidoma potekala v naslednjih petih letih.","og_url":"https:\/\/hudo.com\/si\/lifestyle\/smaragdna-ogrlica-ljubljane-kmalu-na-unescovem-seznamu\/","og_site_name":"Hudo Slovenija","article_publisher":"https:\/\/www.facebook.com\/hudo.si","article_published_time":"2019-08-01T08:55:36+00:00","og_image":[{"width":1250,"height":834,"url":"https:\/\/hudo.com\/si\/wp-content\/uploads\/sites\/2\/2019\/08\/profimedia-0346947608.jpg","type":"image\/jpeg"}],"author":"hudo","twitter_card":"summary_large_image","twitter_creator":"@hudo_si","twitter_site":"@hudo_si","twitter_misc":{"Written by":"hudo","Est. reading time":"4 minute"},"schema":{"@context":"https:\/\/schema.org","@graph":[{"@type":"Article","@id":"https:\/\/hudo.com\/si\/lifestyle\/smaragdna-ogrlica-ljubljane-kmalu-na-unescovem-seznamu\/#article","isPartOf":{"@id":"https:\/\/hudo.com\/si\/lifestyle\/smaragdna-ogrlica-ljubljane-kmalu-na-unescovem-seznamu\/"},"author":{"name":"hudo","@id":"https:\/\/hudo.com\/si\/#\/schema\/person\/601cf3379633985b20f7e50f2bb47707"},"headline":"&#8216;Smaragdna ogrlica Ljubljane&#8217; kmalu na Unescovem seznamu","datePublished":"2019-08-01T08:55:36+00:00","dateModified":"2019-08-01T08:55:36+00:00","mainEntityOfPage":{"@id":"https:\/\/hudo.com\/si\/lifestyle\/smaragdna-ogrlica-ljubljane-kmalu-na-unescovem-seznamu\/"},"wordCount":721,"publisher":{"@id":"https:\/\/hudo.com\/si\/#organization"},"keywords":["arheologija","Ljubljana","Slovenija","unesco","zgodovinske zanimivosti"],"articleSection":["Lifestyle"],"inLanguage":"sl-SI"},{"@type":"WebPage","@id":"https:\/\/hudo.com\/si\/lifestyle\/smaragdna-ogrlica-ljubljane-kmalu-na-unescovem-seznamu\/","url":"https:\/\/hudo.com\/si\/lifestyle\/smaragdna-ogrlica-ljubljane-kmalu-na-unescovem-seznamu\/","name":"&#8216;Smaragdna ogrlica Ljubljane&#8217; kmalu na Unescovem seznamu - Hudo Slovenija","isPartOf":{"@id":"https:\/\/hudo.com\/si\/#website"},"datePublished":"2019-08-01T08:55:36+00:00","dateModified":"2019-08-01T08:55:36+00:00","breadcrumb":{"@id":"https:\/\/hudo.com\/si\/lifestyle\/smaragdna-ogrlica-ljubljane-kmalu-na-unescovem-seznamu\/#breadcrumb"},"inLanguage":"sl-SI","potentialAction":[{"@type":"ReadAction","target":["https:\/\/hudo.com\/si\/lifestyle\/smaragdna-ogrlica-ljubljane-kmalu-na-unescovem-seznamu\/"]}]},{"@type":"BreadcrumbList","@id":"https:\/\/hudo.com\/si\/lifestyle\/smaragdna-ogrlica-ljubljane-kmalu-na-unescovem-seznamu\/#breadcrumb","itemListElement":[{"@type":"ListItem","position":1,"name":"Home","item":"https:\/\/hudo.com\/si\/"},{"@type":"ListItem","position":2,"name":"&#8216;Smaragdna ogrlica Ljubljane&#8217; kmalu na Unescovem seznamu"}]},{"@type":"WebSite","@id":"https:\/\/hudo.com\/si\/#website","url":"https:\/\/hudo.com\/si\/","name":"Hudo Slovenija","description":"Vse novice iz Slovenije in sveta","publisher":{"@id":"https:\/\/hudo.com\/si\/#organization"},"potentialAction":[{"@type":"SearchAction","target":{"@type":"EntryPoint","urlTemplate":"https:\/\/hudo.com\/si\/?s={search_term_string}"},"query-input":"required name=search_term_string"}],"inLanguage":"sl-SI"},{"@type":"Organization","@id":"https:\/\/hudo.com\/si\/#organization","name":"VSN Media","url":"https:\/\/hudo.com\/si\/","logo":{"@type":"ImageObject","inLanguage":"sl-SI","@id":"https:\/\/hudo.com\/si\/#\/schema\/logo\/image\/","url":"https:\/\/hudo.com\/si\/wp-content\/uploads\/sites\/2\/2021\/03\/hudo-app-2.png","contentUrl":"https:\/\/hudo.com\/si\/wp-content\/uploads\/sites\/2\/2021\/03\/hudo-app-2.png","width":2185,"height":2167,"caption":"VSN Media"},"image":{"@id":"https:\/\/hudo.com\/si\/#\/schema\/logo\/image\/"},"sameAs":["https:\/\/www.facebook.com\/hudo.si","https:\/\/twitter.com\/hudo_si"]},{"@type":"Person","@id":"https:\/\/hudo.com\/si\/#\/schema\/person\/601cf3379633985b20f7e50f2bb47707","name":"hudo","image":{"@type":"ImageObject","inLanguage":"sl-SI","@id":"https:\/\/hudo.com\/si\/#\/schema\/person\/image\/","url":"https:\/\/secure.gravatar.com\/avatar\/c4ca25fa72cace7a696b52ff5db9e095?s=96&d=mm&r=g","contentUrl":"https:\/\/secure.gravatar.com\/avatar\/c4ca25fa72cace7a696b52ff5db9e095?s=96&d=mm&r=g","caption":"hudo"},"url":"https:\/\/hudo.com\/si\/author\/hudo\/"}]}},"amp_enabled":true,"_links":{"self":[{"href":"https:\/\/hudo.com\/si\/wp-json\/wp\/v2\/posts\/403476"}],"collection":[{"href":"https:\/\/hudo.com\/si\/wp-json\/wp\/v2\/posts"}],"about":[{"href":"https:\/\/hudo.com\/si\/wp-json\/wp\/v2\/types\/post"}],"author":[{"embeddable":true,"href":"https:\/\/hudo.com\/si\/wp-json\/wp\/v2\/users\/1"}],"replies":[{"embeddable":true,"href":"https:\/\/hudo.com\/si\/wp-json\/wp\/v2\/comments?post=403476"}],"version-history":[{"count":0,"href":"https:\/\/hudo.com\/si\/wp-json\/wp\/v2\/posts\/403476\/revisions"}],"wp:attachment":[{"href":"https:\/\/hudo.com\/si\/wp-json\/wp\/v2\/media?parent=403476"}],"wp:term":[{"taxonomy":"category","embeddable":true,"href":"https:\/\/hudo.com\/si\/wp-json\/wp\/v2\/categories?post=403476"},{"taxonomy":"post_tag","embeddable":true,"href":"https:\/\/hudo.com\/si\/wp-json\/wp\/v2\/tags?post=403476"},{"taxonomy":"source","embeddable":true,"href":"https:\/\/hudo.com\/si\/wp-json\/wp\/v2\/source?post=403476"},{"taxonomy":"supertag","embeddable":true,"href":"https:\/\/hudo.com\/si\/wp-json\/wp\/v2\/supertag?post=403476"}],"curies":[{"name":"wp","href":"https:\/\/api.w.org\/{rel}","templated":true}]}}