{"id":403595,"date":"2019-08-03T15:13:53","date_gmt":"2019-08-03T13:13:53","guid":{"rendered":"http:\/\/hudo.com\/si\/?p=403595"},"modified":"2019-08-03T15:13:53","modified_gmt":"2019-08-03T13:13:53","slug":"obmocje-splita-dalmacije-je-v-noci-na-danes-prizadelo-hudo-neurje-z-mocnimi-sunki-vetra","status":"publish","type":"post","link":"https:\/\/hudo.com\/si\/aktualno\/obmocje-splita-dalmacije-je-v-noci-na-danes-prizadelo-hudo-neurje-z-mocnimi-sunki-vetra\/","title":{"rendered":"Obmo\u010dje Splita in Dalmacije je v no\u010di na danes prizadelo hudo neurje z mo\u010dnimi sunki vetra"},"content":{"rendered":"<p>Mo\u010dan veter je obmo\u010dje prizadel v petek zve\u010der med 22. uro in polno\u010djo. Nacionalni urad za iskanje in re\u0161evanje na morju je sprejel okoli 130 prijav o nasedlih plovilih, ni pa podatkov, da bi bile kak\u0161ne \u017ertve, poro\u010da hrva\u0161ka tiskovna agencija Hina.<\/p>\n<p>Na obmo\u010dju Splita in Solina je mo\u010dan veter lomil in ruval drevesa, ki so padala na ceste, pa tudi na parkirana vozila. Veter je bil tako mo\u010dan, da so se ponekod zru\u0161ili tudi elektri\u010dni drogovi, odkrivalo je strehe. Na obmo\u010dju Trogirja je ob\u010dasno zmanjkovalo elektri\u010dne energije.<\/p>\n<p>Portal index.hr navaja, da je to bila najhuj\u0161a nevihta leto\u0161njega poletja. Na delu so \u0161e vedno \u0161tevilni gasilci.<\/p>\n<p>Neurje je v petek zve\u010der prizadelo tudi Istro in druge dele dr\u017eave. V Zagrebu je bilo neurje kratko, a je povzro\u010dilo znatno gmotno \u0161kodo. Ve\u010d dreves je padlo na ceste, zru\u0161il se je elektri\u010dni drog, gasilci so morali enajstkrat posredovati.<\/p>\n<p>V kampu v Samoboru v zagreb\u0161ki \u017eupanji so bili po\u0161kodovani trije Nemci, eden huje, ko je strela zadela plinsko bombo, ki je nato eksplodirala. Vse so oskrbeli v bolni\u0161nici in so izven \u017eivljenjske nevarnosti, poro\u010da index.hr.<\/p>\n","protected":false},"excerpt":{"rendered":"<p>Veter, ki je v sunkih dosegal tudi do 119 kilometrov na uro, je na kopnem ruval drevesa, v morju pa je povzro\u010dal visoke valove, tako da je v osrednjem delu Dalmacije nasedlo ve\u010d ladij.<\/p>\n","protected":false},"author":8,"featured_media":403596,"comment_status":"closed","ping_status":"closed","sticky":false,"template":"","format":"standard","meta":{"footnotes":""},"categories":[1179],"tags":[4700,3723,4398],"source":[4511],"supertag":[6103],"acf":[],"yoast_head":"<!-- This site is optimized with the Yoast SEO plugin v21.3 - https:\/\/yoast.com\/wordpress\/plugins\/seo\/ -->\n<title>Obmo\u010dje Splita in Dalmacije je v no\u010di na danes prizadelo hudo neurje z mo\u010dnimi sunki vetra - Hudo Slovenija<\/title>\n<meta name=\"robots\" content=\"index, follow, max-snippet:-1, max-image-preview:large, max-video-preview:-1\" \/>\n<link rel=\"canonical\" href=\"https:\/\/hudo.com\/si\/aktualno\/obmocje-splita-dalmacije-je-v-noci-na-danes-prizadelo-hudo-neurje-z-mocnimi-sunki-vetra\/\" \/>\n<meta property=\"og:locale\" content=\"sl_SI\" \/>\n<meta property=\"og:type\" content=\"article\" \/>\n<meta property=\"og:title\" content=\"Obmo\u010dje Splita in Dalmacije je v no\u010di na danes prizadelo hudo neurje z mo\u010dnimi sunki vetra - Hudo Slovenija\" \/>\n<meta property=\"og:description\" content=\"Veter, ki je v sunkih dosegal tudi do 119 kilometrov na uro, je na kopnem ruval drevesa, v morju pa je povzro\u010dal visoke valove, tako da je v osrednjem delu Dalmacije nasedlo ve\u010d ladij.\" \/>\n<meta property=\"og:url\" content=\"https:\/\/hudo.com\/si\/aktualno\/obmocje-splita-dalmacije-je-v-noci-na-danes-prizadelo-hudo-neurje-z-mocnimi-sunki-vetra\/\" \/>\n<meta property=\"og:site_name\" content=\"Hudo Slovenija\" \/>\n<meta property=\"article:publisher\" content=\"https:\/\/www.facebook.com\/hudo.si\" \/>\n<meta property=\"article:published_time\" content=\"2019-08-03T13:13:53+00:00\" \/>\n<meta property=\"og:image\" content=\"https:\/\/hudo.com\/si\/wp-content\/uploads\/sites\/2\/2019\/08\/profimedia-0006340777.jpg\" \/>\n\t<meta property=\"og:image:width\" content=\"1250\" \/>\n\t<meta property=\"og:image:height\" content=\"833\" \/>\n\t<meta property=\"og:image:type\" content=\"image\/jpeg\" \/>\n<meta name=\"author\" content=\"M. N., STA\" \/>\n<meta name=\"twitter:card\" content=\"summary_large_image\" \/>\n<meta name=\"twitter:creator\" content=\"@hudo_si\" \/>\n<meta name=\"twitter:site\" content=\"@hudo_si\" \/>\n<meta name=\"twitter:label1\" content=\"Written by\" \/>\n\t<meta name=\"twitter:data1\" content=\"M. N., STA\" \/>\n\t<meta name=\"twitter:label2\" content=\"Est. reading time\" \/>\n\t<meta name=\"twitter:data2\" content=\"1 minuta\" \/>\n<script type=\"application\/ld+json\" class=\"yoast-schema-graph\">{\"@context\":\"https:\/\/schema.org\",\"@graph\":[{\"@type\":\"Article\",\"@id\":\"https:\/\/hudo.com\/si\/aktualno\/obmocje-splita-dalmacije-je-v-noci-na-danes-prizadelo-hudo-neurje-z-mocnimi-sunki-vetra\/#article\",\"isPartOf\":{\"@id\":\"https:\/\/hudo.com\/si\/aktualno\/obmocje-splita-dalmacije-je-v-noci-na-danes-prizadelo-hudo-neurje-z-mocnimi-sunki-vetra\/\"},\"author\":{\"name\":\"M. N., STA\",\"@id\":\"https:\/\/hudo.com\/si\/#\/schema\/person\/c2f10ce65d2e6ede2aeda5be2a0611fa\"},\"headline\":\"Obmo\u010dje Splita in Dalmacije je v no\u010di na danes prizadelo hudo neurje z mo\u010dnimi sunki vetra\",\"datePublished\":\"2019-08-03T13:13:53+00:00\",\"dateModified\":\"2019-08-03T13:13:53+00:00\",\"mainEntityOfPage\":{\"@id\":\"https:\/\/hudo.com\/si\/aktualno\/obmocje-splita-dalmacije-je-v-noci-na-danes-prizadelo-hudo-neurje-z-mocnimi-sunki-vetra\/\"},\"wordCount\":228,\"publisher\":{\"@id\":\"https:\/\/hudo.com\/si\/#organization\"},\"keywords\":[\"Dalmacija\",\"neurje\",\"Split\"],\"articleSection\":[\"Aktualno\"],\"inLanguage\":\"sl-SI\"},{\"@type\":\"WebPage\",\"@id\":\"https:\/\/hudo.com\/si\/aktualno\/obmocje-splita-dalmacije-je-v-noci-na-danes-prizadelo-hudo-neurje-z-mocnimi-sunki-vetra\/\",\"url\":\"https:\/\/hudo.com\/si\/aktualno\/obmocje-splita-dalmacije-je-v-noci-na-danes-prizadelo-hudo-neurje-z-mocnimi-sunki-vetra\/\",\"name\":\"Obmo\u010dje Splita in Dalmacije je v no\u010di na danes prizadelo hudo neurje z mo\u010dnimi sunki vetra - Hudo Slovenija\",\"isPartOf\":{\"@id\":\"https:\/\/hudo.com\/si\/#website\"},\"datePublished\":\"2019-08-03T13:13:53+00:00\",\"dateModified\":\"2019-08-03T13:13:53+00:00\",\"breadcrumb\":{\"@id\":\"https:\/\/hudo.com\/si\/aktualno\/obmocje-splita-dalmacije-je-v-noci-na-danes-prizadelo-hudo-neurje-z-mocnimi-sunki-vetra\/#breadcrumb\"},\"inLanguage\":\"sl-SI\",\"potentialAction\":[{\"@type\":\"ReadAction\",\"target\":[\"https:\/\/hudo.com\/si\/aktualno\/obmocje-splita-dalmacije-je-v-noci-na-danes-prizadelo-hudo-neurje-z-mocnimi-sunki-vetra\/\"]}]},{\"@type\":\"BreadcrumbList\",\"@id\":\"https:\/\/hudo.com\/si\/aktualno\/obmocje-splita-dalmacije-je-v-noci-na-danes-prizadelo-hudo-neurje-z-mocnimi-sunki-vetra\/#breadcrumb\",\"itemListElement\":[{\"@type\":\"ListItem\",\"position\":1,\"name\":\"Home\",\"item\":\"https:\/\/hudo.com\/si\/\"},{\"@type\":\"ListItem\",\"position\":2,\"name\":\"Obmo\u010dje Splita in Dalmacije je v no\u010di na danes prizadelo hudo neurje z mo\u010dnimi sunki vetra\"}]},{\"@type\":\"WebSite\",\"@id\":\"https:\/\/hudo.com\/si\/#website\",\"url\":\"https:\/\/hudo.com\/si\/\",\"name\":\"Hudo Slovenija\",\"description\":\"Vse novice iz Slovenije in sveta\",\"publisher\":{\"@id\":\"https:\/\/hudo.com\/si\/#organization\"},\"potentialAction\":[{\"@type\":\"SearchAction\",\"target\":{\"@type\":\"EntryPoint\",\"urlTemplate\":\"https:\/\/hudo.com\/si\/?s={search_term_string}\"},\"query-input\":\"required name=search_term_string\"}],\"inLanguage\":\"sl-SI\"},{\"@type\":\"Organization\",\"@id\":\"https:\/\/hudo.com\/si\/#organization\",\"name\":\"VSN Media\",\"url\":\"https:\/\/hudo.com\/si\/\",\"logo\":{\"@type\":\"ImageObject\",\"inLanguage\":\"sl-SI\",\"@id\":\"https:\/\/hudo.com\/si\/#\/schema\/logo\/image\/\",\"url\":\"https:\/\/hudo.com\/si\/wp-content\/uploads\/sites\/2\/2021\/03\/hudo-app-2.png\",\"contentUrl\":\"https:\/\/hudo.com\/si\/wp-content\/uploads\/sites\/2\/2021\/03\/hudo-app-2.png\",\"width\":2185,\"height\":2167,\"caption\":\"VSN Media\"},\"image\":{\"@id\":\"https:\/\/hudo.com\/si\/#\/schema\/logo\/image\/\"},\"sameAs\":[\"https:\/\/www.facebook.com\/hudo.si\",\"https:\/\/twitter.com\/hudo_si\"]},{\"@type\":\"Person\",\"@id\":\"https:\/\/hudo.com\/si\/#\/schema\/person\/c2f10ce65d2e6ede2aeda5be2a0611fa\",\"name\":\"M. N., STA\",\"image\":{\"@type\":\"ImageObject\",\"inLanguage\":\"sl-SI\",\"@id\":\"https:\/\/hudo.com\/si\/#\/schema\/person\/image\/\",\"url\":\"https:\/\/secure.gravatar.com\/avatar\/f370d38daa10467f755c5c766a4cac20?s=96&d=mm&r=g\",\"contentUrl\":\"https:\/\/secure.gravatar.com\/avatar\/f370d38daa10467f755c5c766a4cac20?s=96&d=mm&r=g\",\"caption\":\"M. N., STA\"},\"url\":\"https:\/\/hudo.com\/si\/author\/mana\/\"}]}<\/script>\n<!-- \/ Yoast SEO plugin. -->","yoast_head_json":{"title":"Obmo\u010dje Splita in Dalmacije je v no\u010di na danes prizadelo hudo neurje z mo\u010dnimi sunki vetra - Hudo Slovenija","robots":{"index":"index","follow":"follow","max-snippet":"max-snippet:-1","max-image-preview":"max-image-preview:large","max-video-preview":"max-video-preview:-1"},"canonical":"https:\/\/hudo.com\/si\/aktualno\/obmocje-splita-dalmacije-je-v-noci-na-danes-prizadelo-hudo-neurje-z-mocnimi-sunki-vetra\/","og_locale":"sl_SI","og_type":"article","og_title":"Obmo\u010dje Splita in Dalmacije je v no\u010di na danes prizadelo hudo neurje z mo\u010dnimi sunki vetra - Hudo Slovenija","og_description":"Veter, ki je v sunkih dosegal tudi do 119 kilometrov na uro, je na kopnem ruval drevesa, v morju pa je povzro\u010dal visoke valove, tako da je v osrednjem delu Dalmacije nasedlo ve\u010d ladij.","og_url":"https:\/\/hudo.com\/si\/aktualno\/obmocje-splita-dalmacije-je-v-noci-na-danes-prizadelo-hudo-neurje-z-mocnimi-sunki-vetra\/","og_site_name":"Hudo Slovenija","article_publisher":"https:\/\/www.facebook.com\/hudo.si","article_published_time":"2019-08-03T13:13:53+00:00","og_image":[{"width":1250,"height":833,"url":"https:\/\/hudo.com\/si\/wp-content\/uploads\/sites\/2\/2019\/08\/profimedia-0006340777.jpg","type":"image\/jpeg"}],"author":"M. N., STA","twitter_card":"summary_large_image","twitter_creator":"@hudo_si","twitter_site":"@hudo_si","twitter_misc":{"Written by":"M. N., STA","Est. reading time":"1 minuta"},"schema":{"@context":"https:\/\/schema.org","@graph":[{"@type":"Article","@id":"https:\/\/hudo.com\/si\/aktualno\/obmocje-splita-dalmacije-je-v-noci-na-danes-prizadelo-hudo-neurje-z-mocnimi-sunki-vetra\/#article","isPartOf":{"@id":"https:\/\/hudo.com\/si\/aktualno\/obmocje-splita-dalmacije-je-v-noci-na-danes-prizadelo-hudo-neurje-z-mocnimi-sunki-vetra\/"},"author":{"name":"M. N., STA","@id":"https:\/\/hudo.com\/si\/#\/schema\/person\/c2f10ce65d2e6ede2aeda5be2a0611fa"},"headline":"Obmo\u010dje Splita in Dalmacije je v no\u010di na danes prizadelo hudo neurje z mo\u010dnimi sunki vetra","datePublished":"2019-08-03T13:13:53+00:00","dateModified":"2019-08-03T13:13:53+00:00","mainEntityOfPage":{"@id":"https:\/\/hudo.com\/si\/aktualno\/obmocje-splita-dalmacije-je-v-noci-na-danes-prizadelo-hudo-neurje-z-mocnimi-sunki-vetra\/"},"wordCount":228,"publisher":{"@id":"https:\/\/hudo.com\/si\/#organization"},"keywords":["Dalmacija","neurje","Split"],"articleSection":["Aktualno"],"inLanguage":"sl-SI"},{"@type":"WebPage","@id":"https:\/\/hudo.com\/si\/aktualno\/obmocje-splita-dalmacije-je-v-noci-na-danes-prizadelo-hudo-neurje-z-mocnimi-sunki-vetra\/","url":"https:\/\/hudo.com\/si\/aktualno\/obmocje-splita-dalmacije-je-v-noci-na-danes-prizadelo-hudo-neurje-z-mocnimi-sunki-vetra\/","name":"Obmo\u010dje Splita in Dalmacije je v no\u010di na danes prizadelo hudo neurje z mo\u010dnimi sunki vetra - Hudo Slovenija","isPartOf":{"@id":"https:\/\/hudo.com\/si\/#website"},"datePublished":"2019-08-03T13:13:53+00:00","dateModified":"2019-08-03T13:13:53+00:00","breadcrumb":{"@id":"https:\/\/hudo.com\/si\/aktualno\/obmocje-splita-dalmacije-je-v-noci-na-danes-prizadelo-hudo-neurje-z-mocnimi-sunki-vetra\/#breadcrumb"},"inLanguage":"sl-SI","potentialAction":[{"@type":"ReadAction","target":["https:\/\/hudo.com\/si\/aktualno\/obmocje-splita-dalmacije-je-v-noci-na-danes-prizadelo-hudo-neurje-z-mocnimi-sunki-vetra\/"]}]},{"@type":"BreadcrumbList","@id":"https:\/\/hudo.com\/si\/aktualno\/obmocje-splita-dalmacije-je-v-noci-na-danes-prizadelo-hudo-neurje-z-mocnimi-sunki-vetra\/#breadcrumb","itemListElement":[{"@type":"ListItem","position":1,"name":"Home","item":"https:\/\/hudo.com\/si\/"},{"@type":"ListItem","position":2,"name":"Obmo\u010dje Splita in Dalmacije je v no\u010di na danes prizadelo hudo neurje z mo\u010dnimi sunki vetra"}]},{"@type":"WebSite","@id":"https:\/\/hudo.com\/si\/#website","url":"https:\/\/hudo.com\/si\/","name":"Hudo Slovenija","description":"Vse novice iz Slovenije in sveta","publisher":{"@id":"https:\/\/hudo.com\/si\/#organization"},"potentialAction":[{"@type":"SearchAction","target":{"@type":"EntryPoint","urlTemplate":"https:\/\/hudo.com\/si\/?s={search_term_string}"},"query-input":"required name=search_term_string"}],"inLanguage":"sl-SI"},{"@type":"Organization","@id":"https:\/\/hudo.com\/si\/#organization","name":"VSN Media","url":"https:\/\/hudo.com\/si\/","logo":{"@type":"ImageObject","inLanguage":"sl-SI","@id":"https:\/\/hudo.com\/si\/#\/schema\/logo\/image\/","url":"https:\/\/hudo.com\/si\/wp-content\/uploads\/sites\/2\/2021\/03\/hudo-app-2.png","contentUrl":"https:\/\/hudo.com\/si\/wp-content\/uploads\/sites\/2\/2021\/03\/hudo-app-2.png","width":2185,"height":2167,"caption":"VSN Media"},"image":{"@id":"https:\/\/hudo.com\/si\/#\/schema\/logo\/image\/"},"sameAs":["https:\/\/www.facebook.com\/hudo.si","https:\/\/twitter.com\/hudo_si"]},{"@type":"Person","@id":"https:\/\/hudo.com\/si\/#\/schema\/person\/c2f10ce65d2e6ede2aeda5be2a0611fa","name":"M. N., STA","image":{"@type":"ImageObject","inLanguage":"sl-SI","@id":"https:\/\/hudo.com\/si\/#\/schema\/person\/image\/","url":"https:\/\/secure.gravatar.com\/avatar\/f370d38daa10467f755c5c766a4cac20?s=96&d=mm&r=g","contentUrl":"https:\/\/secure.gravatar.com\/avatar\/f370d38daa10467f755c5c766a4cac20?s=96&d=mm&r=g","caption":"M. N., STA"},"url":"https:\/\/hudo.com\/si\/author\/mana\/"}]}},"amp_enabled":true,"_links":{"self":[{"href":"https:\/\/hudo.com\/si\/wp-json\/wp\/v2\/posts\/403595"}],"collection":[{"href":"https:\/\/hudo.com\/si\/wp-json\/wp\/v2\/posts"}],"about":[{"href":"https:\/\/hudo.com\/si\/wp-json\/wp\/v2\/types\/post"}],"author":[{"embeddable":true,"href":"https:\/\/hudo.com\/si\/wp-json\/wp\/v2\/users\/8"}],"replies":[{"embeddable":true,"href":"https:\/\/hudo.com\/si\/wp-json\/wp\/v2\/comments?post=403595"}],"version-history":[{"count":1,"href":"https:\/\/hudo.com\/si\/wp-json\/wp\/v2\/posts\/403595\/revisions"}],"predecessor-version":[{"id":403597,"href":"https:\/\/hudo.com\/si\/wp-json\/wp\/v2\/posts\/403595\/revisions\/403597"}],"wp:featuredmedia":[{"embeddable":true,"href":"https:\/\/hudo.com\/si\/wp-json\/wp\/v2\/media\/403596"}],"wp:attachment":[{"href":"https:\/\/hudo.com\/si\/wp-json\/wp\/v2\/media?parent=403595"}],"wp:term":[{"taxonomy":"category","embeddable":true,"href":"https:\/\/hudo.com\/si\/wp-json\/wp\/v2\/categories?post=403595"},{"taxonomy":"post_tag","embeddable":true,"href":"https:\/\/hudo.com\/si\/wp-json\/wp\/v2\/tags?post=403595"},{"taxonomy":"source","embeddable":true,"href":"https:\/\/hudo.com\/si\/wp-json\/wp\/v2\/source?post=403595"},{"taxonomy":"supertag","embeddable":true,"href":"https:\/\/hudo.com\/si\/wp-json\/wp\/v2\/supertag?post=403595"}],"curies":[{"name":"wp","href":"https:\/\/api.w.org\/{rel}","templated":true}]}}