{"id":40364,"date":"2016-04-27T10:47:00","date_gmt":"2016-04-27T08:47:00","guid":{"rendered":"http:\/\/hudo.com\/si\/2016\/04\/27\/of-se-je-rodila-iz-ljubezni-do-naroda-in-domovine\/"},"modified":"2016-04-27T16:16:27","modified_gmt":"2016-04-27T14:16:27","slug":"of-se-je-rodila-iz-ljubezni-do-naroda-in-domovine","status":"publish","type":"post","link":"https:\/\/hudo.com\/si\/aktualno\/of-se-je-rodila-iz-ljubezni-do-naroda-in-domovine\/","title":{"rendered":"OF se je rodila iz ljubezni do naroda in domovine"},"content":{"rendered":"<p>Kategorija: Slovenija Wed, 27 Apr 2016 12:47:00 +0200  Ljubljana &#8211; Vodstvo Zveze zdru\u017eenj borcev za vrednote NOB je danes v Ro\u017eni dolini v Ljubljani po\u010dastilo spomin na ustanovitev Osvobodile fronte (OF) pred 75 leti. Predsednik zveze Tit Turn\u0161ek je v nagovoru zbranim izpostavil, da se je OF rodila iz ljubezni do naroda in domovine. Venec k tamkaj\u0161njemu spomeniku je polo\u017eil tudi predsednik republike Borut Pahor. Turn\u0161ek je v svojem nagovoru ob dana\u0161njem dnevu boja proti okupatorju spomnil na rojstvo Osvobodilne fronte pred 75 leti. Odpor ljudstva se je rodil \u00bbv globini narodove du\u0161e\u00ab, je Turn\u0161ek povzel besede \u010dastnega predsednika ZZB NOB Janeza Stanovnika. \u00bbOF se je rodila iz ljubezni do naroda in domovine in to ljubezen neprestano krepila (&#8230;) Zavest smrtne obsodbe je rodila boj za obstoj,\u00ab je dejal. OF po njegovih besedah ni bila strankarska koalicija, njen primarni cilj\u00a0&#8230;<\/p>\n","protected":false},"excerpt":{"rendered":"<p>Kategorija: Slovenija Wed, 27 Apr 2016 12:47:00 +0200  Ljubljana &#8211; Vodstvo Zveze zdru\u017eenj borcev za vrednote NOB je danes v Ro\u017eni dolini v Ljubljani po\u010dastilo spomin na ustanovitev Osvobodile fronte (OF) pred 75 leti. Predsednik zveze Tit Turn\u0161ek je v nagovoru zbranim izpostavil, da se je OF rodila iz ljubezni do naroda in domovine. Venec k tamkaj\u0161njemu spomeniku je polo\u017eil tudi predsednik republike Borut Pahor. Turn\u0161ek je v svojem nagovoru ob dana\u0161njem dnevu boja proti okupatorju spomnil na rojstvo Osvobodilne fronte pred 75 leti. Odpor ljudstva se je rodil \u00bbv globini narodove du\u0161e\u00ab, je Turn\u0161ek povzel besede \u010dastnega predsednika ZZB NOB Janeza Stanovnika. \u00bbOF se je rodila iz ljubezni do naroda in domovine in to ljubezen neprestano krepila (&#8230;) Zavest smrtne obsodbe je rodila boj za obstoj,\u00ab je dejal. OF po njegovih besedah ni bila strankarska koalicija, njen primarni cilj\u00a0&#8230;<\/p>\n","protected":false},"author":1,"featured_media":0,"comment_status":"closed","ping_status":"closed","sticky":false,"template":"","format":"standard","meta":{"footnotes":""},"categories":[1179],"tags":[],"source":[4511],"supertag":[],"acf":[],"yoast_head":"<!-- This site is optimized with the Yoast SEO plugin v21.3 - https:\/\/yoast.com\/wordpress\/plugins\/seo\/ -->\n<title>OF se je rodila iz ljubezni do naroda in domovine - Hudo Slovenija<\/title>\n<meta name=\"robots\" content=\"index, follow, max-snippet:-1, max-image-preview:large, max-video-preview:-1\" \/>\n<link rel=\"canonical\" href=\"https:\/\/hudo.com\/si\/aktualno\/of-se-je-rodila-iz-ljubezni-do-naroda-in-domovine\/\" \/>\n<meta property=\"og:locale\" content=\"sl_SI\" \/>\n<meta property=\"og:type\" content=\"article\" \/>\n<meta property=\"og:title\" content=\"OF se je rodila iz ljubezni do naroda in domovine - Hudo Slovenija\" \/>\n<meta property=\"og:description\" content=\"Kategorija: Slovenija Wed, 27 Apr 2016 12:47:00 +0200 Ljubljana - Vodstvo Zveze zdru\u017eenj borcev za vrednote NOB je danes v Ro\u017eni dolini v Ljubljani po\u010dastilo spomin na ustanovitev Osvobodile fronte (OF) pred 75 leti. Predsednik zveze Tit Turn\u0161ek je v nagovoru zbranim izpostavil, da se je OF rodila iz ljubezni do naroda in domovine. Venec k tamkaj\u0161njemu spomeniku je polo\u017eil tudi predsednik republike Borut Pahor. Turn\u0161ek je v svojem nagovoru ob dana\u0161njem dnevu boja proti okupatorju spomnil na rojstvo Osvobodilne fronte pred 75 leti. Odpor ljudstva se je rodil \u00bbv globini narodove du\u0161e\u00ab, je Turn\u0161ek povzel besede \u010dastnega predsednika ZZB NOB Janeza Stanovnika. \u00bbOF se je rodila iz ljubezni do naroda in domovine in to ljubezen neprestano krepila (...) Zavest smrtne obsodbe je rodila boj za obstoj,\u00ab je dejal. OF po njegovih besedah ni bila strankarska koalicija, njen primarni cilj\u00a0...\" \/>\n<meta property=\"og:url\" content=\"https:\/\/hudo.com\/si\/aktualno\/of-se-je-rodila-iz-ljubezni-do-naroda-in-domovine\/\" \/>\n<meta property=\"og:site_name\" content=\"Hudo Slovenija\" \/>\n<meta property=\"article:publisher\" content=\"https:\/\/www.facebook.com\/hudo.si\" \/>\n<meta property=\"article:published_time\" content=\"2016-04-27T08:47:00+00:00\" \/>\n<meta property=\"article:modified_time\" content=\"2016-04-27T14:16:27+00:00\" \/>\n<meta property=\"og:image\" content=\"https:\/\/hudo.com\/si\/wp-content\/uploads\/sites\/2\/2016\/04\/480x290_djvu_2114574_pavlinb_jer-koalicija.jpeg\" \/>\n\t<meta property=\"og:image:width\" content=\"480\" \/>\n\t<meta property=\"og:image:height\" content=\"290\" \/>\n\t<meta property=\"og:image:type\" content=\"image\/jpeg\" \/>\n<meta name=\"author\" content=\"hudo\" \/>\n<meta name=\"twitter:card\" content=\"summary_large_image\" \/>\n<meta name=\"twitter:creator\" content=\"@hudo_si\" \/>\n<meta name=\"twitter:site\" content=\"@hudo_si\" \/>\n<meta name=\"twitter:label1\" content=\"Written by\" \/>\n\t<meta name=\"twitter:data1\" content=\"hudo\" \/>\n\t<meta name=\"twitter:label2\" content=\"Est. reading time\" \/>\n\t<meta name=\"twitter:data2\" content=\"1 minuta\" \/>\n<script type=\"application\/ld+json\" class=\"yoast-schema-graph\">{\"@context\":\"https:\/\/schema.org\",\"@graph\":[{\"@type\":\"Article\",\"@id\":\"https:\/\/hudo.com\/si\/aktualno\/of-se-je-rodila-iz-ljubezni-do-naroda-in-domovine\/#article\",\"isPartOf\":{\"@id\":\"https:\/\/hudo.com\/si\/aktualno\/of-se-je-rodila-iz-ljubezni-do-naroda-in-domovine\/\"},\"author\":{\"name\":\"hudo\",\"@id\":\"https:\/\/hudo.com\/si\/#\/schema\/person\/601cf3379633985b20f7e50f2bb47707\"},\"headline\":\"OF se je rodila iz ljubezni do naroda in domovine\",\"datePublished\":\"2016-04-27T08:47:00+00:00\",\"dateModified\":\"2016-04-27T14:16:27+00:00\",\"mainEntityOfPage\":{\"@id\":\"https:\/\/hudo.com\/si\/aktualno\/of-se-je-rodila-iz-ljubezni-do-naroda-in-domovine\/\"},\"wordCount\":153,\"publisher\":{\"@id\":\"https:\/\/hudo.com\/si\/#organization\"},\"articleSection\":[\"Aktualno\"],\"inLanguage\":\"sl-SI\"},{\"@type\":\"WebPage\",\"@id\":\"https:\/\/hudo.com\/si\/aktualno\/of-se-je-rodila-iz-ljubezni-do-naroda-in-domovine\/\",\"url\":\"https:\/\/hudo.com\/si\/aktualno\/of-se-je-rodila-iz-ljubezni-do-naroda-in-domovine\/\",\"name\":\"OF se je rodila iz ljubezni do naroda in domovine - Hudo Slovenija\",\"isPartOf\":{\"@id\":\"https:\/\/hudo.com\/si\/#website\"},\"datePublished\":\"2016-04-27T08:47:00+00:00\",\"dateModified\":\"2016-04-27T14:16:27+00:00\",\"breadcrumb\":{\"@id\":\"https:\/\/hudo.com\/si\/aktualno\/of-se-je-rodila-iz-ljubezni-do-naroda-in-domovine\/#breadcrumb\"},\"inLanguage\":\"sl-SI\",\"potentialAction\":[{\"@type\":\"ReadAction\",\"target\":[\"https:\/\/hudo.com\/si\/aktualno\/of-se-je-rodila-iz-ljubezni-do-naroda-in-domovine\/\"]}]},{\"@type\":\"BreadcrumbList\",\"@id\":\"https:\/\/hudo.com\/si\/aktualno\/of-se-je-rodila-iz-ljubezni-do-naroda-in-domovine\/#breadcrumb\",\"itemListElement\":[{\"@type\":\"ListItem\",\"position\":1,\"name\":\"Home\",\"item\":\"https:\/\/hudo.com\/si\/\"},{\"@type\":\"ListItem\",\"position\":2,\"name\":\"OF se je rodila iz ljubezni do naroda in domovine\"}]},{\"@type\":\"WebSite\",\"@id\":\"https:\/\/hudo.com\/si\/#website\",\"url\":\"https:\/\/hudo.com\/si\/\",\"name\":\"Hudo Slovenija\",\"description\":\"Vse novice iz Slovenije in sveta\",\"publisher\":{\"@id\":\"https:\/\/hudo.com\/si\/#organization\"},\"potentialAction\":[{\"@type\":\"SearchAction\",\"target\":{\"@type\":\"EntryPoint\",\"urlTemplate\":\"https:\/\/hudo.com\/si\/?s={search_term_string}\"},\"query-input\":\"required name=search_term_string\"}],\"inLanguage\":\"sl-SI\"},{\"@type\":\"Organization\",\"@id\":\"https:\/\/hudo.com\/si\/#organization\",\"name\":\"VSN Media\",\"url\":\"https:\/\/hudo.com\/si\/\",\"logo\":{\"@type\":\"ImageObject\",\"inLanguage\":\"sl-SI\",\"@id\":\"https:\/\/hudo.com\/si\/#\/schema\/logo\/image\/\",\"url\":\"https:\/\/hudo.com\/si\/wp-content\/uploads\/sites\/2\/2021\/03\/hudo-app-2.png\",\"contentUrl\":\"https:\/\/hudo.com\/si\/wp-content\/uploads\/sites\/2\/2021\/03\/hudo-app-2.png\",\"width\":2185,\"height\":2167,\"caption\":\"VSN Media\"},\"image\":{\"@id\":\"https:\/\/hudo.com\/si\/#\/schema\/logo\/image\/\"},\"sameAs\":[\"https:\/\/www.facebook.com\/hudo.si\",\"https:\/\/twitter.com\/hudo_si\"]},{\"@type\":\"Person\",\"@id\":\"https:\/\/hudo.com\/si\/#\/schema\/person\/601cf3379633985b20f7e50f2bb47707\",\"name\":\"hudo\",\"image\":{\"@type\":\"ImageObject\",\"inLanguage\":\"sl-SI\",\"@id\":\"https:\/\/hudo.com\/si\/#\/schema\/person\/image\/\",\"url\":\"https:\/\/secure.gravatar.com\/avatar\/c4ca25fa72cace7a696b52ff5db9e095?s=96&d=mm&r=g\",\"contentUrl\":\"https:\/\/secure.gravatar.com\/avatar\/c4ca25fa72cace7a696b52ff5db9e095?s=96&d=mm&r=g\",\"caption\":\"hudo\"},\"url\":\"https:\/\/hudo.com\/si\/author\/hudo\/\"}]}<\/script>\n<!-- \/ Yoast SEO plugin. -->","yoast_head_json":{"title":"OF se je rodila iz ljubezni do naroda in domovine - Hudo Slovenija","robots":{"index":"index","follow":"follow","max-snippet":"max-snippet:-1","max-image-preview":"max-image-preview:large","max-video-preview":"max-video-preview:-1"},"canonical":"https:\/\/hudo.com\/si\/aktualno\/of-se-je-rodila-iz-ljubezni-do-naroda-in-domovine\/","og_locale":"sl_SI","og_type":"article","og_title":"OF se je rodila iz ljubezni do naroda in domovine - Hudo Slovenija","og_description":"Kategorija: Slovenija Wed, 27 Apr 2016 12:47:00 +0200 Ljubljana - Vodstvo Zveze zdru\u017eenj borcev za vrednote NOB je danes v Ro\u017eni dolini v Ljubljani po\u010dastilo spomin na ustanovitev Osvobodile fronte (OF) pred 75 leti. Predsednik zveze Tit Turn\u0161ek je v nagovoru zbranim izpostavil, da se je OF rodila iz ljubezni do naroda in domovine. Venec k tamkaj\u0161njemu spomeniku je polo\u017eil tudi predsednik republike Borut Pahor. Turn\u0161ek je v svojem nagovoru ob dana\u0161njem dnevu boja proti okupatorju spomnil na rojstvo Osvobodilne fronte pred 75 leti. Odpor ljudstva se je rodil \u00bbv globini narodove du\u0161e\u00ab, je Turn\u0161ek povzel besede \u010dastnega predsednika ZZB NOB Janeza Stanovnika. \u00bbOF se je rodila iz ljubezni do naroda in domovine in to ljubezen neprestano krepila (...) Zavest smrtne obsodbe je rodila boj za obstoj,\u00ab je dejal. OF po njegovih besedah ni bila strankarska koalicija, njen primarni cilj\u00a0...","og_url":"https:\/\/hudo.com\/si\/aktualno\/of-se-je-rodila-iz-ljubezni-do-naroda-in-domovine\/","og_site_name":"Hudo Slovenija","article_publisher":"https:\/\/www.facebook.com\/hudo.si","article_published_time":"2016-04-27T08:47:00+00:00","article_modified_time":"2016-04-27T14:16:27+00:00","og_image":[{"width":480,"height":290,"url":"https:\/\/hudo.com\/si\/wp-content\/uploads\/sites\/2\/2016\/04\/480x290_djvu_2114574_pavlinb_jer-koalicija.jpeg","type":"image\/jpeg"}],"author":"hudo","twitter_card":"summary_large_image","twitter_creator":"@hudo_si","twitter_site":"@hudo_si","twitter_misc":{"Written by":"hudo","Est. reading time":"1 minuta"},"schema":{"@context":"https:\/\/schema.org","@graph":[{"@type":"Article","@id":"https:\/\/hudo.com\/si\/aktualno\/of-se-je-rodila-iz-ljubezni-do-naroda-in-domovine\/#article","isPartOf":{"@id":"https:\/\/hudo.com\/si\/aktualno\/of-se-je-rodila-iz-ljubezni-do-naroda-in-domovine\/"},"author":{"name":"hudo","@id":"https:\/\/hudo.com\/si\/#\/schema\/person\/601cf3379633985b20f7e50f2bb47707"},"headline":"OF se je rodila iz ljubezni do naroda in domovine","datePublished":"2016-04-27T08:47:00+00:00","dateModified":"2016-04-27T14:16:27+00:00","mainEntityOfPage":{"@id":"https:\/\/hudo.com\/si\/aktualno\/of-se-je-rodila-iz-ljubezni-do-naroda-in-domovine\/"},"wordCount":153,"publisher":{"@id":"https:\/\/hudo.com\/si\/#organization"},"articleSection":["Aktualno"],"inLanguage":"sl-SI"},{"@type":"WebPage","@id":"https:\/\/hudo.com\/si\/aktualno\/of-se-je-rodila-iz-ljubezni-do-naroda-in-domovine\/","url":"https:\/\/hudo.com\/si\/aktualno\/of-se-je-rodila-iz-ljubezni-do-naroda-in-domovine\/","name":"OF se je rodila iz ljubezni do naroda in domovine - Hudo Slovenija","isPartOf":{"@id":"https:\/\/hudo.com\/si\/#website"},"datePublished":"2016-04-27T08:47:00+00:00","dateModified":"2016-04-27T14:16:27+00:00","breadcrumb":{"@id":"https:\/\/hudo.com\/si\/aktualno\/of-se-je-rodila-iz-ljubezni-do-naroda-in-domovine\/#breadcrumb"},"inLanguage":"sl-SI","potentialAction":[{"@type":"ReadAction","target":["https:\/\/hudo.com\/si\/aktualno\/of-se-je-rodila-iz-ljubezni-do-naroda-in-domovine\/"]}]},{"@type":"BreadcrumbList","@id":"https:\/\/hudo.com\/si\/aktualno\/of-se-je-rodila-iz-ljubezni-do-naroda-in-domovine\/#breadcrumb","itemListElement":[{"@type":"ListItem","position":1,"name":"Home","item":"https:\/\/hudo.com\/si\/"},{"@type":"ListItem","position":2,"name":"OF se je rodila iz ljubezni do naroda in domovine"}]},{"@type":"WebSite","@id":"https:\/\/hudo.com\/si\/#website","url":"https:\/\/hudo.com\/si\/","name":"Hudo Slovenija","description":"Vse novice iz Slovenije in sveta","publisher":{"@id":"https:\/\/hudo.com\/si\/#organization"},"potentialAction":[{"@type":"SearchAction","target":{"@type":"EntryPoint","urlTemplate":"https:\/\/hudo.com\/si\/?s={search_term_string}"},"query-input":"required name=search_term_string"}],"inLanguage":"sl-SI"},{"@type":"Organization","@id":"https:\/\/hudo.com\/si\/#organization","name":"VSN Media","url":"https:\/\/hudo.com\/si\/","logo":{"@type":"ImageObject","inLanguage":"sl-SI","@id":"https:\/\/hudo.com\/si\/#\/schema\/logo\/image\/","url":"https:\/\/hudo.com\/si\/wp-content\/uploads\/sites\/2\/2021\/03\/hudo-app-2.png","contentUrl":"https:\/\/hudo.com\/si\/wp-content\/uploads\/sites\/2\/2021\/03\/hudo-app-2.png","width":2185,"height":2167,"caption":"VSN Media"},"image":{"@id":"https:\/\/hudo.com\/si\/#\/schema\/logo\/image\/"},"sameAs":["https:\/\/www.facebook.com\/hudo.si","https:\/\/twitter.com\/hudo_si"]},{"@type":"Person","@id":"https:\/\/hudo.com\/si\/#\/schema\/person\/601cf3379633985b20f7e50f2bb47707","name":"hudo","image":{"@type":"ImageObject","inLanguage":"sl-SI","@id":"https:\/\/hudo.com\/si\/#\/schema\/person\/image\/","url":"https:\/\/secure.gravatar.com\/avatar\/c4ca25fa72cace7a696b52ff5db9e095?s=96&d=mm&r=g","contentUrl":"https:\/\/secure.gravatar.com\/avatar\/c4ca25fa72cace7a696b52ff5db9e095?s=96&d=mm&r=g","caption":"hudo"},"url":"https:\/\/hudo.com\/si\/author\/hudo\/"}]}},"amp_enabled":true,"_links":{"self":[{"href":"https:\/\/hudo.com\/si\/wp-json\/wp\/v2\/posts\/40364"}],"collection":[{"href":"https:\/\/hudo.com\/si\/wp-json\/wp\/v2\/posts"}],"about":[{"href":"https:\/\/hudo.com\/si\/wp-json\/wp\/v2\/types\/post"}],"author":[{"embeddable":true,"href":"https:\/\/hudo.com\/si\/wp-json\/wp\/v2\/users\/1"}],"replies":[{"embeddable":true,"href":"https:\/\/hudo.com\/si\/wp-json\/wp\/v2\/comments?post=40364"}],"version-history":[{"count":1,"href":"https:\/\/hudo.com\/si\/wp-json\/wp\/v2\/posts\/40364\/revisions"}],"predecessor-version":[{"id":40426,"href":"https:\/\/hudo.com\/si\/wp-json\/wp\/v2\/posts\/40364\/revisions\/40426"}],"wp:attachment":[{"href":"https:\/\/hudo.com\/si\/wp-json\/wp\/v2\/media?parent=40364"}],"wp:term":[{"taxonomy":"category","embeddable":true,"href":"https:\/\/hudo.com\/si\/wp-json\/wp\/v2\/categories?post=40364"},{"taxonomy":"post_tag","embeddable":true,"href":"https:\/\/hudo.com\/si\/wp-json\/wp\/v2\/tags?post=40364"},{"taxonomy":"source","embeddable":true,"href":"https:\/\/hudo.com\/si\/wp-json\/wp\/v2\/source?post=40364"},{"taxonomy":"supertag","embeddable":true,"href":"https:\/\/hudo.com\/si\/wp-json\/wp\/v2\/supertag?post=40364"}],"curies":[{"name":"wp","href":"https:\/\/api.w.org\/{rel}","templated":true}]}}