{"id":404017,"date":"2019-08-09T13:34:03","date_gmt":"2019-08-09T11:34:03","guid":{"rendered":"http:\/\/hudo.com\/si\/?p=404017"},"modified":"2019-08-09T13:34:03","modified_gmt":"2019-08-09T11:34:03","slug":"od-leta-1946-v-italiji-ze-65-vlad-nobena-ni-koncala-mandata","status":"publish","type":"post","link":"https:\/\/hudo.com\/si\/aktualno\/od-leta-1946-v-italiji-ze-65-vlad-nobena-ni-koncala-mandata\/","title":{"rendered":"Od leta 1946 v Italiji \u017ee 65 vlad; nobena ni kon\u010dala mandata"},"content":{"rendered":"<div class=\"text\">\n<p>\u010ceprav v Italiji menjave vlade niso nobena posebnost in se v povpre\u010dju zamenjajo skoraj vsako leto, pa to ni nujno vedno pomenilo tudi odhod Italijanov na pred\u010dasne volitve. Italijani so namre\u010d v 73 letih na parlamentarne volitve od\u0161li le 18-krat. Kljub politi\u010dnim trenjem so namre\u010d v vladajo\u010dih koalicijah pogosto zamenjali vlado oz. njene \u010dlane, ne da bi pred tem od\u0161li na voli\u0161\u010da.<\/p>\n<p>Italijani so po drugi svetovni vojni leta 1946 na ustavnem referendumu glasovali za odpravo kraljevine in vzpostavitev republike. V tem \u010dasu je bil v dr\u017eavi premier Alcide De Gasperi. S svojimi zaporednimi osmimi leti v vlogi \u0161efa vlade, med letoma 1945 do 1953, ostaja simbol politi\u010dne dolgo\u017eivosti v moderni italijanski politiki.<\/p>\n<p>De Gasperi je premier s petim najdalj\u0161im sta\u017eem od italijanske zdru\u017eitve v 19. stoletju. Od leta 1946 pa je kr\u0161\u010danski demokrat oblikoval kar sedem vlad z razli\u010dnimi koalicijskimi partnerji, pi\u0161e na spletni enciklopediji Wikipedia.<\/p>\n<p>Rekorder z najkraj\u0161o \u017eivljenjsko dobo na \u010delu vlade je Amintore Fanfani. Prvi\u010d je bil na oblasti le od 19. januarja 1954 do 10. februarja 1954, kar je 23 dni. Vladi je namre\u010d parlament izglasoval nezaupnico. Je pa kr\u0161\u010danski demokrat v svoji politi\u010dni karieri oblikoval pet vlad. Ve\u010dinoma so obstale manj kot leto. Najdlje se je na oblasti obdr\u017eal njegov \u010detrti kabinet, 485 dni.<\/p>\n<p>Med italijanskimi premierji, ki so bili v enem mandatu na oblasti manj kot leto dni, so tudi Giuseppe Pella (154 dni), Fernando Tambroni (123 dni), Giovanni Leone (166 in 171 dni), Arnaldo Forlani (253 dni), Giovanni Goria (260 dni), Giuliano Amato (304 dni) in Silvio Berlusconi (252 dni).<\/p>\n<p>Ve\u010dinoma so omenjeni politiki predali \u017eezlo vodenja vlade drugemu strankarskemu kolegu in niso sledile pred\u010dasne parlamentarne volitve. So pa tudi drugi premierji, ki so se obdr\u017eali na oblasti ve\u010d kot leto dni, v resnici v svojem mandatu zamenjali po enega ali ve\u010d kabinetov.<\/p>\n<p>Italijanska vlada, ki se je na oblasti obdr\u017eala najdlje, in sicer tri leta, deset mesecev in 12 dni, je druga vlada Silvia Berlusconija. Po volitvah leta 2001 je koalicijo oblikovalo pet strank. To je tudi drugi najdalj\u0161i mandat italijanske vlade od zdru\u017eitve leta 1861. Dlje se je obdr\u017eala le vlada fa\u0161isti\u010dnega voditelja Benita Mussolinija.<\/p>\n<p>Berlusconi je sicer zaradi slabega rezultata sredinskih strank na regionalnih volitvah leta 2005, ko je odstopilo ve\u010d ministrov, oblikoval novo vlado. Njegov tretji vladni kabinet pa je bil na oblasti le nekaj ve\u010d kot leto dni.<\/p>\n<p>Trenutna vlada populisti\u010dnega Gibanja pet zvezd Luigija di Maia in desne Lige Mattea Salvinija je mandat nastopila 1. junija 2018 pod vodstvom nestrankarskega Giuseppeja Conteja.<\/p>\n<p>V 14 mesecih na oblasti je ve\u010dkrat zavrelo med koalicijskima partnericama in vedno znova so italijanski mediji pisali o bli\u017eajo\u010demu se padcu vlade.<\/p>\n<p>Zadnjo krizo je spro\u017eilo nesoglasje glede gradnje hitre \u017eelezni\u0161ke proge med Torinom in Lyonom, \u010demur nasprotuje koalicijsko Gibanje pet zvezd. To je v senatu vlo\u017eilo predlog za ustavitev gradnje, a je zgornji dom parlamenta na sredinem glasovanju predlog gibanja zavrnil. Salvini je nato v \u010detrtek pozval k pred\u010dasnim parlamentarnim volitvam.<\/p>\n<\/div>\n","protected":false},"excerpt":{"rendered":"<p>Italija ima tradicionalno burno politiko, saj od leta 1946, ko so vzpostavili republiko, niti ena vlada ni dokon\u010dala svojega petletnega mandata. V 73 letih je bilo tako v dr\u017eavi na Apeninskem polotoku kar 65 vlad, v povpre\u010dju pa je ena vladala 13 mesecev. Trenutna koalicija populisti\u010dnega Gibanja pet zvezd in desne Lige je na oblasti 14 mesecev.<\/p>\n","protected":false},"author":5,"featured_media":392799,"comment_status":"closed","ping_status":"closed","sticky":false,"template":"","format":"standard","meta":{"footnotes":""},"categories":[1179],"tags":[1760,3057,4532],"source":[4511],"supertag":[],"acf":[],"yoast_head":"<!-- This site is optimized with the Yoast SEO plugin v21.3 - https:\/\/yoast.com\/wordpress\/plugins\/seo\/ -->\n<title>Od leta 1946 v Italiji \u017ee 65 vlad; nobena ni kon\u010dala mandata - Hudo Slovenija<\/title>\n<meta name=\"robots\" content=\"index, follow, max-snippet:-1, max-image-preview:large, max-video-preview:-1\" \/>\n<link rel=\"canonical\" href=\"https:\/\/hudo.com\/si\/aktualno\/od-leta-1946-v-italiji-ze-65-vlad-nobena-ni-koncala-mandata\/\" \/>\n<meta property=\"og:locale\" content=\"sl_SI\" \/>\n<meta property=\"og:type\" content=\"article\" \/>\n<meta property=\"og:title\" content=\"Od leta 1946 v Italiji \u017ee 65 vlad; nobena ni kon\u010dala mandata - Hudo Slovenija\" \/>\n<meta property=\"og:description\" content=\"Italija ima tradicionalno burno politiko, saj od leta 1946, ko so vzpostavili republiko, niti ena vlada ni dokon\u010dala svojega petletnega mandata. V 73 letih je bilo tako v dr\u017eavi na Apeninskem polotoku kar 65 vlad, v povpre\u010dju pa je ena vladala 13 mesecev. Trenutna koalicija populisti\u010dnega Gibanja pet zvezd in desne Lige je na oblasti 14 mesecev.\" \/>\n<meta property=\"og:url\" content=\"https:\/\/hudo.com\/si\/aktualno\/od-leta-1946-v-italiji-ze-65-vlad-nobena-ni-koncala-mandata\/\" \/>\n<meta property=\"og:site_name\" content=\"Hudo Slovenija\" \/>\n<meta property=\"article:publisher\" content=\"https:\/\/www.facebook.com\/hudo.si\" \/>\n<meta property=\"article:published_time\" content=\"2019-08-09T11:34:03+00:00\" \/>\n<meta property=\"og:image\" content=\"https:\/\/hudo.com\/si\/wp-content\/uploads\/sites\/2\/2019\/02\/profimedia-0413232271.jpg\" \/>\n\t<meta property=\"og:image:width\" content=\"1250\" \/>\n\t<meta property=\"og:image:height\" content=\"833\" \/>\n\t<meta property=\"og:image:type\" content=\"image\/jpeg\" \/>\n<meta name=\"author\" content=\"A. G., STA\" \/>\n<meta name=\"twitter:card\" content=\"summary_large_image\" \/>\n<meta name=\"twitter:creator\" content=\"@hudo_si\" \/>\n<meta name=\"twitter:site\" content=\"@hudo_si\" \/>\n<meta name=\"twitter:label1\" content=\"Written by\" \/>\n\t<meta name=\"twitter:data1\" content=\"A. G., STA\" \/>\n\t<meta name=\"twitter:label2\" content=\"Est. reading time\" \/>\n\t<meta name=\"twitter:data2\" content=\"3 minute\" \/>\n<script type=\"application\/ld+json\" class=\"yoast-schema-graph\">{\"@context\":\"https:\/\/schema.org\",\"@graph\":[{\"@type\":\"Article\",\"@id\":\"https:\/\/hudo.com\/si\/aktualno\/od-leta-1946-v-italiji-ze-65-vlad-nobena-ni-koncala-mandata\/#article\",\"isPartOf\":{\"@id\":\"https:\/\/hudo.com\/si\/aktualno\/od-leta-1946-v-italiji-ze-65-vlad-nobena-ni-koncala-mandata\/\"},\"author\":{\"name\":\"A. G., STA\",\"@id\":\"https:\/\/hudo.com\/si\/#\/schema\/person\/2391667a63ea075ba94f2f2dc6b77537\"},\"headline\":\"Od leta 1946 v Italiji \u017ee 65 vlad; nobena ni kon\u010dala mandata\",\"datePublished\":\"2019-08-09T11:34:03+00:00\",\"dateModified\":\"2019-08-09T11:34:03+00:00\",\"mainEntityOfPage\":{\"@id\":\"https:\/\/hudo.com\/si\/aktualno\/od-leta-1946-v-italiji-ze-65-vlad-nobena-ni-koncala-mandata\/\"},\"wordCount\":511,\"publisher\":{\"@id\":\"https:\/\/hudo.com\/si\/#organization\"},\"keywords\":[\"italija\",\"politika\",\"vlada\"],\"articleSection\":[\"Aktualno\"],\"inLanguage\":\"sl-SI\"},{\"@type\":\"WebPage\",\"@id\":\"https:\/\/hudo.com\/si\/aktualno\/od-leta-1946-v-italiji-ze-65-vlad-nobena-ni-koncala-mandata\/\",\"url\":\"https:\/\/hudo.com\/si\/aktualno\/od-leta-1946-v-italiji-ze-65-vlad-nobena-ni-koncala-mandata\/\",\"name\":\"Od leta 1946 v Italiji \u017ee 65 vlad; nobena ni kon\u010dala mandata - Hudo Slovenija\",\"isPartOf\":{\"@id\":\"https:\/\/hudo.com\/si\/#website\"},\"datePublished\":\"2019-08-09T11:34:03+00:00\",\"dateModified\":\"2019-08-09T11:34:03+00:00\",\"breadcrumb\":{\"@id\":\"https:\/\/hudo.com\/si\/aktualno\/od-leta-1946-v-italiji-ze-65-vlad-nobena-ni-koncala-mandata\/#breadcrumb\"},\"inLanguage\":\"sl-SI\",\"potentialAction\":[{\"@type\":\"ReadAction\",\"target\":[\"https:\/\/hudo.com\/si\/aktualno\/od-leta-1946-v-italiji-ze-65-vlad-nobena-ni-koncala-mandata\/\"]}]},{\"@type\":\"BreadcrumbList\",\"@id\":\"https:\/\/hudo.com\/si\/aktualno\/od-leta-1946-v-italiji-ze-65-vlad-nobena-ni-koncala-mandata\/#breadcrumb\",\"itemListElement\":[{\"@type\":\"ListItem\",\"position\":1,\"name\":\"Home\",\"item\":\"https:\/\/hudo.com\/si\/\"},{\"@type\":\"ListItem\",\"position\":2,\"name\":\"Od leta 1946 v Italiji \u017ee 65 vlad; nobena ni kon\u010dala mandata\"}]},{\"@type\":\"WebSite\",\"@id\":\"https:\/\/hudo.com\/si\/#website\",\"url\":\"https:\/\/hudo.com\/si\/\",\"name\":\"Hudo Slovenija\",\"description\":\"Vse novice iz Slovenije in sveta\",\"publisher\":{\"@id\":\"https:\/\/hudo.com\/si\/#organization\"},\"potentialAction\":[{\"@type\":\"SearchAction\",\"target\":{\"@type\":\"EntryPoint\",\"urlTemplate\":\"https:\/\/hudo.com\/si\/?s={search_term_string}\"},\"query-input\":\"required name=search_term_string\"}],\"inLanguage\":\"sl-SI\"},{\"@type\":\"Organization\",\"@id\":\"https:\/\/hudo.com\/si\/#organization\",\"name\":\"VSN Media\",\"url\":\"https:\/\/hudo.com\/si\/\",\"logo\":{\"@type\":\"ImageObject\",\"inLanguage\":\"sl-SI\",\"@id\":\"https:\/\/hudo.com\/si\/#\/schema\/logo\/image\/\",\"url\":\"https:\/\/hudo.com\/si\/wp-content\/uploads\/sites\/2\/2021\/03\/hudo-app-2.png\",\"contentUrl\":\"https:\/\/hudo.com\/si\/wp-content\/uploads\/sites\/2\/2021\/03\/hudo-app-2.png\",\"width\":2185,\"height\":2167,\"caption\":\"VSN Media\"},\"image\":{\"@id\":\"https:\/\/hudo.com\/si\/#\/schema\/logo\/image\/\"},\"sameAs\":[\"https:\/\/www.facebook.com\/hudo.si\",\"https:\/\/twitter.com\/hudo_si\"]},{\"@type\":\"Person\",\"@id\":\"https:\/\/hudo.com\/si\/#\/schema\/person\/2391667a63ea075ba94f2f2dc6b77537\",\"name\":\"A. G., STA\",\"image\":{\"@type\":\"ImageObject\",\"inLanguage\":\"sl-SI\",\"@id\":\"https:\/\/hudo.com\/si\/#\/schema\/person\/image\/\",\"url\":\"https:\/\/secure.gravatar.com\/avatar\/e13d22ac3e442658d5025fbbe6238a79?s=96&d=mm&r=g\",\"contentUrl\":\"https:\/\/secure.gravatar.com\/avatar\/e13d22ac3e442658d5025fbbe6238a79?s=96&d=mm&r=g\",\"caption\":\"A. G., STA\"},\"url\":\"https:\/\/hudo.com\/si\/author\/alenka\/\"}]}<\/script>\n<!-- \/ Yoast SEO plugin. -->","yoast_head_json":{"title":"Od leta 1946 v Italiji \u017ee 65 vlad; nobena ni kon\u010dala mandata - Hudo Slovenija","robots":{"index":"index","follow":"follow","max-snippet":"max-snippet:-1","max-image-preview":"max-image-preview:large","max-video-preview":"max-video-preview:-1"},"canonical":"https:\/\/hudo.com\/si\/aktualno\/od-leta-1946-v-italiji-ze-65-vlad-nobena-ni-koncala-mandata\/","og_locale":"sl_SI","og_type":"article","og_title":"Od leta 1946 v Italiji \u017ee 65 vlad; nobena ni kon\u010dala mandata - Hudo Slovenija","og_description":"Italija ima tradicionalno burno politiko, saj od leta 1946, ko so vzpostavili republiko, niti ena vlada ni dokon\u010dala svojega petletnega mandata. V 73 letih je bilo tako v dr\u017eavi na Apeninskem polotoku kar 65 vlad, v povpre\u010dju pa je ena vladala 13 mesecev. Trenutna koalicija populisti\u010dnega Gibanja pet zvezd in desne Lige je na oblasti 14 mesecev.","og_url":"https:\/\/hudo.com\/si\/aktualno\/od-leta-1946-v-italiji-ze-65-vlad-nobena-ni-koncala-mandata\/","og_site_name":"Hudo Slovenija","article_publisher":"https:\/\/www.facebook.com\/hudo.si","article_published_time":"2019-08-09T11:34:03+00:00","og_image":[{"width":1250,"height":833,"url":"https:\/\/hudo.com\/si\/wp-content\/uploads\/sites\/2\/2019\/02\/profimedia-0413232271.jpg","type":"image\/jpeg"}],"author":"A. G., STA","twitter_card":"summary_large_image","twitter_creator":"@hudo_si","twitter_site":"@hudo_si","twitter_misc":{"Written by":"A. G., STA","Est. reading time":"3 minute"},"schema":{"@context":"https:\/\/schema.org","@graph":[{"@type":"Article","@id":"https:\/\/hudo.com\/si\/aktualno\/od-leta-1946-v-italiji-ze-65-vlad-nobena-ni-koncala-mandata\/#article","isPartOf":{"@id":"https:\/\/hudo.com\/si\/aktualno\/od-leta-1946-v-italiji-ze-65-vlad-nobena-ni-koncala-mandata\/"},"author":{"name":"A. G., STA","@id":"https:\/\/hudo.com\/si\/#\/schema\/person\/2391667a63ea075ba94f2f2dc6b77537"},"headline":"Od leta 1946 v Italiji \u017ee 65 vlad; nobena ni kon\u010dala mandata","datePublished":"2019-08-09T11:34:03+00:00","dateModified":"2019-08-09T11:34:03+00:00","mainEntityOfPage":{"@id":"https:\/\/hudo.com\/si\/aktualno\/od-leta-1946-v-italiji-ze-65-vlad-nobena-ni-koncala-mandata\/"},"wordCount":511,"publisher":{"@id":"https:\/\/hudo.com\/si\/#organization"},"keywords":["italija","politika","vlada"],"articleSection":["Aktualno"],"inLanguage":"sl-SI"},{"@type":"WebPage","@id":"https:\/\/hudo.com\/si\/aktualno\/od-leta-1946-v-italiji-ze-65-vlad-nobena-ni-koncala-mandata\/","url":"https:\/\/hudo.com\/si\/aktualno\/od-leta-1946-v-italiji-ze-65-vlad-nobena-ni-koncala-mandata\/","name":"Od leta 1946 v Italiji \u017ee 65 vlad; nobena ni kon\u010dala mandata - Hudo Slovenija","isPartOf":{"@id":"https:\/\/hudo.com\/si\/#website"},"datePublished":"2019-08-09T11:34:03+00:00","dateModified":"2019-08-09T11:34:03+00:00","breadcrumb":{"@id":"https:\/\/hudo.com\/si\/aktualno\/od-leta-1946-v-italiji-ze-65-vlad-nobena-ni-koncala-mandata\/#breadcrumb"},"inLanguage":"sl-SI","potentialAction":[{"@type":"ReadAction","target":["https:\/\/hudo.com\/si\/aktualno\/od-leta-1946-v-italiji-ze-65-vlad-nobena-ni-koncala-mandata\/"]}]},{"@type":"BreadcrumbList","@id":"https:\/\/hudo.com\/si\/aktualno\/od-leta-1946-v-italiji-ze-65-vlad-nobena-ni-koncala-mandata\/#breadcrumb","itemListElement":[{"@type":"ListItem","position":1,"name":"Home","item":"https:\/\/hudo.com\/si\/"},{"@type":"ListItem","position":2,"name":"Od leta 1946 v Italiji \u017ee 65 vlad; nobena ni kon\u010dala mandata"}]},{"@type":"WebSite","@id":"https:\/\/hudo.com\/si\/#website","url":"https:\/\/hudo.com\/si\/","name":"Hudo Slovenija","description":"Vse novice iz Slovenije in sveta","publisher":{"@id":"https:\/\/hudo.com\/si\/#organization"},"potentialAction":[{"@type":"SearchAction","target":{"@type":"EntryPoint","urlTemplate":"https:\/\/hudo.com\/si\/?s={search_term_string}"},"query-input":"required name=search_term_string"}],"inLanguage":"sl-SI"},{"@type":"Organization","@id":"https:\/\/hudo.com\/si\/#organization","name":"VSN Media","url":"https:\/\/hudo.com\/si\/","logo":{"@type":"ImageObject","inLanguage":"sl-SI","@id":"https:\/\/hudo.com\/si\/#\/schema\/logo\/image\/","url":"https:\/\/hudo.com\/si\/wp-content\/uploads\/sites\/2\/2021\/03\/hudo-app-2.png","contentUrl":"https:\/\/hudo.com\/si\/wp-content\/uploads\/sites\/2\/2021\/03\/hudo-app-2.png","width":2185,"height":2167,"caption":"VSN Media"},"image":{"@id":"https:\/\/hudo.com\/si\/#\/schema\/logo\/image\/"},"sameAs":["https:\/\/www.facebook.com\/hudo.si","https:\/\/twitter.com\/hudo_si"]},{"@type":"Person","@id":"https:\/\/hudo.com\/si\/#\/schema\/person\/2391667a63ea075ba94f2f2dc6b77537","name":"A. G., STA","image":{"@type":"ImageObject","inLanguage":"sl-SI","@id":"https:\/\/hudo.com\/si\/#\/schema\/person\/image\/","url":"https:\/\/secure.gravatar.com\/avatar\/e13d22ac3e442658d5025fbbe6238a79?s=96&d=mm&r=g","contentUrl":"https:\/\/secure.gravatar.com\/avatar\/e13d22ac3e442658d5025fbbe6238a79?s=96&d=mm&r=g","caption":"A. G., STA"},"url":"https:\/\/hudo.com\/si\/author\/alenka\/"}]}},"amp_enabled":true,"_links":{"self":[{"href":"https:\/\/hudo.com\/si\/wp-json\/wp\/v2\/posts\/404017"}],"collection":[{"href":"https:\/\/hudo.com\/si\/wp-json\/wp\/v2\/posts"}],"about":[{"href":"https:\/\/hudo.com\/si\/wp-json\/wp\/v2\/types\/post"}],"author":[{"embeddable":true,"href":"https:\/\/hudo.com\/si\/wp-json\/wp\/v2\/users\/5"}],"replies":[{"embeddable":true,"href":"https:\/\/hudo.com\/si\/wp-json\/wp\/v2\/comments?post=404017"}],"version-history":[{"count":1,"href":"https:\/\/hudo.com\/si\/wp-json\/wp\/v2\/posts\/404017\/revisions"}],"predecessor-version":[{"id":404018,"href":"https:\/\/hudo.com\/si\/wp-json\/wp\/v2\/posts\/404017\/revisions\/404018"}],"wp:featuredmedia":[{"embeddable":true,"href":"https:\/\/hudo.com\/si\/wp-json\/wp\/v2\/media\/392799"}],"wp:attachment":[{"href":"https:\/\/hudo.com\/si\/wp-json\/wp\/v2\/media?parent=404017"}],"wp:term":[{"taxonomy":"category","embeddable":true,"href":"https:\/\/hudo.com\/si\/wp-json\/wp\/v2\/categories?post=404017"},{"taxonomy":"post_tag","embeddable":true,"href":"https:\/\/hudo.com\/si\/wp-json\/wp\/v2\/tags?post=404017"},{"taxonomy":"source","embeddable":true,"href":"https:\/\/hudo.com\/si\/wp-json\/wp\/v2\/source?post=404017"},{"taxonomy":"supertag","embeddable":true,"href":"https:\/\/hudo.com\/si\/wp-json\/wp\/v2\/supertag?post=404017"}],"curies":[{"name":"wp","href":"https:\/\/api.w.org\/{rel}","templated":true}]}}