{"id":40419,"date":"2016-04-27T11:15:06","date_gmt":"2016-04-27T09:15:06","guid":{"rendered":"http:\/\/hudo.com\/si\/2016\/04\/27\/vremenoslovci-svetujejo-namesto-na-obalo-se-za-praznike-raje-odpravite-na-smucanje\/"},"modified":"2016-04-28T13:26:25","modified_gmt":"2016-04-28T11:26:25","slug":"vremenoslovci-svetujejo-namesto-na-obalo-se-za-praznike-raje-odpravite-na-smucanje","status":"publish","type":"post","link":"https:\/\/hudo.com\/si\/aktualno\/vremenoslovci-svetujejo-namesto-na-obalo-se-za-praznike-raje-odpravite-na-smucanje\/","title":{"rendered":"Vremenoslovci svetujejo: Namesto na obalo se za praznike raje odpravite na smu\u010danje."},"content":{"rendered":"<p>V vi\u0161jih predelih Gorenjske, predvsem ob meji z Avstrijo, sne\u017ei. Meja sne\u017eenja se bo zve\u010der in pono\u010di \u0161e spustila. Na Voglu so zato znova zagnali \u017ei\u010dnice, smu\u010darji pa se bodo po belih strminah lahko spu\u0161\u010dali predvidoma do 2. maja. Malo manj pa so tak\u0161nega vremena veseli slovenski sadjarji. Po podatkih Prometno-informacijskega centra je na vi\u0161je<\/p>\n","protected":false},"excerpt":{"rendered":"<p>V vi\u0161jih predelih Gorenjske, predvsem ob meji z Avstrijo, sne\u017ei. Meja sne\u017eenja se bo zve\u010der in pono\u010di \u0161e spustila. Na Voglu so zato znova zagnali \u017ei\u010dnice, smu\u010darji pa se bodo po belih strminah lahko spu\u0161\u010dali predvidoma do 2. maja. Malo manj pa so tak\u0161nega vremena veseli slovenski sadjarji. Po podatkih Prometno-informacijskega centra je na vi\u0161je<\/p>\n","protected":false},"author":1,"featured_media":0,"comment_status":"closed","ping_status":"closed","sticky":false,"template":"","format":"standard","meta":{"footnotes":""},"categories":[1179],"tags":[],"source":[1710],"supertag":[],"acf":[],"yoast_head":"<!-- This site is optimized with the Yoast SEO plugin v21.3 - https:\/\/yoast.com\/wordpress\/plugins\/seo\/ -->\n<title>Vremenoslovci svetujejo: Namesto na obalo se za praznike raje odpravite na smu\u010danje. - Hudo Slovenija<\/title>\n<meta name=\"robots\" content=\"index, follow, max-snippet:-1, max-image-preview:large, max-video-preview:-1\" \/>\n<link rel=\"canonical\" href=\"https:\/\/hudo.com\/si\/aktualno\/vremenoslovci-svetujejo-namesto-na-obalo-se-za-praznike-raje-odpravite-na-smucanje\/\" \/>\n<meta property=\"og:locale\" content=\"sl_SI\" \/>\n<meta property=\"og:type\" content=\"article\" \/>\n<meta property=\"og:title\" content=\"Vremenoslovci svetujejo: Namesto na obalo se za praznike raje odpravite na smu\u010danje. - Hudo Slovenija\" \/>\n<meta property=\"og:description\" content=\"V vi\u0161jih predelih Gorenjske, predvsem ob meji z Avstrijo, sne\u017ei. Meja sne\u017eenja se bo zve\u010der in pono\u010di \u0161e spustila. Na Voglu so zato znova zagnali \u017ei\u010dnice, smu\u010darji pa se bodo po belih strminah lahko spu\u0161\u010dali predvidoma do 2. maja. Malo manj pa so tak\u0161nega vremena veseli slovenski sadjarji. Po podatkih Prometno-informacijskega centra je na vi\u0161je\" \/>\n<meta property=\"og:url\" content=\"https:\/\/hudo.com\/si\/aktualno\/vremenoslovci-svetujejo-namesto-na-obalo-se-za-praznike-raje-odpravite-na-smucanje\/\" \/>\n<meta property=\"og:site_name\" content=\"Hudo Slovenija\" \/>\n<meta property=\"article:publisher\" content=\"https:\/\/www.facebook.com\/hudo.si\" \/>\n<meta property=\"article:published_time\" content=\"2016-04-27T09:15:06+00:00\" \/>\n<meta property=\"article:modified_time\" content=\"2016-04-28T11:26:25+00:00\" \/>\n<meta property=\"og:image\" content=\"https:\/\/hudo.com\/si\/wp-content\/uploads\/sites\/2\/2016\/04\/vremenoslovci-svetujejo-namesto-na-obalo-se-za-praznike-raje-odpravite-na-smucanje-01.jpg\" \/>\n\t<meta property=\"og:image:width\" content=\"483\" \/>\n\t<meta property=\"og:image:height\" content=\"271\" \/>\n\t<meta property=\"og:image:type\" content=\"image\/jpeg\" \/>\n<meta name=\"author\" content=\"hudo\" \/>\n<meta name=\"twitter:card\" content=\"summary_large_image\" \/>\n<meta name=\"twitter:creator\" content=\"@hudo_si\" \/>\n<meta name=\"twitter:site\" content=\"@hudo_si\" \/>\n<meta name=\"twitter:label1\" content=\"Written by\" \/>\n\t<meta name=\"twitter:data1\" content=\"hudo\" \/>\n<script type=\"application\/ld+json\" class=\"yoast-schema-graph\">{\"@context\":\"https:\/\/schema.org\",\"@graph\":[{\"@type\":\"Article\",\"@id\":\"https:\/\/hudo.com\/si\/aktualno\/vremenoslovci-svetujejo-namesto-na-obalo-se-za-praznike-raje-odpravite-na-smucanje\/#article\",\"isPartOf\":{\"@id\":\"https:\/\/hudo.com\/si\/aktualno\/vremenoslovci-svetujejo-namesto-na-obalo-se-za-praznike-raje-odpravite-na-smucanje\/\"},\"author\":{\"name\":\"hudo\",\"@id\":\"https:\/\/hudo.com\/si\/#\/schema\/person\/601cf3379633985b20f7e50f2bb47707\"},\"headline\":\"Vremenoslovci svetujejo: Namesto na obalo se za praznike raje odpravite na smu\u010danje.\",\"datePublished\":\"2016-04-27T09:15:06+00:00\",\"dateModified\":\"2016-04-28T11:26:25+00:00\",\"mainEntityOfPage\":{\"@id\":\"https:\/\/hudo.com\/si\/aktualno\/vremenoslovci-svetujejo-namesto-na-obalo-se-za-praznike-raje-odpravite-na-smucanje\/\"},\"wordCount\":77,\"publisher\":{\"@id\":\"https:\/\/hudo.com\/si\/#organization\"},\"articleSection\":[\"Aktualno\"],\"inLanguage\":\"sl-SI\"},{\"@type\":\"WebPage\",\"@id\":\"https:\/\/hudo.com\/si\/aktualno\/vremenoslovci-svetujejo-namesto-na-obalo-se-za-praznike-raje-odpravite-na-smucanje\/\",\"url\":\"https:\/\/hudo.com\/si\/aktualno\/vremenoslovci-svetujejo-namesto-na-obalo-se-za-praznike-raje-odpravite-na-smucanje\/\",\"name\":\"Vremenoslovci svetujejo: Namesto na obalo se za praznike raje odpravite na smu\u010danje. - Hudo Slovenija\",\"isPartOf\":{\"@id\":\"https:\/\/hudo.com\/si\/#website\"},\"datePublished\":\"2016-04-27T09:15:06+00:00\",\"dateModified\":\"2016-04-28T11:26:25+00:00\",\"breadcrumb\":{\"@id\":\"https:\/\/hudo.com\/si\/aktualno\/vremenoslovci-svetujejo-namesto-na-obalo-se-za-praznike-raje-odpravite-na-smucanje\/#breadcrumb\"},\"inLanguage\":\"sl-SI\",\"potentialAction\":[{\"@type\":\"ReadAction\",\"target\":[\"https:\/\/hudo.com\/si\/aktualno\/vremenoslovci-svetujejo-namesto-na-obalo-se-za-praznike-raje-odpravite-na-smucanje\/\"]}]},{\"@type\":\"BreadcrumbList\",\"@id\":\"https:\/\/hudo.com\/si\/aktualno\/vremenoslovci-svetujejo-namesto-na-obalo-se-za-praznike-raje-odpravite-na-smucanje\/#breadcrumb\",\"itemListElement\":[{\"@type\":\"ListItem\",\"position\":1,\"name\":\"Home\",\"item\":\"https:\/\/hudo.com\/si\/\"},{\"@type\":\"ListItem\",\"position\":2,\"name\":\"Vremenoslovci svetujejo: Namesto na obalo se za praznike raje odpravite na smu\u010danje.\"}]},{\"@type\":\"WebSite\",\"@id\":\"https:\/\/hudo.com\/si\/#website\",\"url\":\"https:\/\/hudo.com\/si\/\",\"name\":\"Hudo Slovenija\",\"description\":\"Vse novice iz Slovenije in sveta\",\"publisher\":{\"@id\":\"https:\/\/hudo.com\/si\/#organization\"},\"potentialAction\":[{\"@type\":\"SearchAction\",\"target\":{\"@type\":\"EntryPoint\",\"urlTemplate\":\"https:\/\/hudo.com\/si\/?s={search_term_string}\"},\"query-input\":\"required name=search_term_string\"}],\"inLanguage\":\"sl-SI\"},{\"@type\":\"Organization\",\"@id\":\"https:\/\/hudo.com\/si\/#organization\",\"name\":\"VSN Media\",\"url\":\"https:\/\/hudo.com\/si\/\",\"logo\":{\"@type\":\"ImageObject\",\"inLanguage\":\"sl-SI\",\"@id\":\"https:\/\/hudo.com\/si\/#\/schema\/logo\/image\/\",\"url\":\"https:\/\/hudo.com\/si\/wp-content\/uploads\/sites\/2\/2021\/03\/hudo-app-2.png\",\"contentUrl\":\"https:\/\/hudo.com\/si\/wp-content\/uploads\/sites\/2\/2021\/03\/hudo-app-2.png\",\"width\":2185,\"height\":2167,\"caption\":\"VSN Media\"},\"image\":{\"@id\":\"https:\/\/hudo.com\/si\/#\/schema\/logo\/image\/\"},\"sameAs\":[\"https:\/\/www.facebook.com\/hudo.si\",\"https:\/\/twitter.com\/hudo_si\"]},{\"@type\":\"Person\",\"@id\":\"https:\/\/hudo.com\/si\/#\/schema\/person\/601cf3379633985b20f7e50f2bb47707\",\"name\":\"hudo\",\"image\":{\"@type\":\"ImageObject\",\"inLanguage\":\"sl-SI\",\"@id\":\"https:\/\/hudo.com\/si\/#\/schema\/person\/image\/\",\"url\":\"https:\/\/secure.gravatar.com\/avatar\/c4ca25fa72cace7a696b52ff5db9e095?s=96&d=mm&r=g\",\"contentUrl\":\"https:\/\/secure.gravatar.com\/avatar\/c4ca25fa72cace7a696b52ff5db9e095?s=96&d=mm&r=g\",\"caption\":\"hudo\"},\"url\":\"https:\/\/hudo.com\/si\/author\/hudo\/\"}]}<\/script>\n<!-- \/ Yoast SEO plugin. -->","yoast_head_json":{"title":"Vremenoslovci svetujejo: Namesto na obalo se za praznike raje odpravite na smu\u010danje. - Hudo Slovenija","robots":{"index":"index","follow":"follow","max-snippet":"max-snippet:-1","max-image-preview":"max-image-preview:large","max-video-preview":"max-video-preview:-1"},"canonical":"https:\/\/hudo.com\/si\/aktualno\/vremenoslovci-svetujejo-namesto-na-obalo-se-za-praznike-raje-odpravite-na-smucanje\/","og_locale":"sl_SI","og_type":"article","og_title":"Vremenoslovci svetujejo: Namesto na obalo se za praznike raje odpravite na smu\u010danje. - Hudo Slovenija","og_description":"V vi\u0161jih predelih Gorenjske, predvsem ob meji z Avstrijo, sne\u017ei. Meja sne\u017eenja se bo zve\u010der in pono\u010di \u0161e spustila. Na Voglu so zato znova zagnali \u017ei\u010dnice, smu\u010darji pa se bodo po belih strminah lahko spu\u0161\u010dali predvidoma do 2. maja. Malo manj pa so tak\u0161nega vremena veseli slovenski sadjarji. Po podatkih Prometno-informacijskega centra je na vi\u0161je","og_url":"https:\/\/hudo.com\/si\/aktualno\/vremenoslovci-svetujejo-namesto-na-obalo-se-za-praznike-raje-odpravite-na-smucanje\/","og_site_name":"Hudo Slovenija","article_publisher":"https:\/\/www.facebook.com\/hudo.si","article_published_time":"2016-04-27T09:15:06+00:00","article_modified_time":"2016-04-28T11:26:25+00:00","og_image":[{"width":483,"height":271,"url":"https:\/\/hudo.com\/si\/wp-content\/uploads\/sites\/2\/2016\/04\/vremenoslovci-svetujejo-namesto-na-obalo-se-za-praznike-raje-odpravite-na-smucanje-01.jpg","type":"image\/jpeg"}],"author":"hudo","twitter_card":"summary_large_image","twitter_creator":"@hudo_si","twitter_site":"@hudo_si","twitter_misc":{"Written by":"hudo"},"schema":{"@context":"https:\/\/schema.org","@graph":[{"@type":"Article","@id":"https:\/\/hudo.com\/si\/aktualno\/vremenoslovci-svetujejo-namesto-na-obalo-se-za-praznike-raje-odpravite-na-smucanje\/#article","isPartOf":{"@id":"https:\/\/hudo.com\/si\/aktualno\/vremenoslovci-svetujejo-namesto-na-obalo-se-za-praznike-raje-odpravite-na-smucanje\/"},"author":{"name":"hudo","@id":"https:\/\/hudo.com\/si\/#\/schema\/person\/601cf3379633985b20f7e50f2bb47707"},"headline":"Vremenoslovci svetujejo: Namesto na obalo se za praznike raje odpravite na smu\u010danje.","datePublished":"2016-04-27T09:15:06+00:00","dateModified":"2016-04-28T11:26:25+00:00","mainEntityOfPage":{"@id":"https:\/\/hudo.com\/si\/aktualno\/vremenoslovci-svetujejo-namesto-na-obalo-se-za-praznike-raje-odpravite-na-smucanje\/"},"wordCount":77,"publisher":{"@id":"https:\/\/hudo.com\/si\/#organization"},"articleSection":["Aktualno"],"inLanguage":"sl-SI"},{"@type":"WebPage","@id":"https:\/\/hudo.com\/si\/aktualno\/vremenoslovci-svetujejo-namesto-na-obalo-se-za-praznike-raje-odpravite-na-smucanje\/","url":"https:\/\/hudo.com\/si\/aktualno\/vremenoslovci-svetujejo-namesto-na-obalo-se-za-praznike-raje-odpravite-na-smucanje\/","name":"Vremenoslovci svetujejo: Namesto na obalo se za praznike raje odpravite na smu\u010danje. - Hudo Slovenija","isPartOf":{"@id":"https:\/\/hudo.com\/si\/#website"},"datePublished":"2016-04-27T09:15:06+00:00","dateModified":"2016-04-28T11:26:25+00:00","breadcrumb":{"@id":"https:\/\/hudo.com\/si\/aktualno\/vremenoslovci-svetujejo-namesto-na-obalo-se-za-praznike-raje-odpravite-na-smucanje\/#breadcrumb"},"inLanguage":"sl-SI","potentialAction":[{"@type":"ReadAction","target":["https:\/\/hudo.com\/si\/aktualno\/vremenoslovci-svetujejo-namesto-na-obalo-se-za-praznike-raje-odpravite-na-smucanje\/"]}]},{"@type":"BreadcrumbList","@id":"https:\/\/hudo.com\/si\/aktualno\/vremenoslovci-svetujejo-namesto-na-obalo-se-za-praznike-raje-odpravite-na-smucanje\/#breadcrumb","itemListElement":[{"@type":"ListItem","position":1,"name":"Home","item":"https:\/\/hudo.com\/si\/"},{"@type":"ListItem","position":2,"name":"Vremenoslovci svetujejo: Namesto na obalo se za praznike raje odpravite na smu\u010danje."}]},{"@type":"WebSite","@id":"https:\/\/hudo.com\/si\/#website","url":"https:\/\/hudo.com\/si\/","name":"Hudo Slovenija","description":"Vse novice iz Slovenije in sveta","publisher":{"@id":"https:\/\/hudo.com\/si\/#organization"},"potentialAction":[{"@type":"SearchAction","target":{"@type":"EntryPoint","urlTemplate":"https:\/\/hudo.com\/si\/?s={search_term_string}"},"query-input":"required name=search_term_string"}],"inLanguage":"sl-SI"},{"@type":"Organization","@id":"https:\/\/hudo.com\/si\/#organization","name":"VSN Media","url":"https:\/\/hudo.com\/si\/","logo":{"@type":"ImageObject","inLanguage":"sl-SI","@id":"https:\/\/hudo.com\/si\/#\/schema\/logo\/image\/","url":"https:\/\/hudo.com\/si\/wp-content\/uploads\/sites\/2\/2021\/03\/hudo-app-2.png","contentUrl":"https:\/\/hudo.com\/si\/wp-content\/uploads\/sites\/2\/2021\/03\/hudo-app-2.png","width":2185,"height":2167,"caption":"VSN Media"},"image":{"@id":"https:\/\/hudo.com\/si\/#\/schema\/logo\/image\/"},"sameAs":["https:\/\/www.facebook.com\/hudo.si","https:\/\/twitter.com\/hudo_si"]},{"@type":"Person","@id":"https:\/\/hudo.com\/si\/#\/schema\/person\/601cf3379633985b20f7e50f2bb47707","name":"hudo","image":{"@type":"ImageObject","inLanguage":"sl-SI","@id":"https:\/\/hudo.com\/si\/#\/schema\/person\/image\/","url":"https:\/\/secure.gravatar.com\/avatar\/c4ca25fa72cace7a696b52ff5db9e095?s=96&d=mm&r=g","contentUrl":"https:\/\/secure.gravatar.com\/avatar\/c4ca25fa72cace7a696b52ff5db9e095?s=96&d=mm&r=g","caption":"hudo"},"url":"https:\/\/hudo.com\/si\/author\/hudo\/"}]}},"amp_enabled":true,"_links":{"self":[{"href":"https:\/\/hudo.com\/si\/wp-json\/wp\/v2\/posts\/40419"}],"collection":[{"href":"https:\/\/hudo.com\/si\/wp-json\/wp\/v2\/posts"}],"about":[{"href":"https:\/\/hudo.com\/si\/wp-json\/wp\/v2\/types\/post"}],"author":[{"embeddable":true,"href":"https:\/\/hudo.com\/si\/wp-json\/wp\/v2\/users\/1"}],"replies":[{"embeddable":true,"href":"https:\/\/hudo.com\/si\/wp-json\/wp\/v2\/comments?post=40419"}],"version-history":[{"count":1,"href":"https:\/\/hudo.com\/si\/wp-json\/wp\/v2\/posts\/40419\/revisions"}],"predecessor-version":[{"id":40465,"href":"https:\/\/hudo.com\/si\/wp-json\/wp\/v2\/posts\/40419\/revisions\/40465"}],"wp:attachment":[{"href":"https:\/\/hudo.com\/si\/wp-json\/wp\/v2\/media?parent=40419"}],"wp:term":[{"taxonomy":"category","embeddable":true,"href":"https:\/\/hudo.com\/si\/wp-json\/wp\/v2\/categories?post=40419"},{"taxonomy":"post_tag","embeddable":true,"href":"https:\/\/hudo.com\/si\/wp-json\/wp\/v2\/tags?post=40419"},{"taxonomy":"source","embeddable":true,"href":"https:\/\/hudo.com\/si\/wp-json\/wp\/v2\/source?post=40419"},{"taxonomy":"supertag","embeddable":true,"href":"https:\/\/hudo.com\/si\/wp-json\/wp\/v2\/supertag?post=40419"}],"curies":[{"name":"wp","href":"https:\/\/api.w.org\/{rel}","templated":true}]}}