{"id":40459,"date":"2016-04-27T11:58:00","date_gmt":"2016-04-27T09:58:00","guid":{"rendered":"http:\/\/hudo.com\/si\/2016\/04\/27\/rojstnodnevno-darilo-pellegrinijeva-bo-zastavonosa-v-riu\/"},"modified":"2016-04-27T11:58:00","modified_gmt":"2016-04-27T09:58:00","slug":"rojstnodnevno-darilo-pellegrinijeva-bo-zastavonosa-v-riu","status":"publish","type":"post","link":"https:\/\/hudo.com\/si\/aktualno\/rojstnodnevno-darilo-pellegrinijeva-bo-zastavonosa-v-riu\/","title":{"rendered":"Rojstnodnevno darilo: Pellegrinijeva bo zastavono\u0161a v Riu"},"content":{"rendered":"<p>Kategorija: Drugi \u0161porti Wed, 27 Apr 2016 13:58:00 +0200  Ljubljana &#8211; Znana sta zastavono\u0161i italijanske in \u0161panske olimpijske odprave leto\u0161njega avgusta v Riu. Na slovesnem odprtju iger bo italijansko zastavo vihtela plavalna zvezdnica Federica Pellegrini, kot je zapisal tamkaj\u0161nji olimpijski komite (CONI), pa je bila odlo\u010ditev zapisana \u017ee v zvezdah, saj bo nekdanja olimpijska zmagovalka prav na dan odprtja praznovala 28. rojstni dan. \u00bbTo je krona moje kariere, sestavljene tako iz velikih zmag kot velikih porazov,\u00ab je potrdila \u0161tirikratna svetovna prvakinja in dobitnica olimpijskega zlata leta 2008 v Pekingu, ko je v tesnem finalu na 200 metrov prosto ugnala slovensko adutinjo Saro Isakovi\u0107. Kon\u010dno pa bo \u010dast zastavono\u0161e v \u0161panski olimpijski reprezentanci pripadla teni\u0161kemu zvezdniku Rafaelu Nadalu, ki se je &#8211; podobno kot Pellegrinijeva &#8211; s kolajno naj\u017elahtnej\u0161ega leska oven\u010dal v Pekingu, z zastavo pa naj bi plapolal \u017ee pred\u00a0&#8230;<\/p>\n","protected":false},"excerpt":{"rendered":"<p>Kategorija: Drugi \u0161porti Wed, 27 Apr 2016 13:58:00 +0200  Ljubljana &#8211; Znana sta zastavono\u0161i italijanske in \u0161panske olimpijske odprave leto\u0161njega avgusta v Riu. Na slovesnem odprtju iger bo italijansko zastavo vihtela plavalna zvezdnica Federica Pellegrini, kot je zapisal tamkaj\u0161nji olimpijski komite (CONI), pa je bila odlo\u010ditev zapisana \u017ee v zvezdah, saj bo nekdanja olimpijska zmagovalka prav na dan odprtja praznovala 28. rojstni dan. \u00bbTo je krona moje kariere, sestavljene tako iz velikih zmag kot velikih porazov,\u00ab je potrdila \u0161tirikratna svetovna prvakinja in dobitnica olimpijskega zlata leta 2008 v Pekingu, ko je v tesnem finalu na 200 metrov prosto ugnala slovensko adutinjo Saro Isakovi\u0107. Kon\u010dno pa bo \u010dast zastavono\u0161e v \u0161panski olimpijski reprezentanci pripadla teni\u0161kemu zvezdniku Rafaelu Nadalu, ki se je &#8211; podobno kot Pellegrinijeva &#8211; s kolajno naj\u017elahtnej\u0161ega leska oven\u010dal v Pekingu, z zastavo pa naj bi plapolal \u017ee pred\u00a0&#8230;<\/p>\n","protected":false},"author":1,"featured_media":0,"comment_status":"closed","ping_status":"closed","sticky":false,"template":"","format":"standard","meta":{"footnotes":""},"categories":[1179],"tags":[],"source":[4511],"supertag":[],"acf":[],"yoast_head":"<!-- This site is optimized with the Yoast SEO plugin v21.3 - https:\/\/yoast.com\/wordpress\/plugins\/seo\/ -->\n<title>Rojstnodnevno darilo: Pellegrinijeva bo zastavono\u0161a v Riu - Hudo Slovenija<\/title>\n<meta name=\"robots\" content=\"index, follow, max-snippet:-1, max-image-preview:large, max-video-preview:-1\" \/>\n<link rel=\"canonical\" href=\"https:\/\/hudo.com\/si\/aktualno\/rojstnodnevno-darilo-pellegrinijeva-bo-zastavonosa-v-riu\/\" \/>\n<meta property=\"og:locale\" content=\"sl_SI\" \/>\n<meta property=\"og:type\" content=\"article\" \/>\n<meta property=\"og:title\" content=\"Rojstnodnevno darilo: Pellegrinijeva bo zastavono\u0161a v Riu - Hudo Slovenija\" \/>\n<meta property=\"og:description\" content=\"Kategorija: Drugi \u0161porti Wed, 27 Apr 2016 13:58:00 +0200 Ljubljana - Znana sta zastavono\u0161i italijanske in \u0161panske olimpijske odprave leto\u0161njega avgusta v Riu. Na slovesnem odprtju iger bo italijansko zastavo vihtela plavalna zvezdnica Federica Pellegrini, kot je zapisal tamkaj\u0161nji olimpijski komite (CONI), pa je bila odlo\u010ditev zapisana \u017ee v zvezdah, saj bo nekdanja olimpijska zmagovalka prav na dan odprtja praznovala 28. rojstni dan. \u00bbTo je krona moje kariere, sestavljene tako iz velikih zmag kot velikih porazov,\u00ab je potrdila \u0161tirikratna svetovna prvakinja in dobitnica olimpijskega zlata leta 2008 v Pekingu, ko je v tesnem finalu na 200 metrov prosto ugnala slovensko adutinjo Saro Isakovi\u0107. Kon\u010dno pa bo \u010dast zastavono\u0161e v \u0161panski olimpijski reprezentanci pripadla teni\u0161kemu zvezdniku Rafaelu Nadalu, ki se je - podobno kot Pellegrinijeva - s kolajno naj\u017elahtnej\u0161ega leska oven\u010dal v Pekingu, z zastavo pa naj bi plapolal \u017ee pred\u00a0...\" \/>\n<meta property=\"og:url\" content=\"https:\/\/hudo.com\/si\/aktualno\/rojstnodnevno-darilo-pellegrinijeva-bo-zastavonosa-v-riu\/\" \/>\n<meta property=\"og:site_name\" content=\"Hudo Slovenija\" \/>\n<meta property=\"article:publisher\" content=\"https:\/\/www.facebook.com\/hudo.si\" \/>\n<meta property=\"article:published_time\" content=\"2016-04-27T09:58:00+00:00\" \/>\n<meta property=\"og:image\" content=\"https:\/\/hudo.com\/si\/wp-content\/uploads\/sites\/2\/2016\/04\/480x290_AP_Pictures-20160426171653-75246000.jpeg\" \/>\n\t<meta property=\"og:image:width\" content=\"480\" \/>\n\t<meta property=\"og:image:height\" content=\"290\" \/>\n\t<meta property=\"og:image:type\" content=\"image\/jpeg\" \/>\n<meta name=\"author\" content=\"hudo\" \/>\n<meta name=\"twitter:card\" content=\"summary_large_image\" \/>\n<meta name=\"twitter:creator\" content=\"@hudo_si\" \/>\n<meta name=\"twitter:site\" content=\"@hudo_si\" \/>\n<meta name=\"twitter:label1\" content=\"Written by\" \/>\n\t<meta name=\"twitter:data1\" content=\"hudo\" \/>\n\t<meta name=\"twitter:label2\" content=\"Est. reading time\" \/>\n\t<meta name=\"twitter:data2\" content=\"1 minuta\" \/>\n<script type=\"application\/ld+json\" class=\"yoast-schema-graph\">{\"@context\":\"https:\/\/schema.org\",\"@graph\":[{\"@type\":\"Article\",\"@id\":\"https:\/\/hudo.com\/si\/aktualno\/rojstnodnevno-darilo-pellegrinijeva-bo-zastavonosa-v-riu\/#article\",\"isPartOf\":{\"@id\":\"https:\/\/hudo.com\/si\/aktualno\/rojstnodnevno-darilo-pellegrinijeva-bo-zastavonosa-v-riu\/\"},\"author\":{\"name\":\"hudo\",\"@id\":\"https:\/\/hudo.com\/si\/#\/schema\/person\/601cf3379633985b20f7e50f2bb47707\"},\"headline\":\"Rojstnodnevno darilo: Pellegrinijeva bo zastavono\u0161a v Riu\",\"datePublished\":\"2016-04-27T09:58:00+00:00\",\"dateModified\":\"2016-04-27T09:58:00+00:00\",\"mainEntityOfPage\":{\"@id\":\"https:\/\/hudo.com\/si\/aktualno\/rojstnodnevno-darilo-pellegrinijeva-bo-zastavonosa-v-riu\/\"},\"wordCount\":151,\"publisher\":{\"@id\":\"https:\/\/hudo.com\/si\/#organization\"},\"articleSection\":[\"Aktualno\"],\"inLanguage\":\"sl-SI\"},{\"@type\":\"WebPage\",\"@id\":\"https:\/\/hudo.com\/si\/aktualno\/rojstnodnevno-darilo-pellegrinijeva-bo-zastavonosa-v-riu\/\",\"url\":\"https:\/\/hudo.com\/si\/aktualno\/rojstnodnevno-darilo-pellegrinijeva-bo-zastavonosa-v-riu\/\",\"name\":\"Rojstnodnevno darilo: Pellegrinijeva bo zastavono\u0161a v Riu - Hudo Slovenija\",\"isPartOf\":{\"@id\":\"https:\/\/hudo.com\/si\/#website\"},\"datePublished\":\"2016-04-27T09:58:00+00:00\",\"dateModified\":\"2016-04-27T09:58:00+00:00\",\"breadcrumb\":{\"@id\":\"https:\/\/hudo.com\/si\/aktualno\/rojstnodnevno-darilo-pellegrinijeva-bo-zastavonosa-v-riu\/#breadcrumb\"},\"inLanguage\":\"sl-SI\",\"potentialAction\":[{\"@type\":\"ReadAction\",\"target\":[\"https:\/\/hudo.com\/si\/aktualno\/rojstnodnevno-darilo-pellegrinijeva-bo-zastavonosa-v-riu\/\"]}]},{\"@type\":\"BreadcrumbList\",\"@id\":\"https:\/\/hudo.com\/si\/aktualno\/rojstnodnevno-darilo-pellegrinijeva-bo-zastavonosa-v-riu\/#breadcrumb\",\"itemListElement\":[{\"@type\":\"ListItem\",\"position\":1,\"name\":\"Home\",\"item\":\"https:\/\/hudo.com\/si\/\"},{\"@type\":\"ListItem\",\"position\":2,\"name\":\"Rojstnodnevno darilo: Pellegrinijeva bo zastavono\u0161a v Riu\"}]},{\"@type\":\"WebSite\",\"@id\":\"https:\/\/hudo.com\/si\/#website\",\"url\":\"https:\/\/hudo.com\/si\/\",\"name\":\"Hudo Slovenija\",\"description\":\"Vse novice iz Slovenije in sveta\",\"publisher\":{\"@id\":\"https:\/\/hudo.com\/si\/#organization\"},\"potentialAction\":[{\"@type\":\"SearchAction\",\"target\":{\"@type\":\"EntryPoint\",\"urlTemplate\":\"https:\/\/hudo.com\/si\/?s={search_term_string}\"},\"query-input\":\"required name=search_term_string\"}],\"inLanguage\":\"sl-SI\"},{\"@type\":\"Organization\",\"@id\":\"https:\/\/hudo.com\/si\/#organization\",\"name\":\"VSN Media\",\"url\":\"https:\/\/hudo.com\/si\/\",\"logo\":{\"@type\":\"ImageObject\",\"inLanguage\":\"sl-SI\",\"@id\":\"https:\/\/hudo.com\/si\/#\/schema\/logo\/image\/\",\"url\":\"https:\/\/hudo.com\/si\/wp-content\/uploads\/sites\/2\/2021\/03\/hudo-app-2.png\",\"contentUrl\":\"https:\/\/hudo.com\/si\/wp-content\/uploads\/sites\/2\/2021\/03\/hudo-app-2.png\",\"width\":2185,\"height\":2167,\"caption\":\"VSN Media\"},\"image\":{\"@id\":\"https:\/\/hudo.com\/si\/#\/schema\/logo\/image\/\"},\"sameAs\":[\"https:\/\/www.facebook.com\/hudo.si\",\"https:\/\/twitter.com\/hudo_si\"]},{\"@type\":\"Person\",\"@id\":\"https:\/\/hudo.com\/si\/#\/schema\/person\/601cf3379633985b20f7e50f2bb47707\",\"name\":\"hudo\",\"image\":{\"@type\":\"ImageObject\",\"inLanguage\":\"sl-SI\",\"@id\":\"https:\/\/hudo.com\/si\/#\/schema\/person\/image\/\",\"url\":\"https:\/\/secure.gravatar.com\/avatar\/c4ca25fa72cace7a696b52ff5db9e095?s=96&d=mm&r=g\",\"contentUrl\":\"https:\/\/secure.gravatar.com\/avatar\/c4ca25fa72cace7a696b52ff5db9e095?s=96&d=mm&r=g\",\"caption\":\"hudo\"},\"url\":\"https:\/\/hudo.com\/si\/author\/hudo\/\"}]}<\/script>\n<!-- \/ Yoast SEO plugin. -->","yoast_head_json":{"title":"Rojstnodnevno darilo: Pellegrinijeva bo zastavono\u0161a v Riu - Hudo Slovenija","robots":{"index":"index","follow":"follow","max-snippet":"max-snippet:-1","max-image-preview":"max-image-preview:large","max-video-preview":"max-video-preview:-1"},"canonical":"https:\/\/hudo.com\/si\/aktualno\/rojstnodnevno-darilo-pellegrinijeva-bo-zastavonosa-v-riu\/","og_locale":"sl_SI","og_type":"article","og_title":"Rojstnodnevno darilo: Pellegrinijeva bo zastavono\u0161a v Riu - Hudo Slovenija","og_description":"Kategorija: Drugi \u0161porti Wed, 27 Apr 2016 13:58:00 +0200 Ljubljana - Znana sta zastavono\u0161i italijanske in \u0161panske olimpijske odprave leto\u0161njega avgusta v Riu. Na slovesnem odprtju iger bo italijansko zastavo vihtela plavalna zvezdnica Federica Pellegrini, kot je zapisal tamkaj\u0161nji olimpijski komite (CONI), pa je bila odlo\u010ditev zapisana \u017ee v zvezdah, saj bo nekdanja olimpijska zmagovalka prav na dan odprtja praznovala 28. rojstni dan. \u00bbTo je krona moje kariere, sestavljene tako iz velikih zmag kot velikih porazov,\u00ab je potrdila \u0161tirikratna svetovna prvakinja in dobitnica olimpijskega zlata leta 2008 v Pekingu, ko je v tesnem finalu na 200 metrov prosto ugnala slovensko adutinjo Saro Isakovi\u0107. Kon\u010dno pa bo \u010dast zastavono\u0161e v \u0161panski olimpijski reprezentanci pripadla teni\u0161kemu zvezdniku Rafaelu Nadalu, ki se je - podobno kot Pellegrinijeva - s kolajno naj\u017elahtnej\u0161ega leska oven\u010dal v Pekingu, z zastavo pa naj bi plapolal \u017ee pred\u00a0...","og_url":"https:\/\/hudo.com\/si\/aktualno\/rojstnodnevno-darilo-pellegrinijeva-bo-zastavonosa-v-riu\/","og_site_name":"Hudo Slovenija","article_publisher":"https:\/\/www.facebook.com\/hudo.si","article_published_time":"2016-04-27T09:58:00+00:00","og_image":[{"width":480,"height":290,"url":"https:\/\/hudo.com\/si\/wp-content\/uploads\/sites\/2\/2016\/04\/480x290_AP_Pictures-20160426171653-75246000.jpeg","type":"image\/jpeg"}],"author":"hudo","twitter_card":"summary_large_image","twitter_creator":"@hudo_si","twitter_site":"@hudo_si","twitter_misc":{"Written by":"hudo","Est. reading time":"1 minuta"},"schema":{"@context":"https:\/\/schema.org","@graph":[{"@type":"Article","@id":"https:\/\/hudo.com\/si\/aktualno\/rojstnodnevno-darilo-pellegrinijeva-bo-zastavonosa-v-riu\/#article","isPartOf":{"@id":"https:\/\/hudo.com\/si\/aktualno\/rojstnodnevno-darilo-pellegrinijeva-bo-zastavonosa-v-riu\/"},"author":{"name":"hudo","@id":"https:\/\/hudo.com\/si\/#\/schema\/person\/601cf3379633985b20f7e50f2bb47707"},"headline":"Rojstnodnevno darilo: Pellegrinijeva bo zastavono\u0161a v Riu","datePublished":"2016-04-27T09:58:00+00:00","dateModified":"2016-04-27T09:58:00+00:00","mainEntityOfPage":{"@id":"https:\/\/hudo.com\/si\/aktualno\/rojstnodnevno-darilo-pellegrinijeva-bo-zastavonosa-v-riu\/"},"wordCount":151,"publisher":{"@id":"https:\/\/hudo.com\/si\/#organization"},"articleSection":["Aktualno"],"inLanguage":"sl-SI"},{"@type":"WebPage","@id":"https:\/\/hudo.com\/si\/aktualno\/rojstnodnevno-darilo-pellegrinijeva-bo-zastavonosa-v-riu\/","url":"https:\/\/hudo.com\/si\/aktualno\/rojstnodnevno-darilo-pellegrinijeva-bo-zastavonosa-v-riu\/","name":"Rojstnodnevno darilo: Pellegrinijeva bo zastavono\u0161a v Riu - Hudo Slovenija","isPartOf":{"@id":"https:\/\/hudo.com\/si\/#website"},"datePublished":"2016-04-27T09:58:00+00:00","dateModified":"2016-04-27T09:58:00+00:00","breadcrumb":{"@id":"https:\/\/hudo.com\/si\/aktualno\/rojstnodnevno-darilo-pellegrinijeva-bo-zastavonosa-v-riu\/#breadcrumb"},"inLanguage":"sl-SI","potentialAction":[{"@type":"ReadAction","target":["https:\/\/hudo.com\/si\/aktualno\/rojstnodnevno-darilo-pellegrinijeva-bo-zastavonosa-v-riu\/"]}]},{"@type":"BreadcrumbList","@id":"https:\/\/hudo.com\/si\/aktualno\/rojstnodnevno-darilo-pellegrinijeva-bo-zastavonosa-v-riu\/#breadcrumb","itemListElement":[{"@type":"ListItem","position":1,"name":"Home","item":"https:\/\/hudo.com\/si\/"},{"@type":"ListItem","position":2,"name":"Rojstnodnevno darilo: Pellegrinijeva bo zastavono\u0161a v Riu"}]},{"@type":"WebSite","@id":"https:\/\/hudo.com\/si\/#website","url":"https:\/\/hudo.com\/si\/","name":"Hudo Slovenija","description":"Vse novice iz Slovenije in sveta","publisher":{"@id":"https:\/\/hudo.com\/si\/#organization"},"potentialAction":[{"@type":"SearchAction","target":{"@type":"EntryPoint","urlTemplate":"https:\/\/hudo.com\/si\/?s={search_term_string}"},"query-input":"required name=search_term_string"}],"inLanguage":"sl-SI"},{"@type":"Organization","@id":"https:\/\/hudo.com\/si\/#organization","name":"VSN Media","url":"https:\/\/hudo.com\/si\/","logo":{"@type":"ImageObject","inLanguage":"sl-SI","@id":"https:\/\/hudo.com\/si\/#\/schema\/logo\/image\/","url":"https:\/\/hudo.com\/si\/wp-content\/uploads\/sites\/2\/2021\/03\/hudo-app-2.png","contentUrl":"https:\/\/hudo.com\/si\/wp-content\/uploads\/sites\/2\/2021\/03\/hudo-app-2.png","width":2185,"height":2167,"caption":"VSN Media"},"image":{"@id":"https:\/\/hudo.com\/si\/#\/schema\/logo\/image\/"},"sameAs":["https:\/\/www.facebook.com\/hudo.si","https:\/\/twitter.com\/hudo_si"]},{"@type":"Person","@id":"https:\/\/hudo.com\/si\/#\/schema\/person\/601cf3379633985b20f7e50f2bb47707","name":"hudo","image":{"@type":"ImageObject","inLanguage":"sl-SI","@id":"https:\/\/hudo.com\/si\/#\/schema\/person\/image\/","url":"https:\/\/secure.gravatar.com\/avatar\/c4ca25fa72cace7a696b52ff5db9e095?s=96&d=mm&r=g","contentUrl":"https:\/\/secure.gravatar.com\/avatar\/c4ca25fa72cace7a696b52ff5db9e095?s=96&d=mm&r=g","caption":"hudo"},"url":"https:\/\/hudo.com\/si\/author\/hudo\/"}]}},"amp_enabled":true,"_links":{"self":[{"href":"https:\/\/hudo.com\/si\/wp-json\/wp\/v2\/posts\/40459"}],"collection":[{"href":"https:\/\/hudo.com\/si\/wp-json\/wp\/v2\/posts"}],"about":[{"href":"https:\/\/hudo.com\/si\/wp-json\/wp\/v2\/types\/post"}],"author":[{"embeddable":true,"href":"https:\/\/hudo.com\/si\/wp-json\/wp\/v2\/users\/1"}],"replies":[{"embeddable":true,"href":"https:\/\/hudo.com\/si\/wp-json\/wp\/v2\/comments?post=40459"}],"version-history":[{"count":0,"href":"https:\/\/hudo.com\/si\/wp-json\/wp\/v2\/posts\/40459\/revisions"}],"wp:attachment":[{"href":"https:\/\/hudo.com\/si\/wp-json\/wp\/v2\/media?parent=40459"}],"wp:term":[{"taxonomy":"category","embeddable":true,"href":"https:\/\/hudo.com\/si\/wp-json\/wp\/v2\/categories?post=40459"},{"taxonomy":"post_tag","embeddable":true,"href":"https:\/\/hudo.com\/si\/wp-json\/wp\/v2\/tags?post=40459"},{"taxonomy":"source","embeddable":true,"href":"https:\/\/hudo.com\/si\/wp-json\/wp\/v2\/source?post=40459"},{"taxonomy":"supertag","embeddable":true,"href":"https:\/\/hudo.com\/si\/wp-json\/wp\/v2\/supertag?post=40459"}],"curies":[{"name":"wp","href":"https:\/\/api.w.org\/{rel}","templated":true}]}}