{"id":405383,"date":"2019-09-02T08:46:18","date_gmt":"2019-09-02T06:46:18","guid":{"rendered":"http:\/\/hudo.com\/si\/?p=405383"},"modified":"2019-09-02T08:46:18","modified_gmt":"2019-09-02T06:46:18","slug":"zaradi-orkana-dorian-ki-se-bliza-ameriski-obali-odredili-evakuacijo-celotne-obale-juzne-karoline","status":"publish","type":"post","link":"https:\/\/hudo.com\/si\/aktualno\/zaradi-orkana-dorian-ki-se-bliza-ameriski-obali-odredili-evakuacijo-celotne-obale-juzne-karoline\/","title":{"rendered":"Zaradi orkana Dorian, ki se bli\u017ea ameri\u0161ki obali, odredili evakuacijo celotne obale Ju\u017ene Karoline"},"content":{"rendered":"<p>Orkan Dorian, ki se je v nedeljo okrepil v orkan najvi\u0161je, pete stopnje, je z mo\u010dnimi nalivi in vetrovi Bahame dosegel na severozahodu oto\u010dja, v mestu Elbow Cay na otoku Abacos.<\/p>\n<p>&#8220;Soo\u010damo se z orkanom (&#8230;), kot ga v zgodovini Bahamov \u0161e nismo videli,&#8221; je dejal premier Bahamov Hubert Minnis. &#8220;To je verjetno najbolj \u017ealosten dan v mojem \u017eivljenju,&#8221; je dodal po poro\u010danju francoske tiskovne agencije AFP.<\/p>\n<p>Ameri\u0161ki Nacionalni center za orkane je Doriana ozna\u010dil za &#8220;katastrofalnega&#8221;. V videoposnetkih, ki jih je na spletu objavil bahamski \u010dasnik Tribune 242, je videti orja\u0161ke valove, ki so segali \u010dez strehe lesenih hi\u0161, prevrnjene \u010dolne, ki so ujeti v kro\u0161njah dreves in druge naplavine, poro\u010da AFP.<\/p>\n<p>Guverner Ju\u017ene Karoline Henry McMaster je odredil obvezno evakuacijo celotne obale te ameri\u0161ke zvezne dr\u017eave, ki naj bi jo Dorian dosegel v sredo. To je najmo\u010dnej\u0161i in najve\u010dji orkan v moderni zgodovini, zagotovo najmo\u010dnej\u0161i, kot smo ga kdaj videli, je opozoril McMaster.<\/p>\n<p>Dorian naj bi danes dosegel vzhodno obalo Floride, vendar meteorologi poudarjajo, da je njegovo pot te\u017eko napovedati. Ve\u010dina vremenskih modelov ka\u017ee, da naj bi rahlo oslabel, se obrnil proti severu in se v prihodnjih dneh pomikal ob ameri\u0161ki obali in grozil zveznim dr\u017eavam Georgia ter Ju\u017ena in Severna Karolina.<\/p>\n<p>Guverner Floride Ron DeSantis je v nedeljo razglasil izredne razmere in milijone prebivalcev opozoril, naj se pripravijo na &#8220;izredni dogodek&#8221;. &#8220;Pri\u010dakujemo obse\u017ene poplave. Vse prebivalce Floride pozivamo, naj si naredijo sedemdnevno zalogo hrane, zdravil in vode,&#8221; je dodal.<\/p>\n","protected":false},"excerpt":{"rendered":"<p>Zaradi orkana Dorian, ki je v nedeljo dosegel Bahame in se bli\u017ea ameri\u0161ki obali, so v ameri\u0161ki zvezni dr\u017eavi Ju\u017ena Karolina odredili evakuacijo prebivalcev na celotni obali. Dorian je v nedeljo Bahame dosegel z vetrovi, ki so pihali do 300 kilometrov na uro, in je najmo\u010dnej\u0161i orkan, ki je doslej prizadel to oto\u010dje, poro\u010dajo tuje tiskovne agencije.<\/p>\n","protected":false},"author":8,"featured_media":405384,"comment_status":"closed","ping_status":"closed","sticky":false,"template":"","format":"standard","meta":{"footnotes":""},"categories":[1179],"tags":[14606],"source":[4511],"supertag":[],"acf":[],"yoast_head":"<!-- This site is optimized with the Yoast SEO plugin v21.3 - https:\/\/yoast.com\/wordpress\/plugins\/seo\/ -->\n<title>Zaradi orkana Dorian, ki se bli\u017ea ameri\u0161ki obali, odredili evakuacijo celotne obale Ju\u017ene Karoline - Hudo Slovenija<\/title>\n<meta name=\"robots\" content=\"index, follow, max-snippet:-1, max-image-preview:large, max-video-preview:-1\" \/>\n<link rel=\"canonical\" href=\"https:\/\/hudo.com\/si\/aktualno\/zaradi-orkana-dorian-ki-se-bliza-ameriski-obali-odredili-evakuacijo-celotne-obale-juzne-karoline\/\" \/>\n<meta property=\"og:locale\" content=\"sl_SI\" \/>\n<meta property=\"og:type\" content=\"article\" \/>\n<meta property=\"og:title\" content=\"Zaradi orkana Dorian, ki se bli\u017ea ameri\u0161ki obali, odredili evakuacijo celotne obale Ju\u017ene Karoline - Hudo Slovenija\" \/>\n<meta property=\"og:description\" content=\"Zaradi orkana Dorian, ki je v nedeljo dosegel Bahame in se bli\u017ea ameri\u0161ki obali, so v ameri\u0161ki zvezni dr\u017eavi Ju\u017ena Karolina odredili evakuacijo prebivalcev na celotni obali. Dorian je v nedeljo Bahame dosegel z vetrovi, ki so pihali do 300 kilometrov na uro, in je najmo\u010dnej\u0161i orkan, ki je doslej prizadel to oto\u010dje, poro\u010dajo tuje tiskovne agencije.\" \/>\n<meta property=\"og:url\" content=\"https:\/\/hudo.com\/si\/aktualno\/zaradi-orkana-dorian-ki-se-bliza-ameriski-obali-odredili-evakuacijo-celotne-obale-juzne-karoline\/\" \/>\n<meta property=\"og:site_name\" content=\"Hudo Slovenija\" \/>\n<meta property=\"article:publisher\" content=\"https:\/\/www.facebook.com\/hudo.si\" \/>\n<meta property=\"article:published_time\" content=\"2019-09-02T06:46:18+00:00\" \/>\n<meta property=\"og:image\" content=\"https:\/\/hudo.com\/si\/wp-content\/uploads\/sites\/2\/2019\/09\/profimedia-0468382553.jpg\" \/>\n\t<meta property=\"og:image:width\" content=\"1250\" \/>\n\t<meta property=\"og:image:height\" content=\"846\" \/>\n\t<meta property=\"og:image:type\" content=\"image\/jpeg\" \/>\n<meta name=\"author\" content=\"M. N., STA\" \/>\n<meta name=\"twitter:card\" content=\"summary_large_image\" \/>\n<meta name=\"twitter:creator\" content=\"@hudo_si\" \/>\n<meta name=\"twitter:site\" content=\"@hudo_si\" \/>\n<meta name=\"twitter:label1\" content=\"Written by\" \/>\n\t<meta name=\"twitter:data1\" content=\"M. N., STA\" \/>\n\t<meta name=\"twitter:label2\" content=\"Est. reading time\" \/>\n\t<meta name=\"twitter:data2\" content=\"1 minuta\" \/>\n<script type=\"application\/ld+json\" class=\"yoast-schema-graph\">{\"@context\":\"https:\/\/schema.org\",\"@graph\":[{\"@type\":\"Article\",\"@id\":\"https:\/\/hudo.com\/si\/aktualno\/zaradi-orkana-dorian-ki-se-bliza-ameriski-obali-odredili-evakuacijo-celotne-obale-juzne-karoline\/#article\",\"isPartOf\":{\"@id\":\"https:\/\/hudo.com\/si\/aktualno\/zaradi-orkana-dorian-ki-se-bliza-ameriski-obali-odredili-evakuacijo-celotne-obale-juzne-karoline\/\"},\"author\":{\"name\":\"M. N., STA\",\"@id\":\"https:\/\/hudo.com\/si\/#\/schema\/person\/c2f10ce65d2e6ede2aeda5be2a0611fa\"},\"headline\":\"Zaradi orkana Dorian, ki se bli\u017ea ameri\u0161ki obali, odredili evakuacijo celotne obale Ju\u017ene Karoline\",\"datePublished\":\"2019-09-02T06:46:18+00:00\",\"dateModified\":\"2019-09-02T06:46:18+00:00\",\"mainEntityOfPage\":{\"@id\":\"https:\/\/hudo.com\/si\/aktualno\/zaradi-orkana-dorian-ki-se-bliza-ameriski-obali-odredili-evakuacijo-celotne-obale-juzne-karoline\/\"},\"wordCount\":283,\"publisher\":{\"@id\":\"https:\/\/hudo.com\/si\/#organization\"},\"keywords\":[\"orkan dorian\"],\"articleSection\":[\"Aktualno\"],\"inLanguage\":\"sl-SI\"},{\"@type\":\"WebPage\",\"@id\":\"https:\/\/hudo.com\/si\/aktualno\/zaradi-orkana-dorian-ki-se-bliza-ameriski-obali-odredili-evakuacijo-celotne-obale-juzne-karoline\/\",\"url\":\"https:\/\/hudo.com\/si\/aktualno\/zaradi-orkana-dorian-ki-se-bliza-ameriski-obali-odredili-evakuacijo-celotne-obale-juzne-karoline\/\",\"name\":\"Zaradi orkana Dorian, ki se bli\u017ea ameri\u0161ki obali, odredili evakuacijo celotne obale Ju\u017ene Karoline - Hudo Slovenija\",\"isPartOf\":{\"@id\":\"https:\/\/hudo.com\/si\/#website\"},\"datePublished\":\"2019-09-02T06:46:18+00:00\",\"dateModified\":\"2019-09-02T06:46:18+00:00\",\"breadcrumb\":{\"@id\":\"https:\/\/hudo.com\/si\/aktualno\/zaradi-orkana-dorian-ki-se-bliza-ameriski-obali-odredili-evakuacijo-celotne-obale-juzne-karoline\/#breadcrumb\"},\"inLanguage\":\"sl-SI\",\"potentialAction\":[{\"@type\":\"ReadAction\",\"target\":[\"https:\/\/hudo.com\/si\/aktualno\/zaradi-orkana-dorian-ki-se-bliza-ameriski-obali-odredili-evakuacijo-celotne-obale-juzne-karoline\/\"]}]},{\"@type\":\"BreadcrumbList\",\"@id\":\"https:\/\/hudo.com\/si\/aktualno\/zaradi-orkana-dorian-ki-se-bliza-ameriski-obali-odredili-evakuacijo-celotne-obale-juzne-karoline\/#breadcrumb\",\"itemListElement\":[{\"@type\":\"ListItem\",\"position\":1,\"name\":\"Home\",\"item\":\"https:\/\/hudo.com\/si\/\"},{\"@type\":\"ListItem\",\"position\":2,\"name\":\"Zaradi orkana Dorian, ki se bli\u017ea ameri\u0161ki obali, odredili evakuacijo celotne obale Ju\u017ene Karoline\"}]},{\"@type\":\"WebSite\",\"@id\":\"https:\/\/hudo.com\/si\/#website\",\"url\":\"https:\/\/hudo.com\/si\/\",\"name\":\"Hudo Slovenija\",\"description\":\"Vse novice iz Slovenije in sveta\",\"publisher\":{\"@id\":\"https:\/\/hudo.com\/si\/#organization\"},\"potentialAction\":[{\"@type\":\"SearchAction\",\"target\":{\"@type\":\"EntryPoint\",\"urlTemplate\":\"https:\/\/hudo.com\/si\/?s={search_term_string}\"},\"query-input\":\"required name=search_term_string\"}],\"inLanguage\":\"sl-SI\"},{\"@type\":\"Organization\",\"@id\":\"https:\/\/hudo.com\/si\/#organization\",\"name\":\"VSN Media\",\"url\":\"https:\/\/hudo.com\/si\/\",\"logo\":{\"@type\":\"ImageObject\",\"inLanguage\":\"sl-SI\",\"@id\":\"https:\/\/hudo.com\/si\/#\/schema\/logo\/image\/\",\"url\":\"https:\/\/hudo.com\/si\/wp-content\/uploads\/sites\/2\/2021\/03\/hudo-app-2.png\",\"contentUrl\":\"https:\/\/hudo.com\/si\/wp-content\/uploads\/sites\/2\/2021\/03\/hudo-app-2.png\",\"width\":2185,\"height\":2167,\"caption\":\"VSN Media\"},\"image\":{\"@id\":\"https:\/\/hudo.com\/si\/#\/schema\/logo\/image\/\"},\"sameAs\":[\"https:\/\/www.facebook.com\/hudo.si\",\"https:\/\/twitter.com\/hudo_si\"]},{\"@type\":\"Person\",\"@id\":\"https:\/\/hudo.com\/si\/#\/schema\/person\/c2f10ce65d2e6ede2aeda5be2a0611fa\",\"name\":\"M. N., STA\",\"image\":{\"@type\":\"ImageObject\",\"inLanguage\":\"sl-SI\",\"@id\":\"https:\/\/hudo.com\/si\/#\/schema\/person\/image\/\",\"url\":\"https:\/\/secure.gravatar.com\/avatar\/f370d38daa10467f755c5c766a4cac20?s=96&d=mm&r=g\",\"contentUrl\":\"https:\/\/secure.gravatar.com\/avatar\/f370d38daa10467f755c5c766a4cac20?s=96&d=mm&r=g\",\"caption\":\"M. N., STA\"},\"url\":\"https:\/\/hudo.com\/si\/author\/mana\/\"}]}<\/script>\n<!-- \/ Yoast SEO plugin. -->","yoast_head_json":{"title":"Zaradi orkana Dorian, ki se bli\u017ea ameri\u0161ki obali, odredili evakuacijo celotne obale Ju\u017ene Karoline - Hudo Slovenija","robots":{"index":"index","follow":"follow","max-snippet":"max-snippet:-1","max-image-preview":"max-image-preview:large","max-video-preview":"max-video-preview:-1"},"canonical":"https:\/\/hudo.com\/si\/aktualno\/zaradi-orkana-dorian-ki-se-bliza-ameriski-obali-odredili-evakuacijo-celotne-obale-juzne-karoline\/","og_locale":"sl_SI","og_type":"article","og_title":"Zaradi orkana Dorian, ki se bli\u017ea ameri\u0161ki obali, odredili evakuacijo celotne obale Ju\u017ene Karoline - Hudo Slovenija","og_description":"Zaradi orkana Dorian, ki je v nedeljo dosegel Bahame in se bli\u017ea ameri\u0161ki obali, so v ameri\u0161ki zvezni dr\u017eavi Ju\u017ena Karolina odredili evakuacijo prebivalcev na celotni obali. Dorian je v nedeljo Bahame dosegel z vetrovi, ki so pihali do 300 kilometrov na uro, in je najmo\u010dnej\u0161i orkan, ki je doslej prizadel to oto\u010dje, poro\u010dajo tuje tiskovne agencije.","og_url":"https:\/\/hudo.com\/si\/aktualno\/zaradi-orkana-dorian-ki-se-bliza-ameriski-obali-odredili-evakuacijo-celotne-obale-juzne-karoline\/","og_site_name":"Hudo Slovenija","article_publisher":"https:\/\/www.facebook.com\/hudo.si","article_published_time":"2019-09-02T06:46:18+00:00","og_image":[{"width":1250,"height":846,"url":"https:\/\/hudo.com\/si\/wp-content\/uploads\/sites\/2\/2019\/09\/profimedia-0468382553.jpg","type":"image\/jpeg"}],"author":"M. N., STA","twitter_card":"summary_large_image","twitter_creator":"@hudo_si","twitter_site":"@hudo_si","twitter_misc":{"Written by":"M. N., STA","Est. reading time":"1 minuta"},"schema":{"@context":"https:\/\/schema.org","@graph":[{"@type":"Article","@id":"https:\/\/hudo.com\/si\/aktualno\/zaradi-orkana-dorian-ki-se-bliza-ameriski-obali-odredili-evakuacijo-celotne-obale-juzne-karoline\/#article","isPartOf":{"@id":"https:\/\/hudo.com\/si\/aktualno\/zaradi-orkana-dorian-ki-se-bliza-ameriski-obali-odredili-evakuacijo-celotne-obale-juzne-karoline\/"},"author":{"name":"M. N., STA","@id":"https:\/\/hudo.com\/si\/#\/schema\/person\/c2f10ce65d2e6ede2aeda5be2a0611fa"},"headline":"Zaradi orkana Dorian, ki se bli\u017ea ameri\u0161ki obali, odredili evakuacijo celotne obale Ju\u017ene Karoline","datePublished":"2019-09-02T06:46:18+00:00","dateModified":"2019-09-02T06:46:18+00:00","mainEntityOfPage":{"@id":"https:\/\/hudo.com\/si\/aktualno\/zaradi-orkana-dorian-ki-se-bliza-ameriski-obali-odredili-evakuacijo-celotne-obale-juzne-karoline\/"},"wordCount":283,"publisher":{"@id":"https:\/\/hudo.com\/si\/#organization"},"keywords":["orkan dorian"],"articleSection":["Aktualno"],"inLanguage":"sl-SI"},{"@type":"WebPage","@id":"https:\/\/hudo.com\/si\/aktualno\/zaradi-orkana-dorian-ki-se-bliza-ameriski-obali-odredili-evakuacijo-celotne-obale-juzne-karoline\/","url":"https:\/\/hudo.com\/si\/aktualno\/zaradi-orkana-dorian-ki-se-bliza-ameriski-obali-odredili-evakuacijo-celotne-obale-juzne-karoline\/","name":"Zaradi orkana Dorian, ki se bli\u017ea ameri\u0161ki obali, odredili evakuacijo celotne obale Ju\u017ene Karoline - Hudo Slovenija","isPartOf":{"@id":"https:\/\/hudo.com\/si\/#website"},"datePublished":"2019-09-02T06:46:18+00:00","dateModified":"2019-09-02T06:46:18+00:00","breadcrumb":{"@id":"https:\/\/hudo.com\/si\/aktualno\/zaradi-orkana-dorian-ki-se-bliza-ameriski-obali-odredili-evakuacijo-celotne-obale-juzne-karoline\/#breadcrumb"},"inLanguage":"sl-SI","potentialAction":[{"@type":"ReadAction","target":["https:\/\/hudo.com\/si\/aktualno\/zaradi-orkana-dorian-ki-se-bliza-ameriski-obali-odredili-evakuacijo-celotne-obale-juzne-karoline\/"]}]},{"@type":"BreadcrumbList","@id":"https:\/\/hudo.com\/si\/aktualno\/zaradi-orkana-dorian-ki-se-bliza-ameriski-obali-odredili-evakuacijo-celotne-obale-juzne-karoline\/#breadcrumb","itemListElement":[{"@type":"ListItem","position":1,"name":"Home","item":"https:\/\/hudo.com\/si\/"},{"@type":"ListItem","position":2,"name":"Zaradi orkana Dorian, ki se bli\u017ea ameri\u0161ki obali, odredili evakuacijo celotne obale Ju\u017ene Karoline"}]},{"@type":"WebSite","@id":"https:\/\/hudo.com\/si\/#website","url":"https:\/\/hudo.com\/si\/","name":"Hudo Slovenija","description":"Vse novice iz Slovenije in sveta","publisher":{"@id":"https:\/\/hudo.com\/si\/#organization"},"potentialAction":[{"@type":"SearchAction","target":{"@type":"EntryPoint","urlTemplate":"https:\/\/hudo.com\/si\/?s={search_term_string}"},"query-input":"required name=search_term_string"}],"inLanguage":"sl-SI"},{"@type":"Organization","@id":"https:\/\/hudo.com\/si\/#organization","name":"VSN Media","url":"https:\/\/hudo.com\/si\/","logo":{"@type":"ImageObject","inLanguage":"sl-SI","@id":"https:\/\/hudo.com\/si\/#\/schema\/logo\/image\/","url":"https:\/\/hudo.com\/si\/wp-content\/uploads\/sites\/2\/2021\/03\/hudo-app-2.png","contentUrl":"https:\/\/hudo.com\/si\/wp-content\/uploads\/sites\/2\/2021\/03\/hudo-app-2.png","width":2185,"height":2167,"caption":"VSN Media"},"image":{"@id":"https:\/\/hudo.com\/si\/#\/schema\/logo\/image\/"},"sameAs":["https:\/\/www.facebook.com\/hudo.si","https:\/\/twitter.com\/hudo_si"]},{"@type":"Person","@id":"https:\/\/hudo.com\/si\/#\/schema\/person\/c2f10ce65d2e6ede2aeda5be2a0611fa","name":"M. N., STA","image":{"@type":"ImageObject","inLanguage":"sl-SI","@id":"https:\/\/hudo.com\/si\/#\/schema\/person\/image\/","url":"https:\/\/secure.gravatar.com\/avatar\/f370d38daa10467f755c5c766a4cac20?s=96&d=mm&r=g","contentUrl":"https:\/\/secure.gravatar.com\/avatar\/f370d38daa10467f755c5c766a4cac20?s=96&d=mm&r=g","caption":"M. N., STA"},"url":"https:\/\/hudo.com\/si\/author\/mana\/"}]}},"amp_enabled":true,"_links":{"self":[{"href":"https:\/\/hudo.com\/si\/wp-json\/wp\/v2\/posts\/405383"}],"collection":[{"href":"https:\/\/hudo.com\/si\/wp-json\/wp\/v2\/posts"}],"about":[{"href":"https:\/\/hudo.com\/si\/wp-json\/wp\/v2\/types\/post"}],"author":[{"embeddable":true,"href":"https:\/\/hudo.com\/si\/wp-json\/wp\/v2\/users\/8"}],"replies":[{"embeddable":true,"href":"https:\/\/hudo.com\/si\/wp-json\/wp\/v2\/comments?post=405383"}],"version-history":[{"count":1,"href":"https:\/\/hudo.com\/si\/wp-json\/wp\/v2\/posts\/405383\/revisions"}],"predecessor-version":[{"id":405385,"href":"https:\/\/hudo.com\/si\/wp-json\/wp\/v2\/posts\/405383\/revisions\/405385"}],"wp:featuredmedia":[{"embeddable":true,"href":"https:\/\/hudo.com\/si\/wp-json\/wp\/v2\/media\/405384"}],"wp:attachment":[{"href":"https:\/\/hudo.com\/si\/wp-json\/wp\/v2\/media?parent=405383"}],"wp:term":[{"taxonomy":"category","embeddable":true,"href":"https:\/\/hudo.com\/si\/wp-json\/wp\/v2\/categories?post=405383"},{"taxonomy":"post_tag","embeddable":true,"href":"https:\/\/hudo.com\/si\/wp-json\/wp\/v2\/tags?post=405383"},{"taxonomy":"source","embeddable":true,"href":"https:\/\/hudo.com\/si\/wp-json\/wp\/v2\/source?post=405383"},{"taxonomy":"supertag","embeddable":true,"href":"https:\/\/hudo.com\/si\/wp-json\/wp\/v2\/supertag?post=405383"}],"curies":[{"name":"wp","href":"https:\/\/api.w.org\/{rel}","templated":true}]}}