{"id":405985,"date":"2019-09-11T12:28:02","date_gmt":"2019-09-11T10:28:02","guid":{"rendered":"http:\/\/hudo.com\/si\/?p=405985"},"modified":"2019-09-11T12:28:02","modified_gmt":"2019-09-11T10:28:02","slug":"eu-obsodila-netanjahujevo-napoved-prikljucitve-palestinskih-ozemelj","status":"publish","type":"post","link":"https:\/\/hudo.com\/si\/aktualno\/eu-obsodila-netanjahujevo-napoved-prikljucitve-palestinskih-ozemelj\/","title":{"rendered":"EU obsodila Netanjahujevo napoved priklju\u010ditve palestinskih ozemelj"},"content":{"rendered":"<p>&#8220;Politika gradnje naselbin in \u0161iritve ni v skladu z mednarodnim pravom, tovrstna dejanja pa zmanj\u0161ujejo mo\u017enost re\u0161itve dveh dr\u017eav ter mo\u017enosti za trajen mir,&#8221; je za francosko tiskovno agencijo AFP pojasnil neimenovani tiskovni predstavnik EU.<\/p>\n<p>Ameri\u0161ki mirovni na\u010drt je &#8220;zgodovinska prilo\u017enost, da podelimo izraelsko suverenost naselbinam v Judeji in Samariji&#8221;, je v torek, teden dni pred volitvami dejal Netanjahu in ob tem uporabil bibli\u010dni imeni za ju\u017eni in severni del Zahodnega brega. Medtem ko namerava po\u010dakati na predstavitev na\u010drta, preden bo to storil, lahko nemudoma to stori v Jordanski dolini, je dodal izraelski premier.<\/p>\n<p>Netanjahujeva predvolilna obljuba je po svetu \u017ee naletela na ostre obsodbe. Predstavnik palestinskih oblasti je v torek posvaril, da Netanjahujeve obljube spodkopavajo vse mo\u017enosti za izraelsko-palestinski mir. Jordanski zunanji minister Ajman Safadi je ocenil, da bi Netanjahu s tem pahnil celotno regijo v nasilje.<\/p>\n<p>Tur\u0161ki zunanji minister Mevlut Cavusoglu je Netanjahuja obto\u017eil rasizma. Savdski kraljevi dvor pa je njegove besede ozna\u010dil kot zelo nevarno eskalacijo proti Palestincem in brezobzirno kr\u0161itev ustanovne listine ZN ter na\u010del mednarodnega prava. Rijad se je tudi zavzel za nujno sre\u010danje 57 zunanjih ministrov dr\u017eav \u010dlanic Organizacije islamske konference.<\/p>\n<p>Dolina reke Jordan je ob meji z Jordanijo in predstavlja po podatkih izraelske \u010dlovekoljubne organizacije Betselem okoli 30 odstotkov Zahodnega brega, okoli 90 odstotkov doline pa je po sporazumu iz Osla pod izraelskim nadzorom. Na obmo\u010dju doline \u017eivi okoli 60.000 Palestincev in 5000 Izraelcev. Izrael je v preteklosti ve\u010dkrat poudaril strate\u0161ki pomen doline za lastno varnost.<\/p>\n","protected":false},"excerpt":{"rendered":"<p>Obljuba izraelskega premierja Benjamina Netanjahuja, da bo ob morebitni ponovni izvolitvi Izraelu priklju\u010dil dolino reke Jordan na Zahodnem bregu, spodkopava mo\u017enosti za mir, je danes posvarila Evropska unija.<\/p>\n","protected":false},"author":7,"featured_media":392994,"comment_status":"closed","ping_status":"closed","sticky":false,"template":"","format":"standard","meta":{"footnotes":""},"categories":[1179],"tags":[5394,1910,3493,5175],"source":[4511],"supertag":[],"acf":[],"yoast_head":"<!-- This site is optimized with the Yoast SEO plugin v21.3 - https:\/\/yoast.com\/wordpress\/plugins\/seo\/ -->\n<title>EU obsodila Netanjahujevo napoved priklju\u010ditve palestinskih ozemelj - Hudo Slovenija<\/title>\n<meta name=\"robots\" content=\"index, follow, max-snippet:-1, max-image-preview:large, max-video-preview:-1\" \/>\n<link rel=\"canonical\" href=\"https:\/\/hudo.com\/si\/aktualno\/eu-obsodila-netanjahujevo-napoved-prikljucitve-palestinskih-ozemelj\/\" \/>\n<meta property=\"og:locale\" content=\"sl_SI\" \/>\n<meta property=\"og:type\" content=\"article\" \/>\n<meta property=\"og:title\" content=\"EU obsodila Netanjahujevo napoved priklju\u010ditve palestinskih ozemelj - Hudo Slovenija\" \/>\n<meta property=\"og:description\" content=\"Obljuba izraelskega premierja Benjamina Netanjahuja, da bo ob morebitni ponovni izvolitvi Izraelu priklju\u010dil dolino reke Jordan na Zahodnem bregu, spodkopava mo\u017enosti za mir, je danes posvarila Evropska unija.\" \/>\n<meta property=\"og:url\" content=\"https:\/\/hudo.com\/si\/aktualno\/eu-obsodila-netanjahujevo-napoved-prikljucitve-palestinskih-ozemelj\/\" \/>\n<meta property=\"og:site_name\" content=\"Hudo Slovenija\" \/>\n<meta property=\"article:publisher\" content=\"https:\/\/www.facebook.com\/hudo.si\" \/>\n<meta property=\"article:published_time\" content=\"2019-09-11T10:28:02+00:00\" \/>\n<meta property=\"og:image\" content=\"https:\/\/hudo.com\/si\/wp-content\/uploads\/sites\/2\/2019\/02\/profimedia-0413864356-scaled.jpg\" \/>\n\t<meta property=\"og:image:width\" content=\"2560\" \/>\n\t<meta property=\"og:image:height\" content=\"1707\" \/>\n\t<meta property=\"og:image:type\" content=\"image\/jpeg\" \/>\n<meta name=\"author\" content=\"A. P., STA\" \/>\n<meta name=\"twitter:card\" content=\"summary_large_image\" \/>\n<meta name=\"twitter:creator\" content=\"@hudo_si\" \/>\n<meta name=\"twitter:site\" content=\"@hudo_si\" \/>\n<meta name=\"twitter:label1\" content=\"Written by\" \/>\n\t<meta name=\"twitter:data1\" content=\"A. P., STA\" \/>\n\t<meta name=\"twitter:label2\" content=\"Est. reading time\" \/>\n\t<meta name=\"twitter:data2\" content=\"1 minuta\" \/>\n<script type=\"application\/ld+json\" class=\"yoast-schema-graph\">{\"@context\":\"https:\/\/schema.org\",\"@graph\":[{\"@type\":\"Article\",\"@id\":\"https:\/\/hudo.com\/si\/aktualno\/eu-obsodila-netanjahujevo-napoved-prikljucitve-palestinskih-ozemelj\/#article\",\"isPartOf\":{\"@id\":\"https:\/\/hudo.com\/si\/aktualno\/eu-obsodila-netanjahujevo-napoved-prikljucitve-palestinskih-ozemelj\/\"},\"author\":{\"name\":\"A. P., STA\",\"@id\":\"https:\/\/hudo.com\/si\/#\/schema\/person\/18f09c02475ba9e606e941a565b80cff\"},\"headline\":\"EU obsodila Netanjahujevo napoved priklju\u010ditve palestinskih ozemelj\",\"datePublished\":\"2019-09-11T10:28:02+00:00\",\"dateModified\":\"2019-09-11T10:28:02+00:00\",\"mainEntityOfPage\":{\"@id\":\"https:\/\/hudo.com\/si\/aktualno\/eu-obsodila-netanjahujevo-napoved-prikljucitve-palestinskih-ozemelj\/\"},\"wordCount\":269,\"publisher\":{\"@id\":\"https:\/\/hudo.com\/si\/#organization\"},\"keywords\":[\"Benjamin Netanjahu\",\"evropska unija\",\"Izrael\",\"Palestina\"],\"articleSection\":[\"Aktualno\"],\"inLanguage\":\"sl-SI\"},{\"@type\":\"WebPage\",\"@id\":\"https:\/\/hudo.com\/si\/aktualno\/eu-obsodila-netanjahujevo-napoved-prikljucitve-palestinskih-ozemelj\/\",\"url\":\"https:\/\/hudo.com\/si\/aktualno\/eu-obsodila-netanjahujevo-napoved-prikljucitve-palestinskih-ozemelj\/\",\"name\":\"EU obsodila Netanjahujevo napoved priklju\u010ditve palestinskih ozemelj - Hudo Slovenija\",\"isPartOf\":{\"@id\":\"https:\/\/hudo.com\/si\/#website\"},\"datePublished\":\"2019-09-11T10:28:02+00:00\",\"dateModified\":\"2019-09-11T10:28:02+00:00\",\"breadcrumb\":{\"@id\":\"https:\/\/hudo.com\/si\/aktualno\/eu-obsodila-netanjahujevo-napoved-prikljucitve-palestinskih-ozemelj\/#breadcrumb\"},\"inLanguage\":\"sl-SI\",\"potentialAction\":[{\"@type\":\"ReadAction\",\"target\":[\"https:\/\/hudo.com\/si\/aktualno\/eu-obsodila-netanjahujevo-napoved-prikljucitve-palestinskih-ozemelj\/\"]}]},{\"@type\":\"BreadcrumbList\",\"@id\":\"https:\/\/hudo.com\/si\/aktualno\/eu-obsodila-netanjahujevo-napoved-prikljucitve-palestinskih-ozemelj\/#breadcrumb\",\"itemListElement\":[{\"@type\":\"ListItem\",\"position\":1,\"name\":\"Home\",\"item\":\"https:\/\/hudo.com\/si\/\"},{\"@type\":\"ListItem\",\"position\":2,\"name\":\"EU obsodila Netanjahujevo napoved priklju\u010ditve palestinskih ozemelj\"}]},{\"@type\":\"WebSite\",\"@id\":\"https:\/\/hudo.com\/si\/#website\",\"url\":\"https:\/\/hudo.com\/si\/\",\"name\":\"Hudo Slovenija\",\"description\":\"Vse novice iz Slovenije in sveta\",\"publisher\":{\"@id\":\"https:\/\/hudo.com\/si\/#organization\"},\"potentialAction\":[{\"@type\":\"SearchAction\",\"target\":{\"@type\":\"EntryPoint\",\"urlTemplate\":\"https:\/\/hudo.com\/si\/?s={search_term_string}\"},\"query-input\":\"required name=search_term_string\"}],\"inLanguage\":\"sl-SI\"},{\"@type\":\"Organization\",\"@id\":\"https:\/\/hudo.com\/si\/#organization\",\"name\":\"VSN Media\",\"url\":\"https:\/\/hudo.com\/si\/\",\"logo\":{\"@type\":\"ImageObject\",\"inLanguage\":\"sl-SI\",\"@id\":\"https:\/\/hudo.com\/si\/#\/schema\/logo\/image\/\",\"url\":\"https:\/\/hudo.com\/si\/wp-content\/uploads\/sites\/2\/2021\/03\/hudo-app-2.png\",\"contentUrl\":\"https:\/\/hudo.com\/si\/wp-content\/uploads\/sites\/2\/2021\/03\/hudo-app-2.png\",\"width\":2185,\"height\":2167,\"caption\":\"VSN Media\"},\"image\":{\"@id\":\"https:\/\/hudo.com\/si\/#\/schema\/logo\/image\/\"},\"sameAs\":[\"https:\/\/www.facebook.com\/hudo.si\",\"https:\/\/twitter.com\/hudo_si\"]},{\"@type\":\"Person\",\"@id\":\"https:\/\/hudo.com\/si\/#\/schema\/person\/18f09c02475ba9e606e941a565b80cff\",\"name\":\"A. P., STA\",\"image\":{\"@type\":\"ImageObject\",\"inLanguage\":\"sl-SI\",\"@id\":\"https:\/\/hudo.com\/si\/#\/schema\/person\/image\/\",\"url\":\"https:\/\/secure.gravatar.com\/avatar\/03eac8e609f5f04383125d80eaeaaf3e?s=96&d=mm&r=g\",\"contentUrl\":\"https:\/\/secure.gravatar.com\/avatar\/03eac8e609f5f04383125d80eaeaaf3e?s=96&d=mm&r=g\",\"caption\":\"A. P., STA\"},\"url\":\"https:\/\/hudo.com\/si\/author\/lubu\/\"}]}<\/script>\n<!-- \/ Yoast SEO plugin. -->","yoast_head_json":{"title":"EU obsodila Netanjahujevo napoved priklju\u010ditve palestinskih ozemelj - Hudo Slovenija","robots":{"index":"index","follow":"follow","max-snippet":"max-snippet:-1","max-image-preview":"max-image-preview:large","max-video-preview":"max-video-preview:-1"},"canonical":"https:\/\/hudo.com\/si\/aktualno\/eu-obsodila-netanjahujevo-napoved-prikljucitve-palestinskih-ozemelj\/","og_locale":"sl_SI","og_type":"article","og_title":"EU obsodila Netanjahujevo napoved priklju\u010ditve palestinskih ozemelj - Hudo Slovenija","og_description":"Obljuba izraelskega premierja Benjamina Netanjahuja, da bo ob morebitni ponovni izvolitvi Izraelu priklju\u010dil dolino reke Jordan na Zahodnem bregu, spodkopava mo\u017enosti za mir, je danes posvarila Evropska unija.","og_url":"https:\/\/hudo.com\/si\/aktualno\/eu-obsodila-netanjahujevo-napoved-prikljucitve-palestinskih-ozemelj\/","og_site_name":"Hudo Slovenija","article_publisher":"https:\/\/www.facebook.com\/hudo.si","article_published_time":"2019-09-11T10:28:02+00:00","og_image":[{"width":2560,"height":1707,"url":"https:\/\/hudo.com\/si\/wp-content\/uploads\/sites\/2\/2019\/02\/profimedia-0413864356-scaled.jpg","type":"image\/jpeg"}],"author":"A. P., STA","twitter_card":"summary_large_image","twitter_creator":"@hudo_si","twitter_site":"@hudo_si","twitter_misc":{"Written by":"A. P., STA","Est. reading time":"1 minuta"},"schema":{"@context":"https:\/\/schema.org","@graph":[{"@type":"Article","@id":"https:\/\/hudo.com\/si\/aktualno\/eu-obsodila-netanjahujevo-napoved-prikljucitve-palestinskih-ozemelj\/#article","isPartOf":{"@id":"https:\/\/hudo.com\/si\/aktualno\/eu-obsodila-netanjahujevo-napoved-prikljucitve-palestinskih-ozemelj\/"},"author":{"name":"A. P., STA","@id":"https:\/\/hudo.com\/si\/#\/schema\/person\/18f09c02475ba9e606e941a565b80cff"},"headline":"EU obsodila Netanjahujevo napoved priklju\u010ditve palestinskih ozemelj","datePublished":"2019-09-11T10:28:02+00:00","dateModified":"2019-09-11T10:28:02+00:00","mainEntityOfPage":{"@id":"https:\/\/hudo.com\/si\/aktualno\/eu-obsodila-netanjahujevo-napoved-prikljucitve-palestinskih-ozemelj\/"},"wordCount":269,"publisher":{"@id":"https:\/\/hudo.com\/si\/#organization"},"keywords":["Benjamin Netanjahu","evropska unija","Izrael","Palestina"],"articleSection":["Aktualno"],"inLanguage":"sl-SI"},{"@type":"WebPage","@id":"https:\/\/hudo.com\/si\/aktualno\/eu-obsodila-netanjahujevo-napoved-prikljucitve-palestinskih-ozemelj\/","url":"https:\/\/hudo.com\/si\/aktualno\/eu-obsodila-netanjahujevo-napoved-prikljucitve-palestinskih-ozemelj\/","name":"EU obsodila Netanjahujevo napoved priklju\u010ditve palestinskih ozemelj - Hudo Slovenija","isPartOf":{"@id":"https:\/\/hudo.com\/si\/#website"},"datePublished":"2019-09-11T10:28:02+00:00","dateModified":"2019-09-11T10:28:02+00:00","breadcrumb":{"@id":"https:\/\/hudo.com\/si\/aktualno\/eu-obsodila-netanjahujevo-napoved-prikljucitve-palestinskih-ozemelj\/#breadcrumb"},"inLanguage":"sl-SI","potentialAction":[{"@type":"ReadAction","target":["https:\/\/hudo.com\/si\/aktualno\/eu-obsodila-netanjahujevo-napoved-prikljucitve-palestinskih-ozemelj\/"]}]},{"@type":"BreadcrumbList","@id":"https:\/\/hudo.com\/si\/aktualno\/eu-obsodila-netanjahujevo-napoved-prikljucitve-palestinskih-ozemelj\/#breadcrumb","itemListElement":[{"@type":"ListItem","position":1,"name":"Home","item":"https:\/\/hudo.com\/si\/"},{"@type":"ListItem","position":2,"name":"EU obsodila Netanjahujevo napoved priklju\u010ditve palestinskih ozemelj"}]},{"@type":"WebSite","@id":"https:\/\/hudo.com\/si\/#website","url":"https:\/\/hudo.com\/si\/","name":"Hudo Slovenija","description":"Vse novice iz Slovenije in sveta","publisher":{"@id":"https:\/\/hudo.com\/si\/#organization"},"potentialAction":[{"@type":"SearchAction","target":{"@type":"EntryPoint","urlTemplate":"https:\/\/hudo.com\/si\/?s={search_term_string}"},"query-input":"required name=search_term_string"}],"inLanguage":"sl-SI"},{"@type":"Organization","@id":"https:\/\/hudo.com\/si\/#organization","name":"VSN Media","url":"https:\/\/hudo.com\/si\/","logo":{"@type":"ImageObject","inLanguage":"sl-SI","@id":"https:\/\/hudo.com\/si\/#\/schema\/logo\/image\/","url":"https:\/\/hudo.com\/si\/wp-content\/uploads\/sites\/2\/2021\/03\/hudo-app-2.png","contentUrl":"https:\/\/hudo.com\/si\/wp-content\/uploads\/sites\/2\/2021\/03\/hudo-app-2.png","width":2185,"height":2167,"caption":"VSN Media"},"image":{"@id":"https:\/\/hudo.com\/si\/#\/schema\/logo\/image\/"},"sameAs":["https:\/\/www.facebook.com\/hudo.si","https:\/\/twitter.com\/hudo_si"]},{"@type":"Person","@id":"https:\/\/hudo.com\/si\/#\/schema\/person\/18f09c02475ba9e606e941a565b80cff","name":"A. P., STA","image":{"@type":"ImageObject","inLanguage":"sl-SI","@id":"https:\/\/hudo.com\/si\/#\/schema\/person\/image\/","url":"https:\/\/secure.gravatar.com\/avatar\/03eac8e609f5f04383125d80eaeaaf3e?s=96&d=mm&r=g","contentUrl":"https:\/\/secure.gravatar.com\/avatar\/03eac8e609f5f04383125d80eaeaaf3e?s=96&d=mm&r=g","caption":"A. P., STA"},"url":"https:\/\/hudo.com\/si\/author\/lubu\/"}]}},"amp_enabled":true,"_links":{"self":[{"href":"https:\/\/hudo.com\/si\/wp-json\/wp\/v2\/posts\/405985"}],"collection":[{"href":"https:\/\/hudo.com\/si\/wp-json\/wp\/v2\/posts"}],"about":[{"href":"https:\/\/hudo.com\/si\/wp-json\/wp\/v2\/types\/post"}],"author":[{"embeddable":true,"href":"https:\/\/hudo.com\/si\/wp-json\/wp\/v2\/users\/7"}],"replies":[{"embeddable":true,"href":"https:\/\/hudo.com\/si\/wp-json\/wp\/v2\/comments?post=405985"}],"version-history":[{"count":1,"href":"https:\/\/hudo.com\/si\/wp-json\/wp\/v2\/posts\/405985\/revisions"}],"predecessor-version":[{"id":405988,"href":"https:\/\/hudo.com\/si\/wp-json\/wp\/v2\/posts\/405985\/revisions\/405988"}],"wp:featuredmedia":[{"embeddable":true,"href":"https:\/\/hudo.com\/si\/wp-json\/wp\/v2\/media\/392994"}],"wp:attachment":[{"href":"https:\/\/hudo.com\/si\/wp-json\/wp\/v2\/media?parent=405985"}],"wp:term":[{"taxonomy":"category","embeddable":true,"href":"https:\/\/hudo.com\/si\/wp-json\/wp\/v2\/categories?post=405985"},{"taxonomy":"post_tag","embeddable":true,"href":"https:\/\/hudo.com\/si\/wp-json\/wp\/v2\/tags?post=405985"},{"taxonomy":"source","embeddable":true,"href":"https:\/\/hudo.com\/si\/wp-json\/wp\/v2\/source?post=405985"},{"taxonomy":"supertag","embeddable":true,"href":"https:\/\/hudo.com\/si\/wp-json\/wp\/v2\/supertag?post=405985"}],"curies":[{"name":"wp","href":"https:\/\/api.w.org\/{rel}","templated":true}]}}