{"id":406645,"date":"2019-09-20T15:12:04","date_gmt":"2019-09-20T13:12:04","guid":{"rendered":"http:\/\/hudo.com\/si\/?p=406645"},"modified":"2019-09-20T15:12:04","modified_gmt":"2019-09-20T13:12:04","slug":"zaposlenost-v-eu-raste-ze-25-cetrtletij-zapored","status":"publish","type":"post","link":"https:\/\/hudo.com\/si\/aktualno\/zaposlenost-v-eu-raste-ze-25-cetrtletij-zapored\/","title":{"rendered":"Zaposlenost v EU raste \u017ee 25 \u010detrtletij zapored"},"content":{"rendered":"<p>Ve\u010dino delovnih mest, ustvarjenih v za\u010detku leta 2019, predstavljajo kakovostne zaposlitve. V prvem leto\u0161njem \u010detrtletju se je \u0161tevilo zaposlitev za nedolo\u010den \u010das v primerjavi z enakim obdobjem leto poprej pove\u010dalo za 2,5 milijona, ka\u017ee jesenska izdaja \u010detrtletnega pregleda zaposlovanja in socialnih razmer v Evropi, dostopna na spletnih straneh Evropske komisije.<\/p>\n<p>V prvem \u010detrtletju se je pove\u010dalo tudi \u0161tevilo samozaposlitev, in sicer za 350.000, medtem ko je \u0161tevilo zaposlenih za dolo\u010den \u010das upadlo za 600.000. V \u010dasu mandata trenutne Evropske komisije je bilo ustvarjenih skupno 14,1 milijona delovnih mest.<\/p>\n<p>V EU je bilo v prvem leto\u0161njem polletju brez dela 11 milijonov ljudi manj kot na vrhuncu brezposelnosti aprila 2013. Stopnja brezposelnosti v EU se je v drugem \u010detrtletju v primerjavi s prvim zni\u017eala za 0,2 odstotne to\u010dke na 6,3 odstotka. V primerjavi z enakim obdobjem lani je upadla za 0,6 odstotne to\u010dke. Zni\u017euje se tudi brezposelnost med mladimi in dolgotrajno brezposelnimi.<\/p>\n<p>V Sloveniji je stopnja brezposelnosti v drugem \u010detrtletju v primerjavi s prvim ostala nespremenjena, v primerjavi z enakim obdobjem lani pa se je zni\u017eala za 0,9 odstotne to\u010dke. \u0160tevilo registriranih brezposelnih na Zavodu RS za zaposlovanje je po podatkih ministrstva za delo danes upadlo pod 70.000, in sicer na 69.988 prijavljenih iskalcev zaposlitve.<\/p>\n<p>&#8220;Vsi ti rezultati predstavljajo pomembno sporo\u010dilo, da je evropski trg dela mo\u010dan,&#8221; je poudarila evropska komisarka za zaposlovanje, socialne zadeve, strokovno usposobljenost in mobilnost delovne sile Marianne Thyssen.<\/p>\n","protected":false},"excerpt":{"rendered":"<p>V drugem leto\u0161njem \u010detrtletju je bilo v celotni EU zaposlenih 241,4 milijona ljudi, v obmo\u010dju evra pa 160 milijonov, ka\u017eejo danes objavljeni podatki Evropske komisije. Zaposlenost v EU tako raste \u017ee 25 \u010detrtletij zapored. V Sloveniji je stopnja brezposelnosti v primerjavi s prvim \u010detrtletjem ostala nespremenjena pri 4,5 odstotka.<\/p>\n","protected":false},"author":7,"featured_media":406646,"comment_status":"closed","ping_status":"closed","sticky":false,"template":"","format":"standard","meta":{"footnotes":""},"categories":[1179],"tags":[1910,2391,4505,7486,2440],"source":[4511],"supertag":[7541],"acf":[],"yoast_head":"<!-- This site is optimized with the Yoast SEO plugin v21.3 - https:\/\/yoast.com\/wordpress\/plugins\/seo\/ -->\n<title>Zaposlenost v EU raste \u017ee 25 \u010detrtletij zapored - Hudo Slovenija<\/title>\n<meta name=\"robots\" content=\"index, follow, max-snippet:-1, max-image-preview:large, max-video-preview:-1\" \/>\n<link rel=\"canonical\" href=\"https:\/\/hudo.com\/si\/aktualno\/zaposlenost-v-eu-raste-ze-25-cetrtletij-zapored\/\" \/>\n<meta property=\"og:locale\" content=\"sl_SI\" \/>\n<meta property=\"og:type\" content=\"article\" \/>\n<meta property=\"og:title\" content=\"Zaposlenost v EU raste \u017ee 25 \u010detrtletij zapored - Hudo Slovenija\" \/>\n<meta property=\"og:description\" content=\"V drugem leto\u0161njem \u010detrtletju je bilo v celotni EU zaposlenih 241,4 milijona ljudi, v obmo\u010dju evra pa 160 milijonov, ka\u017eejo danes objavljeni podatki Evropske komisije. Zaposlenost v EU tako raste \u017ee 25 \u010detrtletij zapored. V Sloveniji je stopnja brezposelnosti v primerjavi s prvim \u010detrtletjem ostala nespremenjena pri 4,5 odstotka.\" \/>\n<meta property=\"og:url\" content=\"https:\/\/hudo.com\/si\/aktualno\/zaposlenost-v-eu-raste-ze-25-cetrtletij-zapored\/\" \/>\n<meta property=\"og:site_name\" content=\"Hudo Slovenija\" \/>\n<meta property=\"article:publisher\" content=\"https:\/\/www.facebook.com\/hudo.si\" \/>\n<meta property=\"article:published_time\" content=\"2019-09-20T13:12:04+00:00\" \/>\n<meta property=\"og:image\" content=\"https:\/\/hudo.com\/si\/wp-content\/uploads\/sites\/2\/2019\/09\/profimedia-0347978341.jpg\" \/>\n\t<meta property=\"og:image:width\" content=\"1250\" \/>\n\t<meta property=\"og:image:height\" content=\"833\" \/>\n\t<meta property=\"og:image:type\" content=\"image\/jpeg\" \/>\n<meta name=\"author\" content=\"A. P., STA\" \/>\n<meta name=\"twitter:card\" content=\"summary_large_image\" \/>\n<meta name=\"twitter:creator\" content=\"@hudo_si\" \/>\n<meta name=\"twitter:site\" content=\"@hudo_si\" \/>\n<meta name=\"twitter:label1\" content=\"Written by\" \/>\n\t<meta name=\"twitter:data1\" content=\"A. P., STA\" \/>\n\t<meta name=\"twitter:label2\" content=\"Est. reading time\" \/>\n\t<meta name=\"twitter:data2\" content=\"1 minuta\" \/>\n<script type=\"application\/ld+json\" class=\"yoast-schema-graph\">{\"@context\":\"https:\/\/schema.org\",\"@graph\":[{\"@type\":\"Article\",\"@id\":\"https:\/\/hudo.com\/si\/aktualno\/zaposlenost-v-eu-raste-ze-25-cetrtletij-zapored\/#article\",\"isPartOf\":{\"@id\":\"https:\/\/hudo.com\/si\/aktualno\/zaposlenost-v-eu-raste-ze-25-cetrtletij-zapored\/\"},\"author\":{\"name\":\"A. P., STA\",\"@id\":\"https:\/\/hudo.com\/si\/#\/schema\/person\/18f09c02475ba9e606e941a565b80cff\"},\"headline\":\"Zaposlenost v EU raste \u017ee 25 \u010detrtletij zapored\",\"datePublished\":\"2019-09-20T13:12:04+00:00\",\"dateModified\":\"2019-09-20T13:12:04+00:00\",\"mainEntityOfPage\":{\"@id\":\"https:\/\/hudo.com\/si\/aktualno\/zaposlenost-v-eu-raste-ze-25-cetrtletij-zapored\/\"},\"wordCount\":242,\"publisher\":{\"@id\":\"https:\/\/hudo.com\/si\/#organization\"},\"keywords\":[\"evropska unija\",\"gospodarstvo\",\"statistika\",\"zaposlenost\",\"zaposlitev\"],\"articleSection\":[\"Aktualno\"],\"inLanguage\":\"sl-SI\"},{\"@type\":\"WebPage\",\"@id\":\"https:\/\/hudo.com\/si\/aktualno\/zaposlenost-v-eu-raste-ze-25-cetrtletij-zapored\/\",\"url\":\"https:\/\/hudo.com\/si\/aktualno\/zaposlenost-v-eu-raste-ze-25-cetrtletij-zapored\/\",\"name\":\"Zaposlenost v EU raste \u017ee 25 \u010detrtletij zapored - Hudo Slovenija\",\"isPartOf\":{\"@id\":\"https:\/\/hudo.com\/si\/#website\"},\"datePublished\":\"2019-09-20T13:12:04+00:00\",\"dateModified\":\"2019-09-20T13:12:04+00:00\",\"breadcrumb\":{\"@id\":\"https:\/\/hudo.com\/si\/aktualno\/zaposlenost-v-eu-raste-ze-25-cetrtletij-zapored\/#breadcrumb\"},\"inLanguage\":\"sl-SI\",\"potentialAction\":[{\"@type\":\"ReadAction\",\"target\":[\"https:\/\/hudo.com\/si\/aktualno\/zaposlenost-v-eu-raste-ze-25-cetrtletij-zapored\/\"]}]},{\"@type\":\"BreadcrumbList\",\"@id\":\"https:\/\/hudo.com\/si\/aktualno\/zaposlenost-v-eu-raste-ze-25-cetrtletij-zapored\/#breadcrumb\",\"itemListElement\":[{\"@type\":\"ListItem\",\"position\":1,\"name\":\"Home\",\"item\":\"https:\/\/hudo.com\/si\/\"},{\"@type\":\"ListItem\",\"position\":2,\"name\":\"Zaposlenost v EU raste \u017ee 25 \u010detrtletij zapored\"}]},{\"@type\":\"WebSite\",\"@id\":\"https:\/\/hudo.com\/si\/#website\",\"url\":\"https:\/\/hudo.com\/si\/\",\"name\":\"Hudo Slovenija\",\"description\":\"Vse novice iz Slovenije in sveta\",\"publisher\":{\"@id\":\"https:\/\/hudo.com\/si\/#organization\"},\"potentialAction\":[{\"@type\":\"SearchAction\",\"target\":{\"@type\":\"EntryPoint\",\"urlTemplate\":\"https:\/\/hudo.com\/si\/?s={search_term_string}\"},\"query-input\":\"required name=search_term_string\"}],\"inLanguage\":\"sl-SI\"},{\"@type\":\"Organization\",\"@id\":\"https:\/\/hudo.com\/si\/#organization\",\"name\":\"VSN Media\",\"url\":\"https:\/\/hudo.com\/si\/\",\"logo\":{\"@type\":\"ImageObject\",\"inLanguage\":\"sl-SI\",\"@id\":\"https:\/\/hudo.com\/si\/#\/schema\/logo\/image\/\",\"url\":\"https:\/\/hudo.com\/si\/wp-content\/uploads\/sites\/2\/2021\/03\/hudo-app-2.png\",\"contentUrl\":\"https:\/\/hudo.com\/si\/wp-content\/uploads\/sites\/2\/2021\/03\/hudo-app-2.png\",\"width\":2185,\"height\":2167,\"caption\":\"VSN Media\"},\"image\":{\"@id\":\"https:\/\/hudo.com\/si\/#\/schema\/logo\/image\/\"},\"sameAs\":[\"https:\/\/www.facebook.com\/hudo.si\",\"https:\/\/twitter.com\/hudo_si\"]},{\"@type\":\"Person\",\"@id\":\"https:\/\/hudo.com\/si\/#\/schema\/person\/18f09c02475ba9e606e941a565b80cff\",\"name\":\"A. P., STA\",\"image\":{\"@type\":\"ImageObject\",\"inLanguage\":\"sl-SI\",\"@id\":\"https:\/\/hudo.com\/si\/#\/schema\/person\/image\/\",\"url\":\"https:\/\/secure.gravatar.com\/avatar\/03eac8e609f5f04383125d80eaeaaf3e?s=96&d=mm&r=g\",\"contentUrl\":\"https:\/\/secure.gravatar.com\/avatar\/03eac8e609f5f04383125d80eaeaaf3e?s=96&d=mm&r=g\",\"caption\":\"A. P., STA\"},\"url\":\"https:\/\/hudo.com\/si\/author\/lubu\/\"}]}<\/script>\n<!-- \/ Yoast SEO plugin. -->","yoast_head_json":{"title":"Zaposlenost v EU raste \u017ee 25 \u010detrtletij zapored - Hudo Slovenija","robots":{"index":"index","follow":"follow","max-snippet":"max-snippet:-1","max-image-preview":"max-image-preview:large","max-video-preview":"max-video-preview:-1"},"canonical":"https:\/\/hudo.com\/si\/aktualno\/zaposlenost-v-eu-raste-ze-25-cetrtletij-zapored\/","og_locale":"sl_SI","og_type":"article","og_title":"Zaposlenost v EU raste \u017ee 25 \u010detrtletij zapored - Hudo Slovenija","og_description":"V drugem leto\u0161njem \u010detrtletju je bilo v celotni EU zaposlenih 241,4 milijona ljudi, v obmo\u010dju evra pa 160 milijonov, ka\u017eejo danes objavljeni podatki Evropske komisije. Zaposlenost v EU tako raste \u017ee 25 \u010detrtletij zapored. V Sloveniji je stopnja brezposelnosti v primerjavi s prvim \u010detrtletjem ostala nespremenjena pri 4,5 odstotka.","og_url":"https:\/\/hudo.com\/si\/aktualno\/zaposlenost-v-eu-raste-ze-25-cetrtletij-zapored\/","og_site_name":"Hudo Slovenija","article_publisher":"https:\/\/www.facebook.com\/hudo.si","article_published_time":"2019-09-20T13:12:04+00:00","og_image":[{"width":1250,"height":833,"url":"https:\/\/hudo.com\/si\/wp-content\/uploads\/sites\/2\/2019\/09\/profimedia-0347978341.jpg","type":"image\/jpeg"}],"author":"A. P., STA","twitter_card":"summary_large_image","twitter_creator":"@hudo_si","twitter_site":"@hudo_si","twitter_misc":{"Written by":"A. P., STA","Est. reading time":"1 minuta"},"schema":{"@context":"https:\/\/schema.org","@graph":[{"@type":"Article","@id":"https:\/\/hudo.com\/si\/aktualno\/zaposlenost-v-eu-raste-ze-25-cetrtletij-zapored\/#article","isPartOf":{"@id":"https:\/\/hudo.com\/si\/aktualno\/zaposlenost-v-eu-raste-ze-25-cetrtletij-zapored\/"},"author":{"name":"A. P., STA","@id":"https:\/\/hudo.com\/si\/#\/schema\/person\/18f09c02475ba9e606e941a565b80cff"},"headline":"Zaposlenost v EU raste \u017ee 25 \u010detrtletij zapored","datePublished":"2019-09-20T13:12:04+00:00","dateModified":"2019-09-20T13:12:04+00:00","mainEntityOfPage":{"@id":"https:\/\/hudo.com\/si\/aktualno\/zaposlenost-v-eu-raste-ze-25-cetrtletij-zapored\/"},"wordCount":242,"publisher":{"@id":"https:\/\/hudo.com\/si\/#organization"},"keywords":["evropska unija","gospodarstvo","statistika","zaposlenost","zaposlitev"],"articleSection":["Aktualno"],"inLanguage":"sl-SI"},{"@type":"WebPage","@id":"https:\/\/hudo.com\/si\/aktualno\/zaposlenost-v-eu-raste-ze-25-cetrtletij-zapored\/","url":"https:\/\/hudo.com\/si\/aktualno\/zaposlenost-v-eu-raste-ze-25-cetrtletij-zapored\/","name":"Zaposlenost v EU raste \u017ee 25 \u010detrtletij zapored - Hudo Slovenija","isPartOf":{"@id":"https:\/\/hudo.com\/si\/#website"},"datePublished":"2019-09-20T13:12:04+00:00","dateModified":"2019-09-20T13:12:04+00:00","breadcrumb":{"@id":"https:\/\/hudo.com\/si\/aktualno\/zaposlenost-v-eu-raste-ze-25-cetrtletij-zapored\/#breadcrumb"},"inLanguage":"sl-SI","potentialAction":[{"@type":"ReadAction","target":["https:\/\/hudo.com\/si\/aktualno\/zaposlenost-v-eu-raste-ze-25-cetrtletij-zapored\/"]}]},{"@type":"BreadcrumbList","@id":"https:\/\/hudo.com\/si\/aktualno\/zaposlenost-v-eu-raste-ze-25-cetrtletij-zapored\/#breadcrumb","itemListElement":[{"@type":"ListItem","position":1,"name":"Home","item":"https:\/\/hudo.com\/si\/"},{"@type":"ListItem","position":2,"name":"Zaposlenost v EU raste \u017ee 25 \u010detrtletij zapored"}]},{"@type":"WebSite","@id":"https:\/\/hudo.com\/si\/#website","url":"https:\/\/hudo.com\/si\/","name":"Hudo Slovenija","description":"Vse novice iz Slovenije in sveta","publisher":{"@id":"https:\/\/hudo.com\/si\/#organization"},"potentialAction":[{"@type":"SearchAction","target":{"@type":"EntryPoint","urlTemplate":"https:\/\/hudo.com\/si\/?s={search_term_string}"},"query-input":"required name=search_term_string"}],"inLanguage":"sl-SI"},{"@type":"Organization","@id":"https:\/\/hudo.com\/si\/#organization","name":"VSN Media","url":"https:\/\/hudo.com\/si\/","logo":{"@type":"ImageObject","inLanguage":"sl-SI","@id":"https:\/\/hudo.com\/si\/#\/schema\/logo\/image\/","url":"https:\/\/hudo.com\/si\/wp-content\/uploads\/sites\/2\/2021\/03\/hudo-app-2.png","contentUrl":"https:\/\/hudo.com\/si\/wp-content\/uploads\/sites\/2\/2021\/03\/hudo-app-2.png","width":2185,"height":2167,"caption":"VSN Media"},"image":{"@id":"https:\/\/hudo.com\/si\/#\/schema\/logo\/image\/"},"sameAs":["https:\/\/www.facebook.com\/hudo.si","https:\/\/twitter.com\/hudo_si"]},{"@type":"Person","@id":"https:\/\/hudo.com\/si\/#\/schema\/person\/18f09c02475ba9e606e941a565b80cff","name":"A. P., STA","image":{"@type":"ImageObject","inLanguage":"sl-SI","@id":"https:\/\/hudo.com\/si\/#\/schema\/person\/image\/","url":"https:\/\/secure.gravatar.com\/avatar\/03eac8e609f5f04383125d80eaeaaf3e?s=96&d=mm&r=g","contentUrl":"https:\/\/secure.gravatar.com\/avatar\/03eac8e609f5f04383125d80eaeaaf3e?s=96&d=mm&r=g","caption":"A. P., STA"},"url":"https:\/\/hudo.com\/si\/author\/lubu\/"}]}},"amp_enabled":true,"_links":{"self":[{"href":"https:\/\/hudo.com\/si\/wp-json\/wp\/v2\/posts\/406645"}],"collection":[{"href":"https:\/\/hudo.com\/si\/wp-json\/wp\/v2\/posts"}],"about":[{"href":"https:\/\/hudo.com\/si\/wp-json\/wp\/v2\/types\/post"}],"author":[{"embeddable":true,"href":"https:\/\/hudo.com\/si\/wp-json\/wp\/v2\/users\/7"}],"replies":[{"embeddable":true,"href":"https:\/\/hudo.com\/si\/wp-json\/wp\/v2\/comments?post=406645"}],"version-history":[{"count":1,"href":"https:\/\/hudo.com\/si\/wp-json\/wp\/v2\/posts\/406645\/revisions"}],"predecessor-version":[{"id":406647,"href":"https:\/\/hudo.com\/si\/wp-json\/wp\/v2\/posts\/406645\/revisions\/406647"}],"wp:featuredmedia":[{"embeddable":true,"href":"https:\/\/hudo.com\/si\/wp-json\/wp\/v2\/media\/406646"}],"wp:attachment":[{"href":"https:\/\/hudo.com\/si\/wp-json\/wp\/v2\/media?parent=406645"}],"wp:term":[{"taxonomy":"category","embeddable":true,"href":"https:\/\/hudo.com\/si\/wp-json\/wp\/v2\/categories?post=406645"},{"taxonomy":"post_tag","embeddable":true,"href":"https:\/\/hudo.com\/si\/wp-json\/wp\/v2\/tags?post=406645"},{"taxonomy":"source","embeddable":true,"href":"https:\/\/hudo.com\/si\/wp-json\/wp\/v2\/source?post=406645"},{"taxonomy":"supertag","embeddable":true,"href":"https:\/\/hudo.com\/si\/wp-json\/wp\/v2\/supertag?post=406645"}],"curies":[{"name":"wp","href":"https:\/\/api.w.org\/{rel}","templated":true}]}}